{"id":9972,"date":"2025-10-23T08:18:20","date_gmt":"2025-10-23T07:18:20","guid":{"rendered":"https:\/\/www.lawebradio.com\/news\/?p=9972"},"modified":"2025-10-23T08:18:24","modified_gmt":"2025-10-23T07:18:24","slug":"radio-solidarite-la-voix-qui-unit-les-coeurs","status":"publish","type":"post","link":"https:\/\/www.lawebradio.com\/news\/radio-solidarite-la-voix-qui-unit-les-coeurs\/","title":{"rendered":"Radio Solidarit\u00e9 : la voix qui unit les c\u0153urs"},"content":{"rendered":"<p>[et_pb_section fb_built=\u00a0\u00bb1&Prime; _builder_version=\u00a0\u00bb4.6.5&Prime; _module_preset=\u00a0\u00bbdefault\u00a0\u00bb][et_pb_row _builder_version=\u00a0\u00bb4.6.5&Prime; _module_preset=\u00a0\u00bbdefault\u00a0\u00bb][et_pb_column type=\u00a0\u00bb4_4&Prime; _builder_version=\u00a0\u00bb4.6.5&Prime; _module_preset=\u00a0\u00bbdefault\u00a0\u00bb][et_pb_text _builder_version=\u00a0\u00bb4.8.0&Prime; _module_preset=\u00a0\u00bbdefault\u00a0\u00bb header_3_font_size=\u00a0\u00bb21px\u00a0\u00bb header_3_line_height=\u00a0\u00bb1.4em\u00a0\u00bb]<\/p>\n<p><strong>\u00c0 Namur, une radio a su redonner tout son sens au mot \u00ab\u202f<a href=\"https:\/\/www.lawebradio.com\/news\/radio-restos-2025-48-heures-de-solidarite-pour-les-40-ans-de-lappel-de-coluche\/\">solidarit\u00e9<\/a>\u202f\u00bb. Sur les ondes et sur le web via solidarite.tv, Radio Solidarit\u00e9 est bien plus qu\u2019une simple station\u202f: c\u2019est un espace vivant d\u2019expression citoyenne, d\u2019engagement social et de cr\u00e9ations partag\u00e9es.\u200b<\/strong><\/p>\n<h3>Une aventure humaine n\u00e9e d\u2019un id\u00e9al<\/h3>\n<p>Fond\u00e9e par Laurent, journaliste reporter d\u2019images et manager radio-m\u00e9dia-events, Radio Solidarit\u00e9 est le fruit d\u2019un r\u00eave construit pas \u00e0 pas\u202f: celui de cr\u00e9er un m\u00e9dia participatif, accessible et profond\u00e9ment humain. Depuis ses d\u00e9buts, Laurent a voulu que chaque \u00e9mission soit un espace d\u2019\u00e9coute et d\u2019\u00e9change, o\u00f9 toutes les voix \u2014 jeunes, seniors, artistes, b\u00e9n\u00e9voles ou travailleurs sociaux \u2014 puissent se faire entendre. Visionnaire et cr\u00e9atif, il poursuit aujourd\u2019hui cette mission \u00e0 la t\u00eate de l\u2019ASBL New\u202fLine\u202fInfo, structure \u00e9ditrice du m\u00e9dia.\u200b<\/p>\n<h3>Une \u00e9quipe engag\u00e9e et inspirante<\/h3>\n<p>Autour de Laurent gravite une \u00e9quipe soud\u00e9e et passionn\u00e9e. Parmi eux, Vincent, animateur des matinales et consultant digital, dynamise la programmation et accompagne la digitalisation de la radio. Adrien, quant \u00e0 lui, assure la programmation musicale et produit des reportages touchants au c\u0153ur des initiatives locales et associatives. Ensemble, ils incarnent les valeurs qui font la singularit\u00e9 de Radio Solidarit\u00e9\u202f: l\u2019\u00e9coute, la bienveillance et l\u2019inclusion.\u200b<\/p>\n<p>Mais la magie de cette radio ne s\u2019arr\u00eate pas l\u00e0. Des b\u00e9n\u00e9voles, des \u00e9tudiants, des journalistes ind\u00e9pendants et des artistes rejoignent r\u00e9guli\u00e8rement l\u2019\u00e9quipe pour apprendre, cr\u00e9er et transmettre. Tous contribuent \u00e0 nourrir cette dynamique sociale et culturelle unique, dans un esprit d\u2019ouverture et de partage.\u200b<\/p>\n<h3>Une radio au service du lien social<\/h3>\n<p>La programmation de Radio Solidarit\u00e9 se distingue par sa richesse\u202f: podcasts citoyens, d\u00e9bats sociaux, contes \u00e0 voix nue, chroniques culturelles, musique engag\u00e9e et cr\u00e9ations solidaires. La station produit aussi des \u00e9missions sp\u00e9ciales en direct d\u2019\u00e9v\u00e9nements comme le Village Associatif des Solidarit\u00e9s, ou encore des ateliers radiophoniques destin\u00e9s aux publics \u00e9loign\u00e9s du num\u00e9rique.\u200b<\/p>\n<p>Autre originalit\u00e9\u202f: son label \u201cSolidarit\u00e9 Records\u201d, qui met en lumi\u00e8re des artistes ind\u00e9pendants porteurs de messages positifs. Les titres partag\u00e9s sur la plateforme refl\u00e8tent cette volont\u00e9\u202f: unir, sensibiliser et \u00e9merveiller.<\/p>\n<h3>Une communaut\u00e9 qui grandit chaque jour<\/h3>\n<p>L\u2019\u00e9quipe invite toutes les bonnes volont\u00e9s \u00e0 participer\u202f: animateurs en herbe, techniciens, conteurs, musiciens, ou simples curieux. Chacun peut proposer une id\u00e9e d\u2019\u00e9mission ou de reportage via le site, dans une d\u00e9marche participative et sans barri\u00e8re.<\/p>\n<p>Pour soutenir son d\u00e9veloppement, la radio pr\u00e9pare des campagnes de financement participatif sur KissKissBankBank et Tipeee, afin de continuer \u00e0 \u00e9quiper ses studios, produire de nouveaux formats et former des jeunes au m\u00e9dia citoyen.\u200b<\/p>\n<h3>Quand la radio devient un pont entre les gens<\/h3>\n<p>Radio Solidarit\u00e9 prouve qu\u2019une voix, m\u00eame petite, peut porter loin lorsqu\u2019elle r\u00e9sonne dans des oreilles attentives. Dans une \u00e9poque o\u00f9 la parole se perd parfois dans le tumulte num\u00e9rique, cette antenne namuroise rappelle que la solidarit\u00e9 commence souvent par un micro tendu et une oreille qui \u00e9coute.<\/p>\n<p>\u2022 <a href=\"https:\/\/www.solidarite.tv\" target=\"_blank\" rel=\"noopener\"><strong>En savoir plus &gt;&gt;<\/strong><\/a><\/p>\n<p>[\/et_pb_text][\/et_pb_column][\/et_pb_row][\/et_pb_section]<\/p>\n","protected":false},"excerpt":{"rendered":"<p>[et_pb_section fb_built=\u00a0\u00bb1&Prime; _builder_version=\u00a0\u00bb4.6.5&Prime; _module_preset=\u00a0\u00bbdefault\u00a0\u00bb][et_pb_row _builder_version=\u00a0\u00bb4.6.5&Prime; _module_preset=\u00a0\u00bbdefault\u00a0\u00bb][et_pb_column type=\u00a0\u00bb4_4&Prime; _builder_version=\u00a0\u00bb4.6.5&Prime; _module_preset=\u00a0\u00bbdefault\u00a0\u00bb][et_pb_text _builder_version=\u00a0\u00bb4.8.0&Prime; _module_preset=\u00a0\u00bbdefault\u00a0\u00bb header_3_font_size=\u00a0\u00bb21px\u00a0\u00bb header_3_line_height=\u00a0\u00bb1.4em\u00a0\u00bb] \u00c0 Namur, une radio a su redonner tout son sens au mot \u00ab\u202fsolidarit\u00e9\u202f\u00bb. Sur les ondes et sur le web via solidarite.tv, Radio Solidarit\u00e9 est bien plus qu\u2019une simple station\u202f: c\u2019est un espace vivant d\u2019expression citoyenne, d\u2019engagement social et de cr\u00e9ations partag\u00e9es.\u200b [&hellip;]<\/p>\n","protected":false},"author":3,"featured_media":9973,"comment_status":"closed","ping_status":"closed","sticky":false,"template":"","format":"standard","meta":{"_et_pb_use_builder":"on","_et_pb_old_content":"","_et_gb_content_width":"","footnotes":""},"categories":[6],"tags":[],"class_list":["post-9972","post","type-post","status-publish","format-standard","has-post-thumbnail","hentry","category-focus","et-has-post-format-content","et_post_format-et-post-format-standard"],"yoast_head":"<!-- This site is optimized with the Yoast SEO plugin v27.5 - https:\/\/yoast.com\/product\/yoast-seo-wordpress\/ -->\n<title>Radio Solidarit\u00e9 : la voix qui unit les c\u0153urs - Lawebradio.com - Actualit\u00e9s des radios digitales<\/title>\n<meta name=\"description\" content=\"Cette radio digitale est une bulle d\u2019humanit\u00e9, un souffle collectif, une onde bienveillante qui parcourt la toile et les c\u0153urs \u00e0 l\u2019unisson.\" \/>\n<meta name=\"robots\" content=\"index, follow, max-snippet:-1, max-image-preview:large, max-video-preview:-1\" \/>\n<link rel=\"canonical\" href=\"https:\/\/www.lawebradio.com\/news\/radio-solidarite-la-voix-qui-unit-les-coeurs\/\" \/>\n<meta property=\"og:locale\" content=\"fr_FR\" \/>\n<meta property=\"og:type\" content=\"article\" \/>\n<meta property=\"og:title\" content=\"Radio Solidarit\u00e9 : la voix qui unit les c\u0153urs - Lawebradio.com - Actualit\u00e9s des radios digitales\" \/>\n<meta property=\"og:description\" content=\"Cette radio digitale est une bulle d\u2019humanit\u00e9, un souffle collectif, une onde bienveillante qui parcourt la toile et les c\u0153urs \u00e0 l\u2019unisson.\" \/>\n<meta property=\"og:url\" content=\"https:\/\/www.lawebradio.com\/news\/radio-solidarite-la-voix-qui-unit-les-coeurs\/\" \/>\n<meta property=\"og:site_name\" content=\"Lawebradio.com - Actualit\u00e9s des radios digitales\" \/>\n<meta property=\"article:published_time\" content=\"2025-10-23T07:18:20+00:00\" \/>\n<meta property=\"article:modified_time\" content=\"2025-10-23T07:18:24+00:00\" \/>\n<meta property=\"og:image\" content=\"https:\/\/www.lawebradio.com\/news\/wp-content\/uploads\/2025\/10\/22102025.jpg\" \/>\n\t<meta property=\"og:image:width\" content=\"735\" \/>\n\t<meta property=\"og:image:height\" content=\"350\" \/>\n\t<meta property=\"og:image:type\" content=\"image\/jpeg\" \/>\n<meta name=\"author\" content=\"Julien Lecourbe\" \/>\n<meta name=\"twitter:label1\" content=\"\u00c9crit par\" \/>\n\t<meta name=\"twitter:data1\" content=\"Julien Lecourbe\" \/>\n\t<meta name=\"twitter:label2\" content=\"Dur\u00e9e de lecture estim\u00e9e\" \/>\n\t<meta name=\"twitter:data2\" content=\"3 minutes\" \/>\n<script type=\"application\/ld+json\" class=\"yoast-schema-graph\">{\"@context\":\"https:\\\/\\\/schema.org\",\"@graph\":[{\"@type\":\"Article\",\"@id\":\"https:\\\/\\\/www.lawebradio.com\\\/news\\\/radio-solidarite-la-voix-qui-unit-les-coeurs\\\/#article\",\"isPartOf\":{\"@id\":\"https:\\\/\\\/www.lawebradio.com\\\/news\\\/radio-solidarite-la-voix-qui-unit-les-coeurs\\\/\"},\"author\":{\"name\":\"Julien Lecourbe\",\"@id\":\"https:\\\/\\\/www.lawebradio.com\\\/news\\\/#\\\/schema\\\/person\\\/95fd11aee6e6cfe70a4b58b482103f1f\"},\"headline\":\"Radio Solidarit\u00e9 : la voix qui unit les c\u0153urs\",\"datePublished\":\"2025-10-23T07:18:20+00:00\",\"dateModified\":\"2025-10-23T07:18:24+00:00\",\"mainEntityOfPage\":{\"@id\":\"https:\\\/\\\/www.lawebradio.com\\\/news\\\/radio-solidarite-la-voix-qui-unit-les-coeurs\\\/\"},\"wordCount\":597,\"publisher\":{\"@id\":\"https:\\\/\\\/www.lawebradio.com\\\/news\\\/#organization\"},\"image\":{\"@id\":\"https:\\\/\\\/www.lawebradio.com\\\/news\\\/radio-solidarite-la-voix-qui-unit-les-coeurs\\\/#primaryimage\"},\"thumbnailUrl\":\"https:\\\/\\\/www.lawebradio.com\\\/news\\\/wp-content\\\/uploads\\\/2025\\\/10\\\/22102025.jpg\",\"articleSection\":[\"Focus\"],\"inLanguage\":\"fr-FR\"},{\"@type\":\"WebPage\",\"@id\":\"https:\\\/\\\/www.lawebradio.com\\\/news\\\/radio-solidarite-la-voix-qui-unit-les-coeurs\\\/\",\"url\":\"https:\\\/\\\/www.lawebradio.com\\\/news\\\/radio-solidarite-la-voix-qui-unit-les-coeurs\\\/\",\"name\":\"Radio Solidarit\u00e9 : la voix qui unit les c\u0153urs - Lawebradio.com - Actualit\u00e9s des radios digitales\",\"isPartOf\":{\"@id\":\"https:\\\/\\\/www.lawebradio.com\\\/news\\\/#website\"},\"primaryImageOfPage\":{\"@id\":\"https:\\\/\\\/www.lawebradio.com\\\/news\\\/radio-solidarite-la-voix-qui-unit-les-coeurs\\\/#primaryimage\"},\"image\":{\"@id\":\"https:\\\/\\\/www.lawebradio.com\\\/news\\\/radio-solidarite-la-voix-qui-unit-les-coeurs\\\/#primaryimage\"},\"thumbnailUrl\":\"https:\\\/\\\/www.lawebradio.com\\\/news\\\/wp-content\\\/uploads\\\/2025\\\/10\\\/22102025.jpg\",\"datePublished\":\"2025-10-23T07:18:20+00:00\",\"dateModified\":\"2025-10-23T07:18:24+00:00\",\"description\":\"Cette radio digitale est une bulle d\u2019humanit\u00e9, un souffle collectif, une onde bienveillante qui parcourt la toile et les c\u0153urs \u00e0 l\u2019unisson.\",\"inLanguage\":\"fr-FR\",\"potentialAction\":[{\"@type\":\"ReadAction\",\"target\":[\"https:\\\/\\\/www.lawebradio.com\\\/news\\\/radio-solidarite-la-voix-qui-unit-les-coeurs\\\/\"]}]},{\"@type\":\"ImageObject\",\"inLanguage\":\"fr-FR\",\"@id\":\"https:\\\/\\\/www.lawebradio.com\\\/news\\\/radio-solidarite-la-voix-qui-unit-les-coeurs\\\/#primaryimage\",\"url\":\"https:\\\/\\\/www.lawebradio.com\\\/news\\\/wp-content\\\/uploads\\\/2025\\\/10\\\/22102025.jpg\",\"contentUrl\":\"https:\\\/\\\/www.lawebradio.com\\\/news\\\/wp-content\\\/uploads\\\/2025\\\/10\\\/22102025.jpg\",\"width\":735,\"height\":350},{\"@type\":\"WebSite\",\"@id\":\"https:\\\/\\\/www.lawebradio.com\\\/news\\\/#website\",\"url\":\"https:\\\/\\\/www.lawebradio.com\\\/news\\\/\",\"name\":\"Lawebradio.com - Actualit\u00e9s des radios digitales\",\"description\":\"\",\"publisher\":{\"@id\":\"https:\\\/\\\/www.lawebradio.com\\\/news\\\/#organization\"},\"potentialAction\":[{\"@type\":\"SearchAction\",\"target\":{\"@type\":\"EntryPoint\",\"urlTemplate\":\"https:\\\/\\\/www.lawebradio.com\\\/news\\\/?s={search_term_string}\"},\"query-input\":{\"@type\":\"PropertyValueSpecification\",\"valueRequired\":true,\"valueName\":\"search_term_string\"}}],\"inLanguage\":\"fr-FR\"},{\"@type\":\"Organization\",\"@id\":\"https:\\\/\\\/www.lawebradio.com\\\/news\\\/#organization\",\"name\":\"Lawebradio.com - Actualit\u00e9s des radios digitales\",\"url\":\"https:\\\/\\\/www.lawebradio.com\\\/news\\\/\",\"logo\":{\"@type\":\"ImageObject\",\"inLanguage\":\"fr-FR\",\"@id\":\"https:\\\/\\\/www.lawebradio.com\\\/news\\\/#\\\/schema\\\/logo\\\/image\\\/\",\"url\":\"https:\\\/\\\/www.lawebradio.com\\\/news\\\/wp-content\\\/uploads\\\/2020\\\/10\\\/logo2020.png\",\"contentUrl\":\"https:\\\/\\\/www.lawebradio.com\\\/news\\\/wp-content\\\/uploads\\\/2020\\\/10\\\/logo2020.png\",\"width\":254,\"height\":43,\"caption\":\"Lawebradio.com - Actualit\u00e9s des radios digitales\"},\"image\":{\"@id\":\"https:\\\/\\\/www.lawebradio.com\\\/news\\\/#\\\/schema\\\/logo\\\/image\\\/\"}},{\"@type\":\"Person\",\"@id\":\"https:\\\/\\\/www.lawebradio.com\\\/news\\\/#\\\/schema\\\/person\\\/95fd11aee6e6cfe70a4b58b482103f1f\",\"name\":\"Julien Lecourbe\",\"image\":{\"@type\":\"ImageObject\",\"inLanguage\":\"fr-FR\",\"@id\":\"https:\\\/\\\/secure.gravatar.com\\\/avatar\\\/0d25a327c6e268d9730d9c0cbeeee0fea76f04c6cf9528c29e782ef324afc515?s=96&d=mm&r=g\",\"url\":\"https:\\\/\\\/secure.gravatar.com\\\/avatar\\\/0d25a327c6e268d9730d9c0cbeeee0fea76f04c6cf9528c29e782ef324afc515?s=96&d=mm&r=g\",\"contentUrl\":\"https:\\\/\\\/secure.gravatar.com\\\/avatar\\\/0d25a327c6e268d9730d9c0cbeeee0fea76f04c6cf9528c29e782ef324afc515?s=96&d=mm&r=g\",\"caption\":\"Julien Lecourbe\"},\"url\":\"https:\\\/\\\/www.lawebradio.com\\\/news\\\/author\\\/la-redaction\\\/\"}]}<\/script>\n<!-- \/ Yoast SEO plugin. -->","yoast_head_json":{"title":"Radio Solidarit\u00e9 : la voix qui unit les c\u0153urs - Lawebradio.com - Actualit\u00e9s des radios digitales","description":"Cette radio digitale est une bulle d\u2019humanit\u00e9, un souffle collectif, une onde bienveillante qui parcourt la toile et les c\u0153urs \u00e0 l\u2019unisson.","robots":{"index":"index","follow":"follow","max-snippet":"max-snippet:-1","max-image-preview":"max-image-preview:large","max-video-preview":"max-video-preview:-1"},"canonical":"https:\/\/www.lawebradio.com\/news\/radio-solidarite-la-voix-qui-unit-les-coeurs\/","og_locale":"fr_FR","og_type":"article","og_title":"Radio Solidarit\u00e9 : la voix qui unit les c\u0153urs - Lawebradio.com - Actualit\u00e9s des radios digitales","og_description":"Cette radio digitale est une bulle d\u2019humanit\u00e9, un souffle collectif, une onde bienveillante qui parcourt la toile et les c\u0153urs \u00e0 l\u2019unisson.","og_url":"https:\/\/www.lawebradio.com\/news\/radio-solidarite-la-voix-qui-unit-les-coeurs\/","og_site_name":"Lawebradio.com - Actualit\u00e9s des radios digitales","article_published_time":"2025-10-23T07:18:20+00:00","article_modified_time":"2025-10-23T07:18:24+00:00","og_image":[{"width":735,"height":350,"url":"https:\/\/www.lawebradio.com\/news\/wp-content\/uploads\/2025\/10\/22102025.jpg","type":"image\/jpeg"}],"author":"Julien Lecourbe","twitter_misc":{"\u00c9crit par":"Julien Lecourbe","Dur\u00e9e de lecture estim\u00e9e":"3 minutes"},"schema":{"@context":"https:\/\/schema.org","@graph":[{"@type":"Article","@id":"https:\/\/www.lawebradio.com\/news\/radio-solidarite-la-voix-qui-unit-les-coeurs\/#article","isPartOf":{"@id":"https:\/\/www.lawebradio.com\/news\/radio-solidarite-la-voix-qui-unit-les-coeurs\/"},"author":{"name":"Julien Lecourbe","@id":"https:\/\/www.lawebradio.com\/news\/#\/schema\/person\/95fd11aee6e6cfe70a4b58b482103f1f"},"headline":"Radio Solidarit\u00e9 : la voix qui unit les c\u0153urs","datePublished":"2025-10-23T07:18:20+00:00","dateModified":"2025-10-23T07:18:24+00:00","mainEntityOfPage":{"@id":"https:\/\/www.lawebradio.com\/news\/radio-solidarite-la-voix-qui-unit-les-coeurs\/"},"wordCount":597,"publisher":{"@id":"https:\/\/www.lawebradio.com\/news\/#organization"},"image":{"@id":"https:\/\/www.lawebradio.com\/news\/radio-solidarite-la-voix-qui-unit-les-coeurs\/#primaryimage"},"thumbnailUrl":"https:\/\/www.lawebradio.com\/news\/wp-content\/uploads\/2025\/10\/22102025.jpg","articleSection":["Focus"],"inLanguage":"fr-FR"},{"@type":"WebPage","@id":"https:\/\/www.lawebradio.com\/news\/radio-solidarite-la-voix-qui-unit-les-coeurs\/","url":"https:\/\/www.lawebradio.com\/news\/radio-solidarite-la-voix-qui-unit-les-coeurs\/","name":"Radio Solidarit\u00e9 : la voix qui unit les c\u0153urs - Lawebradio.com - Actualit\u00e9s des radios digitales","isPartOf":{"@id":"https:\/\/www.lawebradio.com\/news\/#website"},"primaryImageOfPage":{"@id":"https:\/\/www.lawebradio.com\/news\/radio-solidarite-la-voix-qui-unit-les-coeurs\/#primaryimage"},"image":{"@id":"https:\/\/www.lawebradio.com\/news\/radio-solidarite-la-voix-qui-unit-les-coeurs\/#primaryimage"},"thumbnailUrl":"https:\/\/www.lawebradio.com\/news\/wp-content\/uploads\/2025\/10\/22102025.jpg","datePublished":"2025-10-23T07:18:20+00:00","dateModified":"2025-10-23T07:18:24+00:00","description":"Cette radio digitale est une bulle d\u2019humanit\u00e9, un souffle collectif, une onde bienveillante qui parcourt la toile et les c\u0153urs \u00e0 l\u2019unisson.","inLanguage":"fr-FR","potentialAction":[{"@type":"ReadAction","target":["https:\/\/www.lawebradio.com\/news\/radio-solidarite-la-voix-qui-unit-les-coeurs\/"]}]},{"@type":"ImageObject","inLanguage":"fr-FR","@id":"https:\/\/www.lawebradio.com\/news\/radio-solidarite-la-voix-qui-unit-les-coeurs\/#primaryimage","url":"https:\/\/www.lawebradio.com\/news\/wp-content\/uploads\/2025\/10\/22102025.jpg","contentUrl":"https:\/\/www.lawebradio.com\/news\/wp-content\/uploads\/2025\/10\/22102025.jpg","width":735,"height":350},{"@type":"WebSite","@id":"https:\/\/www.lawebradio.com\/news\/#website","url":"https:\/\/www.lawebradio.com\/news\/","name":"Lawebradio.com - Actualit\u00e9s des radios digitales","description":"","publisher":{"@id":"https:\/\/www.lawebradio.com\/news\/#organization"},"potentialAction":[{"@type":"SearchAction","target":{"@type":"EntryPoint","urlTemplate":"https:\/\/www.lawebradio.com\/news\/?s={search_term_string}"},"query-input":{"@type":"PropertyValueSpecification","valueRequired":true,"valueName":"search_term_string"}}],"inLanguage":"fr-FR"},{"@type":"Organization","@id":"https:\/\/www.lawebradio.com\/news\/#organization","name":"Lawebradio.com - Actualit\u00e9s des radios digitales","url":"https:\/\/www.lawebradio.com\/news\/","logo":{"@type":"ImageObject","inLanguage":"fr-FR","@id":"https:\/\/www.lawebradio.com\/news\/#\/schema\/logo\/image\/","url":"https:\/\/www.lawebradio.com\/news\/wp-content\/uploads\/2020\/10\/logo2020.png","contentUrl":"https:\/\/www.lawebradio.com\/news\/wp-content\/uploads\/2020\/10\/logo2020.png","width":254,"height":43,"caption":"Lawebradio.com - Actualit\u00e9s des radios digitales"},"image":{"@id":"https:\/\/www.lawebradio.com\/news\/#\/schema\/logo\/image\/"}},{"@type":"Person","@id":"https:\/\/www.lawebradio.com\/news\/#\/schema\/person\/95fd11aee6e6cfe70a4b58b482103f1f","name":"Julien Lecourbe","image":{"@type":"ImageObject","inLanguage":"fr-FR","@id":"https:\/\/secure.gravatar.com\/avatar\/0d25a327c6e268d9730d9c0cbeeee0fea76f04c6cf9528c29e782ef324afc515?s=96&d=mm&r=g","url":"https:\/\/secure.gravatar.com\/avatar\/0d25a327c6e268d9730d9c0cbeeee0fea76f04c6cf9528c29e782ef324afc515?s=96&d=mm&r=g","contentUrl":"https:\/\/secure.gravatar.com\/avatar\/0d25a327c6e268d9730d9c0cbeeee0fea76f04c6cf9528c29e782ef324afc515?s=96&d=mm&r=g","caption":"Julien Lecourbe"},"url":"https:\/\/www.lawebradio.com\/news\/author\/la-redaction\/"}]}},"_links":{"self":[{"href":"https:\/\/www.lawebradio.com\/news\/wp-json\/wp\/v2\/posts\/9972","targetHints":{"allow":["GET"]}}],"collection":[{"href":"https:\/\/www.lawebradio.com\/news\/wp-json\/wp\/v2\/posts"}],"about":[{"href":"https:\/\/www.lawebradio.com\/news\/wp-json\/wp\/v2\/types\/post"}],"author":[{"embeddable":true,"href":"https:\/\/www.lawebradio.com\/news\/wp-json\/wp\/v2\/users\/3"}],"replies":[{"embeddable":true,"href":"https:\/\/www.lawebradio.com\/news\/wp-json\/wp\/v2\/comments?post=9972"}],"version-history":[{"count":5,"href":"https:\/\/www.lawebradio.com\/news\/wp-json\/wp\/v2\/posts\/9972\/revisions"}],"predecessor-version":[{"id":9981,"href":"https:\/\/www.lawebradio.com\/news\/wp-json\/wp\/v2\/posts\/9972\/revisions\/9981"}],"wp:featuredmedia":[{"embeddable":true,"href":"https:\/\/www.lawebradio.com\/news\/wp-json\/wp\/v2\/media\/9973"}],"wp:attachment":[{"href":"https:\/\/www.lawebradio.com\/news\/wp-json\/wp\/v2\/media?parent=9972"}],"wp:term":[{"taxonomy":"category","embeddable":true,"href":"https:\/\/www.lawebradio.com\/news\/wp-json\/wp\/v2\/categories?post=9972"},{"taxonomy":"post_tag","embeddable":true,"href":"https:\/\/www.lawebradio.com\/news\/wp-json\/wp\/v2\/tags?post=9972"}],"curies":[{"name":"wp","href":"https:\/\/api.w.org\/{rel}","templated":true}]}}