{"id":9957,"date":"2025-10-23T07:31:58","date_gmt":"2025-10-23T06:31:58","guid":{"rendered":"https:\/\/www.lawebradio.com\/news\/?p=9957"},"modified":"2025-10-23T07:32:02","modified_gmt":"2025-10-23T06:32:02","slug":"radio-media-antilles-la-webradio-qui-fait-vibrer-ton-coeur-aux-rythmes-des-iles","status":"publish","type":"post","link":"https:\/\/www.lawebradio.com\/news\/radio-media-antilles-la-webradio-qui-fait-vibrer-ton-coeur-aux-rythmes-des-iles\/","title":{"rendered":"Radio Media Antilles : la webradio qui fait vibrer ton c\u0153ur aux rythmes des \u00eeles"},"content":{"rendered":"<p>[et_pb_section fb_built=\u00a0\u00bb1&Prime; _builder_version=\u00a0\u00bb4.6.5&Prime; _module_preset=\u00a0\u00bbdefault\u00a0\u00bb][et_pb_row _builder_version=\u00a0\u00bb4.6.5&Prime; _module_preset=\u00a0\u00bbdefault\u00a0\u00bb][et_pb_column type=\u00a0\u00bb4_4&Prime; _builder_version=\u00a0\u00bb4.6.5&Prime; _module_preset=\u00a0\u00bbdefault\u00a0\u00bb][et_pb_text _builder_version=\u00a0\u00bb4.8.0&Prime; _module_preset=\u00a0\u00bbdefault\u00a0\u00bb header_3_font_size=\u00a0\u00bb21px\u00a0\u00bb header_3_line_height=\u00a0\u00bb1.4em\u00a0\u00bb]<\/p>\n<p><strong>Ferme les yeux un instant. Imagine le bruit des vagues, une brise ti\u00e8de, le parfum du coco et, en fond, un bon zouk ou un reggae qui te donne envie de bouger&#8230; Bienvenue sur Radio Media Antilles, la radio qui t\u2019emm\u00e8ne directement sous le soleil des Cara\u00efbes, sans quitter ton fauteuil.<\/strong><\/p>\n<p>Ici, pas de formatage ni de playlist sans \u00e2me : <a href=\"https:\/\/www.radiomediaantilles.com\" target=\"_blank\" rel=\"noopener\">Radio Media Antilles<\/a> (RMA), c\u2019est une webradio 100 % inspir\u00e9e par la <a href=\"https:\/\/www.lawebradio.com\/news\/explorez-les-vibrations-de-nos-territoires-avec-la-1ere-musique\/\">culture antillaise<\/a>. Cr\u00e9\u00e9e par des passionn\u00e9s, elle diffuse la chaleur, les rythmes et la bonne humeur des \u00eeles \u00e0 travers le monde.<\/p>\n<p>Bas\u00e9e \u00e0 Saint-Denis, en France, la radio fait le lien entre la m\u00e9tropole et les Antilles. Son objectif ? Partager la richesse et la diversit\u00e9 de la culture cr\u00e9ole \u00e0 travers la musique, les mots, les traditions et la vie quotidienne des \u00eeles.<\/p>\n<p>Derri\u00e8re ses ondes, on ressent une passion sinc\u00e8re : celle de donner la parole \u00e0 une communaut\u00e9 dynamique, fi\u00e8re de ses racines et ouverte sur le monde. Sur son site <a class=\"decorated-link cursor-pointer\" target=\"_new\" rel=\"noopener\" data-start=\"1180\" data-end=\"1240\">radiomediaantilles.com<\/a>, RMA se d\u00e9crit comme un m\u00e9dia culturel et social, engag\u00e9 dans la valorisation des Antilles et de leurs diasporas, en partenariat avec d\u2019autres acteurs des DOM.<\/p>\n<h3>Une programmation ensoleill\u00e9e<\/h3>\n<p data-start=\"1463\" data-end=\"1708\">Si vous aimez les sons chauds et dansants, Radio Media Antilles deviendra vite une favorite dans vos favoris. Zouk, reggae, dancehall, kompa, biguine ou musiques traditionnelles : la playlist de RMA respire la bonne humeur et la diversit\u00e9.<\/p>\n<p data-start=\"1710\" data-end=\"2066\">Mais la radio ne s\u2019arr\u00eate pas \u00e0 la musique. Elle propose aussi des \u00e9missions th\u00e9matiques et des chroniques culturelles sur la vie locale, la gastronomie, ou encore les coutumes insulaires. L\u2019un des articles r\u00e9cents du site en dit long sur cette approche : <em data-start=\"1974\" data-end=\"2046\">\u00ab L\u2019eau de coco en Martinique, plus qu\u2019une boisson, un art de vivre. \u00bb<\/em> Tout un symbole !<\/p>\n<h3>Une radio qui parle vrai<\/h3>\n<p data-start=\"2117\" data-end=\"2406\">Ce qui distingue RMA des simples radios musicales, c\u2019est son engagement \u00e0 parler du quotidien des Antilles. La station aborde les enjeux locaux, relaie des informations venues des \u00eeles et ouvre un espace de discussion autour de th\u00e9matiques sociales, culturelles et environnementales.<\/p>\n<p data-start=\"2408\" data-end=\"2725\">Cette approche lui conf\u00e8re un r\u00f4le de m\u00e9dia de proximit\u00e9, bien que diffus\u00e9e exclusivement sur Internet. En offrant cette passerelle entre les territoires d\u2019Outre-mer et la m\u00e9tropole, Radio Media Antilles contribue \u00e0 maintenir un lien fort et vivant entre les communaut\u00e9s antillaises o\u00f9 qu\u2019elles se trouvent.<\/p>\n<h3>Une voix, une communaut\u00e9<\/h3>\n<p>Radio Media Antilles, c\u2019est aussi une grande famille. Elle met en avant les artistes locaux, les associations, les entrepreneurs et toutes celles et ceux qui font vivre la culture cr\u00e9ole au quotidien. Elle est l\u00e0 pour rassembler et valoriser : on rit, on chante, on \u00e9change, on apprend. C\u2019est une radio de passionn\u00e9s, pour des passionn\u00e9s \u2014 et quand on \u00e9coute, \u00e7a s\u2019entend !<\/p>\n<p>\u2022 <a href=\"https:\/\/www.radiomediaantilles.com\" target=\"_blank\" rel=\"noopener\"><strong>En savoir plus &gt;&gt;<\/strong><\/a><\/p>\n<p>[\/et_pb_text][\/et_pb_column][\/et_pb_row][\/et_pb_section]<\/p>\n","protected":false},"excerpt":{"rendered":"<p>[et_pb_section fb_built=\u00a0\u00bb1&Prime; _builder_version=\u00a0\u00bb4.6.5&Prime; _module_preset=\u00a0\u00bbdefault\u00a0\u00bb][et_pb_row _builder_version=\u00a0\u00bb4.6.5&Prime; _module_preset=\u00a0\u00bbdefault\u00a0\u00bb][et_pb_column type=\u00a0\u00bb4_4&Prime; _builder_version=\u00a0\u00bb4.6.5&Prime; _module_preset=\u00a0\u00bbdefault\u00a0\u00bb][et_pb_text _builder_version=\u00a0\u00bb4.8.0&Prime; _module_preset=\u00a0\u00bbdefault\u00a0\u00bb header_3_font_size=\u00a0\u00bb21px\u00a0\u00bb header_3_line_height=\u00a0\u00bb1.4em\u00a0\u00bb] Ferme les yeux un instant. Imagine le bruit des vagues, une brise ti\u00e8de, le parfum du coco et, en fond, un bon zouk ou un reggae qui te donne envie de bouger&#8230; Bienvenue sur Radio Media Antilles, la radio qui t\u2019emm\u00e8ne directement [&hellip;]<\/p>\n","protected":false},"author":3,"featured_media":9958,"comment_status":"closed","ping_status":"closed","sticky":false,"template":"","format":"standard","meta":{"_et_pb_use_builder":"on","_et_pb_old_content":"","_et_gb_content_width":"","footnotes":""},"categories":[6],"tags":[],"class_list":["post-9957","post","type-post","status-publish","format-standard","has-post-thumbnail","hentry","category-focus","et-has-post-format-content","et_post_format-et-post-format-standard"],"yoast_head":"<!-- This site is optimized with the Yoast SEO plugin v27.5 - https:\/\/yoast.com\/product\/yoast-seo-wordpress\/ -->\n<title>Radio Media Antilles : la webradio qui fait vibrer ton c\u0153ur aux rythmes des \u00eeles - Lawebradio.com - Actualit\u00e9s des radios digitales<\/title>\n<meta name=\"description\" content=\"Radio Media Antilles, la webradio solaire qui fait vivre la culture et la musique antillaise, partout dans le monde.\" \/>\n<meta name=\"robots\" content=\"index, follow, max-snippet:-1, max-image-preview:large, max-video-preview:-1\" \/>\n<link rel=\"canonical\" href=\"https:\/\/www.lawebradio.com\/news\/radio-media-antilles-la-webradio-qui-fait-vibrer-ton-coeur-aux-rythmes-des-iles\/\" \/>\n<meta property=\"og:locale\" content=\"fr_FR\" \/>\n<meta property=\"og:type\" content=\"article\" \/>\n<meta property=\"og:title\" content=\"Radio Media Antilles : la webradio qui fait vibrer ton c\u0153ur aux rythmes des \u00eeles - Lawebradio.com - Actualit\u00e9s des radios digitales\" \/>\n<meta property=\"og:description\" content=\"Radio Media Antilles, la webradio solaire qui fait vivre la culture et la musique antillaise, partout dans le monde.\" \/>\n<meta property=\"og:url\" content=\"https:\/\/www.lawebradio.com\/news\/radio-media-antilles-la-webradio-qui-fait-vibrer-ton-coeur-aux-rythmes-des-iles\/\" \/>\n<meta property=\"og:site_name\" content=\"Lawebradio.com - Actualit\u00e9s des radios digitales\" \/>\n<meta property=\"article:published_time\" content=\"2025-10-23T06:31:58+00:00\" \/>\n<meta property=\"article:modified_time\" content=\"2025-10-23T06:32:02+00:00\" \/>\n<meta property=\"og:image\" content=\"https:\/\/www.lawebradio.com\/news\/wp-content\/uploads\/2025\/10\/23102025.jpg\" \/>\n\t<meta property=\"og:image:width\" content=\"735\" \/>\n\t<meta property=\"og:image:height\" content=\"350\" \/>\n\t<meta property=\"og:image:type\" content=\"image\/jpeg\" \/>\n<meta name=\"author\" content=\"Julien Lecourbe\" \/>\n<meta name=\"twitter:label1\" content=\"\u00c9crit par\" \/>\n\t<meta name=\"twitter:data1\" content=\"Julien Lecourbe\" \/>\n\t<meta name=\"twitter:label2\" content=\"Dur\u00e9e de lecture estim\u00e9e\" \/>\n\t<meta name=\"twitter:data2\" content=\"3 minutes\" \/>\n<script type=\"application\/ld+json\" class=\"yoast-schema-graph\">{\"@context\":\"https:\\\/\\\/schema.org\",\"@graph\":[{\"@type\":\"Article\",\"@id\":\"https:\\\/\\\/www.lawebradio.com\\\/news\\\/radio-media-antilles-la-webradio-qui-fait-vibrer-ton-coeur-aux-rythmes-des-iles\\\/#article\",\"isPartOf\":{\"@id\":\"https:\\\/\\\/www.lawebradio.com\\\/news\\\/radio-media-antilles-la-webradio-qui-fait-vibrer-ton-coeur-aux-rythmes-des-iles\\\/\"},\"author\":{\"name\":\"Julien Lecourbe\",\"@id\":\"https:\\\/\\\/www.lawebradio.com\\\/news\\\/#\\\/schema\\\/person\\\/95fd11aee6e6cfe70a4b58b482103f1f\"},\"headline\":\"Radio Media Antilles : la webradio qui fait vibrer ton c\u0153ur aux rythmes des \u00eeles\",\"datePublished\":\"2025-10-23T06:31:58+00:00\",\"dateModified\":\"2025-10-23T06:32:02+00:00\",\"mainEntityOfPage\":{\"@id\":\"https:\\\/\\\/www.lawebradio.com\\\/news\\\/radio-media-antilles-la-webradio-qui-fait-vibrer-ton-coeur-aux-rythmes-des-iles\\\/\"},\"wordCount\":555,\"publisher\":{\"@id\":\"https:\\\/\\\/www.lawebradio.com\\\/news\\\/#organization\"},\"image\":{\"@id\":\"https:\\\/\\\/www.lawebradio.com\\\/news\\\/radio-media-antilles-la-webradio-qui-fait-vibrer-ton-coeur-aux-rythmes-des-iles\\\/#primaryimage\"},\"thumbnailUrl\":\"https:\\\/\\\/www.lawebradio.com\\\/news\\\/wp-content\\\/uploads\\\/2025\\\/10\\\/23102025.jpg\",\"articleSection\":[\"Focus\"],\"inLanguage\":\"fr-FR\"},{\"@type\":\"WebPage\",\"@id\":\"https:\\\/\\\/www.lawebradio.com\\\/news\\\/radio-media-antilles-la-webradio-qui-fait-vibrer-ton-coeur-aux-rythmes-des-iles\\\/\",\"url\":\"https:\\\/\\\/www.lawebradio.com\\\/news\\\/radio-media-antilles-la-webradio-qui-fait-vibrer-ton-coeur-aux-rythmes-des-iles\\\/\",\"name\":\"Radio Media Antilles : la webradio qui fait vibrer ton c\u0153ur aux rythmes des \u00eeles - Lawebradio.com - Actualit\u00e9s des radios digitales\",\"isPartOf\":{\"@id\":\"https:\\\/\\\/www.lawebradio.com\\\/news\\\/#website\"},\"primaryImageOfPage\":{\"@id\":\"https:\\\/\\\/www.lawebradio.com\\\/news\\\/radio-media-antilles-la-webradio-qui-fait-vibrer-ton-coeur-aux-rythmes-des-iles\\\/#primaryimage\"},\"image\":{\"@id\":\"https:\\\/\\\/www.lawebradio.com\\\/news\\\/radio-media-antilles-la-webradio-qui-fait-vibrer-ton-coeur-aux-rythmes-des-iles\\\/#primaryimage\"},\"thumbnailUrl\":\"https:\\\/\\\/www.lawebradio.com\\\/news\\\/wp-content\\\/uploads\\\/2025\\\/10\\\/23102025.jpg\",\"datePublished\":\"2025-10-23T06:31:58+00:00\",\"dateModified\":\"2025-10-23T06:32:02+00:00\",\"description\":\"Radio Media Antilles, la webradio solaire qui fait vivre la culture et la musique antillaise, partout dans le monde.\",\"inLanguage\":\"fr-FR\",\"potentialAction\":[{\"@type\":\"ReadAction\",\"target\":[\"https:\\\/\\\/www.lawebradio.com\\\/news\\\/radio-media-antilles-la-webradio-qui-fait-vibrer-ton-coeur-aux-rythmes-des-iles\\\/\"]}]},{\"@type\":\"ImageObject\",\"inLanguage\":\"fr-FR\",\"@id\":\"https:\\\/\\\/www.lawebradio.com\\\/news\\\/radio-media-antilles-la-webradio-qui-fait-vibrer-ton-coeur-aux-rythmes-des-iles\\\/#primaryimage\",\"url\":\"https:\\\/\\\/www.lawebradio.com\\\/news\\\/wp-content\\\/uploads\\\/2025\\\/10\\\/23102025.jpg\",\"contentUrl\":\"https:\\\/\\\/www.lawebradio.com\\\/news\\\/wp-content\\\/uploads\\\/2025\\\/10\\\/23102025.jpg\",\"width\":735,\"height\":350},{\"@type\":\"WebSite\",\"@id\":\"https:\\\/\\\/www.lawebradio.com\\\/news\\\/#website\",\"url\":\"https:\\\/\\\/www.lawebradio.com\\\/news\\\/\",\"name\":\"Lawebradio.com - Actualit\u00e9s des radios digitales\",\"description\":\"\",\"publisher\":{\"@id\":\"https:\\\/\\\/www.lawebradio.com\\\/news\\\/#organization\"},\"potentialAction\":[{\"@type\":\"SearchAction\",\"target\":{\"@type\":\"EntryPoint\",\"urlTemplate\":\"https:\\\/\\\/www.lawebradio.com\\\/news\\\/?s={search_term_string}\"},\"query-input\":{\"@type\":\"PropertyValueSpecification\",\"valueRequired\":true,\"valueName\":\"search_term_string\"}}],\"inLanguage\":\"fr-FR\"},{\"@type\":\"Organization\",\"@id\":\"https:\\\/\\\/www.lawebradio.com\\\/news\\\/#organization\",\"name\":\"Lawebradio.com - Actualit\u00e9s des radios digitales\",\"url\":\"https:\\\/\\\/www.lawebradio.com\\\/news\\\/\",\"logo\":{\"@type\":\"ImageObject\",\"inLanguage\":\"fr-FR\",\"@id\":\"https:\\\/\\\/www.lawebradio.com\\\/news\\\/#\\\/schema\\\/logo\\\/image\\\/\",\"url\":\"https:\\\/\\\/www.lawebradio.com\\\/news\\\/wp-content\\\/uploads\\\/2020\\\/10\\\/logo2020.png\",\"contentUrl\":\"https:\\\/\\\/www.lawebradio.com\\\/news\\\/wp-content\\\/uploads\\\/2020\\\/10\\\/logo2020.png\",\"width\":254,\"height\":43,\"caption\":\"Lawebradio.com - Actualit\u00e9s des radios digitales\"},\"image\":{\"@id\":\"https:\\\/\\\/www.lawebradio.com\\\/news\\\/#\\\/schema\\\/logo\\\/image\\\/\"}},{\"@type\":\"Person\",\"@id\":\"https:\\\/\\\/www.lawebradio.com\\\/news\\\/#\\\/schema\\\/person\\\/95fd11aee6e6cfe70a4b58b482103f1f\",\"name\":\"Julien Lecourbe\",\"image\":{\"@type\":\"ImageObject\",\"inLanguage\":\"fr-FR\",\"@id\":\"https:\\\/\\\/secure.gravatar.com\\\/avatar\\\/0d25a327c6e268d9730d9c0cbeeee0fea76f04c6cf9528c29e782ef324afc515?s=96&d=mm&r=g\",\"url\":\"https:\\\/\\\/secure.gravatar.com\\\/avatar\\\/0d25a327c6e268d9730d9c0cbeeee0fea76f04c6cf9528c29e782ef324afc515?s=96&d=mm&r=g\",\"contentUrl\":\"https:\\\/\\\/secure.gravatar.com\\\/avatar\\\/0d25a327c6e268d9730d9c0cbeeee0fea76f04c6cf9528c29e782ef324afc515?s=96&d=mm&r=g\",\"caption\":\"Julien Lecourbe\"},\"url\":\"https:\\\/\\\/www.lawebradio.com\\\/news\\\/author\\\/la-redaction\\\/\"}]}<\/script>\n<!-- \/ Yoast SEO plugin. -->","yoast_head_json":{"title":"Radio Media Antilles : la webradio qui fait vibrer ton c\u0153ur aux rythmes des \u00eeles - Lawebradio.com - Actualit\u00e9s des radios digitales","description":"Radio Media Antilles, la webradio solaire qui fait vivre la culture et la musique antillaise, partout dans le monde.","robots":{"index":"index","follow":"follow","max-snippet":"max-snippet:-1","max-image-preview":"max-image-preview:large","max-video-preview":"max-video-preview:-1"},"canonical":"https:\/\/www.lawebradio.com\/news\/radio-media-antilles-la-webradio-qui-fait-vibrer-ton-coeur-aux-rythmes-des-iles\/","og_locale":"fr_FR","og_type":"article","og_title":"Radio Media Antilles : la webradio qui fait vibrer ton c\u0153ur aux rythmes des \u00eeles - Lawebradio.com - Actualit\u00e9s des radios digitales","og_description":"Radio Media Antilles, la webradio solaire qui fait vivre la culture et la musique antillaise, partout dans le monde.","og_url":"https:\/\/www.lawebradio.com\/news\/radio-media-antilles-la-webradio-qui-fait-vibrer-ton-coeur-aux-rythmes-des-iles\/","og_site_name":"Lawebradio.com - Actualit\u00e9s des radios digitales","article_published_time":"2025-10-23T06:31:58+00:00","article_modified_time":"2025-10-23T06:32:02+00:00","og_image":[{"width":735,"height":350,"url":"https:\/\/www.lawebradio.com\/news\/wp-content\/uploads\/2025\/10\/23102025.jpg","type":"image\/jpeg"}],"author":"Julien Lecourbe","twitter_misc":{"\u00c9crit par":"Julien Lecourbe","Dur\u00e9e de lecture estim\u00e9e":"3 minutes"},"schema":{"@context":"https:\/\/schema.org","@graph":[{"@type":"Article","@id":"https:\/\/www.lawebradio.com\/news\/radio-media-antilles-la-webradio-qui-fait-vibrer-ton-coeur-aux-rythmes-des-iles\/#article","isPartOf":{"@id":"https:\/\/www.lawebradio.com\/news\/radio-media-antilles-la-webradio-qui-fait-vibrer-ton-coeur-aux-rythmes-des-iles\/"},"author":{"name":"Julien Lecourbe","@id":"https:\/\/www.lawebradio.com\/news\/#\/schema\/person\/95fd11aee6e6cfe70a4b58b482103f1f"},"headline":"Radio Media Antilles : la webradio qui fait vibrer ton c\u0153ur aux rythmes des \u00eeles","datePublished":"2025-10-23T06:31:58+00:00","dateModified":"2025-10-23T06:32:02+00:00","mainEntityOfPage":{"@id":"https:\/\/www.lawebradio.com\/news\/radio-media-antilles-la-webradio-qui-fait-vibrer-ton-coeur-aux-rythmes-des-iles\/"},"wordCount":555,"publisher":{"@id":"https:\/\/www.lawebradio.com\/news\/#organization"},"image":{"@id":"https:\/\/www.lawebradio.com\/news\/radio-media-antilles-la-webradio-qui-fait-vibrer-ton-coeur-aux-rythmes-des-iles\/#primaryimage"},"thumbnailUrl":"https:\/\/www.lawebradio.com\/news\/wp-content\/uploads\/2025\/10\/23102025.jpg","articleSection":["Focus"],"inLanguage":"fr-FR"},{"@type":"WebPage","@id":"https:\/\/www.lawebradio.com\/news\/radio-media-antilles-la-webradio-qui-fait-vibrer-ton-coeur-aux-rythmes-des-iles\/","url":"https:\/\/www.lawebradio.com\/news\/radio-media-antilles-la-webradio-qui-fait-vibrer-ton-coeur-aux-rythmes-des-iles\/","name":"Radio Media Antilles : la webradio qui fait vibrer ton c\u0153ur aux rythmes des \u00eeles - Lawebradio.com - Actualit\u00e9s des radios digitales","isPartOf":{"@id":"https:\/\/www.lawebradio.com\/news\/#website"},"primaryImageOfPage":{"@id":"https:\/\/www.lawebradio.com\/news\/radio-media-antilles-la-webradio-qui-fait-vibrer-ton-coeur-aux-rythmes-des-iles\/#primaryimage"},"image":{"@id":"https:\/\/www.lawebradio.com\/news\/radio-media-antilles-la-webradio-qui-fait-vibrer-ton-coeur-aux-rythmes-des-iles\/#primaryimage"},"thumbnailUrl":"https:\/\/www.lawebradio.com\/news\/wp-content\/uploads\/2025\/10\/23102025.jpg","datePublished":"2025-10-23T06:31:58+00:00","dateModified":"2025-10-23T06:32:02+00:00","description":"Radio Media Antilles, la webradio solaire qui fait vivre la culture et la musique antillaise, partout dans le monde.","inLanguage":"fr-FR","potentialAction":[{"@type":"ReadAction","target":["https:\/\/www.lawebradio.com\/news\/radio-media-antilles-la-webradio-qui-fait-vibrer-ton-coeur-aux-rythmes-des-iles\/"]}]},{"@type":"ImageObject","inLanguage":"fr-FR","@id":"https:\/\/www.lawebradio.com\/news\/radio-media-antilles-la-webradio-qui-fait-vibrer-ton-coeur-aux-rythmes-des-iles\/#primaryimage","url":"https:\/\/www.lawebradio.com\/news\/wp-content\/uploads\/2025\/10\/23102025.jpg","contentUrl":"https:\/\/www.lawebradio.com\/news\/wp-content\/uploads\/2025\/10\/23102025.jpg","width":735,"height":350},{"@type":"WebSite","@id":"https:\/\/www.lawebradio.com\/news\/#website","url":"https:\/\/www.lawebradio.com\/news\/","name":"Lawebradio.com - Actualit\u00e9s des radios digitales","description":"","publisher":{"@id":"https:\/\/www.lawebradio.com\/news\/#organization"},"potentialAction":[{"@type":"SearchAction","target":{"@type":"EntryPoint","urlTemplate":"https:\/\/www.lawebradio.com\/news\/?s={search_term_string}"},"query-input":{"@type":"PropertyValueSpecification","valueRequired":true,"valueName":"search_term_string"}}],"inLanguage":"fr-FR"},{"@type":"Organization","@id":"https:\/\/www.lawebradio.com\/news\/#organization","name":"Lawebradio.com - Actualit\u00e9s des radios digitales","url":"https:\/\/www.lawebradio.com\/news\/","logo":{"@type":"ImageObject","inLanguage":"fr-FR","@id":"https:\/\/www.lawebradio.com\/news\/#\/schema\/logo\/image\/","url":"https:\/\/www.lawebradio.com\/news\/wp-content\/uploads\/2020\/10\/logo2020.png","contentUrl":"https:\/\/www.lawebradio.com\/news\/wp-content\/uploads\/2020\/10\/logo2020.png","width":254,"height":43,"caption":"Lawebradio.com - Actualit\u00e9s des radios digitales"},"image":{"@id":"https:\/\/www.lawebradio.com\/news\/#\/schema\/logo\/image\/"}},{"@type":"Person","@id":"https:\/\/www.lawebradio.com\/news\/#\/schema\/person\/95fd11aee6e6cfe70a4b58b482103f1f","name":"Julien Lecourbe","image":{"@type":"ImageObject","inLanguage":"fr-FR","@id":"https:\/\/secure.gravatar.com\/avatar\/0d25a327c6e268d9730d9c0cbeeee0fea76f04c6cf9528c29e782ef324afc515?s=96&d=mm&r=g","url":"https:\/\/secure.gravatar.com\/avatar\/0d25a327c6e268d9730d9c0cbeeee0fea76f04c6cf9528c29e782ef324afc515?s=96&d=mm&r=g","contentUrl":"https:\/\/secure.gravatar.com\/avatar\/0d25a327c6e268d9730d9c0cbeeee0fea76f04c6cf9528c29e782ef324afc515?s=96&d=mm&r=g","caption":"Julien Lecourbe"},"url":"https:\/\/www.lawebradio.com\/news\/author\/la-redaction\/"}]}},"_links":{"self":[{"href":"https:\/\/www.lawebradio.com\/news\/wp-json\/wp\/v2\/posts\/9957","targetHints":{"allow":["GET"]}}],"collection":[{"href":"https:\/\/www.lawebradio.com\/news\/wp-json\/wp\/v2\/posts"}],"about":[{"href":"https:\/\/www.lawebradio.com\/news\/wp-json\/wp\/v2\/types\/post"}],"author":[{"embeddable":true,"href":"https:\/\/www.lawebradio.com\/news\/wp-json\/wp\/v2\/users\/3"}],"replies":[{"embeddable":true,"href":"https:\/\/www.lawebradio.com\/news\/wp-json\/wp\/v2\/comments?post=9957"}],"version-history":[{"count":6,"href":"https:\/\/www.lawebradio.com\/news\/wp-json\/wp\/v2\/posts\/9957\/revisions"}],"predecessor-version":[{"id":9971,"href":"https:\/\/www.lawebradio.com\/news\/wp-json\/wp\/v2\/posts\/9957\/revisions\/9971"}],"wp:featuredmedia":[{"embeddable":true,"href":"https:\/\/www.lawebradio.com\/news\/wp-json\/wp\/v2\/media\/9958"}],"wp:attachment":[{"href":"https:\/\/www.lawebradio.com\/news\/wp-json\/wp\/v2\/media?parent=9957"}],"wp:term":[{"taxonomy":"category","embeddable":true,"href":"https:\/\/www.lawebradio.com\/news\/wp-json\/wp\/v2\/categories?post=9957"},{"taxonomy":"post_tag","embeddable":true,"href":"https:\/\/www.lawebradio.com\/news\/wp-json\/wp\/v2\/tags?post=9957"}],"curies":[{"name":"wp","href":"https:\/\/api.w.org\/{rel}","templated":true}]}}