{"id":9309,"date":"2025-06-25T11:04:26","date_gmt":"2025-06-25T10:04:26","guid":{"rendered":"https:\/\/www.lawebradio.com\/news\/?p=9309"},"modified":"2025-06-25T11:05:29","modified_gmt":"2025-06-25T10:05:29","slug":"eversolo-dmp-a6-gen-2-la-source-audiophile-tout-en-un-nouvelle-generation","status":"publish","type":"post","link":"https:\/\/www.lawebradio.com\/news\/eversolo-dmp-a6-gen-2-la-source-audiophile-tout-en-un-nouvelle-generation\/","title":{"rendered":"EverSolo DMP-A6 Gen 2 : la source audiophile tout-en-un nouvelle g\u00e9n\u00e9ration"},"content":{"rendered":"<p>[et_pb_section fb_built=\u00a0\u00bb1&Prime; _builder_version=\u00a0\u00bb4.6.5&Prime; _module_preset=\u00a0\u00bbdefault\u00a0\u00bb][et_pb_row _builder_version=\u00a0\u00bb4.6.5&Prime; _module_preset=\u00a0\u00bbdefault\u00a0\u00bb][et_pb_column type=\u00a0\u00bb4_4&Prime; _builder_version=\u00a0\u00bb4.6.5&Prime; _module_preset=\u00a0\u00bbdefault\u00a0\u00bb][et_pb_text _builder_version=\u00a0\u00bb4.8.0&Prime; _module_preset=\u00a0\u00bbdefault\u00a0\u00bb header_3_font_size=\u00a0\u00bb21px\u00a0\u00bb header_3_line_height=\u00a0\u00bb1.4em\u00a0\u00bb hover_enabled=\u00a0\u00bb0&Prime; sticky_enabled=\u00a0\u00bb0&Prime;]<\/p>\n<p><strong>Dans le monde foisonnant des lecteurs r\u00e9seau audiophiles, EverSolo s\u2019impose avec une proposition aussi \u00e9l\u00e9gante que polyvalente.<\/strong><\/p>\n<p>Le DMP-A6 Gen 2 reprend les codes de son pr\u00e9d\u00e9cesseur tout en poussant plus loin la qualit\u00e9 sonore, l\u2019ergonomie et l\u2019int\u00e9gration. Un appareil \u00e0 la crois\u00e9e du streaming, du DAC haut de gamme et du pr\u00e9amplificateur num\u00e9rique.<\/p>\n<h3>Une r\u00e9ponse moderne aux besoins d\u2019aujourd\u2019hui<\/h3>\n<p>L\u2019EverSolo DMP-A6 Gen 2 a de quoi s\u00e9duire les m\u00e9lomanes exigeants. Pens\u00e9 comme une v\u00e9ritable \u00ab\u202fsource centrale\u202f\u00bb, ce bo\u00eetier compact au ch\u00e2ssis en aluminium bross\u00e9 embarque une panoplie impressionnante de fonctionnalit\u00e9s : lecteur r\u00e9seau compatible avec les principaux services de streaming haute d\u00e9finition (Qobuz, Tidal, Amazon Music, Spotify\u2026), DAC 32 bits, pr\u00e9amplificateur num\u00e9rique, ripper de CD via USB, et m\u00eame une sortie HDMI ARC pour l\u2019int\u00e9gration dans un syst\u00e8me home cin\u00e9ma.<br \/>\u00c0 l\u2019avant, un large \u00e9cran tactile LCD de 6 pouces permet une navigation fluide dans une interface bas\u00e9e sur Android, revue par EverSolo. L\u2019ensemble respire la modernit\u00e9, sans sacrifier la simplicit\u00e9.<\/p>\n<h3>Une conception technique s\u00e9rieuse<\/h3>\n<p>Sous le capot, le constructeur a mis les petits plats dans les grands. Le DMP-A6 Gen 2 int\u00e8gre deux DAC ESS Sabre ES9038Q2M, mont\u00e9s en configuration double mono, pour une s\u00e9paration des canaux optimale et un rapport signal\/bruit sup\u00e9rieur \u00e0 128 dB. Il supporte les formats les plus exigeants : PCM jusqu\u2019\u00e0 768 kHz, DSD512 natif, et le d\u00e9codage complet du MQA.<br \/>C\u00f4t\u00e9 connectique, l\u2019appareil se montre g\u00e9n\u00e9reux : sorties analogiques RCA et XLR sym\u00e9triques, ports USB-A et USB-C, entr\u00e9e HDMI ARC, entr\u00e9es num\u00e9riques optique et coaxiale, connectivit\u00e9 Ethernet Gigabit, Wi-Fi bi-bande, ainsi que le Bluetooth 5.0 (avec codecs haute r\u00e9solution comme aptX HD et LDAC).<br \/>Le stockage interne, bien que limit\u00e9 \u00e0 32 Go, peut \u00eatre \u00e9tendu par un disque SSD M.2 NVMe jusqu\u2019\u00e0 4 To, \u00e0 installer facilement via une trappe d\u00e9di\u00e9e. Un vrai plus pour les biblioth\u00e8ques musicales locales.<\/p>\n<h3>Une exp\u00e9rience d\u2019\u00e9coute convaincante<\/h3>\n<p>\u00c0 l\u2019\u00e9coute, le DMP-A6 Gen 2 impressionne par sa restitution \u00e9quilibr\u00e9e, transparente et fluide. Les amateurs de d\u00e9tails fins, de dynamique ma\u00eetris\u00e9e et d\u2019a\u00e9ration st\u00e9r\u00e9ophonique seront combl\u00e9s. Que ce soit en streaming, en lecture USB ou via un NAS, le rendu reste constant, avec une signature sonore naturelle et bien d\u00e9finie.<br \/>Les diff\u00e9rents filtres num\u00e9riques int\u00e9gr\u00e9s offrent la possibilit\u00e9 d\u2019adapter l\u00e9g\u00e8rement la restitution au go\u00fbt de chacun, sans jamais verser dans l\u2019exc\u00e8s. M\u00eame en tant que simple DAC connect\u00e9 \u00e0 un transport, le DMP-A6 Gen 2 se d\u00e9fend honorablement face \u00e0 des concurrents bien plus on\u00e9reux.<\/p>\n<h3>Une version \u00ab Master Edition \u00bb pour les plus exigeants<\/h3>\n<p>EverSolo propose \u00e9galement une version \u00ab Master Edition \u00bb du DMP-A6 Gen 2, int\u00e9grant des composants audiophiles s\u00e9lectionn\u00e9s (condensateurs ELNA Silmic, horloges femto haut de gamme, circuits analogiques am\u00e9lior\u00e9s) pour une performance sonore encore plus pouss\u00e9e. Cette version se positionne comme un v\u00e9ritable produit haut de gamme, tout en restant sous la barre des 1\u202f300 \u20ac.<\/p>\n<h3>Une proposition coh\u00e9rente et \u00e9volutive<\/h3>\n<p>Avec le DMP-A6 Gen 2, EverSolo r\u00e9ussit le pari de proposer un appareil aussi complet qu\u2019\u00e9l\u00e9gant, sans renier les exigences audiophiles. La qualit\u00e9 de fabrication est irr\u00e9prochable, l\u2019interface claire et r\u00e9active, et les possibilit\u00e9s quasi illimit\u00e9es. On appr\u00e9cie particuli\u00e8rement la capacit\u00e9 d\u2019\u00e9volution logicielle via mises \u00e0 jour, et l\u2019ouverture vers des usages vari\u00e9s (ripper de CD, transport pour DAC externe, lecteur r\u00e9seau audiophile&#8230;).<br \/>Certes, quelques points restent \u00e0 am\u00e9liorer, notamment une gestion du volume en mode pr\u00e9ampli un peu juste dans certaines configurations, et des fonctions comme AirPlay qui peuvent se montrer capricieuses. Mais rien qui ne vienne r\u00e9ellement ternir l\u2019exp\u00e9rience globale.<\/p>\n<p>\u2022 <a href=\"https:\/\/www.ericboisseau.com\/nouveaux-lecteurs-eversolo-dmp-a6-gen2\/\" target=\"_blank\" rel=\"noopener\"><strong>En savoir plus &gt;&gt;<\/strong><\/a><\/p>\n<p>[\/et_pb_text][et_pb_code _builder_version=\u00a0\u00bb4.8.0&Prime; _module_preset=\u00a0\u00bbdefault\u00a0\u00bb custom_margin=\u00a0\u00bb0px||||false|false\u00a0\u00bb custom_padding=\u00a0\u00bb0px||||false|false\u00a0\u00bb]<iframe loading=\"lazy\" width=\"560\" height=\"315\" src=\"https:\/\/www.youtube.com\/embed\/CSC33w4xF1s?si=-rdUc1ipcmdy6wAD\" title=\"YouTube video player\" frameborder=\"0\" allow=\"accelerometer; autoplay; clipboard-write; encrypted-media; gyroscope; picture-in-picture; web-share\" referrerpolicy=\"strict-origin-when-cross-origin\" allowfullscreen><\/iframe>[\/et_pb_code][\/et_pb_column][\/et_pb_row][\/et_pb_section]<\/p>\n","protected":false},"excerpt":{"rendered":"<p>[et_pb_section fb_built=\u00a0\u00bb1&Prime; _builder_version=\u00a0\u00bb4.6.5&Prime; _module_preset=\u00a0\u00bbdefault\u00a0\u00bb][et_pb_row _builder_version=\u00a0\u00bb4.6.5&Prime; _module_preset=\u00a0\u00bbdefault\u00a0\u00bb][et_pb_column type=\u00a0\u00bb4_4&Prime; _builder_version=\u00a0\u00bb4.6.5&Prime; _module_preset=\u00a0\u00bbdefault\u00a0\u00bb][et_pb_text _builder_version=\u00a0\u00bb4.8.0&Prime; _module_preset=\u00a0\u00bbdefault\u00a0\u00bb header_3_font_size=\u00a0\u00bb21px\u00a0\u00bb header_3_line_height=\u00a0\u00bb1.4em\u00a0\u00bb hover_enabled=\u00a0\u00bb0&Prime; sticky_enabled=\u00a0\u00bb0&Prime;] Dans le monde foisonnant des lecteurs r\u00e9seau audiophiles, EverSolo s\u2019impose avec une proposition aussi \u00e9l\u00e9gante que polyvalente. Le DMP-A6 Gen 2 reprend les codes de son pr\u00e9d\u00e9cesseur tout en poussant plus loin la qualit\u00e9 sonore, l\u2019ergonomie et l\u2019int\u00e9gration. Un appareil [&hellip;]<\/p>\n","protected":false},"author":2,"featured_media":9310,"comment_status":"closed","ping_status":"closed","sticky":false,"template":"","format":"standard","meta":{"_et_pb_use_builder":"on","_et_pb_old_content":"","_et_gb_content_width":"","footnotes":""},"categories":[12],"tags":[],"class_list":["post-9309","post","type-post","status-publish","format-standard","has-post-thumbnail","hentry","category-revue","et-has-post-format-content","et_post_format-et-post-format-standard"],"yoast_head":"<!-- This site is optimized with the Yoast SEO plugin v27.4 - https:\/\/yoast.com\/product\/yoast-seo-wordpress\/ -->\n<title>EverSolo DMP-A6 Gen 2 : la source audiophile tout-en-un nouvelle g\u00e9n\u00e9ration - Lawebradio.com - Actualit\u00e9s des radios digitales<\/title>\n<meta name=\"description\" content=\"Polyvalent, performant et au design soign\u00e9, l\u2019EverSolo DMP-A6 Gen 2 s\u2019impose comme une r\u00e9f\u00e9rence incontournable dans sa gamme de prix.\" \/>\n<meta name=\"robots\" content=\"index, follow, max-snippet:-1, max-image-preview:large, max-video-preview:-1\" \/>\n<link rel=\"canonical\" href=\"https:\/\/www.lawebradio.com\/news\/eversolo-dmp-a6-gen-2-la-source-audiophile-tout-en-un-nouvelle-generation\/\" \/>\n<meta property=\"og:locale\" content=\"fr_FR\" \/>\n<meta property=\"og:type\" content=\"article\" \/>\n<meta property=\"og:title\" content=\"EverSolo DMP-A6 Gen 2 : la source audiophile tout-en-un nouvelle g\u00e9n\u00e9ration - Lawebradio.com - Actualit\u00e9s des radios digitales\" \/>\n<meta property=\"og:description\" content=\"Polyvalent, performant et au design soign\u00e9, l\u2019EverSolo DMP-A6 Gen 2 s\u2019impose comme une r\u00e9f\u00e9rence incontournable dans sa gamme de prix.\" \/>\n<meta property=\"og:url\" content=\"https:\/\/www.lawebradio.com\/news\/eversolo-dmp-a6-gen-2-la-source-audiophile-tout-en-un-nouvelle-generation\/\" \/>\n<meta property=\"og:site_name\" content=\"Lawebradio.com - Actualit\u00e9s des radios digitales\" \/>\n<meta property=\"article:published_time\" content=\"2025-06-25T10:04:26+00:00\" \/>\n<meta property=\"article:modified_time\" content=\"2025-06-25T10:05:29+00:00\" \/>\n<meta property=\"og:image\" content=\"https:\/\/www.lawebradio.com\/news\/wp-content\/uploads\/2025\/06\/25062025.jpg\" \/>\n\t<meta property=\"og:image:width\" content=\"735\" \/>\n\t<meta property=\"og:image:height\" content=\"350\" \/>\n\t<meta property=\"og:image:type\" content=\"image\/jpeg\" \/>\n<meta name=\"author\" content=\"Thomas Renaud\" \/>\n<meta name=\"twitter:label1\" content=\"\u00c9crit par\" \/>\n\t<meta name=\"twitter:data1\" content=\"Thomas Renaud\" \/>\n\t<meta name=\"twitter:label2\" content=\"Dur\u00e9e de lecture estim\u00e9e\" \/>\n\t<meta name=\"twitter:data2\" content=\"4 minutes\" \/>\n<script type=\"application\/ld+json\" class=\"yoast-schema-graph\">{\"@context\":\"https:\\\/\\\/schema.org\",\"@graph\":[{\"@type\":\"Article\",\"@id\":\"https:\\\/\\\/www.lawebradio.com\\\/news\\\/eversolo-dmp-a6-gen-2-la-source-audiophile-tout-en-un-nouvelle-generation\\\/#article\",\"isPartOf\":{\"@id\":\"https:\\\/\\\/www.lawebradio.com\\\/news\\\/eversolo-dmp-a6-gen-2-la-source-audiophile-tout-en-un-nouvelle-generation\\\/\"},\"author\":{\"name\":\"Thomas Renaud\",\"@id\":\"https:\\\/\\\/www.lawebradio.com\\\/news\\\/#\\\/schema\\\/person\\\/bc69f5fc3cfaf8f01edc3db43f10f1b6\"},\"headline\":\"EverSolo DMP-A6 Gen 2 : la source audiophile tout-en-un nouvelle g\u00e9n\u00e9ration\",\"datePublished\":\"2025-06-25T10:04:26+00:00\",\"dateModified\":\"2025-06-25T10:05:29+00:00\",\"mainEntityOfPage\":{\"@id\":\"https:\\\/\\\/www.lawebradio.com\\\/news\\\/eversolo-dmp-a6-gen-2-la-source-audiophile-tout-en-un-nouvelle-generation\\\/\"},\"wordCount\":751,\"publisher\":{\"@id\":\"https:\\\/\\\/www.lawebradio.com\\\/news\\\/#organization\"},\"image\":{\"@id\":\"https:\\\/\\\/www.lawebradio.com\\\/news\\\/eversolo-dmp-a6-gen-2-la-source-audiophile-tout-en-un-nouvelle-generation\\\/#primaryimage\"},\"thumbnailUrl\":\"https:\\\/\\\/www.lawebradio.com\\\/news\\\/wp-content\\\/uploads\\\/2025\\\/06\\\/25062025.jpg\",\"articleSection\":[\"Revue de Presse\"],\"inLanguage\":\"fr-FR\"},{\"@type\":\"WebPage\",\"@id\":\"https:\\\/\\\/www.lawebradio.com\\\/news\\\/eversolo-dmp-a6-gen-2-la-source-audiophile-tout-en-un-nouvelle-generation\\\/\",\"url\":\"https:\\\/\\\/www.lawebradio.com\\\/news\\\/eversolo-dmp-a6-gen-2-la-source-audiophile-tout-en-un-nouvelle-generation\\\/\",\"name\":\"EverSolo DMP-A6 Gen 2 : la source audiophile tout-en-un nouvelle g\u00e9n\u00e9ration - Lawebradio.com - Actualit\u00e9s des radios digitales\",\"isPartOf\":{\"@id\":\"https:\\\/\\\/www.lawebradio.com\\\/news\\\/#website\"},\"primaryImageOfPage\":{\"@id\":\"https:\\\/\\\/www.lawebradio.com\\\/news\\\/eversolo-dmp-a6-gen-2-la-source-audiophile-tout-en-un-nouvelle-generation\\\/#primaryimage\"},\"image\":{\"@id\":\"https:\\\/\\\/www.lawebradio.com\\\/news\\\/eversolo-dmp-a6-gen-2-la-source-audiophile-tout-en-un-nouvelle-generation\\\/#primaryimage\"},\"thumbnailUrl\":\"https:\\\/\\\/www.lawebradio.com\\\/news\\\/wp-content\\\/uploads\\\/2025\\\/06\\\/25062025.jpg\",\"datePublished\":\"2025-06-25T10:04:26+00:00\",\"dateModified\":\"2025-06-25T10:05:29+00:00\",\"description\":\"Polyvalent, performant et au design soign\u00e9, l\u2019EverSolo DMP-A6 Gen 2 s\u2019impose comme une r\u00e9f\u00e9rence incontournable dans sa gamme de prix.\",\"inLanguage\":\"fr-FR\",\"potentialAction\":[{\"@type\":\"ReadAction\",\"target\":[\"https:\\\/\\\/www.lawebradio.com\\\/news\\\/eversolo-dmp-a6-gen-2-la-source-audiophile-tout-en-un-nouvelle-generation\\\/\"]}]},{\"@type\":\"ImageObject\",\"inLanguage\":\"fr-FR\",\"@id\":\"https:\\\/\\\/www.lawebradio.com\\\/news\\\/eversolo-dmp-a6-gen-2-la-source-audiophile-tout-en-un-nouvelle-generation\\\/#primaryimage\",\"url\":\"https:\\\/\\\/www.lawebradio.com\\\/news\\\/wp-content\\\/uploads\\\/2025\\\/06\\\/25062025.jpg\",\"contentUrl\":\"https:\\\/\\\/www.lawebradio.com\\\/news\\\/wp-content\\\/uploads\\\/2025\\\/06\\\/25062025.jpg\",\"width\":735,\"height\":350},{\"@type\":\"WebSite\",\"@id\":\"https:\\\/\\\/www.lawebradio.com\\\/news\\\/#website\",\"url\":\"https:\\\/\\\/www.lawebradio.com\\\/news\\\/\",\"name\":\"Lawebradio.com - Actualit\u00e9s des radios digitales\",\"description\":\"\",\"publisher\":{\"@id\":\"https:\\\/\\\/www.lawebradio.com\\\/news\\\/#organization\"},\"potentialAction\":[{\"@type\":\"SearchAction\",\"target\":{\"@type\":\"EntryPoint\",\"urlTemplate\":\"https:\\\/\\\/www.lawebradio.com\\\/news\\\/?s={search_term_string}\"},\"query-input\":{\"@type\":\"PropertyValueSpecification\",\"valueRequired\":true,\"valueName\":\"search_term_string\"}}],\"inLanguage\":\"fr-FR\"},{\"@type\":\"Organization\",\"@id\":\"https:\\\/\\\/www.lawebradio.com\\\/news\\\/#organization\",\"name\":\"Lawebradio.com - Actualit\u00e9s des radios digitales\",\"url\":\"https:\\\/\\\/www.lawebradio.com\\\/news\\\/\",\"logo\":{\"@type\":\"ImageObject\",\"inLanguage\":\"fr-FR\",\"@id\":\"https:\\\/\\\/www.lawebradio.com\\\/news\\\/#\\\/schema\\\/logo\\\/image\\\/\",\"url\":\"https:\\\/\\\/www.lawebradio.com\\\/news\\\/wp-content\\\/uploads\\\/2020\\\/10\\\/logo2020.png\",\"contentUrl\":\"https:\\\/\\\/www.lawebradio.com\\\/news\\\/wp-content\\\/uploads\\\/2020\\\/10\\\/logo2020.png\",\"width\":254,\"height\":43,\"caption\":\"Lawebradio.com - Actualit\u00e9s des radios digitales\"},\"image\":{\"@id\":\"https:\\\/\\\/www.lawebradio.com\\\/news\\\/#\\\/schema\\\/logo\\\/image\\\/\"}},{\"@type\":\"Person\",\"@id\":\"https:\\\/\\\/www.lawebradio.com\\\/news\\\/#\\\/schema\\\/person\\\/bc69f5fc3cfaf8f01edc3db43f10f1b6\",\"name\":\"Thomas Renaud\",\"image\":{\"@type\":\"ImageObject\",\"inLanguage\":\"fr-FR\",\"@id\":\"https:\\\/\\\/secure.gravatar.com\\\/avatar\\\/24b834e6dacf15dee888f8bbef435cf6307a4b8b6f23d7a4e7b42d8838eb1595?s=96&d=mm&r=g\",\"url\":\"https:\\\/\\\/secure.gravatar.com\\\/avatar\\\/24b834e6dacf15dee888f8bbef435cf6307a4b8b6f23d7a4e7b42d8838eb1595?s=96&d=mm&r=g\",\"contentUrl\":\"https:\\\/\\\/secure.gravatar.com\\\/avatar\\\/24b834e6dacf15dee888f8bbef435cf6307a4b8b6f23d7a4e7b42d8838eb1595?s=96&d=mm&r=g\",\"caption\":\"Thomas Renaud\"},\"url\":\"https:\\\/\\\/www.lawebradio.com\\\/news\\\/author\\\/fg2-newschef\\\/\"}]}<\/script>\n<!-- \/ Yoast SEO plugin. -->","yoast_head_json":{"title":"EverSolo DMP-A6 Gen 2 : la source audiophile tout-en-un nouvelle g\u00e9n\u00e9ration - Lawebradio.com - Actualit\u00e9s des radios digitales","description":"Polyvalent, performant et au design soign\u00e9, l\u2019EverSolo DMP-A6 Gen 2 s\u2019impose comme une r\u00e9f\u00e9rence incontournable dans sa gamme de prix.","robots":{"index":"index","follow":"follow","max-snippet":"max-snippet:-1","max-image-preview":"max-image-preview:large","max-video-preview":"max-video-preview:-1"},"canonical":"https:\/\/www.lawebradio.com\/news\/eversolo-dmp-a6-gen-2-la-source-audiophile-tout-en-un-nouvelle-generation\/","og_locale":"fr_FR","og_type":"article","og_title":"EverSolo DMP-A6 Gen 2 : la source audiophile tout-en-un nouvelle g\u00e9n\u00e9ration - Lawebradio.com - Actualit\u00e9s des radios digitales","og_description":"Polyvalent, performant et au design soign\u00e9, l\u2019EverSolo DMP-A6 Gen 2 s\u2019impose comme une r\u00e9f\u00e9rence incontournable dans sa gamme de prix.","og_url":"https:\/\/www.lawebradio.com\/news\/eversolo-dmp-a6-gen-2-la-source-audiophile-tout-en-un-nouvelle-generation\/","og_site_name":"Lawebradio.com - Actualit\u00e9s des radios digitales","article_published_time":"2025-06-25T10:04:26+00:00","article_modified_time":"2025-06-25T10:05:29+00:00","og_image":[{"width":735,"height":350,"url":"https:\/\/www.lawebradio.com\/news\/wp-content\/uploads\/2025\/06\/25062025.jpg","type":"image\/jpeg"}],"author":"Thomas Renaud","twitter_misc":{"\u00c9crit par":"Thomas Renaud","Dur\u00e9e de lecture estim\u00e9e":"4 minutes"},"schema":{"@context":"https:\/\/schema.org","@graph":[{"@type":"Article","@id":"https:\/\/www.lawebradio.com\/news\/eversolo-dmp-a6-gen-2-la-source-audiophile-tout-en-un-nouvelle-generation\/#article","isPartOf":{"@id":"https:\/\/www.lawebradio.com\/news\/eversolo-dmp-a6-gen-2-la-source-audiophile-tout-en-un-nouvelle-generation\/"},"author":{"name":"Thomas Renaud","@id":"https:\/\/www.lawebradio.com\/news\/#\/schema\/person\/bc69f5fc3cfaf8f01edc3db43f10f1b6"},"headline":"EverSolo DMP-A6 Gen 2 : la source audiophile tout-en-un nouvelle g\u00e9n\u00e9ration","datePublished":"2025-06-25T10:04:26+00:00","dateModified":"2025-06-25T10:05:29+00:00","mainEntityOfPage":{"@id":"https:\/\/www.lawebradio.com\/news\/eversolo-dmp-a6-gen-2-la-source-audiophile-tout-en-un-nouvelle-generation\/"},"wordCount":751,"publisher":{"@id":"https:\/\/www.lawebradio.com\/news\/#organization"},"image":{"@id":"https:\/\/www.lawebradio.com\/news\/eversolo-dmp-a6-gen-2-la-source-audiophile-tout-en-un-nouvelle-generation\/#primaryimage"},"thumbnailUrl":"https:\/\/www.lawebradio.com\/news\/wp-content\/uploads\/2025\/06\/25062025.jpg","articleSection":["Revue de Presse"],"inLanguage":"fr-FR"},{"@type":"WebPage","@id":"https:\/\/www.lawebradio.com\/news\/eversolo-dmp-a6-gen-2-la-source-audiophile-tout-en-un-nouvelle-generation\/","url":"https:\/\/www.lawebradio.com\/news\/eversolo-dmp-a6-gen-2-la-source-audiophile-tout-en-un-nouvelle-generation\/","name":"EverSolo DMP-A6 Gen 2 : la source audiophile tout-en-un nouvelle g\u00e9n\u00e9ration - Lawebradio.com - Actualit\u00e9s des radios digitales","isPartOf":{"@id":"https:\/\/www.lawebradio.com\/news\/#website"},"primaryImageOfPage":{"@id":"https:\/\/www.lawebradio.com\/news\/eversolo-dmp-a6-gen-2-la-source-audiophile-tout-en-un-nouvelle-generation\/#primaryimage"},"image":{"@id":"https:\/\/www.lawebradio.com\/news\/eversolo-dmp-a6-gen-2-la-source-audiophile-tout-en-un-nouvelle-generation\/#primaryimage"},"thumbnailUrl":"https:\/\/www.lawebradio.com\/news\/wp-content\/uploads\/2025\/06\/25062025.jpg","datePublished":"2025-06-25T10:04:26+00:00","dateModified":"2025-06-25T10:05:29+00:00","description":"Polyvalent, performant et au design soign\u00e9, l\u2019EverSolo DMP-A6 Gen 2 s\u2019impose comme une r\u00e9f\u00e9rence incontournable dans sa gamme de prix.","inLanguage":"fr-FR","potentialAction":[{"@type":"ReadAction","target":["https:\/\/www.lawebradio.com\/news\/eversolo-dmp-a6-gen-2-la-source-audiophile-tout-en-un-nouvelle-generation\/"]}]},{"@type":"ImageObject","inLanguage":"fr-FR","@id":"https:\/\/www.lawebradio.com\/news\/eversolo-dmp-a6-gen-2-la-source-audiophile-tout-en-un-nouvelle-generation\/#primaryimage","url":"https:\/\/www.lawebradio.com\/news\/wp-content\/uploads\/2025\/06\/25062025.jpg","contentUrl":"https:\/\/www.lawebradio.com\/news\/wp-content\/uploads\/2025\/06\/25062025.jpg","width":735,"height":350},{"@type":"WebSite","@id":"https:\/\/www.lawebradio.com\/news\/#website","url":"https:\/\/www.lawebradio.com\/news\/","name":"Lawebradio.com - Actualit\u00e9s des radios digitales","description":"","publisher":{"@id":"https:\/\/www.lawebradio.com\/news\/#organization"},"potentialAction":[{"@type":"SearchAction","target":{"@type":"EntryPoint","urlTemplate":"https:\/\/www.lawebradio.com\/news\/?s={search_term_string}"},"query-input":{"@type":"PropertyValueSpecification","valueRequired":true,"valueName":"search_term_string"}}],"inLanguage":"fr-FR"},{"@type":"Organization","@id":"https:\/\/www.lawebradio.com\/news\/#organization","name":"Lawebradio.com - Actualit\u00e9s des radios digitales","url":"https:\/\/www.lawebradio.com\/news\/","logo":{"@type":"ImageObject","inLanguage":"fr-FR","@id":"https:\/\/www.lawebradio.com\/news\/#\/schema\/logo\/image\/","url":"https:\/\/www.lawebradio.com\/news\/wp-content\/uploads\/2020\/10\/logo2020.png","contentUrl":"https:\/\/www.lawebradio.com\/news\/wp-content\/uploads\/2020\/10\/logo2020.png","width":254,"height":43,"caption":"Lawebradio.com - Actualit\u00e9s des radios digitales"},"image":{"@id":"https:\/\/www.lawebradio.com\/news\/#\/schema\/logo\/image\/"}},{"@type":"Person","@id":"https:\/\/www.lawebradio.com\/news\/#\/schema\/person\/bc69f5fc3cfaf8f01edc3db43f10f1b6","name":"Thomas Renaud","image":{"@type":"ImageObject","inLanguage":"fr-FR","@id":"https:\/\/secure.gravatar.com\/avatar\/24b834e6dacf15dee888f8bbef435cf6307a4b8b6f23d7a4e7b42d8838eb1595?s=96&d=mm&r=g","url":"https:\/\/secure.gravatar.com\/avatar\/24b834e6dacf15dee888f8bbef435cf6307a4b8b6f23d7a4e7b42d8838eb1595?s=96&d=mm&r=g","contentUrl":"https:\/\/secure.gravatar.com\/avatar\/24b834e6dacf15dee888f8bbef435cf6307a4b8b6f23d7a4e7b42d8838eb1595?s=96&d=mm&r=g","caption":"Thomas Renaud"},"url":"https:\/\/www.lawebradio.com\/news\/author\/fg2-newschef\/"}]}},"_links":{"self":[{"href":"https:\/\/www.lawebradio.com\/news\/wp-json\/wp\/v2\/posts\/9309","targetHints":{"allow":["GET"]}}],"collection":[{"href":"https:\/\/www.lawebradio.com\/news\/wp-json\/wp\/v2\/posts"}],"about":[{"href":"https:\/\/www.lawebradio.com\/news\/wp-json\/wp\/v2\/types\/post"}],"author":[{"embeddable":true,"href":"https:\/\/www.lawebradio.com\/news\/wp-json\/wp\/v2\/users\/2"}],"replies":[{"embeddable":true,"href":"https:\/\/www.lawebradio.com\/news\/wp-json\/wp\/v2\/comments?post=9309"}],"version-history":[{"count":6,"href":"https:\/\/www.lawebradio.com\/news\/wp-json\/wp\/v2\/posts\/9309\/revisions"}],"predecessor-version":[{"id":9319,"href":"https:\/\/www.lawebradio.com\/news\/wp-json\/wp\/v2\/posts\/9309\/revisions\/9319"}],"wp:featuredmedia":[{"embeddable":true,"href":"https:\/\/www.lawebradio.com\/news\/wp-json\/wp\/v2\/media\/9310"}],"wp:attachment":[{"href":"https:\/\/www.lawebradio.com\/news\/wp-json\/wp\/v2\/media?parent=9309"}],"wp:term":[{"taxonomy":"category","embeddable":true,"href":"https:\/\/www.lawebradio.com\/news\/wp-json\/wp\/v2\/categories?post=9309"},{"taxonomy":"post_tag","embeddable":true,"href":"https:\/\/www.lawebradio.com\/news\/wp-json\/wp\/v2\/tags?post=9309"}],"curies":[{"name":"wp","href":"https:\/\/api.w.org\/{rel}","templated":true}]}}