{"id":9270,"date":"2025-06-23T07:36:05","date_gmt":"2025-06-23T06:36:05","guid":{"rendered":"https:\/\/www.lawebradio.com\/news\/?p=9270"},"modified":"2025-06-23T07:36:32","modified_gmt":"2025-06-23T06:36:32","slug":"medias-ia-et-createurs-le-grand-bouleversement-de-linformation-en-2025","status":"publish","type":"post","link":"https:\/\/www.lawebradio.com\/news\/medias-ia-et-createurs-le-grand-bouleversement-de-linformation-en-2025\/","title":{"rendered":"M\u00e9dias, IA et cr\u00e9ateurs : le grand bouleversement de l\u2019information en 2025"},"content":{"rendered":"<p>[et_pb_section fb_built=\u00a0\u00bb1&Prime; _builder_version=\u00a0\u00bb4.6.5&Prime; _module_preset=\u00a0\u00bbdefault\u00a0\u00bb][et_pb_row _builder_version=\u00a0\u00bb4.6.5&Prime; _module_preset=\u00a0\u00bbdefault\u00a0\u00bb][et_pb_column type=\u00a0\u00bb4_4&Prime; _builder_version=\u00a0\u00bb4.6.5&Prime; _module_preset=\u00a0\u00bbdefault\u00a0\u00bb][et_pb_text disabled_on=\u00a0\u00bboff|off|off\u00a0\u00bb _builder_version=\u00a0\u00bb4.8.0&Prime; _module_preset=\u00a0\u00bbdefault\u00a0\u00bb header_3_font_size=\u00a0\u00bb21px\u00a0\u00bb header_3_line_height=\u00a0\u00bb1.4em\u00a0\u00bb hover_enabled=\u00a0\u00bb0&Prime; sticky_enabled=\u00a0\u00bb0&Prime;]<\/p>\n<p data-start=\"216\" data-end=\"570\"><strong>Le tout dernier <em data-start=\"232\" data-end=\"258\">Digital News Report 2025<\/em> du Reuters Institute dresse un tableau sans appel : le monde de l\u2019information est plus \u00e9clat\u00e9 que jamais.<\/strong><\/p>\n<p>L\u2019intelligence artificielle et les cr\u00e9ateurs de contenus ind\u00e9pendants \u2014 youtubeurs, tiktokeurs, podcasteurs \u2014 prennent une place de plus en plus centrale, rel\u00e9guant les m\u00e9dias traditionnels au second plan.<\/p>\n<h3 data-start=\"572\" data-end=\"627\"><strong data-start=\"577\" data-end=\"627\">Un paysage de l\u2019info en pleine reconfiguration<\/strong><\/h3>\n<p data-start=\"629\" data-end=\"1055\">L\u2019ann\u00e9e 2024 a \u00e9t\u00e9 marqu\u00e9e par de fortes tensions et une fragmentation acc\u00e9l\u00e9r\u00e9e de l\u2019acc\u00e8s \u00e0 l\u2019information. La multiplication des canaux, combin\u00e9e \u00e0 l\u2019essor des contenus port\u00e9s par des individus plut\u00f4t que des institutions, red\u00e9finit compl\u00e8tement notre mani\u00e8re de nous informer. R\u00e9sultat : les m\u00e9dias historiques peinent \u00e0 garder le lien avec leur public, souvent soumis aux algorithmes impr\u00e9visibles des grandes plateformes.<\/p>\n<h3 data-start=\"1057\" data-end=\"1115\"><strong data-start=\"1062\" data-end=\"1115\">La vid\u00e9o et les r\u00e9seaux sociaux en premi\u00e8re ligne<\/strong><\/h3>\n<p data-start=\"1117\" data-end=\"1590\">C\u2019est une premi\u00e8re aux \u00c9tats-Unis : les r\u00e9seaux sociaux ont d\u00e9sormais supplant\u00e9 la t\u00e9l\u00e9vision comme principale source d\u2019information. Cette bascule est encore plus nette chez les jeunes de 18 \u00e0 24 ans, dont 44 % privil\u00e9gient ces plateformes. TikTok, YouTube ou encore Instagram, qui misent de plus en plus sur la vid\u00e9o d\u2019actualit\u00e9, voient leur influence exploser. Mais attention : TikTok, en particulier, est aussi per\u00e7u comme l\u2019un des principaux vecteurs de d\u00e9sinformation.<\/p>\n<h3 data-start=\"1592\" data-end=\"1645\"><strong data-start=\"1597\" data-end=\"1645\">Les jeunes misent sur les cr\u00e9ateurs\u2026 et l\u2019IA<\/strong><\/h3>\n<p data-start=\"1647\" data-end=\"2075\">Les nouvelles g\u00e9n\u00e9rations se tournent massivement vers des sources d\u2019info plus \u201cdirectes\u201d : cr\u00e9ateurs de contenus et intelligences artificielles. Pour 15 % des moins de 25 ans, les chatbots comme ChatGPT sont devenus une porte d\u2019entr\u00e9e hebdomadaire vers l\u2019actualit\u00e9. Pratiques, rapides, mais pas toujours rassurants : le manque de transparence et la peur des erreurs limitent encore la confiance du grand public dans ces outils.<\/p>\n<h3 data-start=\"2077\" data-end=\"2122\"><strong data-start=\"2082\" data-end=\"2122\">Des mod\u00e8les \u00e9conomiques \u00e0 r\u00e9inventer<\/strong><\/h3>\n<p data-start=\"2124\" data-end=\"2457\">Entre stagnation des abonnements et essoufflement de la pub en ligne, les m\u00e9dias cherchent de nouvelles formules. L\u2019une des plus prometteuses : les offres group\u00e9es (<em data-start=\"2289\" data-end=\"2298\">bundles<\/em>) m\u00ealant articles, podcasts, jeux ou encore recettes. Et \u00e7a fonctionne : aux \u00c9tats-Unis, 21 % des non-abonn\u00e9s se disent tent\u00e9s par ces formules plus compl\u00e8tes.<\/p>\n<h3 data-start=\"2459\" data-end=\"2518\"><strong data-start=\"2464\" data-end=\"2518\">Lutter contre l\u2019infox : priorit\u00e9 \u00e0 la v\u00e9rification<\/strong><\/h3>\n<p data-start=\"2520\" data-end=\"2899\">Les notifications d\u2019actualit\u00e9 sur mobile deviennent un levier strat\u00e9gique pour capter l\u2019attention, souvent pilot\u00e9es par l\u2019IA. Dans ce contexte satur\u00e9, la lutte contre la d\u00e9sinformation reste cruciale. Si une majorit\u00e9 d\u2019internautes affirme v\u00e9rifier les infos via des sources fiables, 13 % avouent \u00eatre perdus face aux fake news. D\u2019o\u00f9 l\u2019urgence de renforcer l\u2019\u00e9ducation aux m\u00e9dias.<\/p>\n<h3 data-start=\"2901\" data-end=\"2925\"><strong data-start=\"2906\" data-end=\"2925\">Et maintenant ?<\/strong><\/h3>\n<p data-start=\"2927\" data-end=\"3196\">Ce que montre ce rapport, c\u2019est la n\u00e9cessit\u00e9 pour les m\u00e9dias \u201cclassiques\u201d de se r\u00e9inventer sans renier leur mission : produire une information fiable, contextualis\u00e9e, humaine. Dans un monde o\u00f9 l\u2019info est partout, rester cr\u00e9dible et pertinent n\u2019a jamais \u00e9t\u00e9 aussi vital.<\/p>\n<p>\u2022 <a href=\"https:\/\/reutersinstitute.politics.ox.ac.uk\/sites\/default\/files\/2025-06\/Digital_News-Report_2025.pdf\" target=\"_blank\" rel=\"noopener\"><strong>En savoir plus &gt;&gt;<\/strong><\/a>[\/et_pb_text][\/et_pb_column][\/et_pb_row][\/et_pb_section]<\/p>\n","protected":false},"excerpt":{"rendered":"<p>[et_pb_section fb_built=\u00a0\u00bb1&Prime; _builder_version=\u00a0\u00bb4.6.5&Prime; _module_preset=\u00a0\u00bbdefault\u00a0\u00bb][et_pb_row _builder_version=\u00a0\u00bb4.6.5&Prime; _module_preset=\u00a0\u00bbdefault\u00a0\u00bb][et_pb_column type=\u00a0\u00bb4_4&Prime; _builder_version=\u00a0\u00bb4.6.5&Prime; _module_preset=\u00a0\u00bbdefault\u00a0\u00bb][et_pb_text disabled_on=\u00a0\u00bboff|off|off\u00a0\u00bb _builder_version=\u00a0\u00bb4.8.0&Prime; _module_preset=\u00a0\u00bbdefault\u00a0\u00bb header_3_font_size=\u00a0\u00bb21px\u00a0\u00bb header_3_line_height=\u00a0\u00bb1.4em\u00a0\u00bb hover_enabled=\u00a0\u00bb0&Prime; sticky_enabled=\u00a0\u00bb0&Prime;] Le tout dernier Digital News Report 2025 du Reuters Institute dresse un tableau sans appel : le monde de l\u2019information est plus \u00e9clat\u00e9 que jamais. L\u2019intelligence artificielle et les cr\u00e9ateurs de contenus ind\u00e9pendants \u2014 youtubeurs, tiktokeurs, podcasteurs \u2014 prennent [&hellip;]<\/p>\n","protected":false},"author":2,"featured_media":9275,"comment_status":"closed","ping_status":"closed","sticky":false,"template":"","format":"standard","meta":{"_et_pb_use_builder":"on","_et_pb_old_content":"","_et_gb_content_width":"","footnotes":""},"categories":[12],"tags":[],"class_list":["post-9270","post","type-post","status-publish","format-standard","has-post-thumbnail","hentry","category-revue","et-has-post-format-content","et_post_format-et-post-format-standard"],"yoast_head":"<!-- This site is optimized with the Yoast SEO plugin v27.4 - https:\/\/yoast.com\/product\/yoast-seo-wordpress\/ -->\n<title>M\u00e9dias, IA et cr\u00e9ateurs : le grand bouleversement de l\u2019information en 2025 - Lawebradio.com - Actualit\u00e9s des radios digitales<\/title>\n<meta name=\"description\" content=\"Les m\u00e9dias traditionnels peinent \u00e0 garder leur public, pendant que les jeunes se tournent vers TikTok, YouTube ou l&#039;IA pour s\u2019informer.\" \/>\n<meta name=\"robots\" content=\"index, follow, max-snippet:-1, max-image-preview:large, max-video-preview:-1\" \/>\n<link rel=\"canonical\" href=\"https:\/\/www.lawebradio.com\/news\/medias-ia-et-createurs-le-grand-bouleversement-de-linformation-en-2025\/\" \/>\n<meta property=\"og:locale\" content=\"fr_FR\" \/>\n<meta property=\"og:type\" content=\"article\" \/>\n<meta property=\"og:title\" content=\"M\u00e9dias, IA et cr\u00e9ateurs : le grand bouleversement de l\u2019information en 2025 - Lawebradio.com - Actualit\u00e9s des radios digitales\" \/>\n<meta property=\"og:description\" content=\"Les m\u00e9dias traditionnels peinent \u00e0 garder leur public, pendant que les jeunes se tournent vers TikTok, YouTube ou l&#039;IA pour s\u2019informer.\" \/>\n<meta property=\"og:url\" content=\"https:\/\/www.lawebradio.com\/news\/medias-ia-et-createurs-le-grand-bouleversement-de-linformation-en-2025\/\" \/>\n<meta property=\"og:site_name\" content=\"Lawebradio.com - Actualit\u00e9s des radios digitales\" \/>\n<meta property=\"article:published_time\" content=\"2025-06-23T06:36:05+00:00\" \/>\n<meta property=\"article:modified_time\" content=\"2025-06-23T06:36:32+00:00\" \/>\n<meta property=\"og:image\" content=\"https:\/\/www.lawebradio.com\/news\/wp-content\/uploads\/2025\/06\/23062025-01.jpg\" \/>\n\t<meta property=\"og:image:width\" content=\"735\" \/>\n\t<meta property=\"og:image:height\" content=\"350\" \/>\n\t<meta property=\"og:image:type\" content=\"image\/jpeg\" \/>\n<meta name=\"author\" content=\"Thomas Renaud\" \/>\n<meta name=\"twitter:label1\" content=\"\u00c9crit par\" \/>\n\t<meta name=\"twitter:data1\" content=\"Thomas Renaud\" \/>\n\t<meta name=\"twitter:label2\" content=\"Dur\u00e9e de lecture estim\u00e9e\" \/>\n\t<meta name=\"twitter:data2\" content=\"3 minutes\" \/>\n<script type=\"application\/ld+json\" class=\"yoast-schema-graph\">{\"@context\":\"https:\\\/\\\/schema.org\",\"@graph\":[{\"@type\":\"Article\",\"@id\":\"https:\\\/\\\/www.lawebradio.com\\\/news\\\/medias-ia-et-createurs-le-grand-bouleversement-de-linformation-en-2025\\\/#article\",\"isPartOf\":{\"@id\":\"https:\\\/\\\/www.lawebradio.com\\\/news\\\/medias-ia-et-createurs-le-grand-bouleversement-de-linformation-en-2025\\\/\"},\"author\":{\"name\":\"Thomas Renaud\",\"@id\":\"https:\\\/\\\/www.lawebradio.com\\\/news\\\/#\\\/schema\\\/person\\\/bc69f5fc3cfaf8f01edc3db43f10f1b6\"},\"headline\":\"M\u00e9dias, IA et cr\u00e9ateurs : le grand bouleversement de l\u2019information en 2025\",\"datePublished\":\"2025-06-23T06:36:05+00:00\",\"dateModified\":\"2025-06-23T06:36:32+00:00\",\"mainEntityOfPage\":{\"@id\":\"https:\\\/\\\/www.lawebradio.com\\\/news\\\/medias-ia-et-createurs-le-grand-bouleversement-de-linformation-en-2025\\\/\"},\"wordCount\":573,\"publisher\":{\"@id\":\"https:\\\/\\\/www.lawebradio.com\\\/news\\\/#organization\"},\"image\":{\"@id\":\"https:\\\/\\\/www.lawebradio.com\\\/news\\\/medias-ia-et-createurs-le-grand-bouleversement-de-linformation-en-2025\\\/#primaryimage\"},\"thumbnailUrl\":\"https:\\\/\\\/www.lawebradio.com\\\/news\\\/wp-content\\\/uploads\\\/2025\\\/06\\\/23062025-01.jpg\",\"articleSection\":[\"Revue de Presse\"],\"inLanguage\":\"fr-FR\"},{\"@type\":\"WebPage\",\"@id\":\"https:\\\/\\\/www.lawebradio.com\\\/news\\\/medias-ia-et-createurs-le-grand-bouleversement-de-linformation-en-2025\\\/\",\"url\":\"https:\\\/\\\/www.lawebradio.com\\\/news\\\/medias-ia-et-createurs-le-grand-bouleversement-de-linformation-en-2025\\\/\",\"name\":\"M\u00e9dias, IA et cr\u00e9ateurs : le grand bouleversement de l\u2019information en 2025 - Lawebradio.com - Actualit\u00e9s des radios digitales\",\"isPartOf\":{\"@id\":\"https:\\\/\\\/www.lawebradio.com\\\/news\\\/#website\"},\"primaryImageOfPage\":{\"@id\":\"https:\\\/\\\/www.lawebradio.com\\\/news\\\/medias-ia-et-createurs-le-grand-bouleversement-de-linformation-en-2025\\\/#primaryimage\"},\"image\":{\"@id\":\"https:\\\/\\\/www.lawebradio.com\\\/news\\\/medias-ia-et-createurs-le-grand-bouleversement-de-linformation-en-2025\\\/#primaryimage\"},\"thumbnailUrl\":\"https:\\\/\\\/www.lawebradio.com\\\/news\\\/wp-content\\\/uploads\\\/2025\\\/06\\\/23062025-01.jpg\",\"datePublished\":\"2025-06-23T06:36:05+00:00\",\"dateModified\":\"2025-06-23T06:36:32+00:00\",\"description\":\"Les m\u00e9dias traditionnels peinent \u00e0 garder leur public, pendant que les jeunes se tournent vers TikTok, YouTube ou l'IA pour s\u2019informer.\",\"inLanguage\":\"fr-FR\",\"potentialAction\":[{\"@type\":\"ReadAction\",\"target\":[\"https:\\\/\\\/www.lawebradio.com\\\/news\\\/medias-ia-et-createurs-le-grand-bouleversement-de-linformation-en-2025\\\/\"]}]},{\"@type\":\"ImageObject\",\"inLanguage\":\"fr-FR\",\"@id\":\"https:\\\/\\\/www.lawebradio.com\\\/news\\\/medias-ia-et-createurs-le-grand-bouleversement-de-linformation-en-2025\\\/#primaryimage\",\"url\":\"https:\\\/\\\/www.lawebradio.com\\\/news\\\/wp-content\\\/uploads\\\/2025\\\/06\\\/23062025-01.jpg\",\"contentUrl\":\"https:\\\/\\\/www.lawebradio.com\\\/news\\\/wp-content\\\/uploads\\\/2025\\\/06\\\/23062025-01.jpg\",\"width\":735,\"height\":350},{\"@type\":\"WebSite\",\"@id\":\"https:\\\/\\\/www.lawebradio.com\\\/news\\\/#website\",\"url\":\"https:\\\/\\\/www.lawebradio.com\\\/news\\\/\",\"name\":\"Lawebradio.com - Actualit\u00e9s des radios digitales\",\"description\":\"\",\"publisher\":{\"@id\":\"https:\\\/\\\/www.lawebradio.com\\\/news\\\/#organization\"},\"potentialAction\":[{\"@type\":\"SearchAction\",\"target\":{\"@type\":\"EntryPoint\",\"urlTemplate\":\"https:\\\/\\\/www.lawebradio.com\\\/news\\\/?s={search_term_string}\"},\"query-input\":{\"@type\":\"PropertyValueSpecification\",\"valueRequired\":true,\"valueName\":\"search_term_string\"}}],\"inLanguage\":\"fr-FR\"},{\"@type\":\"Organization\",\"@id\":\"https:\\\/\\\/www.lawebradio.com\\\/news\\\/#organization\",\"name\":\"Lawebradio.com - Actualit\u00e9s des radios digitales\",\"url\":\"https:\\\/\\\/www.lawebradio.com\\\/news\\\/\",\"logo\":{\"@type\":\"ImageObject\",\"inLanguage\":\"fr-FR\",\"@id\":\"https:\\\/\\\/www.lawebradio.com\\\/news\\\/#\\\/schema\\\/logo\\\/image\\\/\",\"url\":\"https:\\\/\\\/www.lawebradio.com\\\/news\\\/wp-content\\\/uploads\\\/2020\\\/10\\\/logo2020.png\",\"contentUrl\":\"https:\\\/\\\/www.lawebradio.com\\\/news\\\/wp-content\\\/uploads\\\/2020\\\/10\\\/logo2020.png\",\"width\":254,\"height\":43,\"caption\":\"Lawebradio.com - Actualit\u00e9s des radios digitales\"},\"image\":{\"@id\":\"https:\\\/\\\/www.lawebradio.com\\\/news\\\/#\\\/schema\\\/logo\\\/image\\\/\"}},{\"@type\":\"Person\",\"@id\":\"https:\\\/\\\/www.lawebradio.com\\\/news\\\/#\\\/schema\\\/person\\\/bc69f5fc3cfaf8f01edc3db43f10f1b6\",\"name\":\"Thomas Renaud\",\"image\":{\"@type\":\"ImageObject\",\"inLanguage\":\"fr-FR\",\"@id\":\"https:\\\/\\\/secure.gravatar.com\\\/avatar\\\/24b834e6dacf15dee888f8bbef435cf6307a4b8b6f23d7a4e7b42d8838eb1595?s=96&d=mm&r=g\",\"url\":\"https:\\\/\\\/secure.gravatar.com\\\/avatar\\\/24b834e6dacf15dee888f8bbef435cf6307a4b8b6f23d7a4e7b42d8838eb1595?s=96&d=mm&r=g\",\"contentUrl\":\"https:\\\/\\\/secure.gravatar.com\\\/avatar\\\/24b834e6dacf15dee888f8bbef435cf6307a4b8b6f23d7a4e7b42d8838eb1595?s=96&d=mm&r=g\",\"caption\":\"Thomas Renaud\"},\"url\":\"https:\\\/\\\/www.lawebradio.com\\\/news\\\/author\\\/fg2-newschef\\\/\"}]}<\/script>\n<!-- \/ Yoast SEO plugin. -->","yoast_head_json":{"title":"M\u00e9dias, IA et cr\u00e9ateurs : le grand bouleversement de l\u2019information en 2025 - Lawebradio.com - Actualit\u00e9s des radios digitales","description":"Les m\u00e9dias traditionnels peinent \u00e0 garder leur public, pendant que les jeunes se tournent vers TikTok, YouTube ou l'IA pour s\u2019informer.","robots":{"index":"index","follow":"follow","max-snippet":"max-snippet:-1","max-image-preview":"max-image-preview:large","max-video-preview":"max-video-preview:-1"},"canonical":"https:\/\/www.lawebradio.com\/news\/medias-ia-et-createurs-le-grand-bouleversement-de-linformation-en-2025\/","og_locale":"fr_FR","og_type":"article","og_title":"M\u00e9dias, IA et cr\u00e9ateurs : le grand bouleversement de l\u2019information en 2025 - Lawebradio.com - Actualit\u00e9s des radios digitales","og_description":"Les m\u00e9dias traditionnels peinent \u00e0 garder leur public, pendant que les jeunes se tournent vers TikTok, YouTube ou l'IA pour s\u2019informer.","og_url":"https:\/\/www.lawebradio.com\/news\/medias-ia-et-createurs-le-grand-bouleversement-de-linformation-en-2025\/","og_site_name":"Lawebradio.com - Actualit\u00e9s des radios digitales","article_published_time":"2025-06-23T06:36:05+00:00","article_modified_time":"2025-06-23T06:36:32+00:00","og_image":[{"width":735,"height":350,"url":"https:\/\/www.lawebradio.com\/news\/wp-content\/uploads\/2025\/06\/23062025-01.jpg","type":"image\/jpeg"}],"author":"Thomas Renaud","twitter_misc":{"\u00c9crit par":"Thomas Renaud","Dur\u00e9e de lecture estim\u00e9e":"3 minutes"},"schema":{"@context":"https:\/\/schema.org","@graph":[{"@type":"Article","@id":"https:\/\/www.lawebradio.com\/news\/medias-ia-et-createurs-le-grand-bouleversement-de-linformation-en-2025\/#article","isPartOf":{"@id":"https:\/\/www.lawebradio.com\/news\/medias-ia-et-createurs-le-grand-bouleversement-de-linformation-en-2025\/"},"author":{"name":"Thomas Renaud","@id":"https:\/\/www.lawebradio.com\/news\/#\/schema\/person\/bc69f5fc3cfaf8f01edc3db43f10f1b6"},"headline":"M\u00e9dias, IA et cr\u00e9ateurs : le grand bouleversement de l\u2019information en 2025","datePublished":"2025-06-23T06:36:05+00:00","dateModified":"2025-06-23T06:36:32+00:00","mainEntityOfPage":{"@id":"https:\/\/www.lawebradio.com\/news\/medias-ia-et-createurs-le-grand-bouleversement-de-linformation-en-2025\/"},"wordCount":573,"publisher":{"@id":"https:\/\/www.lawebradio.com\/news\/#organization"},"image":{"@id":"https:\/\/www.lawebradio.com\/news\/medias-ia-et-createurs-le-grand-bouleversement-de-linformation-en-2025\/#primaryimage"},"thumbnailUrl":"https:\/\/www.lawebradio.com\/news\/wp-content\/uploads\/2025\/06\/23062025-01.jpg","articleSection":["Revue de Presse"],"inLanguage":"fr-FR"},{"@type":"WebPage","@id":"https:\/\/www.lawebradio.com\/news\/medias-ia-et-createurs-le-grand-bouleversement-de-linformation-en-2025\/","url":"https:\/\/www.lawebradio.com\/news\/medias-ia-et-createurs-le-grand-bouleversement-de-linformation-en-2025\/","name":"M\u00e9dias, IA et cr\u00e9ateurs : le grand bouleversement de l\u2019information en 2025 - Lawebradio.com - Actualit\u00e9s des radios digitales","isPartOf":{"@id":"https:\/\/www.lawebradio.com\/news\/#website"},"primaryImageOfPage":{"@id":"https:\/\/www.lawebradio.com\/news\/medias-ia-et-createurs-le-grand-bouleversement-de-linformation-en-2025\/#primaryimage"},"image":{"@id":"https:\/\/www.lawebradio.com\/news\/medias-ia-et-createurs-le-grand-bouleversement-de-linformation-en-2025\/#primaryimage"},"thumbnailUrl":"https:\/\/www.lawebradio.com\/news\/wp-content\/uploads\/2025\/06\/23062025-01.jpg","datePublished":"2025-06-23T06:36:05+00:00","dateModified":"2025-06-23T06:36:32+00:00","description":"Les m\u00e9dias traditionnels peinent \u00e0 garder leur public, pendant que les jeunes se tournent vers TikTok, YouTube ou l'IA pour s\u2019informer.","inLanguage":"fr-FR","potentialAction":[{"@type":"ReadAction","target":["https:\/\/www.lawebradio.com\/news\/medias-ia-et-createurs-le-grand-bouleversement-de-linformation-en-2025\/"]}]},{"@type":"ImageObject","inLanguage":"fr-FR","@id":"https:\/\/www.lawebradio.com\/news\/medias-ia-et-createurs-le-grand-bouleversement-de-linformation-en-2025\/#primaryimage","url":"https:\/\/www.lawebradio.com\/news\/wp-content\/uploads\/2025\/06\/23062025-01.jpg","contentUrl":"https:\/\/www.lawebradio.com\/news\/wp-content\/uploads\/2025\/06\/23062025-01.jpg","width":735,"height":350},{"@type":"WebSite","@id":"https:\/\/www.lawebradio.com\/news\/#website","url":"https:\/\/www.lawebradio.com\/news\/","name":"Lawebradio.com - Actualit\u00e9s des radios digitales","description":"","publisher":{"@id":"https:\/\/www.lawebradio.com\/news\/#organization"},"potentialAction":[{"@type":"SearchAction","target":{"@type":"EntryPoint","urlTemplate":"https:\/\/www.lawebradio.com\/news\/?s={search_term_string}"},"query-input":{"@type":"PropertyValueSpecification","valueRequired":true,"valueName":"search_term_string"}}],"inLanguage":"fr-FR"},{"@type":"Organization","@id":"https:\/\/www.lawebradio.com\/news\/#organization","name":"Lawebradio.com - Actualit\u00e9s des radios digitales","url":"https:\/\/www.lawebradio.com\/news\/","logo":{"@type":"ImageObject","inLanguage":"fr-FR","@id":"https:\/\/www.lawebradio.com\/news\/#\/schema\/logo\/image\/","url":"https:\/\/www.lawebradio.com\/news\/wp-content\/uploads\/2020\/10\/logo2020.png","contentUrl":"https:\/\/www.lawebradio.com\/news\/wp-content\/uploads\/2020\/10\/logo2020.png","width":254,"height":43,"caption":"Lawebradio.com - Actualit\u00e9s des radios digitales"},"image":{"@id":"https:\/\/www.lawebradio.com\/news\/#\/schema\/logo\/image\/"}},{"@type":"Person","@id":"https:\/\/www.lawebradio.com\/news\/#\/schema\/person\/bc69f5fc3cfaf8f01edc3db43f10f1b6","name":"Thomas Renaud","image":{"@type":"ImageObject","inLanguage":"fr-FR","@id":"https:\/\/secure.gravatar.com\/avatar\/24b834e6dacf15dee888f8bbef435cf6307a4b8b6f23d7a4e7b42d8838eb1595?s=96&d=mm&r=g","url":"https:\/\/secure.gravatar.com\/avatar\/24b834e6dacf15dee888f8bbef435cf6307a4b8b6f23d7a4e7b42d8838eb1595?s=96&d=mm&r=g","contentUrl":"https:\/\/secure.gravatar.com\/avatar\/24b834e6dacf15dee888f8bbef435cf6307a4b8b6f23d7a4e7b42d8838eb1595?s=96&d=mm&r=g","caption":"Thomas Renaud"},"url":"https:\/\/www.lawebradio.com\/news\/author\/fg2-newschef\/"}]}},"_links":{"self":[{"href":"https:\/\/www.lawebradio.com\/news\/wp-json\/wp\/v2\/posts\/9270","targetHints":{"allow":["GET"]}}],"collection":[{"href":"https:\/\/www.lawebradio.com\/news\/wp-json\/wp\/v2\/posts"}],"about":[{"href":"https:\/\/www.lawebradio.com\/news\/wp-json\/wp\/v2\/types\/post"}],"author":[{"embeddable":true,"href":"https:\/\/www.lawebradio.com\/news\/wp-json\/wp\/v2\/users\/2"}],"replies":[{"embeddable":true,"href":"https:\/\/www.lawebradio.com\/news\/wp-json\/wp\/v2\/comments?post=9270"}],"version-history":[{"count":7,"href":"https:\/\/www.lawebradio.com\/news\/wp-json\/wp\/v2\/posts\/9270\/revisions"}],"predecessor-version":[{"id":9280,"href":"https:\/\/www.lawebradio.com\/news\/wp-json\/wp\/v2\/posts\/9270\/revisions\/9280"}],"wp:featuredmedia":[{"embeddable":true,"href":"https:\/\/www.lawebradio.com\/news\/wp-json\/wp\/v2\/media\/9275"}],"wp:attachment":[{"href":"https:\/\/www.lawebradio.com\/news\/wp-json\/wp\/v2\/media?parent=9270"}],"wp:term":[{"taxonomy":"category","embeddable":true,"href":"https:\/\/www.lawebradio.com\/news\/wp-json\/wp\/v2\/categories?post=9270"},{"taxonomy":"post_tag","embeddable":true,"href":"https:\/\/www.lawebradio.com\/news\/wp-json\/wp\/v2\/tags?post=9270"}],"curies":[{"name":"wp","href":"https:\/\/api.w.org\/{rel}","templated":true}]}}