{"id":9106,"date":"2025-05-20T07:24:51","date_gmt":"2025-05-20T06:24:51","guid":{"rendered":"https:\/\/www.lawebradio.com\/news\/?p=9106"},"modified":"2025-05-26T07:39:48","modified_gmt":"2025-05-26T06:39:48","slug":"la-radio-en-france-debut-2025-un-media-plus-connecte-que-jamais","status":"publish","type":"post","link":"https:\/\/www.lawebradio.com\/news\/la-radio-en-france-debut-2025-un-media-plus-connecte-que-jamais\/","title":{"rendered":"La radio en France en 2025 : un m\u00e9dia plus connect\u00e9 que jamais"},"content":{"rendered":"<p>[et_pb_section fb_built=\u00a0\u00bb1&Prime; _builder_version=\u00a0\u00bb4.6.5&Prime; _module_preset=\u00a0\u00bbdefault\u00a0\u00bb][et_pb_row _builder_version=\u00a0\u00bb4.6.5&Prime; _module_preset=\u00a0\u00bbdefault\u00a0\u00bb][et_pb_column type=\u00a0\u00bb4_4&Prime; _builder_version=\u00a0\u00bb4.6.5&Prime; _module_preset=\u00a0\u00bbdefault\u00a0\u00bb][et_pb_text _builder_version=\u00a0\u00bb4.8.0&Prime; _module_preset=\u00a0\u00bbdefault\u00a0\u00bb header_3_font_size=\u00a0\u00bb21px\u00a0\u00bb header_3_line_height=\u00a0\u00bb1.4em\u00a0\u00bb]<\/p>\n<p><strong>La derni\u00e8re enqu\u00eate de M\u00e9diam\u00e9trie sur l\u2019\u00e9coute de la radio (EAR &gt; Global Radio, janvier-mars 2025) r\u00e9serve de belles surprises\u202f! La radio reste un r\u00e9flexe pour des millions de Fran\u00e7ais, tout en profitant \u00e0 fond de la r\u00e9volution num\u00e9rique.<\/strong><\/p>\n<p>Chaque jour, 38,5 millions de Fran\u00e7ais de 13 ans et plus \u00e9coutent la radio, tous supports confondus. Cela repr\u00e9sente pr\u00e8s de 7 Fran\u00e7ais sur 10\u202f! Que ce soit au petit-d\u00e9jeuner, en voiture, au bureau ou pendant une balade, la radio continue de rythmer nos journ\u00e9es.<\/p>\n<p>Ce qui change, c\u2019est la fa\u00e7on dont on \u00e9coute la radio\u202f:<br \/>\u2022 10,4 millions de personnes \u00e9coutent d\u00e9sormais la radio sur des supports num\u00e9riques (smartphones, ordinateurs, enceintes connect\u00e9es, tablettes\u2026). C\u2019est pr\u00e8s de 800\u202f000 auditeurs quotidiens de plus qu\u2019il y a un an\u202f!<br \/>\u2022 L\u2019\u00e9coute sur ces supports dure en moyenne 2h28 par jour et par auditeur, une dur\u00e9e qui montre \u00e0 quel point le num\u00e9rique s\u2019est impos\u00e9 dans nos habitudes.<br \/>\u2022 Aujourd\u2019hui, 24,5\u202f% du volume total d\u2019\u00e9coute de la radio se fait via le num\u00e9rique, contre 22,7\u202f% l\u2019an dernier. La progression est nette et continue.<\/p>\n<h3>Le smartphone, champion de l\u2019\u00e9coute radio<\/h3>\n<p>Le t\u00e9l\u00e9phone mobile est devenu le support pr\u00e9f\u00e9r\u00e9 des auditeurs connect\u00e9s\u202f:<br \/>\u2022 6,9 millions de Fran\u00e7ais \u00e9coutent la radio chaque jour sur leur smartphone.<br \/>\u2022 Les enceintes connect\u00e9es s\u00e9duisent aussi\u202f: 1,5 million d\u2019auditeurs quotidiens les utilisent pour \u00e9couter leurs stations favorites.<br \/>\u2022 Cette mont\u00e9e en puissance du num\u00e9rique touche toutes les cat\u00e9gories\u202f: les 35-59 ans (23,7\u202f% \u00e9coutent la radio chaque jour sur supports num\u00e9riques), les CSP+ (25,1\u202f%), les Franciliens (22,7\u202f%), mais aussi les 60 ans et plus (14,6\u202f%), preuve que le num\u00e9rique n\u2019est plus r\u00e9serv\u00e9 aux plus jeunes\u202f!<\/p>\n<h3>Une radio qui s\u2019adapte et innove<\/h3>\n<p>La radio ne se contente pas de diffuser ses programmes en direct. Elle propose aussi des podcasts, du replay et des contenus exclusifs sur Internet, pour s\u2019adapter \u00e0 nos rythmes de vie et \u00e0 nos envies. Cette capacit\u00e9 d\u2019innovation lui permet de rester proche de ses auditeurs, quels que soient leur \u00e2ge ou leur mode de vie.<\/p>\n<p>La radio fran\u00e7aise, c\u2019est 38,5 millions d\u2019auditeurs chaque jour et une transition num\u00e9rique qui s\u2019acc\u00e9l\u00e8re\u202f: pr\u00e8s d\u2019un quart de l\u2019\u00e9coute se fait d\u00e9sormais sur des supports connect\u00e9s. Que l\u2019on soit fan de musique, d\u2019info ou de talk-shows, la radio continue de nous accompagner partout, tout le temps, et sur tous les \u00e9crans. Un m\u00e9dia qui a su \u00e9voluer sans rien perdre de sa popularit\u00e9\u202f!<\/p>\n<p><em>Sources\u202f: M\u00e9diam\u00e9trie, EAR &gt; Global Radio, janvier-mars 2025<\/em><\/p>\n<p>[\/et_pb_text][\/et_pb_column][\/et_pb_row][\/et_pb_section]<\/p>\n","protected":false},"excerpt":{"rendered":"<p>[et_pb_section fb_built=\u00a0\u00bb1&Prime; _builder_version=\u00a0\u00bb4.6.5&Prime; _module_preset=\u00a0\u00bbdefault\u00a0\u00bb][et_pb_row _builder_version=\u00a0\u00bb4.6.5&Prime; _module_preset=\u00a0\u00bbdefault\u00a0\u00bb][et_pb_column type=\u00a0\u00bb4_4&Prime; _builder_version=\u00a0\u00bb4.6.5&Prime; _module_preset=\u00a0\u00bbdefault\u00a0\u00bb][et_pb_text _builder_version=\u00a0\u00bb4.8.0&Prime; _module_preset=\u00a0\u00bbdefault\u00a0\u00bb header_3_font_size=\u00a0\u00bb21px\u00a0\u00bb header_3_line_height=\u00a0\u00bb1.4em\u00a0\u00bb] La derni\u00e8re enqu\u00eate de M\u00e9diam\u00e9trie sur l\u2019\u00e9coute de la radio (EAR &gt; Global Radio, janvier-mars 2025) r\u00e9serve de belles surprises\u202f! La radio reste un r\u00e9flexe pour des millions de Fran\u00e7ais, tout en profitant \u00e0 fond de la r\u00e9volution num\u00e9rique. Chaque jour, 38,5 [&hellip;]<\/p>\n","protected":false},"author":2,"featured_media":9107,"comment_status":"closed","ping_status":"closed","sticky":false,"template":"","format":"standard","meta":{"_et_pb_use_builder":"on","_et_pb_old_content":"","_et_gb_content_width":"","footnotes":""},"categories":[12],"tags":[],"class_list":["post-9106","post","type-post","status-publish","format-standard","has-post-thumbnail","hentry","category-revue","et-has-post-format-content","et_post_format-et-post-format-standard"],"yoast_head":"<!-- This site is optimized with the Yoast SEO plugin v27.4 - https:\/\/yoast.com\/product\/yoast-seo-wordpress\/ -->\n<title>La radio en France en 2025 : un m\u00e9dia plus connect\u00e9 que jamais - Lawebradio.com - Actualit\u00e9s des radios digitales<\/title>\n<meta name=\"description\" content=\"10,4 millions de personnes \u00e9coutent d\u00e9sormais la radio via des supports num\u00e9riques, soit 18,5% de la population de 13 ans et plus.\" \/>\n<meta name=\"robots\" content=\"index, follow, max-snippet:-1, max-image-preview:large, max-video-preview:-1\" \/>\n<link rel=\"canonical\" href=\"https:\/\/www.lawebradio.com\/news\/la-radio-en-france-debut-2025-un-media-plus-connecte-que-jamais\/\" \/>\n<meta property=\"og:locale\" content=\"fr_FR\" \/>\n<meta property=\"og:type\" content=\"article\" \/>\n<meta property=\"og:title\" content=\"La radio en France en 2025 : un m\u00e9dia plus connect\u00e9 que jamais - Lawebradio.com - Actualit\u00e9s des radios digitales\" \/>\n<meta property=\"og:description\" content=\"10,4 millions de personnes \u00e9coutent d\u00e9sormais la radio via des supports num\u00e9riques, soit 18,5% de la population de 13 ans et plus.\" \/>\n<meta property=\"og:url\" content=\"https:\/\/www.lawebradio.com\/news\/la-radio-en-france-debut-2025-un-media-plus-connecte-que-jamais\/\" \/>\n<meta property=\"og:site_name\" content=\"Lawebradio.com - Actualit\u00e9s des radios digitales\" \/>\n<meta property=\"article:published_time\" content=\"2025-05-20T06:24:51+00:00\" \/>\n<meta property=\"article:modified_time\" content=\"2025-05-26T06:39:48+00:00\" \/>\n<meta property=\"og:image\" content=\"https:\/\/www.lawebradio.com\/news\/wp-content\/uploads\/2025\/05\/20052025-01.jpg\" \/>\n\t<meta property=\"og:image:width\" content=\"725\" \/>\n\t<meta property=\"og:image:height\" content=\"350\" \/>\n\t<meta property=\"og:image:type\" content=\"image\/jpeg\" \/>\n<meta name=\"author\" content=\"Thomas Renaud\" \/>\n<meta name=\"twitter:label1\" content=\"\u00c9crit par\" \/>\n\t<meta name=\"twitter:data1\" content=\"Thomas Renaud\" \/>\n\t<meta name=\"twitter:label2\" content=\"Dur\u00e9e de lecture estim\u00e9e\" \/>\n\t<meta name=\"twitter:data2\" content=\"3 minutes\" \/>\n<script type=\"application\/ld+json\" class=\"yoast-schema-graph\">{\"@context\":\"https:\\\/\\\/schema.org\",\"@graph\":[{\"@type\":\"Article\",\"@id\":\"https:\\\/\\\/www.lawebradio.com\\\/news\\\/la-radio-en-france-debut-2025-un-media-plus-connecte-que-jamais\\\/#article\",\"isPartOf\":{\"@id\":\"https:\\\/\\\/www.lawebradio.com\\\/news\\\/la-radio-en-france-debut-2025-un-media-plus-connecte-que-jamais\\\/\"},\"author\":{\"name\":\"Thomas Renaud\",\"@id\":\"https:\\\/\\\/www.lawebradio.com\\\/news\\\/#\\\/schema\\\/person\\\/bc69f5fc3cfaf8f01edc3db43f10f1b6\"},\"headline\":\"La radio en France en 2025 : un m\u00e9dia plus connect\u00e9 que jamais\",\"datePublished\":\"2025-05-20T06:24:51+00:00\",\"dateModified\":\"2025-05-26T06:39:48+00:00\",\"mainEntityOfPage\":{\"@id\":\"https:\\\/\\\/www.lawebradio.com\\\/news\\\/la-radio-en-france-debut-2025-un-media-plus-connecte-que-jamais\\\/\"},\"wordCount\":516,\"publisher\":{\"@id\":\"https:\\\/\\\/www.lawebradio.com\\\/news\\\/#organization\"},\"image\":{\"@id\":\"https:\\\/\\\/www.lawebradio.com\\\/news\\\/la-radio-en-france-debut-2025-un-media-plus-connecte-que-jamais\\\/#primaryimage\"},\"thumbnailUrl\":\"https:\\\/\\\/www.lawebradio.com\\\/news\\\/wp-content\\\/uploads\\\/2025\\\/05\\\/20052025-01.jpg\",\"articleSection\":[\"Revue de Presse\"],\"inLanguage\":\"fr-FR\"},{\"@type\":\"WebPage\",\"@id\":\"https:\\\/\\\/www.lawebradio.com\\\/news\\\/la-radio-en-france-debut-2025-un-media-plus-connecte-que-jamais\\\/\",\"url\":\"https:\\\/\\\/www.lawebradio.com\\\/news\\\/la-radio-en-france-debut-2025-un-media-plus-connecte-que-jamais\\\/\",\"name\":\"La radio en France en 2025 : un m\u00e9dia plus connect\u00e9 que jamais - Lawebradio.com - Actualit\u00e9s des radios digitales\",\"isPartOf\":{\"@id\":\"https:\\\/\\\/www.lawebradio.com\\\/news\\\/#website\"},\"primaryImageOfPage\":{\"@id\":\"https:\\\/\\\/www.lawebradio.com\\\/news\\\/la-radio-en-france-debut-2025-un-media-plus-connecte-que-jamais\\\/#primaryimage\"},\"image\":{\"@id\":\"https:\\\/\\\/www.lawebradio.com\\\/news\\\/la-radio-en-france-debut-2025-un-media-plus-connecte-que-jamais\\\/#primaryimage\"},\"thumbnailUrl\":\"https:\\\/\\\/www.lawebradio.com\\\/news\\\/wp-content\\\/uploads\\\/2025\\\/05\\\/20052025-01.jpg\",\"datePublished\":\"2025-05-20T06:24:51+00:00\",\"dateModified\":\"2025-05-26T06:39:48+00:00\",\"description\":\"10,4 millions de personnes \u00e9coutent d\u00e9sormais la radio via des supports num\u00e9riques, soit 18,5% de la population de 13 ans et plus.\",\"inLanguage\":\"fr-FR\",\"potentialAction\":[{\"@type\":\"ReadAction\",\"target\":[\"https:\\\/\\\/www.lawebradio.com\\\/news\\\/la-radio-en-france-debut-2025-un-media-plus-connecte-que-jamais\\\/\"]}]},{\"@type\":\"ImageObject\",\"inLanguage\":\"fr-FR\",\"@id\":\"https:\\\/\\\/www.lawebradio.com\\\/news\\\/la-radio-en-france-debut-2025-un-media-plus-connecte-que-jamais\\\/#primaryimage\",\"url\":\"https:\\\/\\\/www.lawebradio.com\\\/news\\\/wp-content\\\/uploads\\\/2025\\\/05\\\/20052025-01.jpg\",\"contentUrl\":\"https:\\\/\\\/www.lawebradio.com\\\/news\\\/wp-content\\\/uploads\\\/2025\\\/05\\\/20052025-01.jpg\",\"width\":725,\"height\":350},{\"@type\":\"WebSite\",\"@id\":\"https:\\\/\\\/www.lawebradio.com\\\/news\\\/#website\",\"url\":\"https:\\\/\\\/www.lawebradio.com\\\/news\\\/\",\"name\":\"Lawebradio.com - Actualit\u00e9s des radios digitales\",\"description\":\"\",\"publisher\":{\"@id\":\"https:\\\/\\\/www.lawebradio.com\\\/news\\\/#organization\"},\"potentialAction\":[{\"@type\":\"SearchAction\",\"target\":{\"@type\":\"EntryPoint\",\"urlTemplate\":\"https:\\\/\\\/www.lawebradio.com\\\/news\\\/?s={search_term_string}\"},\"query-input\":{\"@type\":\"PropertyValueSpecification\",\"valueRequired\":true,\"valueName\":\"search_term_string\"}}],\"inLanguage\":\"fr-FR\"},{\"@type\":\"Organization\",\"@id\":\"https:\\\/\\\/www.lawebradio.com\\\/news\\\/#organization\",\"name\":\"Lawebradio.com - Actualit\u00e9s des radios digitales\",\"url\":\"https:\\\/\\\/www.lawebradio.com\\\/news\\\/\",\"logo\":{\"@type\":\"ImageObject\",\"inLanguage\":\"fr-FR\",\"@id\":\"https:\\\/\\\/www.lawebradio.com\\\/news\\\/#\\\/schema\\\/logo\\\/image\\\/\",\"url\":\"https:\\\/\\\/www.lawebradio.com\\\/news\\\/wp-content\\\/uploads\\\/2020\\\/10\\\/logo2020.png\",\"contentUrl\":\"https:\\\/\\\/www.lawebradio.com\\\/news\\\/wp-content\\\/uploads\\\/2020\\\/10\\\/logo2020.png\",\"width\":254,\"height\":43,\"caption\":\"Lawebradio.com - Actualit\u00e9s des radios digitales\"},\"image\":{\"@id\":\"https:\\\/\\\/www.lawebradio.com\\\/news\\\/#\\\/schema\\\/logo\\\/image\\\/\"}},{\"@type\":\"Person\",\"@id\":\"https:\\\/\\\/www.lawebradio.com\\\/news\\\/#\\\/schema\\\/person\\\/bc69f5fc3cfaf8f01edc3db43f10f1b6\",\"name\":\"Thomas Renaud\",\"image\":{\"@type\":\"ImageObject\",\"inLanguage\":\"fr-FR\",\"@id\":\"https:\\\/\\\/secure.gravatar.com\\\/avatar\\\/24b834e6dacf15dee888f8bbef435cf6307a4b8b6f23d7a4e7b42d8838eb1595?s=96&d=mm&r=g\",\"url\":\"https:\\\/\\\/secure.gravatar.com\\\/avatar\\\/24b834e6dacf15dee888f8bbef435cf6307a4b8b6f23d7a4e7b42d8838eb1595?s=96&d=mm&r=g\",\"contentUrl\":\"https:\\\/\\\/secure.gravatar.com\\\/avatar\\\/24b834e6dacf15dee888f8bbef435cf6307a4b8b6f23d7a4e7b42d8838eb1595?s=96&d=mm&r=g\",\"caption\":\"Thomas Renaud\"},\"url\":\"https:\\\/\\\/www.lawebradio.com\\\/news\\\/author\\\/fg2-newschef\\\/\"}]}<\/script>\n<!-- \/ Yoast SEO plugin. -->","yoast_head_json":{"title":"La radio en France en 2025 : un m\u00e9dia plus connect\u00e9 que jamais - Lawebradio.com - Actualit\u00e9s des radios digitales","description":"10,4 millions de personnes \u00e9coutent d\u00e9sormais la radio via des supports num\u00e9riques, soit 18,5% de la population de 13 ans et plus.","robots":{"index":"index","follow":"follow","max-snippet":"max-snippet:-1","max-image-preview":"max-image-preview:large","max-video-preview":"max-video-preview:-1"},"canonical":"https:\/\/www.lawebradio.com\/news\/la-radio-en-france-debut-2025-un-media-plus-connecte-que-jamais\/","og_locale":"fr_FR","og_type":"article","og_title":"La radio en France en 2025 : un m\u00e9dia plus connect\u00e9 que jamais - Lawebradio.com - Actualit\u00e9s des radios digitales","og_description":"10,4 millions de personnes \u00e9coutent d\u00e9sormais la radio via des supports num\u00e9riques, soit 18,5% de la population de 13 ans et plus.","og_url":"https:\/\/www.lawebradio.com\/news\/la-radio-en-france-debut-2025-un-media-plus-connecte-que-jamais\/","og_site_name":"Lawebradio.com - Actualit\u00e9s des radios digitales","article_published_time":"2025-05-20T06:24:51+00:00","article_modified_time":"2025-05-26T06:39:48+00:00","og_image":[{"width":725,"height":350,"url":"https:\/\/www.lawebradio.com\/news\/wp-content\/uploads\/2025\/05\/20052025-01.jpg","type":"image\/jpeg"}],"author":"Thomas Renaud","twitter_misc":{"\u00c9crit par":"Thomas Renaud","Dur\u00e9e de lecture estim\u00e9e":"3 minutes"},"schema":{"@context":"https:\/\/schema.org","@graph":[{"@type":"Article","@id":"https:\/\/www.lawebradio.com\/news\/la-radio-en-france-debut-2025-un-media-plus-connecte-que-jamais\/#article","isPartOf":{"@id":"https:\/\/www.lawebradio.com\/news\/la-radio-en-france-debut-2025-un-media-plus-connecte-que-jamais\/"},"author":{"name":"Thomas Renaud","@id":"https:\/\/www.lawebradio.com\/news\/#\/schema\/person\/bc69f5fc3cfaf8f01edc3db43f10f1b6"},"headline":"La radio en France en 2025 : un m\u00e9dia plus connect\u00e9 que jamais","datePublished":"2025-05-20T06:24:51+00:00","dateModified":"2025-05-26T06:39:48+00:00","mainEntityOfPage":{"@id":"https:\/\/www.lawebradio.com\/news\/la-radio-en-france-debut-2025-un-media-plus-connecte-que-jamais\/"},"wordCount":516,"publisher":{"@id":"https:\/\/www.lawebradio.com\/news\/#organization"},"image":{"@id":"https:\/\/www.lawebradio.com\/news\/la-radio-en-france-debut-2025-un-media-plus-connecte-que-jamais\/#primaryimage"},"thumbnailUrl":"https:\/\/www.lawebradio.com\/news\/wp-content\/uploads\/2025\/05\/20052025-01.jpg","articleSection":["Revue de Presse"],"inLanguage":"fr-FR"},{"@type":"WebPage","@id":"https:\/\/www.lawebradio.com\/news\/la-radio-en-france-debut-2025-un-media-plus-connecte-que-jamais\/","url":"https:\/\/www.lawebradio.com\/news\/la-radio-en-france-debut-2025-un-media-plus-connecte-que-jamais\/","name":"La radio en France en 2025 : un m\u00e9dia plus connect\u00e9 que jamais - Lawebradio.com - Actualit\u00e9s des radios digitales","isPartOf":{"@id":"https:\/\/www.lawebradio.com\/news\/#website"},"primaryImageOfPage":{"@id":"https:\/\/www.lawebradio.com\/news\/la-radio-en-france-debut-2025-un-media-plus-connecte-que-jamais\/#primaryimage"},"image":{"@id":"https:\/\/www.lawebradio.com\/news\/la-radio-en-france-debut-2025-un-media-plus-connecte-que-jamais\/#primaryimage"},"thumbnailUrl":"https:\/\/www.lawebradio.com\/news\/wp-content\/uploads\/2025\/05\/20052025-01.jpg","datePublished":"2025-05-20T06:24:51+00:00","dateModified":"2025-05-26T06:39:48+00:00","description":"10,4 millions de personnes \u00e9coutent d\u00e9sormais la radio via des supports num\u00e9riques, soit 18,5% de la population de 13 ans et plus.","inLanguage":"fr-FR","potentialAction":[{"@type":"ReadAction","target":["https:\/\/www.lawebradio.com\/news\/la-radio-en-france-debut-2025-un-media-plus-connecte-que-jamais\/"]}]},{"@type":"ImageObject","inLanguage":"fr-FR","@id":"https:\/\/www.lawebradio.com\/news\/la-radio-en-france-debut-2025-un-media-plus-connecte-que-jamais\/#primaryimage","url":"https:\/\/www.lawebradio.com\/news\/wp-content\/uploads\/2025\/05\/20052025-01.jpg","contentUrl":"https:\/\/www.lawebradio.com\/news\/wp-content\/uploads\/2025\/05\/20052025-01.jpg","width":725,"height":350},{"@type":"WebSite","@id":"https:\/\/www.lawebradio.com\/news\/#website","url":"https:\/\/www.lawebradio.com\/news\/","name":"Lawebradio.com - Actualit\u00e9s des radios digitales","description":"","publisher":{"@id":"https:\/\/www.lawebradio.com\/news\/#organization"},"potentialAction":[{"@type":"SearchAction","target":{"@type":"EntryPoint","urlTemplate":"https:\/\/www.lawebradio.com\/news\/?s={search_term_string}"},"query-input":{"@type":"PropertyValueSpecification","valueRequired":true,"valueName":"search_term_string"}}],"inLanguage":"fr-FR"},{"@type":"Organization","@id":"https:\/\/www.lawebradio.com\/news\/#organization","name":"Lawebradio.com - Actualit\u00e9s des radios digitales","url":"https:\/\/www.lawebradio.com\/news\/","logo":{"@type":"ImageObject","inLanguage":"fr-FR","@id":"https:\/\/www.lawebradio.com\/news\/#\/schema\/logo\/image\/","url":"https:\/\/www.lawebradio.com\/news\/wp-content\/uploads\/2020\/10\/logo2020.png","contentUrl":"https:\/\/www.lawebradio.com\/news\/wp-content\/uploads\/2020\/10\/logo2020.png","width":254,"height":43,"caption":"Lawebradio.com - Actualit\u00e9s des radios digitales"},"image":{"@id":"https:\/\/www.lawebradio.com\/news\/#\/schema\/logo\/image\/"}},{"@type":"Person","@id":"https:\/\/www.lawebradio.com\/news\/#\/schema\/person\/bc69f5fc3cfaf8f01edc3db43f10f1b6","name":"Thomas Renaud","image":{"@type":"ImageObject","inLanguage":"fr-FR","@id":"https:\/\/secure.gravatar.com\/avatar\/24b834e6dacf15dee888f8bbef435cf6307a4b8b6f23d7a4e7b42d8838eb1595?s=96&d=mm&r=g","url":"https:\/\/secure.gravatar.com\/avatar\/24b834e6dacf15dee888f8bbef435cf6307a4b8b6f23d7a4e7b42d8838eb1595?s=96&d=mm&r=g","contentUrl":"https:\/\/secure.gravatar.com\/avatar\/24b834e6dacf15dee888f8bbef435cf6307a4b8b6f23d7a4e7b42d8838eb1595?s=96&d=mm&r=g","caption":"Thomas Renaud"},"url":"https:\/\/www.lawebradio.com\/news\/author\/fg2-newschef\/"}]}},"_links":{"self":[{"href":"https:\/\/www.lawebradio.com\/news\/wp-json\/wp\/v2\/posts\/9106","targetHints":{"allow":["GET"]}}],"collection":[{"href":"https:\/\/www.lawebradio.com\/news\/wp-json\/wp\/v2\/posts"}],"about":[{"href":"https:\/\/www.lawebradio.com\/news\/wp-json\/wp\/v2\/types\/post"}],"author":[{"embeddable":true,"href":"https:\/\/www.lawebradio.com\/news\/wp-json\/wp\/v2\/users\/2"}],"replies":[{"embeddable":true,"href":"https:\/\/www.lawebradio.com\/news\/wp-json\/wp\/v2\/comments?post=9106"}],"version-history":[{"count":10,"href":"https:\/\/www.lawebradio.com\/news\/wp-json\/wp\/v2\/posts\/9106\/revisions"}],"predecessor-version":[{"id":9125,"href":"https:\/\/www.lawebradio.com\/news\/wp-json\/wp\/v2\/posts\/9106\/revisions\/9125"}],"wp:featuredmedia":[{"embeddable":true,"href":"https:\/\/www.lawebradio.com\/news\/wp-json\/wp\/v2\/media\/9107"}],"wp:attachment":[{"href":"https:\/\/www.lawebradio.com\/news\/wp-json\/wp\/v2\/media?parent=9106"}],"wp:term":[{"taxonomy":"category","embeddable":true,"href":"https:\/\/www.lawebradio.com\/news\/wp-json\/wp\/v2\/categories?post=9106"},{"taxonomy":"post_tag","embeddable":true,"href":"https:\/\/www.lawebradio.com\/news\/wp-json\/wp\/v2\/tags?post=9106"}],"curies":[{"name":"wp","href":"https:\/\/api.w.org\/{rel}","templated":true}]}}