{"id":8905,"date":"2025-02-27T10:22:38","date_gmt":"2025-02-27T09:22:38","guid":{"rendered":"https:\/\/www.lawebradio.com\/news\/?p=8905"},"modified":"2025-03-01T14:40:17","modified_gmt":"2025-03-01T13:40:17","slug":"isekoi-radio-un-voyage-sonore-entre-terre-et-univers","status":"publish","type":"post","link":"https:\/\/www.lawebradio.com\/news\/isekoi-radio-un-voyage-sonore-entre-terre-et-univers\/","title":{"rendered":"ISEKOI Radio, un voyage sonore entre Terre et Univers"},"content":{"rendered":"<p>[et_pb_section fb_built=\u00a0\u00bb1&Prime; _builder_version=\u00a0\u00bb4.6.5&Prime; _module_preset=\u00a0\u00bbdefault\u00a0\u00bb][et_pb_row _builder_version=\u00a0\u00bb4.6.5&Prime; _module_preset=\u00a0\u00bbdefault\u00a0\u00bb][et_pb_column type=\u00a0\u00bb4_4&Prime; _builder_version=\u00a0\u00bb4.6.5&Prime; _module_preset=\u00a0\u00bbdefault\u00a0\u00bb][et_pb_text _builder_version=\u00a0\u00bb4.8.0&Prime; _module_preset=\u00a0\u00bbdefault\u00a0\u00bb header_3_font_size=\u00a0\u00bb21px\u00a0\u00bb header_3_line_height=\u00a0\u00bb1.4em\u00a0\u00bb]<\/p>\n<p><strong>Cette radio digitale s&rsquo;est impos\u00e9e comme une r\u00e9f\u00e9rence incontournable dans le paysage gr\u00e2ce \u00e0 son concept novateur et \u00e0 sa programmation soigneusement s\u00e9lectionn\u00e9e. Depuis sa cr\u00e9ation, elle s&rsquo;attache \u00e0 proposer une exp\u00e9rience sonore unique et immersive, en diffusant en continu de la musique \u00e9lectronique de qualit\u00e9, sans aucune interruption publicitaire.<\/strong><\/p>\n<p>Son catalogue musical couvre un large \u00e9ventail de genres \u00e9lectroniques, allant des rythmes intenses de la drum &amp; bass aux sonorit\u00e9s hypnotiques de la house, en passant par les atmosph\u00e8res sombres et immersives du phonk et les nappes planantes de la musique ambient. ISEKOI Radio s&rsquo;adresse aussi bien aux amateurs de basses profondes qu&rsquo;\u00e0 ceux en qu\u00eate de d\u00e9tente musicale, avec des morceaux minutieusement choisis pour offrir une v\u00e9ritable exploration sonore.<\/p>\n<h3 class=\"western\">Une exp\u00e9rience audio immersive au c\u0153ur de l\u2019univers \u00e9lectronique<\/h3>\n<p>Ce qui rend ISEKOI Radio si sp\u00e9ciale, c&rsquo;est son concept fascinant : la station capte des signaux venus de l&rsquo;espace profond et les int\u00e8gre dans ses programmations musicales. Inspir\u00e9e par la radioastronomie, cette approche repose sur l&rsquo;utilisation de donn\u00e9es capt\u00e9es par des t\u00e9lescopes et des antennes spatiales, qui d\u00e9tectent les ondes radio \u00e9mises par les objets c\u00e9lestes tels que les pulsars, les quasars et les r\u00e9manents de supernovae. Ces signaux, souvent imperceptibles \u00e0 l&rsquo;oreille humaine, sont transform\u00e9s en fr\u00e9quences audibles et int\u00e9gr\u00e9s dans les sets musicaux diffus\u00e9s par la station.<\/p>\n<p>Imaginez-vous plong\u00e9 dans un voyage interstellaire o\u00f9 chaque son r\u00e9sonne comme un \u00e9cho venu d&rsquo;ailleurs&#8230; Un battement profond inspir\u00e9 du rythme r\u00e9gulier d&rsquo;un pulsar, une texture sonore reprenant les vibrations des ondes gravitationnelles, ou encore une nappe musicale enveloppante \u00e9voquant les vents stellaires. De quoi d\u00e9couvrir la musique sous un angle totalement nouveau et enrichir votre exp\u00e9rience d&rsquo;\u00e9coute avec des sonorit\u00e9s venues des confins de l&rsquo;univers !<\/p>\n<h3 class=\"western\">Une qualit\u00e9 sonore au top et des styles musicaux pour toutes les humeurs<\/h3>\n<p>ISEKOI Radio ne fait aucun compromis sur la qualit\u00e9. Selon vos pr\u00e9f\u00e9rences et votre mat\u00e9riel, vous pouvez choisir entre une qualit\u00e9 audio cristalline digne d&rsquo;un studio d&rsquo;enregistrement en Flac ou l&rsquo;\u00e9quilibre parfait entre fluidit\u00e9 et finesse sonore en MP3 320 kbps.<\/p>\n<p>Peu importe votre \u00e9tat d&rsquo;esprit, il y a une th\u00e9matique faite pour vous :<\/p>\n<p><strong>ISEKOI Radio (canal principal)<\/strong> : un mix \u00e9nergisant de musique \u00e9lectronique ;<\/p>\n<p><strong>Chill Zone<\/strong> : des vibes relaxantes pour se poser en douceur ;<\/p>\n<p><strong>Non-stop Ambient<\/strong> : une immersion totale dans des nappes sonores envo\u00fbtantes.<\/p>\n<p>Si vous aimez la musique qui vous transporte ailleurs, loin du bruit quotidien et des pubs incessantes, alors ISEKOI Radio est faite pour vous. Installez-vous confortablement, laissez-vous emporter et plongez dans un univers sonore fascinant !<\/p>\n<p>\u2022 <a href=\"https:\/\/isekoi-radio.com\/\" target=\"_blank\" rel=\"noopener\"><strong>En savoir plus &gt;&gt;<\/strong><\/a><\/p>\n<p>[\/et_pb_text][et_pb_code _builder_version=\u00a0\u00bb4.8.0&Prime; _module_preset=\u00a0\u00bbdefault\u00a0\u00bb]<iframe loading=\"lazy\" width=\"560\" height=\"315\" src=\"https:\/\/www.youtube.com\/embed\/Fmc2M-1FmqY?si=6mZlfR6K6ZG5t6FR\" title=\"YouTube video player\" frameborder=\"0\" allow=\"accelerometer; autoplay; clipboard-write; encrypted-media; gyroscope; picture-in-picture; web-share\" referrerpolicy=\"strict-origin-when-cross-origin\" allowfullscreen><\/iframe>[\/et_pb_code][\/et_pb_column][\/et_pb_row][\/et_pb_section]<\/p>\n","protected":false},"excerpt":{"rendered":"<p>[et_pb_section fb_built=\u00a0\u00bb1&Prime; _builder_version=\u00a0\u00bb4.6.5&Prime; _module_preset=\u00a0\u00bbdefault\u00a0\u00bb][et_pb_row _builder_version=\u00a0\u00bb4.6.5&Prime; _module_preset=\u00a0\u00bbdefault\u00a0\u00bb][et_pb_column type=\u00a0\u00bb4_4&Prime; _builder_version=\u00a0\u00bb4.6.5&Prime; _module_preset=\u00a0\u00bbdefault\u00a0\u00bb][et_pb_text _builder_version=\u00a0\u00bb4.8.0&Prime; _module_preset=\u00a0\u00bbdefault\u00a0\u00bb header_3_font_size=\u00a0\u00bb21px\u00a0\u00bb header_3_line_height=\u00a0\u00bb1.4em\u00a0\u00bb] Cette radio digitale s&rsquo;est impos\u00e9e comme une r\u00e9f\u00e9rence incontournable dans le paysage gr\u00e2ce \u00e0 son concept novateur et \u00e0 sa programmation soigneusement s\u00e9lectionn\u00e9e. Depuis sa cr\u00e9ation, elle s&rsquo;attache \u00e0 proposer une exp\u00e9rience sonore unique et immersive, en diffusant en continu de la [&hellip;]<\/p>\n","protected":false},"author":3,"featured_media":8931,"comment_status":"closed","ping_status":"closed","sticky":false,"template":"","format":"standard","meta":{"_et_pb_use_builder":"on","_et_pb_old_content":"","_et_gb_content_width":"","footnotes":""},"categories":[6],"tags":[],"class_list":["post-8905","post","type-post","status-publish","format-standard","has-post-thumbnail","hentry","category-focus","et-has-post-format-content","et_post_format-et-post-format-standard"],"yoast_head":"<!-- This site is optimized with the Yoast SEO plugin v27.5 - https:\/\/yoast.com\/product\/yoast-seo-wordpress\/ -->\n<title>ISEKOI Radio, un voyage sonore entre Terre et Univers - Lawebradio.com - Actualit\u00e9s des radios digitales<\/title>\n<meta name=\"description\" content=\"ISEKOI Radio est une invitation \u00e0 la d\u00e9couverte, un voyage auditif \u00e0 travers les tendances et les sonorit\u00e9s \u00e9lectroniques du monde entier.\" \/>\n<meta name=\"robots\" content=\"index, follow, max-snippet:-1, max-image-preview:large, max-video-preview:-1\" \/>\n<link rel=\"canonical\" href=\"https:\/\/www.lawebradio.com\/news\/isekoi-radio-un-voyage-sonore-entre-terre-et-univers\/\" \/>\n<meta property=\"og:locale\" content=\"fr_FR\" \/>\n<meta property=\"og:type\" content=\"article\" \/>\n<meta property=\"og:title\" content=\"ISEKOI Radio, un voyage sonore entre Terre et Univers - Lawebradio.com - Actualit\u00e9s des radios digitales\" \/>\n<meta property=\"og:description\" content=\"ISEKOI Radio est une invitation \u00e0 la d\u00e9couverte, un voyage auditif \u00e0 travers les tendances et les sonorit\u00e9s \u00e9lectroniques du monde entier.\" \/>\n<meta property=\"og:url\" content=\"https:\/\/www.lawebradio.com\/news\/isekoi-radio-un-voyage-sonore-entre-terre-et-univers\/\" \/>\n<meta property=\"og:site_name\" content=\"Lawebradio.com - Actualit\u00e9s des radios digitales\" \/>\n<meta property=\"article:published_time\" content=\"2025-02-27T09:22:38+00:00\" \/>\n<meta property=\"article:modified_time\" content=\"2025-03-01T13:40:17+00:00\" \/>\n<meta property=\"og:image\" content=\"https:\/\/www.lawebradio.com\/news\/wp-content\/uploads\/2025\/02\/27022025-02.jpg\" \/>\n\t<meta property=\"og:image:width\" content=\"725\" \/>\n\t<meta property=\"og:image:height\" content=\"350\" \/>\n\t<meta property=\"og:image:type\" content=\"image\/jpeg\" \/>\n<meta name=\"author\" content=\"Julien Lecourbe\" \/>\n<meta name=\"twitter:label1\" content=\"\u00c9crit par\" \/>\n\t<meta name=\"twitter:data1\" content=\"Julien Lecourbe\" \/>\n\t<meta name=\"twitter:label2\" content=\"Dur\u00e9e de lecture estim\u00e9e\" \/>\n\t<meta name=\"twitter:data2\" content=\"3 minutes\" \/>\n<script type=\"application\/ld+json\" class=\"yoast-schema-graph\">{\"@context\":\"https:\\\/\\\/schema.org\",\"@graph\":[{\"@type\":\"Article\",\"@id\":\"https:\\\/\\\/www.lawebradio.com\\\/news\\\/isekoi-radio-un-voyage-sonore-entre-terre-et-univers\\\/#article\",\"isPartOf\":{\"@id\":\"https:\\\/\\\/www.lawebradio.com\\\/news\\\/isekoi-radio-un-voyage-sonore-entre-terre-et-univers\\\/\"},\"author\":{\"name\":\"Julien Lecourbe\",\"@id\":\"https:\\\/\\\/www.lawebradio.com\\\/news\\\/#\\\/schema\\\/person\\\/95fd11aee6e6cfe70a4b58b482103f1f\"},\"headline\":\"ISEKOI Radio, un voyage sonore entre Terre et Univers\",\"datePublished\":\"2025-02-27T09:22:38+00:00\",\"dateModified\":\"2025-03-01T13:40:17+00:00\",\"mainEntityOfPage\":{\"@id\":\"https:\\\/\\\/www.lawebradio.com\\\/news\\\/isekoi-radio-un-voyage-sonore-entre-terre-et-univers\\\/\"},\"wordCount\":547,\"publisher\":{\"@id\":\"https:\\\/\\\/www.lawebradio.com\\\/news\\\/#organization\"},\"image\":{\"@id\":\"https:\\\/\\\/www.lawebradio.com\\\/news\\\/isekoi-radio-un-voyage-sonore-entre-terre-et-univers\\\/#primaryimage\"},\"thumbnailUrl\":\"https:\\\/\\\/www.lawebradio.com\\\/news\\\/wp-content\\\/uploads\\\/2025\\\/02\\\/27022025-02.jpg\",\"articleSection\":[\"Focus\"],\"inLanguage\":\"fr-FR\"},{\"@type\":\"WebPage\",\"@id\":\"https:\\\/\\\/www.lawebradio.com\\\/news\\\/isekoi-radio-un-voyage-sonore-entre-terre-et-univers\\\/\",\"url\":\"https:\\\/\\\/www.lawebradio.com\\\/news\\\/isekoi-radio-un-voyage-sonore-entre-terre-et-univers\\\/\",\"name\":\"ISEKOI Radio, un voyage sonore entre Terre et Univers - Lawebradio.com - Actualit\u00e9s des radios digitales\",\"isPartOf\":{\"@id\":\"https:\\\/\\\/www.lawebradio.com\\\/news\\\/#website\"},\"primaryImageOfPage\":{\"@id\":\"https:\\\/\\\/www.lawebradio.com\\\/news\\\/isekoi-radio-un-voyage-sonore-entre-terre-et-univers\\\/#primaryimage\"},\"image\":{\"@id\":\"https:\\\/\\\/www.lawebradio.com\\\/news\\\/isekoi-radio-un-voyage-sonore-entre-terre-et-univers\\\/#primaryimage\"},\"thumbnailUrl\":\"https:\\\/\\\/www.lawebradio.com\\\/news\\\/wp-content\\\/uploads\\\/2025\\\/02\\\/27022025-02.jpg\",\"datePublished\":\"2025-02-27T09:22:38+00:00\",\"dateModified\":\"2025-03-01T13:40:17+00:00\",\"description\":\"ISEKOI Radio est une invitation \u00e0 la d\u00e9couverte, un voyage auditif \u00e0 travers les tendances et les sonorit\u00e9s \u00e9lectroniques du monde entier.\",\"inLanguage\":\"fr-FR\",\"potentialAction\":[{\"@type\":\"ReadAction\",\"target\":[\"https:\\\/\\\/www.lawebradio.com\\\/news\\\/isekoi-radio-un-voyage-sonore-entre-terre-et-univers\\\/\"]}]},{\"@type\":\"ImageObject\",\"inLanguage\":\"fr-FR\",\"@id\":\"https:\\\/\\\/www.lawebradio.com\\\/news\\\/isekoi-radio-un-voyage-sonore-entre-terre-et-univers\\\/#primaryimage\",\"url\":\"https:\\\/\\\/www.lawebradio.com\\\/news\\\/wp-content\\\/uploads\\\/2025\\\/02\\\/27022025-02.jpg\",\"contentUrl\":\"https:\\\/\\\/www.lawebradio.com\\\/news\\\/wp-content\\\/uploads\\\/2025\\\/02\\\/27022025-02.jpg\",\"width\":725,\"height\":350},{\"@type\":\"WebSite\",\"@id\":\"https:\\\/\\\/www.lawebradio.com\\\/news\\\/#website\",\"url\":\"https:\\\/\\\/www.lawebradio.com\\\/news\\\/\",\"name\":\"Lawebradio.com - Actualit\u00e9s des radios digitales\",\"description\":\"\",\"publisher\":{\"@id\":\"https:\\\/\\\/www.lawebradio.com\\\/news\\\/#organization\"},\"potentialAction\":[{\"@type\":\"SearchAction\",\"target\":{\"@type\":\"EntryPoint\",\"urlTemplate\":\"https:\\\/\\\/www.lawebradio.com\\\/news\\\/?s={search_term_string}\"},\"query-input\":{\"@type\":\"PropertyValueSpecification\",\"valueRequired\":true,\"valueName\":\"search_term_string\"}}],\"inLanguage\":\"fr-FR\"},{\"@type\":\"Organization\",\"@id\":\"https:\\\/\\\/www.lawebradio.com\\\/news\\\/#organization\",\"name\":\"Lawebradio.com - Actualit\u00e9s des radios digitales\",\"url\":\"https:\\\/\\\/www.lawebradio.com\\\/news\\\/\",\"logo\":{\"@type\":\"ImageObject\",\"inLanguage\":\"fr-FR\",\"@id\":\"https:\\\/\\\/www.lawebradio.com\\\/news\\\/#\\\/schema\\\/logo\\\/image\\\/\",\"url\":\"https:\\\/\\\/www.lawebradio.com\\\/news\\\/wp-content\\\/uploads\\\/2020\\\/10\\\/logo2020.png\",\"contentUrl\":\"https:\\\/\\\/www.lawebradio.com\\\/news\\\/wp-content\\\/uploads\\\/2020\\\/10\\\/logo2020.png\",\"width\":254,\"height\":43,\"caption\":\"Lawebradio.com - Actualit\u00e9s des radios digitales\"},\"image\":{\"@id\":\"https:\\\/\\\/www.lawebradio.com\\\/news\\\/#\\\/schema\\\/logo\\\/image\\\/\"}},{\"@type\":\"Person\",\"@id\":\"https:\\\/\\\/www.lawebradio.com\\\/news\\\/#\\\/schema\\\/person\\\/95fd11aee6e6cfe70a4b58b482103f1f\",\"name\":\"Julien Lecourbe\",\"image\":{\"@type\":\"ImageObject\",\"inLanguage\":\"fr-FR\",\"@id\":\"https:\\\/\\\/secure.gravatar.com\\\/avatar\\\/0d25a327c6e268d9730d9c0cbeeee0fea76f04c6cf9528c29e782ef324afc515?s=96&d=mm&r=g\",\"url\":\"https:\\\/\\\/secure.gravatar.com\\\/avatar\\\/0d25a327c6e268d9730d9c0cbeeee0fea76f04c6cf9528c29e782ef324afc515?s=96&d=mm&r=g\",\"contentUrl\":\"https:\\\/\\\/secure.gravatar.com\\\/avatar\\\/0d25a327c6e268d9730d9c0cbeeee0fea76f04c6cf9528c29e782ef324afc515?s=96&d=mm&r=g\",\"caption\":\"Julien Lecourbe\"},\"url\":\"https:\\\/\\\/www.lawebradio.com\\\/news\\\/author\\\/la-redaction\\\/\"}]}<\/script>\n<!-- \/ Yoast SEO plugin. -->","yoast_head_json":{"title":"ISEKOI Radio, un voyage sonore entre Terre et Univers - Lawebradio.com - Actualit\u00e9s des radios digitales","description":"ISEKOI Radio est une invitation \u00e0 la d\u00e9couverte, un voyage auditif \u00e0 travers les tendances et les sonorit\u00e9s \u00e9lectroniques du monde entier.","robots":{"index":"index","follow":"follow","max-snippet":"max-snippet:-1","max-image-preview":"max-image-preview:large","max-video-preview":"max-video-preview:-1"},"canonical":"https:\/\/www.lawebradio.com\/news\/isekoi-radio-un-voyage-sonore-entre-terre-et-univers\/","og_locale":"fr_FR","og_type":"article","og_title":"ISEKOI Radio, un voyage sonore entre Terre et Univers - Lawebradio.com - Actualit\u00e9s des radios digitales","og_description":"ISEKOI Radio est une invitation \u00e0 la d\u00e9couverte, un voyage auditif \u00e0 travers les tendances et les sonorit\u00e9s \u00e9lectroniques du monde entier.","og_url":"https:\/\/www.lawebradio.com\/news\/isekoi-radio-un-voyage-sonore-entre-terre-et-univers\/","og_site_name":"Lawebradio.com - Actualit\u00e9s des radios digitales","article_published_time":"2025-02-27T09:22:38+00:00","article_modified_time":"2025-03-01T13:40:17+00:00","og_image":[{"width":725,"height":350,"url":"https:\/\/www.lawebradio.com\/news\/wp-content\/uploads\/2025\/02\/27022025-02.jpg","type":"image\/jpeg"}],"author":"Julien Lecourbe","twitter_misc":{"\u00c9crit par":"Julien Lecourbe","Dur\u00e9e de lecture estim\u00e9e":"3 minutes"},"schema":{"@context":"https:\/\/schema.org","@graph":[{"@type":"Article","@id":"https:\/\/www.lawebradio.com\/news\/isekoi-radio-un-voyage-sonore-entre-terre-et-univers\/#article","isPartOf":{"@id":"https:\/\/www.lawebradio.com\/news\/isekoi-radio-un-voyage-sonore-entre-terre-et-univers\/"},"author":{"name":"Julien Lecourbe","@id":"https:\/\/www.lawebradio.com\/news\/#\/schema\/person\/95fd11aee6e6cfe70a4b58b482103f1f"},"headline":"ISEKOI Radio, un voyage sonore entre Terre et Univers","datePublished":"2025-02-27T09:22:38+00:00","dateModified":"2025-03-01T13:40:17+00:00","mainEntityOfPage":{"@id":"https:\/\/www.lawebradio.com\/news\/isekoi-radio-un-voyage-sonore-entre-terre-et-univers\/"},"wordCount":547,"publisher":{"@id":"https:\/\/www.lawebradio.com\/news\/#organization"},"image":{"@id":"https:\/\/www.lawebradio.com\/news\/isekoi-radio-un-voyage-sonore-entre-terre-et-univers\/#primaryimage"},"thumbnailUrl":"https:\/\/www.lawebradio.com\/news\/wp-content\/uploads\/2025\/02\/27022025-02.jpg","articleSection":["Focus"],"inLanguage":"fr-FR"},{"@type":"WebPage","@id":"https:\/\/www.lawebradio.com\/news\/isekoi-radio-un-voyage-sonore-entre-terre-et-univers\/","url":"https:\/\/www.lawebradio.com\/news\/isekoi-radio-un-voyage-sonore-entre-terre-et-univers\/","name":"ISEKOI Radio, un voyage sonore entre Terre et Univers - Lawebradio.com - Actualit\u00e9s des radios digitales","isPartOf":{"@id":"https:\/\/www.lawebradio.com\/news\/#website"},"primaryImageOfPage":{"@id":"https:\/\/www.lawebradio.com\/news\/isekoi-radio-un-voyage-sonore-entre-terre-et-univers\/#primaryimage"},"image":{"@id":"https:\/\/www.lawebradio.com\/news\/isekoi-radio-un-voyage-sonore-entre-terre-et-univers\/#primaryimage"},"thumbnailUrl":"https:\/\/www.lawebradio.com\/news\/wp-content\/uploads\/2025\/02\/27022025-02.jpg","datePublished":"2025-02-27T09:22:38+00:00","dateModified":"2025-03-01T13:40:17+00:00","description":"ISEKOI Radio est une invitation \u00e0 la d\u00e9couverte, un voyage auditif \u00e0 travers les tendances et les sonorit\u00e9s \u00e9lectroniques du monde entier.","inLanguage":"fr-FR","potentialAction":[{"@type":"ReadAction","target":["https:\/\/www.lawebradio.com\/news\/isekoi-radio-un-voyage-sonore-entre-terre-et-univers\/"]}]},{"@type":"ImageObject","inLanguage":"fr-FR","@id":"https:\/\/www.lawebradio.com\/news\/isekoi-radio-un-voyage-sonore-entre-terre-et-univers\/#primaryimage","url":"https:\/\/www.lawebradio.com\/news\/wp-content\/uploads\/2025\/02\/27022025-02.jpg","contentUrl":"https:\/\/www.lawebradio.com\/news\/wp-content\/uploads\/2025\/02\/27022025-02.jpg","width":725,"height":350},{"@type":"WebSite","@id":"https:\/\/www.lawebradio.com\/news\/#website","url":"https:\/\/www.lawebradio.com\/news\/","name":"Lawebradio.com - Actualit\u00e9s des radios digitales","description":"","publisher":{"@id":"https:\/\/www.lawebradio.com\/news\/#organization"},"potentialAction":[{"@type":"SearchAction","target":{"@type":"EntryPoint","urlTemplate":"https:\/\/www.lawebradio.com\/news\/?s={search_term_string}"},"query-input":{"@type":"PropertyValueSpecification","valueRequired":true,"valueName":"search_term_string"}}],"inLanguage":"fr-FR"},{"@type":"Organization","@id":"https:\/\/www.lawebradio.com\/news\/#organization","name":"Lawebradio.com - Actualit\u00e9s des radios digitales","url":"https:\/\/www.lawebradio.com\/news\/","logo":{"@type":"ImageObject","inLanguage":"fr-FR","@id":"https:\/\/www.lawebradio.com\/news\/#\/schema\/logo\/image\/","url":"https:\/\/www.lawebradio.com\/news\/wp-content\/uploads\/2020\/10\/logo2020.png","contentUrl":"https:\/\/www.lawebradio.com\/news\/wp-content\/uploads\/2020\/10\/logo2020.png","width":254,"height":43,"caption":"Lawebradio.com - Actualit\u00e9s des radios digitales"},"image":{"@id":"https:\/\/www.lawebradio.com\/news\/#\/schema\/logo\/image\/"}},{"@type":"Person","@id":"https:\/\/www.lawebradio.com\/news\/#\/schema\/person\/95fd11aee6e6cfe70a4b58b482103f1f","name":"Julien Lecourbe","image":{"@type":"ImageObject","inLanguage":"fr-FR","@id":"https:\/\/secure.gravatar.com\/avatar\/0d25a327c6e268d9730d9c0cbeeee0fea76f04c6cf9528c29e782ef324afc515?s=96&d=mm&r=g","url":"https:\/\/secure.gravatar.com\/avatar\/0d25a327c6e268d9730d9c0cbeeee0fea76f04c6cf9528c29e782ef324afc515?s=96&d=mm&r=g","contentUrl":"https:\/\/secure.gravatar.com\/avatar\/0d25a327c6e268d9730d9c0cbeeee0fea76f04c6cf9528c29e782ef324afc515?s=96&d=mm&r=g","caption":"Julien Lecourbe"},"url":"https:\/\/www.lawebradio.com\/news\/author\/la-redaction\/"}]}},"_links":{"self":[{"href":"https:\/\/www.lawebradio.com\/news\/wp-json\/wp\/v2\/posts\/8905","targetHints":{"allow":["GET"]}}],"collection":[{"href":"https:\/\/www.lawebradio.com\/news\/wp-json\/wp\/v2\/posts"}],"about":[{"href":"https:\/\/www.lawebradio.com\/news\/wp-json\/wp\/v2\/types\/post"}],"author":[{"embeddable":true,"href":"https:\/\/www.lawebradio.com\/news\/wp-json\/wp\/v2\/users\/3"}],"replies":[{"embeddable":true,"href":"https:\/\/www.lawebradio.com\/news\/wp-json\/wp\/v2\/comments?post=8905"}],"version-history":[{"count":11,"href":"https:\/\/www.lawebradio.com\/news\/wp-json\/wp\/v2\/posts\/8905\/revisions"}],"predecessor-version":[{"id":8923,"href":"https:\/\/www.lawebradio.com\/news\/wp-json\/wp\/v2\/posts\/8905\/revisions\/8923"}],"wp:featuredmedia":[{"embeddable":true,"href":"https:\/\/www.lawebradio.com\/news\/wp-json\/wp\/v2\/media\/8931"}],"wp:attachment":[{"href":"https:\/\/www.lawebradio.com\/news\/wp-json\/wp\/v2\/media?parent=8905"}],"wp:term":[{"taxonomy":"category","embeddable":true,"href":"https:\/\/www.lawebradio.com\/news\/wp-json\/wp\/v2\/categories?post=8905"},{"taxonomy":"post_tag","embeddable":true,"href":"https:\/\/www.lawebradio.com\/news\/wp-json\/wp\/v2\/tags?post=8905"}],"curies":[{"name":"wp","href":"https:\/\/api.w.org\/{rel}","templated":true}]}}