{"id":8898,"date":"2025-02-25T08:16:25","date_gmt":"2025-02-25T07:16:25","guid":{"rendered":"https:\/\/www.lawebradio.com\/news\/?p=8898"},"modified":"2025-05-14T08:00:47","modified_gmt":"2025-05-14T07:00:47","slug":"comment-la-radio-devient-un-atout-pour-les-marques-de-luxe","status":"publish","type":"post","link":"https:\/\/www.lawebradio.com\/news\/comment-la-radio-devient-un-atout-pour-les-marques-de-luxe\/","title":{"rendered":"Comment la radio devient un atout pour les marques de luxe"},"content":{"rendered":"<p>[et_pb_section fb_built=\u00a0\u00bb1&Prime; _builder_version=\u00a0\u00bb4.6.5&Prime; _module_preset=\u00a0\u00bbdefault\u00a0\u00bb][et_pb_row _builder_version=\u00a0\u00bb4.6.5&Prime; _module_preset=\u00a0\u00bbdefault\u00a0\u00bb][et_pb_column type=\u00a0\u00bb4_4&Prime; _builder_version=\u00a0\u00bb4.6.5&Prime; _module_preset=\u00a0\u00bbdefault\u00a0\u00bb][et_pb_text _builder_version=\u00a0\u00bb4.8.0&Prime; _module_preset=\u00a0\u00bbdefault\u00a0\u00bb header_3_font_size=\u00a0\u00bb21px\u00a0\u00bb header_3_line_height=\u00a0\u00bb1.4em\u00a0\u00bb hover_enabled=\u00a0\u00bb0&Prime; sticky_enabled=\u00a0\u00bb0&Prime;]<\/p>\n<p><strong>Les consommateurs am\u00e9ricains fortun\u00e9s ont un impact majeur sur l&rsquo;\u00e9conomie et influencent de nombreux secteurs. Jusqu&rsquo;\u00e0 pr\u00e9sent, les marques de luxe misaient surtout sur la presse et la t\u00e9l\u00e9vision pour les toucher, en s\u2019adressant \u00e0 leurs centres d\u2019int\u00e9r\u00eat comme les voyages, la finance, la gastronomie ou encore les sports \u00e9litistes tels que le tennis et le golf.<\/strong><\/p>\n<p>Mais une r\u00e9cente \u00e9tude de Katz, bas\u00e9e sur les donn\u00e9es de MRI-Simmons, met en lumi\u00e8re un canal souvent sous-estim\u00e9 : la radio. Contrairement aux id\u00e9es re\u00e7ues, elle attire aussi une audience ais\u00e9e et d\u00e9pensi\u00e8re, tous secteurs confondus.<\/p>\n<h3 class=\"western\">L<strong>es <\/strong><strong>f<\/strong><strong>ormats <\/strong><strong>r<\/strong><strong>adio qui <\/strong><strong>a<\/strong><strong>ttirent les <\/strong><strong>c<\/strong><strong>onsommateurs les <\/strong><strong>p<\/strong><strong>lus <\/strong><strong>r<\/strong><strong>iches<\/strong><\/h3>\n<p>Pour comprendre les pr\u00e9f\u00e9rences des Am\u00e9ricains les plus ais\u00e9s, Katz a analys\u00e9 les m\u00e9dias qu&rsquo;ils consomment le plus : radio, t\u00e9l\u00e9vision, presse \u00e9crite et magazines. L\u2019aisance financi\u00e8re ne se mesure pas uniquement au revenu annuel, mais aussi \u00e0 la valeur nette des m\u00e9nages, qui inclut les actifs financiers et immobiliers. Aux \u00c9tats-Unis, cette valeur nette moyenne s&rsquo;\u00e9l\u00e8ve \u00e0 418 000 dollars.<\/p>\n<p>Les r\u00e9sultats sont surprenants : parmi les 50 m\u00e9dias les plus pris\u00e9s par les consommateurs \u00e0 haut pouvoir d\u2019achat, plusieurs formats radio rivalisent avec les cha\u00eenes et publications les plus prestigieuses. En particulier, les stations de musique classique et d\u2019information en continu surpassent m\u00eame des m\u00e9dias reconnus comme The Atlantic, Golf Channel ou Fox Business Network. Les auditeurs de musique alternative sont plus fortun\u00e9s que les lecteurs de The New Yorker, et ceux qui \u00e9coutent les stations Soft AC d\u00e9passent m\u00eame les fid\u00e8les de The Economist.<\/p>\n<h3 class=\"western\">Des auditeurs qui d\u00e9pensent sans compter<\/h3>\n<p>Au-del\u00e0 de leur niveau de richesse, ces auditeurs se distinguent aussi par leurs habitudes de consommation. L\u2019\u00e9tude r\u00e9v\u00e8le qu\u2019ils d\u00e9pensent plus que la moyenne des Am\u00e9ricains dans presque toutes les cat\u00e9gories.<\/p>\n<p>Leurs principaux postes de d\u00e9penses ? Le voyage, la technologie, la gastronomie, les bijoux de luxe, la maroquinerie haut de gamme et m\u00eame l\u2019argenterie. Les voyages, en particulier, sont un poste de d\u00e9pense incontournable pour ces auditeurs, notamment ceux qui \u00e9coutent des stations d\u2019actualit\u00e9, de musique classique ou de sport.<\/p>\n<p>Mais leurs achats ne se limitent pas au luxe. Ils investissent aussi largement dans des services et produits du quotidien : restaurants, entretien automobile, jardinage, soins v\u00e9t\u00e9rinaires et m\u00eame les fleuristes.<\/p>\n<h3 class=\"western\">Une opportunit\u00e9 en or pour les marques<\/h3>\n<p>Certaines stations de radio attirent naturellement une audience tr\u00e8s ais\u00e9e, ce qui en fait des supports de choix pour les annonceurs ciblant ce public. Mais ce qui est encore plus int\u00e9ressant, c&rsquo;est que les consommateurs \u00e0 fort pouvoir d&rsquo;achat sont \u00e0 l\u2019\u00e9coute de nombreux formats radio, bien au-del\u00e0 des stations \u00e9litistes.<\/p>\n<p>Autrement dit, peu importe sur quelle fr\u00e9quence ils tombent, ces auditeurs ont les moyens et l\u2019envie de consommer. Les marques avis\u00e9es auraient donc tout int\u00e9r\u00eat \u00e0 investir dans la publicit\u00e9 radio AM\/FM pour capter cette audience pr\u00e9cieuse.<\/p>\n<p><strong>\u2022 <\/strong><a href=\"https:\/\/insights.katzradiogroup.com\/sound-answers-108-radio-delivers-affluent-consumers?\" target=\"_blank\" rel=\"noopener\"><strong>En savoir plus &gt;&gt;<\/strong><\/a><\/p>\n<p>[\/et_pb_text][\/et_pb_column][\/et_pb_row][\/et_pb_section]<\/p>\n","protected":false},"excerpt":{"rendered":"<p>[et_pb_section fb_built=\u00a0\u00bb1&Prime; _builder_version=\u00a0\u00bb4.6.5&Prime; _module_preset=\u00a0\u00bbdefault\u00a0\u00bb][et_pb_row _builder_version=\u00a0\u00bb4.6.5&Prime; _module_preset=\u00a0\u00bbdefault\u00a0\u00bb][et_pb_column type=\u00a0\u00bb4_4&Prime; _builder_version=\u00a0\u00bb4.6.5&Prime; _module_preset=\u00a0\u00bbdefault\u00a0\u00bb][et_pb_text _builder_version=\u00a0\u00bb4.8.0&Prime; _module_preset=\u00a0\u00bbdefault\u00a0\u00bb header_3_font_size=\u00a0\u00bb21px\u00a0\u00bb header_3_line_height=\u00a0\u00bb1.4em\u00a0\u00bb hover_enabled=\u00a0\u00bb0&Prime; sticky_enabled=\u00a0\u00bb0&Prime;] Les consommateurs am\u00e9ricains fortun\u00e9s ont un impact majeur sur l&rsquo;\u00e9conomie et influencent de nombreux secteurs. Jusqu&rsquo;\u00e0 pr\u00e9sent, les marques de luxe misaient surtout sur la presse et la t\u00e9l\u00e9vision pour les toucher, en s\u2019adressant \u00e0 leurs centres d\u2019int\u00e9r\u00eat comme les [&hellip;]<\/p>\n","protected":false},"author":2,"featured_media":8899,"comment_status":"closed","ping_status":"closed","sticky":false,"template":"","format":"standard","meta":{"_et_pb_use_builder":"on","_et_pb_old_content":"","_et_gb_content_width":"","footnotes":""},"categories":[12],"tags":[],"class_list":["post-8898","post","type-post","status-publish","format-standard","has-post-thumbnail","hentry","category-revue","et-has-post-format-content","et_post_format-et-post-format-standard"],"yoast_head":"<!-- This site is optimized with the Yoast SEO plugin v27.5 - https:\/\/yoast.com\/product\/yoast-seo-wordpress\/ -->\n<title>Comment la radio devient un atout pour les marques de luxe - Lawebradio.com - Actualit\u00e9s des radios digitales<\/title>\n<meta name=\"description\" content=\"Katz a \u00e9tudi\u00e9 les pr\u00e9f\u00e9rences des Am\u00e9ricains ais\u00e9s en mati\u00e8re de m\u00e9dias traditionnels, en se concentrant sur leurs formats de radio...\" \/>\n<meta name=\"robots\" content=\"index, follow, max-snippet:-1, max-image-preview:large, max-video-preview:-1\" \/>\n<link rel=\"canonical\" href=\"https:\/\/www.lawebradio.com\/news\/comment-la-radio-devient-un-atout-pour-les-marques-de-luxe\/\" \/>\n<meta property=\"og:locale\" content=\"fr_FR\" \/>\n<meta property=\"og:type\" content=\"article\" \/>\n<meta property=\"og:title\" content=\"Comment la radio devient un atout pour les marques de luxe - Lawebradio.com - Actualit\u00e9s des radios digitales\" \/>\n<meta property=\"og:description\" content=\"Katz a \u00e9tudi\u00e9 les pr\u00e9f\u00e9rences des Am\u00e9ricains ais\u00e9s en mati\u00e8re de m\u00e9dias traditionnels, en se concentrant sur leurs formats de radio...\" \/>\n<meta property=\"og:url\" content=\"https:\/\/www.lawebradio.com\/news\/comment-la-radio-devient-un-atout-pour-les-marques-de-luxe\/\" \/>\n<meta property=\"og:site_name\" content=\"Lawebradio.com - Actualit\u00e9s des radios digitales\" \/>\n<meta property=\"article:published_time\" content=\"2025-02-25T07:16:25+00:00\" \/>\n<meta property=\"article:modified_time\" content=\"2025-05-14T07:00:47+00:00\" \/>\n<meta property=\"og:image\" content=\"https:\/\/www.lawebradio.com\/news\/wp-content\/uploads\/2025\/02\/ima25022025.jpg\" \/>\n\t<meta property=\"og:image:width\" content=\"725\" \/>\n\t<meta property=\"og:image:height\" content=\"350\" \/>\n\t<meta property=\"og:image:type\" content=\"image\/jpeg\" \/>\n<meta name=\"author\" content=\"Thomas Renaud\" \/>\n<meta name=\"twitter:label1\" content=\"\u00c9crit par\" \/>\n\t<meta name=\"twitter:data1\" content=\"Thomas Renaud\" \/>\n\t<meta name=\"twitter:label2\" content=\"Dur\u00e9e de lecture estim\u00e9e\" \/>\n\t<meta name=\"twitter:data2\" content=\"3 minutes\" \/>\n<script type=\"application\/ld+json\" class=\"yoast-schema-graph\">{\"@context\":\"https:\\\/\\\/schema.org\",\"@graph\":[{\"@type\":\"Article\",\"@id\":\"https:\\\/\\\/www.lawebradio.com\\\/news\\\/comment-la-radio-devient-un-atout-pour-les-marques-de-luxe\\\/#article\",\"isPartOf\":{\"@id\":\"https:\\\/\\\/www.lawebradio.com\\\/news\\\/comment-la-radio-devient-un-atout-pour-les-marques-de-luxe\\\/\"},\"author\":{\"name\":\"Thomas Renaud\",\"@id\":\"https:\\\/\\\/www.lawebradio.com\\\/news\\\/#\\\/schema\\\/person\\\/bc69f5fc3cfaf8f01edc3db43f10f1b6\"},\"headline\":\"Comment la radio devient un atout pour les marques de luxe\",\"datePublished\":\"2025-02-25T07:16:25+00:00\",\"dateModified\":\"2025-05-14T07:00:47+00:00\",\"mainEntityOfPage\":{\"@id\":\"https:\\\/\\\/www.lawebradio.com\\\/news\\\/comment-la-radio-devient-un-atout-pour-les-marques-de-luxe\\\/\"},\"wordCount\":603,\"publisher\":{\"@id\":\"https:\\\/\\\/www.lawebradio.com\\\/news\\\/#organization\"},\"image\":{\"@id\":\"https:\\\/\\\/www.lawebradio.com\\\/news\\\/comment-la-radio-devient-un-atout-pour-les-marques-de-luxe\\\/#primaryimage\"},\"thumbnailUrl\":\"https:\\\/\\\/www.lawebradio.com\\\/news\\\/wp-content\\\/uploads\\\/2025\\\/02\\\/ima25022025.jpg\",\"articleSection\":[\"Revue de Presse\"],\"inLanguage\":\"fr-FR\"},{\"@type\":\"WebPage\",\"@id\":\"https:\\\/\\\/www.lawebradio.com\\\/news\\\/comment-la-radio-devient-un-atout-pour-les-marques-de-luxe\\\/\",\"url\":\"https:\\\/\\\/www.lawebradio.com\\\/news\\\/comment-la-radio-devient-un-atout-pour-les-marques-de-luxe\\\/\",\"name\":\"Comment la radio devient un atout pour les marques de luxe - Lawebradio.com - Actualit\u00e9s des radios digitales\",\"isPartOf\":{\"@id\":\"https:\\\/\\\/www.lawebradio.com\\\/news\\\/#website\"},\"primaryImageOfPage\":{\"@id\":\"https:\\\/\\\/www.lawebradio.com\\\/news\\\/comment-la-radio-devient-un-atout-pour-les-marques-de-luxe\\\/#primaryimage\"},\"image\":{\"@id\":\"https:\\\/\\\/www.lawebradio.com\\\/news\\\/comment-la-radio-devient-un-atout-pour-les-marques-de-luxe\\\/#primaryimage\"},\"thumbnailUrl\":\"https:\\\/\\\/www.lawebradio.com\\\/news\\\/wp-content\\\/uploads\\\/2025\\\/02\\\/ima25022025.jpg\",\"datePublished\":\"2025-02-25T07:16:25+00:00\",\"dateModified\":\"2025-05-14T07:00:47+00:00\",\"description\":\"Katz a \u00e9tudi\u00e9 les pr\u00e9f\u00e9rences des Am\u00e9ricains ais\u00e9s en mati\u00e8re de m\u00e9dias traditionnels, en se concentrant sur leurs formats de radio...\",\"inLanguage\":\"fr-FR\",\"potentialAction\":[{\"@type\":\"ReadAction\",\"target\":[\"https:\\\/\\\/www.lawebradio.com\\\/news\\\/comment-la-radio-devient-un-atout-pour-les-marques-de-luxe\\\/\"]}]},{\"@type\":\"ImageObject\",\"inLanguage\":\"fr-FR\",\"@id\":\"https:\\\/\\\/www.lawebradio.com\\\/news\\\/comment-la-radio-devient-un-atout-pour-les-marques-de-luxe\\\/#primaryimage\",\"url\":\"https:\\\/\\\/www.lawebradio.com\\\/news\\\/wp-content\\\/uploads\\\/2025\\\/02\\\/ima25022025.jpg\",\"contentUrl\":\"https:\\\/\\\/www.lawebradio.com\\\/news\\\/wp-content\\\/uploads\\\/2025\\\/02\\\/ima25022025.jpg\",\"width\":725,\"height\":350},{\"@type\":\"WebSite\",\"@id\":\"https:\\\/\\\/www.lawebradio.com\\\/news\\\/#website\",\"url\":\"https:\\\/\\\/www.lawebradio.com\\\/news\\\/\",\"name\":\"Lawebradio.com - Actualit\u00e9s des radios digitales\",\"description\":\"\",\"publisher\":{\"@id\":\"https:\\\/\\\/www.lawebradio.com\\\/news\\\/#organization\"},\"potentialAction\":[{\"@type\":\"SearchAction\",\"target\":{\"@type\":\"EntryPoint\",\"urlTemplate\":\"https:\\\/\\\/www.lawebradio.com\\\/news\\\/?s={search_term_string}\"},\"query-input\":{\"@type\":\"PropertyValueSpecification\",\"valueRequired\":true,\"valueName\":\"search_term_string\"}}],\"inLanguage\":\"fr-FR\"},{\"@type\":\"Organization\",\"@id\":\"https:\\\/\\\/www.lawebradio.com\\\/news\\\/#organization\",\"name\":\"Lawebradio.com - Actualit\u00e9s des radios digitales\",\"url\":\"https:\\\/\\\/www.lawebradio.com\\\/news\\\/\",\"logo\":{\"@type\":\"ImageObject\",\"inLanguage\":\"fr-FR\",\"@id\":\"https:\\\/\\\/www.lawebradio.com\\\/news\\\/#\\\/schema\\\/logo\\\/image\\\/\",\"url\":\"https:\\\/\\\/www.lawebradio.com\\\/news\\\/wp-content\\\/uploads\\\/2020\\\/10\\\/logo2020.png\",\"contentUrl\":\"https:\\\/\\\/www.lawebradio.com\\\/news\\\/wp-content\\\/uploads\\\/2020\\\/10\\\/logo2020.png\",\"width\":254,\"height\":43,\"caption\":\"Lawebradio.com - Actualit\u00e9s des radios digitales\"},\"image\":{\"@id\":\"https:\\\/\\\/www.lawebradio.com\\\/news\\\/#\\\/schema\\\/logo\\\/image\\\/\"}},{\"@type\":\"Person\",\"@id\":\"https:\\\/\\\/www.lawebradio.com\\\/news\\\/#\\\/schema\\\/person\\\/bc69f5fc3cfaf8f01edc3db43f10f1b6\",\"name\":\"Thomas Renaud\",\"image\":{\"@type\":\"ImageObject\",\"inLanguage\":\"fr-FR\",\"@id\":\"https:\\\/\\\/secure.gravatar.com\\\/avatar\\\/24b834e6dacf15dee888f8bbef435cf6307a4b8b6f23d7a4e7b42d8838eb1595?s=96&d=mm&r=g\",\"url\":\"https:\\\/\\\/secure.gravatar.com\\\/avatar\\\/24b834e6dacf15dee888f8bbef435cf6307a4b8b6f23d7a4e7b42d8838eb1595?s=96&d=mm&r=g\",\"contentUrl\":\"https:\\\/\\\/secure.gravatar.com\\\/avatar\\\/24b834e6dacf15dee888f8bbef435cf6307a4b8b6f23d7a4e7b42d8838eb1595?s=96&d=mm&r=g\",\"caption\":\"Thomas Renaud\"},\"url\":\"https:\\\/\\\/www.lawebradio.com\\\/news\\\/author\\\/fg2-newschef\\\/\"}]}<\/script>\n<!-- \/ Yoast SEO plugin. -->","yoast_head_json":{"title":"Comment la radio devient un atout pour les marques de luxe - Lawebradio.com - Actualit\u00e9s des radios digitales","description":"Katz a \u00e9tudi\u00e9 les pr\u00e9f\u00e9rences des Am\u00e9ricains ais\u00e9s en mati\u00e8re de m\u00e9dias traditionnels, en se concentrant sur leurs formats de radio...","robots":{"index":"index","follow":"follow","max-snippet":"max-snippet:-1","max-image-preview":"max-image-preview:large","max-video-preview":"max-video-preview:-1"},"canonical":"https:\/\/www.lawebradio.com\/news\/comment-la-radio-devient-un-atout-pour-les-marques-de-luxe\/","og_locale":"fr_FR","og_type":"article","og_title":"Comment la radio devient un atout pour les marques de luxe - Lawebradio.com - Actualit\u00e9s des radios digitales","og_description":"Katz a \u00e9tudi\u00e9 les pr\u00e9f\u00e9rences des Am\u00e9ricains ais\u00e9s en mati\u00e8re de m\u00e9dias traditionnels, en se concentrant sur leurs formats de radio...","og_url":"https:\/\/www.lawebradio.com\/news\/comment-la-radio-devient-un-atout-pour-les-marques-de-luxe\/","og_site_name":"Lawebradio.com - Actualit\u00e9s des radios digitales","article_published_time":"2025-02-25T07:16:25+00:00","article_modified_time":"2025-05-14T07:00:47+00:00","og_image":[{"width":725,"height":350,"url":"https:\/\/www.lawebradio.com\/news\/wp-content\/uploads\/2025\/02\/ima25022025.jpg","type":"image\/jpeg"}],"author":"Thomas Renaud","twitter_misc":{"\u00c9crit par":"Thomas Renaud","Dur\u00e9e de lecture estim\u00e9e":"3 minutes"},"schema":{"@context":"https:\/\/schema.org","@graph":[{"@type":"Article","@id":"https:\/\/www.lawebradio.com\/news\/comment-la-radio-devient-un-atout-pour-les-marques-de-luxe\/#article","isPartOf":{"@id":"https:\/\/www.lawebradio.com\/news\/comment-la-radio-devient-un-atout-pour-les-marques-de-luxe\/"},"author":{"name":"Thomas Renaud","@id":"https:\/\/www.lawebradio.com\/news\/#\/schema\/person\/bc69f5fc3cfaf8f01edc3db43f10f1b6"},"headline":"Comment la radio devient un atout pour les marques de luxe","datePublished":"2025-02-25T07:16:25+00:00","dateModified":"2025-05-14T07:00:47+00:00","mainEntityOfPage":{"@id":"https:\/\/www.lawebradio.com\/news\/comment-la-radio-devient-un-atout-pour-les-marques-de-luxe\/"},"wordCount":603,"publisher":{"@id":"https:\/\/www.lawebradio.com\/news\/#organization"},"image":{"@id":"https:\/\/www.lawebradio.com\/news\/comment-la-radio-devient-un-atout-pour-les-marques-de-luxe\/#primaryimage"},"thumbnailUrl":"https:\/\/www.lawebradio.com\/news\/wp-content\/uploads\/2025\/02\/ima25022025.jpg","articleSection":["Revue de Presse"],"inLanguage":"fr-FR"},{"@type":"WebPage","@id":"https:\/\/www.lawebradio.com\/news\/comment-la-radio-devient-un-atout-pour-les-marques-de-luxe\/","url":"https:\/\/www.lawebradio.com\/news\/comment-la-radio-devient-un-atout-pour-les-marques-de-luxe\/","name":"Comment la radio devient un atout pour les marques de luxe - Lawebradio.com - Actualit\u00e9s des radios digitales","isPartOf":{"@id":"https:\/\/www.lawebradio.com\/news\/#website"},"primaryImageOfPage":{"@id":"https:\/\/www.lawebradio.com\/news\/comment-la-radio-devient-un-atout-pour-les-marques-de-luxe\/#primaryimage"},"image":{"@id":"https:\/\/www.lawebradio.com\/news\/comment-la-radio-devient-un-atout-pour-les-marques-de-luxe\/#primaryimage"},"thumbnailUrl":"https:\/\/www.lawebradio.com\/news\/wp-content\/uploads\/2025\/02\/ima25022025.jpg","datePublished":"2025-02-25T07:16:25+00:00","dateModified":"2025-05-14T07:00:47+00:00","description":"Katz a \u00e9tudi\u00e9 les pr\u00e9f\u00e9rences des Am\u00e9ricains ais\u00e9s en mati\u00e8re de m\u00e9dias traditionnels, en se concentrant sur leurs formats de radio...","inLanguage":"fr-FR","potentialAction":[{"@type":"ReadAction","target":["https:\/\/www.lawebradio.com\/news\/comment-la-radio-devient-un-atout-pour-les-marques-de-luxe\/"]}]},{"@type":"ImageObject","inLanguage":"fr-FR","@id":"https:\/\/www.lawebradio.com\/news\/comment-la-radio-devient-un-atout-pour-les-marques-de-luxe\/#primaryimage","url":"https:\/\/www.lawebradio.com\/news\/wp-content\/uploads\/2025\/02\/ima25022025.jpg","contentUrl":"https:\/\/www.lawebradio.com\/news\/wp-content\/uploads\/2025\/02\/ima25022025.jpg","width":725,"height":350},{"@type":"WebSite","@id":"https:\/\/www.lawebradio.com\/news\/#website","url":"https:\/\/www.lawebradio.com\/news\/","name":"Lawebradio.com - Actualit\u00e9s des radios digitales","description":"","publisher":{"@id":"https:\/\/www.lawebradio.com\/news\/#organization"},"potentialAction":[{"@type":"SearchAction","target":{"@type":"EntryPoint","urlTemplate":"https:\/\/www.lawebradio.com\/news\/?s={search_term_string}"},"query-input":{"@type":"PropertyValueSpecification","valueRequired":true,"valueName":"search_term_string"}}],"inLanguage":"fr-FR"},{"@type":"Organization","@id":"https:\/\/www.lawebradio.com\/news\/#organization","name":"Lawebradio.com - Actualit\u00e9s des radios digitales","url":"https:\/\/www.lawebradio.com\/news\/","logo":{"@type":"ImageObject","inLanguage":"fr-FR","@id":"https:\/\/www.lawebradio.com\/news\/#\/schema\/logo\/image\/","url":"https:\/\/www.lawebradio.com\/news\/wp-content\/uploads\/2020\/10\/logo2020.png","contentUrl":"https:\/\/www.lawebradio.com\/news\/wp-content\/uploads\/2020\/10\/logo2020.png","width":254,"height":43,"caption":"Lawebradio.com - Actualit\u00e9s des radios digitales"},"image":{"@id":"https:\/\/www.lawebradio.com\/news\/#\/schema\/logo\/image\/"}},{"@type":"Person","@id":"https:\/\/www.lawebradio.com\/news\/#\/schema\/person\/bc69f5fc3cfaf8f01edc3db43f10f1b6","name":"Thomas Renaud","image":{"@type":"ImageObject","inLanguage":"fr-FR","@id":"https:\/\/secure.gravatar.com\/avatar\/24b834e6dacf15dee888f8bbef435cf6307a4b8b6f23d7a4e7b42d8838eb1595?s=96&d=mm&r=g","url":"https:\/\/secure.gravatar.com\/avatar\/24b834e6dacf15dee888f8bbef435cf6307a4b8b6f23d7a4e7b42d8838eb1595?s=96&d=mm&r=g","contentUrl":"https:\/\/secure.gravatar.com\/avatar\/24b834e6dacf15dee888f8bbef435cf6307a4b8b6f23d7a4e7b42d8838eb1595?s=96&d=mm&r=g","caption":"Thomas Renaud"},"url":"https:\/\/www.lawebradio.com\/news\/author\/fg2-newschef\/"}]}},"_links":{"self":[{"href":"https:\/\/www.lawebradio.com\/news\/wp-json\/wp\/v2\/posts\/8898","targetHints":{"allow":["GET"]}}],"collection":[{"href":"https:\/\/www.lawebradio.com\/news\/wp-json\/wp\/v2\/posts"}],"about":[{"href":"https:\/\/www.lawebradio.com\/news\/wp-json\/wp\/v2\/types\/post"}],"author":[{"embeddable":true,"href":"https:\/\/www.lawebradio.com\/news\/wp-json\/wp\/v2\/users\/2"}],"replies":[{"embeddable":true,"href":"https:\/\/www.lawebradio.com\/news\/wp-json\/wp\/v2\/comments?post=8898"}],"version-history":[{"count":3,"href":"https:\/\/www.lawebradio.com\/news\/wp-json\/wp\/v2\/posts\/8898\/revisions"}],"predecessor-version":[{"id":8904,"href":"https:\/\/www.lawebradio.com\/news\/wp-json\/wp\/v2\/posts\/8898\/revisions\/8904"}],"wp:featuredmedia":[{"embeddable":true,"href":"https:\/\/www.lawebradio.com\/news\/wp-json\/wp\/v2\/media\/8899"}],"wp:attachment":[{"href":"https:\/\/www.lawebradio.com\/news\/wp-json\/wp\/v2\/media?parent=8898"}],"wp:term":[{"taxonomy":"category","embeddable":true,"href":"https:\/\/www.lawebradio.com\/news\/wp-json\/wp\/v2\/categories?post=8898"},{"taxonomy":"post_tag","embeddable":true,"href":"https:\/\/www.lawebradio.com\/news\/wp-json\/wp\/v2\/tags?post=8898"}],"curies":[{"name":"wp","href":"https:\/\/api.w.org\/{rel}","templated":true}]}}