{"id":8887,"date":"2025-02-19T07:08:10","date_gmt":"2025-02-19T06:08:10","guid":{"rendered":"https:\/\/www.lawebradio.com\/news\/?p=8887"},"modified":"2025-05-14T08:00:47","modified_gmt":"2025-05-14T07:00:47","slug":"la-webradio-ephemere-pour-promouvoir-un-film-un-service-ou-une-marque","status":"publish","type":"post","link":"https:\/\/www.lawebradio.com\/news\/la-webradio-ephemere-pour-promouvoir-un-film-un-service-ou-une-marque\/","title":{"rendered":"La webradio \u00e9ph\u00e9m\u00e8re pour promouvoir un film, un service ou une marque"},"content":{"rendered":"<p>[et_pb_section fb_built=\u00a0\u00bb1&Prime; _builder_version=\u00a0\u00bb4.6.5&Prime; _module_preset=\u00a0\u00bbdefault\u00a0\u00bb][et_pb_row _builder_version=\u00a0\u00bb4.6.5&Prime; _module_preset=\u00a0\u00bbdefault\u00a0\u00bb][et_pb_column type=\u00a0\u00bb4_4&Prime; _builder_version=\u00a0\u00bb4.6.5&Prime; _module_preset=\u00a0\u00bbdefault\u00a0\u00bb][et_pb_text _builder_version=\u00a0\u00bb4.8.0&Prime; _module_preset=\u00a0\u00bbdefault\u00a0\u00bb header_3_font_size=\u00a0\u00bb21px\u00a0\u00bb header_3_line_height=\u00a0\u00bb1.4em\u00a0\u00bb]<\/p>\n<p><strong>Dans un monde o\u00f9 la communication digitale est reine, les entreprises et les cr\u00e9ateurs cherchent sans cesse des moyens innovants pour capter l&rsquo;attention de leur public. La webradio \u00e9ph\u00e9m\u00e8re se pr\u00e9sente comme un outil puissant et immersif pour promouvoir un film, un service ou une marque.<\/strong><\/p>\n<p><strong>Bridget Jones Radio<\/strong> illustre parfaitement ce potentiel. Lanc\u00e9e pour accompagner la sortie d\u2019un nouveau chapitre de la franchise, cette station temporaire a propos\u00e9 une programmation continue, m\u00ealant musique, interviews exclusives et discussions inspir\u00e9es de l\u2019univers de Bridget Jones. Anim\u00e9e par des figures populaires de la radio britannique, elle a su cr\u00e9er une exp\u00e9rience immersive en capturant l\u2019esprit du personnage et en engageant directement les fans. Int\u00e9gr\u00e9e dans une campagne marketing multicanal avec <strong>Universal Pictures<\/strong>, elle a b\u00e9n\u00e9fici\u00e9 d\u2019une forte visibilit\u00e9 gr\u00e2ce \u00e0 des partenariats strat\u00e9giques avec <strong>Magic Radio<\/strong> et <strong>Hits Radio Network<\/strong>, des activations sp\u00e9ciales pour la Saint-Valentin et une pr\u00e9sence sur les r\u00e9seaux sociaux. En associant divertissement et interaction, Bridget Jones Radio d\u00e9montre comment une station temporaire peut renforcer l\u2019engagement du public et dynamiser la promotion d\u2019un \u00e9v\u00e9nement culturel ou commercial.<\/p>\n<h3 class=\"western\">Une exp\u00e9rience immersive et engageante<\/h3>\n<p>Contrairement aux m\u00e9dias visuels comme les vid\u00e9os et les affiches publicitaires, la webradio sollicite principalement l&rsquo;ou\u00efe. Cette approche stimule l&rsquo;imaginaire et permet une connexion plus intime avec l&rsquo;audience. En proposant des \u00e9missions, des interviews exclusives, des making-of ou encore des playlists sur mesure, une marque ou un film peut cr\u00e9er un univers sonore unique qui captive les auditeurs et les incite \u00e0 en savoir plus.<\/p>\n<h3 class=\"western\">Une port\u00e9e large et accessible<\/h3>\n<p>La webradio est accessible partout dans le monde via une connexion Internet, ce qui permet de toucher un public large et diversifi\u00e9. De plus, elle peut \u00eatre \u00e9cout\u00e9e en multit\u00e2che : dans les transports, au travail ou \u00e0 domicile, offrant ainsi une exposition prolong\u00e9e au message promu.<\/p>\n<h3 class=\"western\">Un format flexible et personnalisable<\/h3>\n<p>L&rsquo;un des principaux atouts de la webradio \u00e9ph\u00e9m\u00e8re est sa flexibilit\u00e9. Elle peut \u00eatre adapt\u00e9e aux besoins de la campagne promotionnelle :<\/p>\n<ul>\n<li>\n<p>Une dur\u00e9e adaptable (quelques jours, semaines ou mois).<\/p>\n<\/li>\n<li>\n<p>Un contenu vari\u00e9 : interviews de r\u00e9alisateurs, podcasts avec des experts, jeux-concours, diffusion de musiques th\u00e9matiques, etc.<\/p>\n<\/li>\n<li>\n<p>Une programmation sur mesure qui s&rsquo;aligne avec le positionnement de la marque ou du film.<\/p>\n<\/li>\n<\/ul>\n<h3 class=\"western\">Un co\u00fbt ma\u00eetris\u00e9 pour un impact maximal<\/h3>\n<p>Mettre en place une webradio \u00e9ph\u00e9m\u00e8re est g\u00e9n\u00e9ralement moins co\u00fbteux qu&rsquo;une campagne publicitaire traditionnelle (t\u00e9l\u00e9, radio FM, affichage). Elle ne n\u00e9cessite qu&rsquo;une plateforme de diffusion, un bon contenu et une strat\u00e9gie de communication digitale efficace pour attirer les auditeurs. De plus, en collaborant avec des influenceurs ou des partenaires strat\u00e9giques, il est possible d&rsquo;amplifier l&rsquo;audience \u00e0 moindre co\u00fbt.<\/p>\n<h3 class=\"western\">Une opportunit\u00e9 de cr\u00e9er de l&rsquo;interaction<\/h3>\n<p>La webradio permet d&rsquo;interagir avec l&rsquo;audience en direct ou en diff\u00e9r\u00e9 gr\u00e2ce \u00e0 des commentaires, des sondages, des d\u00e9dicaces ou encore des jeux interactifs. Cette interactivit\u00e9 favorise un engagement plus fort et une m\u00e9morisation accrue du message transmis.<\/p>\n<h3 class=\"western\">Une strat\u00e9gie de contenu r\u00e9utilisable<\/h3>\n<p>Les \u00e9missions diffus\u00e9es sur une webradio \u00e9ph\u00e9m\u00e8re peuvent \u00eatre enregistr\u00e9es et transform\u00e9es en podcasts ou en capsules audio r\u00e9utilisables sur d&rsquo;autres plateformes (YouTube, Spotify, site web de l&rsquo;entreprise). Ainsi, m\u00eame apr\u00e8s la fin de la diffusion, le contenu continue \u00e0 vivre et \u00e0 servir la strat\u00e9gie marketing.<\/p>\n<p><a href=\"https:\/\/hellorayo.co.uk\/bridget-jones-radio\/\" target=\"_blank\" rel=\"noopener\"><strong>\u2022 Plus d&rsquo;infos &gt;&gt;<\/strong><\/a><\/p>\n<p>[\/et_pb_text][\/et_pb_column][\/et_pb_row][et_pb_row _builder_version=\u00a0\u00bb4.8.0&Prime; _module_preset=\u00a0\u00bbdefault\u00a0\u00bb][et_pb_column type=\u00a0\u00bb4_4&Prime; _builder_version=\u00a0\u00bb4.8.0&Prime; _module_preset=\u00a0\u00bbdefault\u00a0\u00bb][et_pb_image src=\u00a0\u00bbhttps:\/\/www.lawebradio.com\/news\/wp-content\/uploads\/2025\/02\/ima19022025-02.jpg\u00a0\u00bb _builder_version=\u00a0\u00bb4.8.0&Prime; _module_preset=\u00a0\u00bbdefault\u00a0\u00bb][\/et_pb_image][\/et_pb_column][\/et_pb_row][\/et_pb_section]<\/p>\n","protected":false},"excerpt":{"rendered":"<p>[et_pb_section fb_built=\u00a0\u00bb1&Prime; _builder_version=\u00a0\u00bb4.6.5&Prime; _module_preset=\u00a0\u00bbdefault\u00a0\u00bb][et_pb_row _builder_version=\u00a0\u00bb4.6.5&Prime; _module_preset=\u00a0\u00bbdefault\u00a0\u00bb][et_pb_column type=\u00a0\u00bb4_4&Prime; _builder_version=\u00a0\u00bb4.6.5&Prime; _module_preset=\u00a0\u00bbdefault\u00a0\u00bb][et_pb_text _builder_version=\u00a0\u00bb4.8.0&Prime; _module_preset=\u00a0\u00bbdefault\u00a0\u00bb header_3_font_size=\u00a0\u00bb21px\u00a0\u00bb header_3_line_height=\u00a0\u00bb1.4em\u00a0\u00bb] Dans un monde o\u00f9 la communication digitale est reine, les entreprises et les cr\u00e9ateurs cherchent sans cesse des moyens innovants pour capter l&rsquo;attention de leur public. La webradio \u00e9ph\u00e9m\u00e8re se pr\u00e9sente comme un outil puissant et immersif pour promouvoir un film, un [&hellip;]<\/p>\n","protected":false},"author":2,"featured_media":8891,"comment_status":"closed","ping_status":"closed","sticky":false,"template":"","format":"standard","meta":{"_et_pb_use_builder":"on","_et_pb_old_content":"","_et_gb_content_width":"","footnotes":""},"categories":[12],"tags":[],"class_list":["post-8887","post","type-post","status-publish","format-standard","has-post-thumbnail","hentry","category-revue","et-has-post-format-content","et_post_format-et-post-format-standard"],"yoast_head":"<!-- This site is optimized with the Yoast SEO plugin v27.5 - https:\/\/yoast.com\/product\/yoast-seo-wordpress\/ -->\n<title>La webradio \u00e9ph\u00e9m\u00e8re pour promouvoir un film, un service ou une marque - Lawebradio.com - Actualit\u00e9s des radios digitales<\/title>\n<meta name=\"description\" content=\"Mettre en place une webradio \u00e9ph\u00e9m\u00e8re est g\u00e9n\u00e9ralement moins co\u00fbteux qu\u2019une campagne publicitaire traditionnelle (t\u00e9l\u00e9, radio FM, affichage).\" \/>\n<meta name=\"robots\" content=\"index, follow, max-snippet:-1, max-image-preview:large, max-video-preview:-1\" \/>\n<link rel=\"canonical\" href=\"https:\/\/www.lawebradio.com\/news\/la-webradio-ephemere-pour-promouvoir-un-film-un-service-ou-une-marque\/\" \/>\n<meta property=\"og:locale\" content=\"fr_FR\" \/>\n<meta property=\"og:type\" content=\"article\" \/>\n<meta property=\"og:title\" content=\"La webradio \u00e9ph\u00e9m\u00e8re pour promouvoir un film, un service ou une marque - Lawebradio.com - Actualit\u00e9s des radios digitales\" \/>\n<meta property=\"og:description\" content=\"Mettre en place une webradio \u00e9ph\u00e9m\u00e8re est g\u00e9n\u00e9ralement moins co\u00fbteux qu\u2019une campagne publicitaire traditionnelle (t\u00e9l\u00e9, radio FM, affichage).\" \/>\n<meta property=\"og:url\" content=\"https:\/\/www.lawebradio.com\/news\/la-webradio-ephemere-pour-promouvoir-un-film-un-service-ou-une-marque\/\" \/>\n<meta property=\"og:site_name\" content=\"Lawebradio.com - Actualit\u00e9s des radios digitales\" \/>\n<meta property=\"article:published_time\" content=\"2025-02-19T06:08:10+00:00\" \/>\n<meta property=\"article:modified_time\" content=\"2025-05-14T07:00:47+00:00\" \/>\n<meta property=\"og:image\" content=\"https:\/\/www.lawebradio.com\/news\/wp-content\/uploads\/2025\/02\/ima19022025.jpg\" \/>\n\t<meta property=\"og:image:width\" content=\"725\" \/>\n\t<meta property=\"og:image:height\" content=\"350\" \/>\n\t<meta property=\"og:image:type\" content=\"image\/jpeg\" \/>\n<meta name=\"author\" content=\"Thomas Renaud\" \/>\n<meta name=\"twitter:label1\" content=\"\u00c9crit par\" \/>\n\t<meta name=\"twitter:data1\" content=\"Thomas Renaud\" \/>\n\t<meta name=\"twitter:label2\" content=\"Dur\u00e9e de lecture estim\u00e9e\" \/>\n\t<meta name=\"twitter:data2\" content=\"4 minutes\" \/>\n<script type=\"application\/ld+json\" class=\"yoast-schema-graph\">{\"@context\":\"https:\\\/\\\/schema.org\",\"@graph\":[{\"@type\":\"Article\",\"@id\":\"https:\\\/\\\/www.lawebradio.com\\\/news\\\/la-webradio-ephemere-pour-promouvoir-un-film-un-service-ou-une-marque\\\/#article\",\"isPartOf\":{\"@id\":\"https:\\\/\\\/www.lawebradio.com\\\/news\\\/la-webradio-ephemere-pour-promouvoir-un-film-un-service-ou-une-marque\\\/\"},\"author\":{\"name\":\"Thomas Renaud\",\"@id\":\"https:\\\/\\\/www.lawebradio.com\\\/news\\\/#\\\/schema\\\/person\\\/bc69f5fc3cfaf8f01edc3db43f10f1b6\"},\"headline\":\"La webradio \u00e9ph\u00e9m\u00e8re pour promouvoir un film, un service ou une marque\",\"datePublished\":\"2025-02-19T06:08:10+00:00\",\"dateModified\":\"2025-05-14T07:00:47+00:00\",\"mainEntityOfPage\":{\"@id\":\"https:\\\/\\\/www.lawebradio.com\\\/news\\\/la-webradio-ephemere-pour-promouvoir-un-film-un-service-ou-une-marque\\\/\"},\"wordCount\":722,\"publisher\":{\"@id\":\"https:\\\/\\\/www.lawebradio.com\\\/news\\\/#organization\"},\"image\":{\"@id\":\"https:\\\/\\\/www.lawebradio.com\\\/news\\\/la-webradio-ephemere-pour-promouvoir-un-film-un-service-ou-une-marque\\\/#primaryimage\"},\"thumbnailUrl\":\"https:\\\/\\\/www.lawebradio.com\\\/news\\\/wp-content\\\/uploads\\\/2025\\\/02\\\/ima19022025.jpg\",\"articleSection\":[\"Revue de Presse\"],\"inLanguage\":\"fr-FR\"},{\"@type\":\"WebPage\",\"@id\":\"https:\\\/\\\/www.lawebradio.com\\\/news\\\/la-webradio-ephemere-pour-promouvoir-un-film-un-service-ou-une-marque\\\/\",\"url\":\"https:\\\/\\\/www.lawebradio.com\\\/news\\\/la-webradio-ephemere-pour-promouvoir-un-film-un-service-ou-une-marque\\\/\",\"name\":\"La webradio \u00e9ph\u00e9m\u00e8re pour promouvoir un film, un service ou une marque - Lawebradio.com - Actualit\u00e9s des radios digitales\",\"isPartOf\":{\"@id\":\"https:\\\/\\\/www.lawebradio.com\\\/news\\\/#website\"},\"primaryImageOfPage\":{\"@id\":\"https:\\\/\\\/www.lawebradio.com\\\/news\\\/la-webradio-ephemere-pour-promouvoir-un-film-un-service-ou-une-marque\\\/#primaryimage\"},\"image\":{\"@id\":\"https:\\\/\\\/www.lawebradio.com\\\/news\\\/la-webradio-ephemere-pour-promouvoir-un-film-un-service-ou-une-marque\\\/#primaryimage\"},\"thumbnailUrl\":\"https:\\\/\\\/www.lawebradio.com\\\/news\\\/wp-content\\\/uploads\\\/2025\\\/02\\\/ima19022025.jpg\",\"datePublished\":\"2025-02-19T06:08:10+00:00\",\"dateModified\":\"2025-05-14T07:00:47+00:00\",\"description\":\"Mettre en place une webradio \u00e9ph\u00e9m\u00e8re est g\u00e9n\u00e9ralement moins co\u00fbteux qu\u2019une campagne publicitaire traditionnelle (t\u00e9l\u00e9, radio FM, affichage).\",\"inLanguage\":\"fr-FR\",\"potentialAction\":[{\"@type\":\"ReadAction\",\"target\":[\"https:\\\/\\\/www.lawebradio.com\\\/news\\\/la-webradio-ephemere-pour-promouvoir-un-film-un-service-ou-une-marque\\\/\"]}]},{\"@type\":\"ImageObject\",\"inLanguage\":\"fr-FR\",\"@id\":\"https:\\\/\\\/www.lawebradio.com\\\/news\\\/la-webradio-ephemere-pour-promouvoir-un-film-un-service-ou-une-marque\\\/#primaryimage\",\"url\":\"https:\\\/\\\/www.lawebradio.com\\\/news\\\/wp-content\\\/uploads\\\/2025\\\/02\\\/ima19022025.jpg\",\"contentUrl\":\"https:\\\/\\\/www.lawebradio.com\\\/news\\\/wp-content\\\/uploads\\\/2025\\\/02\\\/ima19022025.jpg\",\"width\":725,\"height\":350},{\"@type\":\"WebSite\",\"@id\":\"https:\\\/\\\/www.lawebradio.com\\\/news\\\/#website\",\"url\":\"https:\\\/\\\/www.lawebradio.com\\\/news\\\/\",\"name\":\"Lawebradio.com - Actualit\u00e9s des radios digitales\",\"description\":\"\",\"publisher\":{\"@id\":\"https:\\\/\\\/www.lawebradio.com\\\/news\\\/#organization\"},\"potentialAction\":[{\"@type\":\"SearchAction\",\"target\":{\"@type\":\"EntryPoint\",\"urlTemplate\":\"https:\\\/\\\/www.lawebradio.com\\\/news\\\/?s={search_term_string}\"},\"query-input\":{\"@type\":\"PropertyValueSpecification\",\"valueRequired\":true,\"valueName\":\"search_term_string\"}}],\"inLanguage\":\"fr-FR\"},{\"@type\":\"Organization\",\"@id\":\"https:\\\/\\\/www.lawebradio.com\\\/news\\\/#organization\",\"name\":\"Lawebradio.com - Actualit\u00e9s des radios digitales\",\"url\":\"https:\\\/\\\/www.lawebradio.com\\\/news\\\/\",\"logo\":{\"@type\":\"ImageObject\",\"inLanguage\":\"fr-FR\",\"@id\":\"https:\\\/\\\/www.lawebradio.com\\\/news\\\/#\\\/schema\\\/logo\\\/image\\\/\",\"url\":\"https:\\\/\\\/www.lawebradio.com\\\/news\\\/wp-content\\\/uploads\\\/2020\\\/10\\\/logo2020.png\",\"contentUrl\":\"https:\\\/\\\/www.lawebradio.com\\\/news\\\/wp-content\\\/uploads\\\/2020\\\/10\\\/logo2020.png\",\"width\":254,\"height\":43,\"caption\":\"Lawebradio.com - Actualit\u00e9s des radios digitales\"},\"image\":{\"@id\":\"https:\\\/\\\/www.lawebradio.com\\\/news\\\/#\\\/schema\\\/logo\\\/image\\\/\"}},{\"@type\":\"Person\",\"@id\":\"https:\\\/\\\/www.lawebradio.com\\\/news\\\/#\\\/schema\\\/person\\\/bc69f5fc3cfaf8f01edc3db43f10f1b6\",\"name\":\"Thomas Renaud\",\"image\":{\"@type\":\"ImageObject\",\"inLanguage\":\"fr-FR\",\"@id\":\"https:\\\/\\\/secure.gravatar.com\\\/avatar\\\/24b834e6dacf15dee888f8bbef435cf6307a4b8b6f23d7a4e7b42d8838eb1595?s=96&d=mm&r=g\",\"url\":\"https:\\\/\\\/secure.gravatar.com\\\/avatar\\\/24b834e6dacf15dee888f8bbef435cf6307a4b8b6f23d7a4e7b42d8838eb1595?s=96&d=mm&r=g\",\"contentUrl\":\"https:\\\/\\\/secure.gravatar.com\\\/avatar\\\/24b834e6dacf15dee888f8bbef435cf6307a4b8b6f23d7a4e7b42d8838eb1595?s=96&d=mm&r=g\",\"caption\":\"Thomas Renaud\"},\"url\":\"https:\\\/\\\/www.lawebradio.com\\\/news\\\/author\\\/fg2-newschef\\\/\"}]}<\/script>\n<!-- \/ Yoast SEO plugin. -->","yoast_head_json":{"title":"La webradio \u00e9ph\u00e9m\u00e8re pour promouvoir un film, un service ou une marque - Lawebradio.com - Actualit\u00e9s des radios digitales","description":"Mettre en place une webradio \u00e9ph\u00e9m\u00e8re est g\u00e9n\u00e9ralement moins co\u00fbteux qu\u2019une campagne publicitaire traditionnelle (t\u00e9l\u00e9, radio FM, affichage).","robots":{"index":"index","follow":"follow","max-snippet":"max-snippet:-1","max-image-preview":"max-image-preview:large","max-video-preview":"max-video-preview:-1"},"canonical":"https:\/\/www.lawebradio.com\/news\/la-webradio-ephemere-pour-promouvoir-un-film-un-service-ou-une-marque\/","og_locale":"fr_FR","og_type":"article","og_title":"La webradio \u00e9ph\u00e9m\u00e8re pour promouvoir un film, un service ou une marque - Lawebradio.com - Actualit\u00e9s des radios digitales","og_description":"Mettre en place une webradio \u00e9ph\u00e9m\u00e8re est g\u00e9n\u00e9ralement moins co\u00fbteux qu\u2019une campagne publicitaire traditionnelle (t\u00e9l\u00e9, radio FM, affichage).","og_url":"https:\/\/www.lawebradio.com\/news\/la-webradio-ephemere-pour-promouvoir-un-film-un-service-ou-une-marque\/","og_site_name":"Lawebradio.com - Actualit\u00e9s des radios digitales","article_published_time":"2025-02-19T06:08:10+00:00","article_modified_time":"2025-05-14T07:00:47+00:00","og_image":[{"width":725,"height":350,"url":"https:\/\/www.lawebradio.com\/news\/wp-content\/uploads\/2025\/02\/ima19022025.jpg","type":"image\/jpeg"}],"author":"Thomas Renaud","twitter_misc":{"\u00c9crit par":"Thomas Renaud","Dur\u00e9e de lecture estim\u00e9e":"4 minutes"},"schema":{"@context":"https:\/\/schema.org","@graph":[{"@type":"Article","@id":"https:\/\/www.lawebradio.com\/news\/la-webradio-ephemere-pour-promouvoir-un-film-un-service-ou-une-marque\/#article","isPartOf":{"@id":"https:\/\/www.lawebradio.com\/news\/la-webradio-ephemere-pour-promouvoir-un-film-un-service-ou-une-marque\/"},"author":{"name":"Thomas Renaud","@id":"https:\/\/www.lawebradio.com\/news\/#\/schema\/person\/bc69f5fc3cfaf8f01edc3db43f10f1b6"},"headline":"La webradio \u00e9ph\u00e9m\u00e8re pour promouvoir un film, un service ou une marque","datePublished":"2025-02-19T06:08:10+00:00","dateModified":"2025-05-14T07:00:47+00:00","mainEntityOfPage":{"@id":"https:\/\/www.lawebradio.com\/news\/la-webradio-ephemere-pour-promouvoir-un-film-un-service-ou-une-marque\/"},"wordCount":722,"publisher":{"@id":"https:\/\/www.lawebradio.com\/news\/#organization"},"image":{"@id":"https:\/\/www.lawebradio.com\/news\/la-webradio-ephemere-pour-promouvoir-un-film-un-service-ou-une-marque\/#primaryimage"},"thumbnailUrl":"https:\/\/www.lawebradio.com\/news\/wp-content\/uploads\/2025\/02\/ima19022025.jpg","articleSection":["Revue de Presse"],"inLanguage":"fr-FR"},{"@type":"WebPage","@id":"https:\/\/www.lawebradio.com\/news\/la-webradio-ephemere-pour-promouvoir-un-film-un-service-ou-une-marque\/","url":"https:\/\/www.lawebradio.com\/news\/la-webradio-ephemere-pour-promouvoir-un-film-un-service-ou-une-marque\/","name":"La webradio \u00e9ph\u00e9m\u00e8re pour promouvoir un film, un service ou une marque - Lawebradio.com - Actualit\u00e9s des radios digitales","isPartOf":{"@id":"https:\/\/www.lawebradio.com\/news\/#website"},"primaryImageOfPage":{"@id":"https:\/\/www.lawebradio.com\/news\/la-webradio-ephemere-pour-promouvoir-un-film-un-service-ou-une-marque\/#primaryimage"},"image":{"@id":"https:\/\/www.lawebradio.com\/news\/la-webradio-ephemere-pour-promouvoir-un-film-un-service-ou-une-marque\/#primaryimage"},"thumbnailUrl":"https:\/\/www.lawebradio.com\/news\/wp-content\/uploads\/2025\/02\/ima19022025.jpg","datePublished":"2025-02-19T06:08:10+00:00","dateModified":"2025-05-14T07:00:47+00:00","description":"Mettre en place une webradio \u00e9ph\u00e9m\u00e8re est g\u00e9n\u00e9ralement moins co\u00fbteux qu\u2019une campagne publicitaire traditionnelle (t\u00e9l\u00e9, radio FM, affichage).","inLanguage":"fr-FR","potentialAction":[{"@type":"ReadAction","target":["https:\/\/www.lawebradio.com\/news\/la-webradio-ephemere-pour-promouvoir-un-film-un-service-ou-une-marque\/"]}]},{"@type":"ImageObject","inLanguage":"fr-FR","@id":"https:\/\/www.lawebradio.com\/news\/la-webradio-ephemere-pour-promouvoir-un-film-un-service-ou-une-marque\/#primaryimage","url":"https:\/\/www.lawebradio.com\/news\/wp-content\/uploads\/2025\/02\/ima19022025.jpg","contentUrl":"https:\/\/www.lawebradio.com\/news\/wp-content\/uploads\/2025\/02\/ima19022025.jpg","width":725,"height":350},{"@type":"WebSite","@id":"https:\/\/www.lawebradio.com\/news\/#website","url":"https:\/\/www.lawebradio.com\/news\/","name":"Lawebradio.com - Actualit\u00e9s des radios digitales","description":"","publisher":{"@id":"https:\/\/www.lawebradio.com\/news\/#organization"},"potentialAction":[{"@type":"SearchAction","target":{"@type":"EntryPoint","urlTemplate":"https:\/\/www.lawebradio.com\/news\/?s={search_term_string}"},"query-input":{"@type":"PropertyValueSpecification","valueRequired":true,"valueName":"search_term_string"}}],"inLanguage":"fr-FR"},{"@type":"Organization","@id":"https:\/\/www.lawebradio.com\/news\/#organization","name":"Lawebradio.com - Actualit\u00e9s des radios digitales","url":"https:\/\/www.lawebradio.com\/news\/","logo":{"@type":"ImageObject","inLanguage":"fr-FR","@id":"https:\/\/www.lawebradio.com\/news\/#\/schema\/logo\/image\/","url":"https:\/\/www.lawebradio.com\/news\/wp-content\/uploads\/2020\/10\/logo2020.png","contentUrl":"https:\/\/www.lawebradio.com\/news\/wp-content\/uploads\/2020\/10\/logo2020.png","width":254,"height":43,"caption":"Lawebradio.com - Actualit\u00e9s des radios digitales"},"image":{"@id":"https:\/\/www.lawebradio.com\/news\/#\/schema\/logo\/image\/"}},{"@type":"Person","@id":"https:\/\/www.lawebradio.com\/news\/#\/schema\/person\/bc69f5fc3cfaf8f01edc3db43f10f1b6","name":"Thomas Renaud","image":{"@type":"ImageObject","inLanguage":"fr-FR","@id":"https:\/\/secure.gravatar.com\/avatar\/24b834e6dacf15dee888f8bbef435cf6307a4b8b6f23d7a4e7b42d8838eb1595?s=96&d=mm&r=g","url":"https:\/\/secure.gravatar.com\/avatar\/24b834e6dacf15dee888f8bbef435cf6307a4b8b6f23d7a4e7b42d8838eb1595?s=96&d=mm&r=g","contentUrl":"https:\/\/secure.gravatar.com\/avatar\/24b834e6dacf15dee888f8bbef435cf6307a4b8b6f23d7a4e7b42d8838eb1595?s=96&d=mm&r=g","caption":"Thomas Renaud"},"url":"https:\/\/www.lawebradio.com\/news\/author\/fg2-newschef\/"}]}},"_links":{"self":[{"href":"https:\/\/www.lawebradio.com\/news\/wp-json\/wp\/v2\/posts\/8887","targetHints":{"allow":["GET"]}}],"collection":[{"href":"https:\/\/www.lawebradio.com\/news\/wp-json\/wp\/v2\/posts"}],"about":[{"href":"https:\/\/www.lawebradio.com\/news\/wp-json\/wp\/v2\/types\/post"}],"author":[{"embeddable":true,"href":"https:\/\/www.lawebradio.com\/news\/wp-json\/wp\/v2\/users\/2"}],"replies":[{"embeddable":true,"href":"https:\/\/www.lawebradio.com\/news\/wp-json\/wp\/v2\/comments?post=8887"}],"version-history":[{"count":5,"href":"https:\/\/www.lawebradio.com\/news\/wp-json\/wp\/v2\/posts\/8887\/revisions"}],"predecessor-version":[{"id":8896,"href":"https:\/\/www.lawebradio.com\/news\/wp-json\/wp\/v2\/posts\/8887\/revisions\/8896"}],"wp:featuredmedia":[{"embeddable":true,"href":"https:\/\/www.lawebradio.com\/news\/wp-json\/wp\/v2\/media\/8891"}],"wp:attachment":[{"href":"https:\/\/www.lawebradio.com\/news\/wp-json\/wp\/v2\/media?parent=8887"}],"wp:term":[{"taxonomy":"category","embeddable":true,"href":"https:\/\/www.lawebradio.com\/news\/wp-json\/wp\/v2\/categories?post=8887"},{"taxonomy":"post_tag","embeddable":true,"href":"https:\/\/www.lawebradio.com\/news\/wp-json\/wp\/v2\/tags?post=8887"}],"curies":[{"name":"wp","href":"https:\/\/api.w.org\/{rel}","templated":true}]}}