{"id":8832,"date":"2025-01-30T07:24:32","date_gmt":"2025-01-30T06:24:32","guid":{"rendered":"https:\/\/www.lawebradio.com\/news\/?p=8832"},"modified":"2025-02-17T17:44:22","modified_gmt":"2025-02-17T16:44:22","slug":"midjourney-et-la-radio-un-duo-gagnant-pour-lengagement-digital","status":"publish","type":"post","link":"https:\/\/www.lawebradio.com\/news\/midjourney-et-la-radio-un-duo-gagnant-pour-lengagement-digital\/","title":{"rendered":"MidJourney et la radio : un duo gagnant pour l\u2019engagement digital"},"content":{"rendered":"<p>[et_pb_section fb_built=\u00a0\u00bb1&Prime; _builder_version=\u00a0\u00bb4.6.5&Prime; _module_preset=\u00a0\u00bbdefault\u00a0\u00bb][et_pb_row _builder_version=\u00a0\u00bb4.6.5&Prime; _module_preset=\u00a0\u00bbdefault\u00a0\u00bb][et_pb_column type=\u00a0\u00bb4_4&Prime; _builder_version=\u00a0\u00bb4.6.5&Prime; _module_preset=\u00a0\u00bbdefault\u00a0\u00bb][et_pb_text _builder_version=\u00a0\u00bb4.8.0&Prime; _module_preset=\u00a0\u00bbdefault\u00a0\u00bb header_3_font_size=\u00a0\u00bb21px\u00a0\u00bb header_3_line_height=\u00a0\u00bb1.4em\u00a0\u00bb hover_enabled=\u00a0\u00bb0&Prime; sticky_enabled=\u00a0\u00bb0&Prime;]<\/p>\n<p><strong>Dans un paysage m\u00e9diatique de plus en plus concurrentiel, les radios doivent redoubler d&rsquo;efforts pour capter et fid\u00e9liser leur audience, notamment sur les r\u00e9seaux sociaux. Si le contenu audio reste leur c\u0153ur de m\u00e9tier, l&rsquo;impact visuel joue un r\u00f4le essentiel dans l&rsquo;engagement en ligne. C&rsquo;est ici qu&rsquo;intervient MidJourney, un outil d&rsquo;intelligence artificielle capable de g\u00e9n\u00e9rer des visuels de qualit\u00e9 professionnelle.<\/strong><\/p>\n<p>MidJourney permet aux radios de d\u00e9velopper une identit\u00e9 graphique forte et coh\u00e9rente sans mobiliser des moyens consid\u00e9rables en design. En quelques instructions, cet outil peut cr\u00e9er des images uniques pour illustrer des \u00e9missions, des podcasts ou des posts promotionnels. Les couleurs, les ambiances et les styles peuvent \u00eatre personnalis\u00e9s afin d&rsquo;assurer une unit\u00e9 graphique sur toutes les plateformes.<\/p>\n<h3 class=\"western\">Un levier d&rsquo;engagement puissant<\/h3>\n<p>Sur les r\u00e9seaux sociaux, le visuel est un facteur cl\u00e9 d&rsquo;engagement. Les publications accompagn\u00e9es d&rsquo;images attractives g\u00e9n\u00e8rent davantage d&rsquo;interactions et de partages. MidJourney permet ainsi aux radios de cr\u00e9er des visuels percutants pour annoncer un programme, mettre en avant un animateur ou r\u00e9agir \u00e0 l&rsquo;actualit\u00e9. De plus, les illustrations issues de l&rsquo;IA peuvent \u00eatre adapt\u00e9es \u00e0 diff\u00e9rents formats (stories, posts, banni\u00e8res), optimisant ainsi leur impact sur chaque plateforme.<\/p>\n<h3 class=\"western\">Cr\u00e9ation d&rsquo;univers immersifs pour les auditeurs<\/h3>\n<p>Les radios peuvent \u00e9galement utiliser MidJourney pour renforcer l&rsquo;immersion de leurs auditeurs. En g\u00e9n\u00e9rant des visuels illustrant l&rsquo;ambiance d&rsquo;une \u00e9mission ou d&rsquo;un podcast, elles plongent leur public dans un univers visuel et sonore coh\u00e9rent. Cela peut \u00eatre particuli\u00e8rement efficace pour les \u00e9missions \u00e0 th\u00e8me, les feuilletons radiophoniques ou encore les podcasts narratifs.<\/p>\n<h3 class=\"western\">Une solution accessible et rapide<\/h3>\n<p>Faire appel \u00e0 un graphiste pour chaque visuel peut s&rsquo;av\u00e9rer co\u00fbteux et chronophage. MidJourney offre une alternative rapide et \u00e9conomique : en quelques minutes, une radio peut obtenir des visuels de qualit\u00e9 professionnelle sans comp\u00e9tences techniques en design. Cette rapidit\u00e9 permet de r\u00e9agir instantan\u00e9ment aux tendances et \u00e0 l&rsquo;actualit\u00e9, un avantage de taille dans l&rsquo;univers des m\u00e9dias.<\/p>\n<p>Suivre une formation en ligne avec les formateurs experts en IA sur <a href=\"https:\/\/prompt-designer.fr\" target=\"_blank\" rel=\"noopener\"><strong>Formations-MidJourney.fr<\/strong><\/a>, c\u2019est s\u2019assurer d\u2019acqu\u00e9rir les comp\u00e9tences essentielles pour cr\u00e9er des visuels attractifs, adapt\u00e9s aux tendances et aux attentes des audiences en ligne. Ce centre de formation en ligne propose des cours structur\u00e9s, accessibles \u00e0 tous, permettant de comprendre les meilleures pratiques, d\u2019optimiser les prompts et de concevoir des visuels professionnels sans comp\u00e9tences en design. Gr\u00e2ce \u00e0 une approche p\u00e9dagogique interactive et des conseils d\u2019experts, cette formation offre aux entreprises, cr\u00e9ateurs de contenu et m\u00e9dias les cl\u00e9s pour renforcer leur identit\u00e9 visuelle et maximiser l\u2019engagement sur les plateformes digitales.<\/p>\n<p>\u2022 <strong><a href=\"https:\/\/prompt-designer.fr\" target=\"_blank\" rel=\"noopener\">En savoir plus &gt;&gt;<\/a><\/strong><\/p>\n<p>[\/et_pb_text][\/et_pb_column][\/et_pb_row][\/et_pb_section]<\/p>\n","protected":false},"excerpt":{"rendered":"<p>[et_pb_section fb_built=\u00a0\u00bb1&Prime; _builder_version=\u00a0\u00bb4.6.5&Prime; _module_preset=\u00a0\u00bbdefault\u00a0\u00bb][et_pb_row _builder_version=\u00a0\u00bb4.6.5&Prime; _module_preset=\u00a0\u00bbdefault\u00a0\u00bb][et_pb_column type=\u00a0\u00bb4_4&Prime; _builder_version=\u00a0\u00bb4.6.5&Prime; _module_preset=\u00a0\u00bbdefault\u00a0\u00bb][et_pb_text _builder_version=\u00a0\u00bb4.8.0&Prime; _module_preset=\u00a0\u00bbdefault\u00a0\u00bb header_3_font_size=\u00a0\u00bb21px\u00a0\u00bb header_3_line_height=\u00a0\u00bb1.4em\u00a0\u00bb hover_enabled=\u00a0\u00bb0&Prime; sticky_enabled=\u00a0\u00bb0&Prime;] Dans un paysage m\u00e9diatique de plus en plus concurrentiel, les radios doivent redoubler d&rsquo;efforts pour capter et fid\u00e9liser leur audience, notamment sur les r\u00e9seaux sociaux. Si le contenu audio reste leur c\u0153ur de m\u00e9tier, l&rsquo;impact visuel joue un r\u00f4le essentiel [&hellip;]<\/p>\n","protected":false},"author":3,"featured_media":8843,"comment_status":"closed","ping_status":"closed","sticky":false,"template":"","format":"standard","meta":{"_et_pb_use_builder":"on","_et_pb_old_content":"","_et_gb_content_width":"","footnotes":""},"categories":[12],"tags":[],"class_list":["post-8832","post","type-post","status-publish","format-standard","has-post-thumbnail","hentry","category-revue","et-has-post-format-content","et_post_format-et-post-format-standard"],"yoast_head":"<!-- This site is optimized with the Yoast SEO plugin v27.5 - https:\/\/yoast.com\/product\/yoast-seo-wordpress\/ -->\n<title>MidJourney et la radio : un duo gagnant pour l\u2019engagement digital - Lawebradio.com - Actualit\u00e9s des radios digitales<\/title>\n<meta name=\"description\" content=\"Le site Formations-MidJourney.fr propose aux radios des cours en ligne pour booster leur communication visuelle sur les r\u00e9seaux sociaux.\" \/>\n<meta name=\"robots\" content=\"index, follow, max-snippet:-1, max-image-preview:large, max-video-preview:-1\" \/>\n<link rel=\"canonical\" href=\"https:\/\/www.lawebradio.com\/news\/midjourney-et-la-radio-un-duo-gagnant-pour-lengagement-digital\/\" \/>\n<meta property=\"og:locale\" content=\"fr_FR\" \/>\n<meta property=\"og:type\" content=\"article\" \/>\n<meta property=\"og:title\" content=\"MidJourney et la radio : un duo gagnant pour l\u2019engagement digital - Lawebradio.com - Actualit\u00e9s des radios digitales\" \/>\n<meta property=\"og:description\" content=\"Le site Formations-MidJourney.fr propose aux radios des cours en ligne pour booster leur communication visuelle sur les r\u00e9seaux sociaux.\" \/>\n<meta property=\"og:url\" content=\"https:\/\/www.lawebradio.com\/news\/midjourney-et-la-radio-un-duo-gagnant-pour-lengagement-digital\/\" \/>\n<meta property=\"og:site_name\" content=\"Lawebradio.com - Actualit\u00e9s des radios digitales\" \/>\n<meta property=\"article:published_time\" content=\"2025-01-30T06:24:32+00:00\" \/>\n<meta property=\"article:modified_time\" content=\"2025-02-17T16:44:22+00:00\" \/>\n<meta property=\"og:image\" content=\"https:\/\/www.lawebradio.com\/news\/wp-content\/uploads\/2025\/01\/ima30012025-01.jpg\" \/>\n\t<meta property=\"og:image:width\" content=\"725\" \/>\n\t<meta property=\"og:image:height\" content=\"350\" \/>\n\t<meta property=\"og:image:type\" content=\"image\/jpeg\" \/>\n<meta name=\"author\" content=\"Julien Lecourbe\" \/>\n<meta name=\"twitter:label1\" content=\"\u00c9crit par\" \/>\n\t<meta name=\"twitter:data1\" content=\"Julien Lecourbe\" \/>\n\t<meta name=\"twitter:label2\" content=\"Dur\u00e9e de lecture estim\u00e9e\" \/>\n\t<meta name=\"twitter:data2\" content=\"3 minutes\" \/>\n<script type=\"application\/ld+json\" class=\"yoast-schema-graph\">{\"@context\":\"https:\\\/\\\/schema.org\",\"@graph\":[{\"@type\":\"Article\",\"@id\":\"https:\\\/\\\/www.lawebradio.com\\\/news\\\/midjourney-et-la-radio-un-duo-gagnant-pour-lengagement-digital\\\/#article\",\"isPartOf\":{\"@id\":\"https:\\\/\\\/www.lawebradio.com\\\/news\\\/midjourney-et-la-radio-un-duo-gagnant-pour-lengagement-digital\\\/\"},\"author\":{\"name\":\"Julien Lecourbe\",\"@id\":\"https:\\\/\\\/www.lawebradio.com\\\/news\\\/#\\\/schema\\\/person\\\/95fd11aee6e6cfe70a4b58b482103f1f\"},\"headline\":\"MidJourney et la radio : un duo gagnant pour l\u2019engagement digital\",\"datePublished\":\"2025-01-30T06:24:32+00:00\",\"dateModified\":\"2025-02-17T16:44:22+00:00\",\"mainEntityOfPage\":{\"@id\":\"https:\\\/\\\/www.lawebradio.com\\\/news\\\/midjourney-et-la-radio-un-duo-gagnant-pour-lengagement-digital\\\/\"},\"wordCount\":550,\"publisher\":{\"@id\":\"https:\\\/\\\/www.lawebradio.com\\\/news\\\/#organization\"},\"image\":{\"@id\":\"https:\\\/\\\/www.lawebradio.com\\\/news\\\/midjourney-et-la-radio-un-duo-gagnant-pour-lengagement-digital\\\/#primaryimage\"},\"thumbnailUrl\":\"https:\\\/\\\/www.lawebradio.com\\\/news\\\/wp-content\\\/uploads\\\/2025\\\/01\\\/ima30012025-01.jpg\",\"articleSection\":[\"Revue de Presse\"],\"inLanguage\":\"fr-FR\"},{\"@type\":\"WebPage\",\"@id\":\"https:\\\/\\\/www.lawebradio.com\\\/news\\\/midjourney-et-la-radio-un-duo-gagnant-pour-lengagement-digital\\\/\",\"url\":\"https:\\\/\\\/www.lawebradio.com\\\/news\\\/midjourney-et-la-radio-un-duo-gagnant-pour-lengagement-digital\\\/\",\"name\":\"MidJourney et la radio : un duo gagnant pour l\u2019engagement digital - Lawebradio.com - Actualit\u00e9s des radios digitales\",\"isPartOf\":{\"@id\":\"https:\\\/\\\/www.lawebradio.com\\\/news\\\/#website\"},\"primaryImageOfPage\":{\"@id\":\"https:\\\/\\\/www.lawebradio.com\\\/news\\\/midjourney-et-la-radio-un-duo-gagnant-pour-lengagement-digital\\\/#primaryimage\"},\"image\":{\"@id\":\"https:\\\/\\\/www.lawebradio.com\\\/news\\\/midjourney-et-la-radio-un-duo-gagnant-pour-lengagement-digital\\\/#primaryimage\"},\"thumbnailUrl\":\"https:\\\/\\\/www.lawebradio.com\\\/news\\\/wp-content\\\/uploads\\\/2025\\\/01\\\/ima30012025-01.jpg\",\"datePublished\":\"2025-01-30T06:24:32+00:00\",\"dateModified\":\"2025-02-17T16:44:22+00:00\",\"description\":\"Le site Formations-MidJourney.fr propose aux radios des cours en ligne pour booster leur communication visuelle sur les r\u00e9seaux sociaux.\",\"inLanguage\":\"fr-FR\",\"potentialAction\":[{\"@type\":\"ReadAction\",\"target\":[\"https:\\\/\\\/www.lawebradio.com\\\/news\\\/midjourney-et-la-radio-un-duo-gagnant-pour-lengagement-digital\\\/\"]}]},{\"@type\":\"ImageObject\",\"inLanguage\":\"fr-FR\",\"@id\":\"https:\\\/\\\/www.lawebradio.com\\\/news\\\/midjourney-et-la-radio-un-duo-gagnant-pour-lengagement-digital\\\/#primaryimage\",\"url\":\"https:\\\/\\\/www.lawebradio.com\\\/news\\\/wp-content\\\/uploads\\\/2025\\\/01\\\/ima30012025-01.jpg\",\"contentUrl\":\"https:\\\/\\\/www.lawebradio.com\\\/news\\\/wp-content\\\/uploads\\\/2025\\\/01\\\/ima30012025-01.jpg\",\"width\":725,\"height\":350},{\"@type\":\"WebSite\",\"@id\":\"https:\\\/\\\/www.lawebradio.com\\\/news\\\/#website\",\"url\":\"https:\\\/\\\/www.lawebradio.com\\\/news\\\/\",\"name\":\"Lawebradio.com - Actualit\u00e9s des radios digitales\",\"description\":\"\",\"publisher\":{\"@id\":\"https:\\\/\\\/www.lawebradio.com\\\/news\\\/#organization\"},\"potentialAction\":[{\"@type\":\"SearchAction\",\"target\":{\"@type\":\"EntryPoint\",\"urlTemplate\":\"https:\\\/\\\/www.lawebradio.com\\\/news\\\/?s={search_term_string}\"},\"query-input\":{\"@type\":\"PropertyValueSpecification\",\"valueRequired\":true,\"valueName\":\"search_term_string\"}}],\"inLanguage\":\"fr-FR\"},{\"@type\":\"Organization\",\"@id\":\"https:\\\/\\\/www.lawebradio.com\\\/news\\\/#organization\",\"name\":\"Lawebradio.com - Actualit\u00e9s des radios digitales\",\"url\":\"https:\\\/\\\/www.lawebradio.com\\\/news\\\/\",\"logo\":{\"@type\":\"ImageObject\",\"inLanguage\":\"fr-FR\",\"@id\":\"https:\\\/\\\/www.lawebradio.com\\\/news\\\/#\\\/schema\\\/logo\\\/image\\\/\",\"url\":\"https:\\\/\\\/www.lawebradio.com\\\/news\\\/wp-content\\\/uploads\\\/2020\\\/10\\\/logo2020.png\",\"contentUrl\":\"https:\\\/\\\/www.lawebradio.com\\\/news\\\/wp-content\\\/uploads\\\/2020\\\/10\\\/logo2020.png\",\"width\":254,\"height\":43,\"caption\":\"Lawebradio.com - Actualit\u00e9s des radios digitales\"},\"image\":{\"@id\":\"https:\\\/\\\/www.lawebradio.com\\\/news\\\/#\\\/schema\\\/logo\\\/image\\\/\"}},{\"@type\":\"Person\",\"@id\":\"https:\\\/\\\/www.lawebradio.com\\\/news\\\/#\\\/schema\\\/person\\\/95fd11aee6e6cfe70a4b58b482103f1f\",\"name\":\"Julien Lecourbe\",\"image\":{\"@type\":\"ImageObject\",\"inLanguage\":\"fr-FR\",\"@id\":\"https:\\\/\\\/secure.gravatar.com\\\/avatar\\\/0d25a327c6e268d9730d9c0cbeeee0fea76f04c6cf9528c29e782ef324afc515?s=96&d=mm&r=g\",\"url\":\"https:\\\/\\\/secure.gravatar.com\\\/avatar\\\/0d25a327c6e268d9730d9c0cbeeee0fea76f04c6cf9528c29e782ef324afc515?s=96&d=mm&r=g\",\"contentUrl\":\"https:\\\/\\\/secure.gravatar.com\\\/avatar\\\/0d25a327c6e268d9730d9c0cbeeee0fea76f04c6cf9528c29e782ef324afc515?s=96&d=mm&r=g\",\"caption\":\"Julien Lecourbe\"},\"url\":\"https:\\\/\\\/www.lawebradio.com\\\/news\\\/author\\\/la-redaction\\\/\"}]}<\/script>\n<!-- \/ Yoast SEO plugin. -->","yoast_head_json":{"title":"MidJourney et la radio : un duo gagnant pour l\u2019engagement digital - Lawebradio.com - Actualit\u00e9s des radios digitales","description":"Le site Formations-MidJourney.fr propose aux radios des cours en ligne pour booster leur communication visuelle sur les r\u00e9seaux sociaux.","robots":{"index":"index","follow":"follow","max-snippet":"max-snippet:-1","max-image-preview":"max-image-preview:large","max-video-preview":"max-video-preview:-1"},"canonical":"https:\/\/www.lawebradio.com\/news\/midjourney-et-la-radio-un-duo-gagnant-pour-lengagement-digital\/","og_locale":"fr_FR","og_type":"article","og_title":"MidJourney et la radio : un duo gagnant pour l\u2019engagement digital - Lawebradio.com - Actualit\u00e9s des radios digitales","og_description":"Le site Formations-MidJourney.fr propose aux radios des cours en ligne pour booster leur communication visuelle sur les r\u00e9seaux sociaux.","og_url":"https:\/\/www.lawebradio.com\/news\/midjourney-et-la-radio-un-duo-gagnant-pour-lengagement-digital\/","og_site_name":"Lawebradio.com - Actualit\u00e9s des radios digitales","article_published_time":"2025-01-30T06:24:32+00:00","article_modified_time":"2025-02-17T16:44:22+00:00","og_image":[{"width":725,"height":350,"url":"https:\/\/www.lawebradio.com\/news\/wp-content\/uploads\/2025\/01\/ima30012025-01.jpg","type":"image\/jpeg"}],"author":"Julien Lecourbe","twitter_misc":{"\u00c9crit par":"Julien Lecourbe","Dur\u00e9e de lecture estim\u00e9e":"3 minutes"},"schema":{"@context":"https:\/\/schema.org","@graph":[{"@type":"Article","@id":"https:\/\/www.lawebradio.com\/news\/midjourney-et-la-radio-un-duo-gagnant-pour-lengagement-digital\/#article","isPartOf":{"@id":"https:\/\/www.lawebradio.com\/news\/midjourney-et-la-radio-un-duo-gagnant-pour-lengagement-digital\/"},"author":{"name":"Julien Lecourbe","@id":"https:\/\/www.lawebradio.com\/news\/#\/schema\/person\/95fd11aee6e6cfe70a4b58b482103f1f"},"headline":"MidJourney et la radio : un duo gagnant pour l\u2019engagement digital","datePublished":"2025-01-30T06:24:32+00:00","dateModified":"2025-02-17T16:44:22+00:00","mainEntityOfPage":{"@id":"https:\/\/www.lawebradio.com\/news\/midjourney-et-la-radio-un-duo-gagnant-pour-lengagement-digital\/"},"wordCount":550,"publisher":{"@id":"https:\/\/www.lawebradio.com\/news\/#organization"},"image":{"@id":"https:\/\/www.lawebradio.com\/news\/midjourney-et-la-radio-un-duo-gagnant-pour-lengagement-digital\/#primaryimage"},"thumbnailUrl":"https:\/\/www.lawebradio.com\/news\/wp-content\/uploads\/2025\/01\/ima30012025-01.jpg","articleSection":["Revue de Presse"],"inLanguage":"fr-FR"},{"@type":"WebPage","@id":"https:\/\/www.lawebradio.com\/news\/midjourney-et-la-radio-un-duo-gagnant-pour-lengagement-digital\/","url":"https:\/\/www.lawebradio.com\/news\/midjourney-et-la-radio-un-duo-gagnant-pour-lengagement-digital\/","name":"MidJourney et la radio : un duo gagnant pour l\u2019engagement digital - Lawebradio.com - Actualit\u00e9s des radios digitales","isPartOf":{"@id":"https:\/\/www.lawebradio.com\/news\/#website"},"primaryImageOfPage":{"@id":"https:\/\/www.lawebradio.com\/news\/midjourney-et-la-radio-un-duo-gagnant-pour-lengagement-digital\/#primaryimage"},"image":{"@id":"https:\/\/www.lawebradio.com\/news\/midjourney-et-la-radio-un-duo-gagnant-pour-lengagement-digital\/#primaryimage"},"thumbnailUrl":"https:\/\/www.lawebradio.com\/news\/wp-content\/uploads\/2025\/01\/ima30012025-01.jpg","datePublished":"2025-01-30T06:24:32+00:00","dateModified":"2025-02-17T16:44:22+00:00","description":"Le site Formations-MidJourney.fr propose aux radios des cours en ligne pour booster leur communication visuelle sur les r\u00e9seaux sociaux.","inLanguage":"fr-FR","potentialAction":[{"@type":"ReadAction","target":["https:\/\/www.lawebradio.com\/news\/midjourney-et-la-radio-un-duo-gagnant-pour-lengagement-digital\/"]}]},{"@type":"ImageObject","inLanguage":"fr-FR","@id":"https:\/\/www.lawebradio.com\/news\/midjourney-et-la-radio-un-duo-gagnant-pour-lengagement-digital\/#primaryimage","url":"https:\/\/www.lawebradio.com\/news\/wp-content\/uploads\/2025\/01\/ima30012025-01.jpg","contentUrl":"https:\/\/www.lawebradio.com\/news\/wp-content\/uploads\/2025\/01\/ima30012025-01.jpg","width":725,"height":350},{"@type":"WebSite","@id":"https:\/\/www.lawebradio.com\/news\/#website","url":"https:\/\/www.lawebradio.com\/news\/","name":"Lawebradio.com - Actualit\u00e9s des radios digitales","description":"","publisher":{"@id":"https:\/\/www.lawebradio.com\/news\/#organization"},"potentialAction":[{"@type":"SearchAction","target":{"@type":"EntryPoint","urlTemplate":"https:\/\/www.lawebradio.com\/news\/?s={search_term_string}"},"query-input":{"@type":"PropertyValueSpecification","valueRequired":true,"valueName":"search_term_string"}}],"inLanguage":"fr-FR"},{"@type":"Organization","@id":"https:\/\/www.lawebradio.com\/news\/#organization","name":"Lawebradio.com - Actualit\u00e9s des radios digitales","url":"https:\/\/www.lawebradio.com\/news\/","logo":{"@type":"ImageObject","inLanguage":"fr-FR","@id":"https:\/\/www.lawebradio.com\/news\/#\/schema\/logo\/image\/","url":"https:\/\/www.lawebradio.com\/news\/wp-content\/uploads\/2020\/10\/logo2020.png","contentUrl":"https:\/\/www.lawebradio.com\/news\/wp-content\/uploads\/2020\/10\/logo2020.png","width":254,"height":43,"caption":"Lawebradio.com - Actualit\u00e9s des radios digitales"},"image":{"@id":"https:\/\/www.lawebradio.com\/news\/#\/schema\/logo\/image\/"}},{"@type":"Person","@id":"https:\/\/www.lawebradio.com\/news\/#\/schema\/person\/95fd11aee6e6cfe70a4b58b482103f1f","name":"Julien Lecourbe","image":{"@type":"ImageObject","inLanguage":"fr-FR","@id":"https:\/\/secure.gravatar.com\/avatar\/0d25a327c6e268d9730d9c0cbeeee0fea76f04c6cf9528c29e782ef324afc515?s=96&d=mm&r=g","url":"https:\/\/secure.gravatar.com\/avatar\/0d25a327c6e268d9730d9c0cbeeee0fea76f04c6cf9528c29e782ef324afc515?s=96&d=mm&r=g","contentUrl":"https:\/\/secure.gravatar.com\/avatar\/0d25a327c6e268d9730d9c0cbeeee0fea76f04c6cf9528c29e782ef324afc515?s=96&d=mm&r=g","caption":"Julien Lecourbe"},"url":"https:\/\/www.lawebradio.com\/news\/author\/la-redaction\/"}]}},"_links":{"self":[{"href":"https:\/\/www.lawebradio.com\/news\/wp-json\/wp\/v2\/posts\/8832","targetHints":{"allow":["GET"]}}],"collection":[{"href":"https:\/\/www.lawebradio.com\/news\/wp-json\/wp\/v2\/posts"}],"about":[{"href":"https:\/\/www.lawebradio.com\/news\/wp-json\/wp\/v2\/types\/post"}],"author":[{"embeddable":true,"href":"https:\/\/www.lawebradio.com\/news\/wp-json\/wp\/v2\/users\/3"}],"replies":[{"embeddable":true,"href":"https:\/\/www.lawebradio.com\/news\/wp-json\/wp\/v2\/comments?post=8832"}],"version-history":[{"count":10,"href":"https:\/\/www.lawebradio.com\/news\/wp-json\/wp\/v2\/posts\/8832\/revisions"}],"predecessor-version":[{"id":8886,"href":"https:\/\/www.lawebradio.com\/news\/wp-json\/wp\/v2\/posts\/8832\/revisions\/8886"}],"wp:featuredmedia":[{"embeddable":true,"href":"https:\/\/www.lawebradio.com\/news\/wp-json\/wp\/v2\/media\/8843"}],"wp:attachment":[{"href":"https:\/\/www.lawebradio.com\/news\/wp-json\/wp\/v2\/media?parent=8832"}],"wp:term":[{"taxonomy":"category","embeddable":true,"href":"https:\/\/www.lawebradio.com\/news\/wp-json\/wp\/v2\/categories?post=8832"},{"taxonomy":"post_tag","embeddable":true,"href":"https:\/\/www.lawebradio.com\/news\/wp-json\/wp\/v2\/tags?post=8832"}],"curies":[{"name":"wp","href":"https:\/\/api.w.org\/{rel}","templated":true}]}}