{"id":854,"date":"2013-12-19T15:15:41","date_gmt":"2013-12-19T14:15:41","guid":{"rendered":"http:\/\/www.lawebradio.com\/news\/?p=854"},"modified":"2013-12-19T15:30:25","modified_gmt":"2013-12-19T14:30:25","slug":"radio-compile-affaire-famille","status":"publish","type":"post","link":"https:\/\/www.lawebradio.com\/news\/radio-compile-affaire-famille\/","title":{"rendered":"Radio Compile, une affaire de famille"},"content":{"rendered":"<p><strong>Nicolas, 20 ans, et Alexandre Braeckman, 19 ans, ont commenc\u00e9 \u00e0 faire de la \u00ab radio \u00bb dans la cour de la ferme familiale qui accueillait un centre \u00e9questre \u00e0 Hannut, en Belgique.<\/strong><\/p>\n<p>Nicolas Braeckman : \u00abLes gens nous prenaient pour des gamins un peu excit\u00e9s quand on installait notre chaine Hi-Fi sur le rebord de la fen\u00eatre et que l\u2019on annon\u00e7ait les titres de notre playlist \u00e0 l\u2019aide d\u2019un micro d\u2019occasion. L\u2019essentiel \u00e9tait de se familiariser avec cette forme d\u2019expression et de parvenir \u00e0 vaincre notre timidit\u00e9. A ce propos, nous avons remarqu\u00e9 que les chevaux adorent la musique quel que soit le genre !<br \/>\nLe 29 mai 2008, nous avons lanc\u00e9 Radio Compile sur la plate-forme Radionomy. Apr\u00e8s diff\u00e9rents tests et un investissement progressif en mat\u00e9riel d\u2019enregistrement, nous nous sommes appliqu\u00e9s \u00e0 d\u00e9velopper notre antenne en privil\u00e9giant les \u00e9v\u00e8nements locaux qui nous tenaient \u00e0 c\u0153ur.\u00bb<\/p>\n<p>Alexandre Braeckman : \u00abMalgr\u00e9 notre jeune \u00e2ge et sans avoir de comp\u00e9tences av\u00e9r\u00e9es dans le domaine du journalisme, des professionnels nous ont accueillis avec bienveillance lors des courses automobiles r\u00e9gionales que nous souhaitions commenter sur Radio Compile. Le support de la webradio nous a permis de d\u00e9velopper nos id\u00e9es et de construire notre propre univers sonore.\u00bb<\/p>\n<p><a href=\"http:\/\/www.lawebradio.com\/news\/wp-content\/uploads\/2013\/12\/ima-radio-compile2013.jpg\"><img loading=\"lazy\" decoding=\"async\" class=\"alignnone size-full wp-image-856\" alt=\"ima-radio-compile2013\" src=\"http:\/\/www.lawebradio.com\/news\/wp-content\/uploads\/2013\/12\/ima-radio-compile2013.jpg\" width=\"642\" height=\"310\" srcset=\"https:\/\/www.lawebradio.com\/news\/wp-content\/uploads\/2013\/12\/ima-radio-compile2013.jpg 642w, https:\/\/www.lawebradio.com\/news\/wp-content\/uploads\/2013\/12\/ima-radio-compile2013-150x72.jpg 150w, https:\/\/www.lawebradio.com\/news\/wp-content\/uploads\/2013\/12\/ima-radio-compile2013-300x144.jpg 300w\" sizes=\"auto, (max-width: 642px) 100vw, 642px\" \/><\/a><\/p>\n<p>Nicolas Braeckman : \u00abLe format de Radio Compile est clairement ax\u00e9 sur les hits et le top 40. La programmation musicale est large. Nous ne diffusons pas que les tubes actuels que l\u2019on peut \u00e9couter en boucle sur les FM mais on cherche aussi \u00e0 promouvoir des artistes moins connus qui ont un v\u00e9ritable talent et souvent peu de visibilit\u00e9. Nous ne faisons pas non plus la course \u00e0 l\u2019audience m\u00eame si une moyenne de 500 heures d\u2019\u00e9coute par jour est loin d\u2019\u00eatre n\u00e9gligeable. L\u2019essentiel est d\u2019avoir des auditeurs fid\u00e8les et r\u00e9actifs. Au niveau promotionnel, nous utilisons principalement Facebook et Twitter. Le reste se fait via la presse et la r\u00e9alisation de spots audio annon\u00e7ant nos diff\u00e9rents \u00e9v\u00e8nements.\u00bb<\/p>\n<p>Alexandre Braeckman : \u00ab Nous disposons d&rsquo;un studio am\u00e9nag\u00e9 et \u00e9quip\u00e9 par nos soins, financ\u00e9 en grande partie par la famille qui nous soutient depuis le d\u00e9but du projet. Il est utilis\u00e9 pendant la Libre Antenne Twin&rsquo;Zone et la totalit\u00e9 des \u00e9v\u00e8nements et interviews. Nous avons eu le plaisir de recevoir Roberto Bellarosa (The Voice Belgique), Dan Gagnon, Mademoiselle Luna, Jali et d&rsquo;autres artistes tr\u00e8s populaires en Belgique.\u00bb<\/p>\n<p>Nicolas Braeckman : \u00abPour 2014, nous serons en mars \u00e0 la Made in Asia \u00e0 Brussels Expo, avec un stand de 16m\u00b2. Cela nous permettra de rencontrer nos auditeurs en direct et de promouvoir Radio Compile dans la r\u00e9gion. Ce sera aussi l\u2019occasion de trouver des investisseurs d\u00e9sireux de soutenir financi\u00e8rement des jeunes motiv\u00e9s et gonfl\u00e9s \u00e0 bloc ! \u00bb<\/p>\n<p>Article r\u00e9dig\u00e9 par Julien Lecourbe<\/p>\n<p>\u2022 Site : <a href=\"http:\/\/www.radiocompile.net\/\" target=\"_blank\">http:\/\/www.radiocompile.net\/<\/a><\/p>\n<p><object width=\"245\" height=\"90\" classid=\"clsid:d27cdb6e-ae6d-11cf-96b8-444553540000\" codebase=\"http:\/\/download.macromedia.com\/pub\/shockwave\/cabs\/flash\/swflash.cab#version=6,0,40,0\"><param name=\"allowscriptaccess\" value=\"always\" \/><param name=\"wmode\" value=\"transparent\" \/><param name=\"src\" value=\"http:\/\/static.radionomy.com\/cdn\/flash\/BannerEmbed.swf?RadUID=ab268eff-cdad-4484-94b7-0f5dac7034fc&amp;titlesColor=ffffff&amp;color=7d7d7d&amp;autoPlay=no&amp;lang=fr\" \/><embed width=\"245\" height=\"90\" type=\"application\/x-shockwave-flash\" src=\"http:\/\/static.radionomy.com\/cdn\/flash\/BannerEmbed.swf?RadUID=ab268eff-cdad-4484-94b7-0f5dac7034fc&amp;titlesColor=ffffff&amp;color=7d7d7d&amp;autoPlay=no&amp;lang=fr\" allowscriptaccess=\"always\" wmode=\"transparent\" \/><\/object><\/p>\n","protected":false},"excerpt":{"rendered":"<p>Nicolas, 20 ans, et Alexandre Braeckman, 19 ans, ont commenc\u00e9 \u00e0 faire de la \u00ab radio \u00bb dans la cour de la ferme familiale qui accueillait un centre \u00e9questre \u00e0 Hannut, en Belgique. Nicolas Braeckman : \u00abLes gens nous prenaient pour des gamins un peu excit\u00e9s quand on installait notre chaine Hi-Fi sur le rebord [&hellip;]<\/p>\n","protected":false},"author":3,"featured_media":855,"comment_status":"closed","ping_status":"closed","sticky":false,"template":"","format":"standard","meta":{"_et_pb_use_builder":"","_et_pb_old_content":"","_et_gb_content_width":"","footnotes":""},"categories":[6],"tags":[299,301,300,15,297,298,293,302,44],"class_list":["post-854","post","type-post","status-publish","format-standard","has-post-thumbnail","hentry","category-focus","tag-dan-gagnon","tag-hannut","tag-mademoiselle-luna","tag-radionomy","tag-roberto-bellarosa","tag-the-voice-belgique","tag-top40","tag-twinzone","tag-webradios","et-has-post-format-content","et_post_format-et-post-format-standard"],"yoast_head":"<!-- This site is optimized with the Yoast SEO plugin v27.4 - https:\/\/yoast.com\/product\/yoast-seo-wordpress\/ -->\n<title>Radio Compile, une affaire de famille - Lawebradio.com - Actualit\u00e9s des radios digitales<\/title>\n<meta name=\"description\" content=\"Humour, info et musique, un cocktail pr\u00e9sent\u00e9 par Nicolas et Alexandre Braeckman de Radio Compile\" \/>\n<meta name=\"robots\" content=\"index, follow, max-snippet:-1, max-image-preview:large, max-video-preview:-1\" \/>\n<link rel=\"canonical\" href=\"https:\/\/www.lawebradio.com\/news\/radio-compile-affaire-famille\/\" \/>\n<meta property=\"og:locale\" content=\"fr_FR\" \/>\n<meta property=\"og:type\" content=\"article\" \/>\n<meta property=\"og:title\" content=\"Radio Compile, une affaire de famille - Lawebradio.com - Actualit\u00e9s des radios digitales\" \/>\n<meta property=\"og:description\" content=\"Humour, info et musique, un cocktail pr\u00e9sent\u00e9 par Nicolas et Alexandre Braeckman de Radio Compile\" \/>\n<meta property=\"og:url\" content=\"https:\/\/www.lawebradio.com\/news\/radio-compile-affaire-famille\/\" \/>\n<meta property=\"og:site_name\" content=\"Lawebradio.com - Actualit\u00e9s des radios digitales\" \/>\n<meta property=\"article:published_time\" content=\"2013-12-19T14:15:41+00:00\" \/>\n<meta property=\"article:modified_time\" content=\"2013-12-19T14:30:25+00:00\" \/>\n<meta property=\"og:image\" content=\"https:\/\/www.lawebradio.com\/news\/wp-content\/uploads\/2013\/12\/ima-radio3-compile2013.jpg\" \/>\n\t<meta property=\"og:image:width\" content=\"642\" \/>\n\t<meta property=\"og:image:height\" content=\"310\" \/>\n\t<meta property=\"og:image:type\" content=\"image\/jpeg\" \/>\n<meta name=\"author\" content=\"Julien Lecourbe\" \/>\n<meta name=\"twitter:label1\" content=\"\u00c9crit par\" \/>\n\t<meta name=\"twitter:data1\" content=\"Julien Lecourbe\" \/>\n\t<meta name=\"twitter:label2\" content=\"Dur\u00e9e de lecture estim\u00e9e\" \/>\n\t<meta name=\"twitter:data2\" content=\"2 minutes\" \/>\n<script type=\"application\/ld+json\" class=\"yoast-schema-graph\">{\"@context\":\"https:\\\/\\\/schema.org\",\"@graph\":[{\"@type\":\"Article\",\"@id\":\"https:\\\/\\\/www.lawebradio.com\\\/news\\\/radio-compile-affaire-famille\\\/#article\",\"isPartOf\":{\"@id\":\"https:\\\/\\\/www.lawebradio.com\\\/news\\\/radio-compile-affaire-famille\\\/\"},\"author\":{\"name\":\"Julien Lecourbe\",\"@id\":\"https:\\\/\\\/www.lawebradio.com\\\/news\\\/#\\\/schema\\\/person\\\/95fd11aee6e6cfe70a4b58b482103f1f\"},\"headline\":\"Radio Compile, une affaire de famille\",\"datePublished\":\"2013-12-19T14:15:41+00:00\",\"dateModified\":\"2013-12-19T14:30:25+00:00\",\"mainEntityOfPage\":{\"@id\":\"https:\\\/\\\/www.lawebradio.com\\\/news\\\/radio-compile-affaire-famille\\\/\"},\"wordCount\":489,\"publisher\":{\"@id\":\"https:\\\/\\\/www.lawebradio.com\\\/news\\\/#organization\"},\"image\":{\"@id\":\"https:\\\/\\\/www.lawebradio.com\\\/news\\\/radio-compile-affaire-famille\\\/#primaryimage\"},\"thumbnailUrl\":\"https:\\\/\\\/www.lawebradio.com\\\/news\\\/wp-content\\\/uploads\\\/2013\\\/12\\\/ima-radio3-compile2013.jpg\",\"keywords\":[\"Dan Gagnon\",\"hannut\",\"Mademoiselle Luna\",\"radionomy\",\"Roberto Bellarosa\",\"The Voice Belgique\",\"Top40\",\"twin'zone\",\"webradios\"],\"articleSection\":[\"Focus\"],\"inLanguage\":\"fr-FR\"},{\"@type\":\"WebPage\",\"@id\":\"https:\\\/\\\/www.lawebradio.com\\\/news\\\/radio-compile-affaire-famille\\\/\",\"url\":\"https:\\\/\\\/www.lawebradio.com\\\/news\\\/radio-compile-affaire-famille\\\/\",\"name\":\"Radio Compile, une affaire de famille - Lawebradio.com - Actualit\u00e9s des radios digitales\",\"isPartOf\":{\"@id\":\"https:\\\/\\\/www.lawebradio.com\\\/news\\\/#website\"},\"primaryImageOfPage\":{\"@id\":\"https:\\\/\\\/www.lawebradio.com\\\/news\\\/radio-compile-affaire-famille\\\/#primaryimage\"},\"image\":{\"@id\":\"https:\\\/\\\/www.lawebradio.com\\\/news\\\/radio-compile-affaire-famille\\\/#primaryimage\"},\"thumbnailUrl\":\"https:\\\/\\\/www.lawebradio.com\\\/news\\\/wp-content\\\/uploads\\\/2013\\\/12\\\/ima-radio3-compile2013.jpg\",\"datePublished\":\"2013-12-19T14:15:41+00:00\",\"dateModified\":\"2013-12-19T14:30:25+00:00\",\"description\":\"Humour, info et musique, un cocktail pr\u00e9sent\u00e9 par Nicolas et Alexandre Braeckman de Radio Compile\",\"inLanguage\":\"fr-FR\",\"potentialAction\":[{\"@type\":\"ReadAction\",\"target\":[\"https:\\\/\\\/www.lawebradio.com\\\/news\\\/radio-compile-affaire-famille\\\/\"]}]},{\"@type\":\"ImageObject\",\"inLanguage\":\"fr-FR\",\"@id\":\"https:\\\/\\\/www.lawebradio.com\\\/news\\\/radio-compile-affaire-famille\\\/#primaryimage\",\"url\":\"https:\\\/\\\/www.lawebradio.com\\\/news\\\/wp-content\\\/uploads\\\/2013\\\/12\\\/ima-radio3-compile2013.jpg\",\"contentUrl\":\"https:\\\/\\\/www.lawebradio.com\\\/news\\\/wp-content\\\/uploads\\\/2013\\\/12\\\/ima-radio3-compile2013.jpg\",\"width\":642,\"height\":310},{\"@type\":\"WebSite\",\"@id\":\"https:\\\/\\\/www.lawebradio.com\\\/news\\\/#website\",\"url\":\"https:\\\/\\\/www.lawebradio.com\\\/news\\\/\",\"name\":\"Lawebradio.com - Actualit\u00e9s des radios digitales\",\"description\":\"\",\"publisher\":{\"@id\":\"https:\\\/\\\/www.lawebradio.com\\\/news\\\/#organization\"},\"potentialAction\":[{\"@type\":\"SearchAction\",\"target\":{\"@type\":\"EntryPoint\",\"urlTemplate\":\"https:\\\/\\\/www.lawebradio.com\\\/news\\\/?s={search_term_string}\"},\"query-input\":{\"@type\":\"PropertyValueSpecification\",\"valueRequired\":true,\"valueName\":\"search_term_string\"}}],\"inLanguage\":\"fr-FR\"},{\"@type\":\"Organization\",\"@id\":\"https:\\\/\\\/www.lawebradio.com\\\/news\\\/#organization\",\"name\":\"Lawebradio.com - Actualit\u00e9s des radios digitales\",\"url\":\"https:\\\/\\\/www.lawebradio.com\\\/news\\\/\",\"logo\":{\"@type\":\"ImageObject\",\"inLanguage\":\"fr-FR\",\"@id\":\"https:\\\/\\\/www.lawebradio.com\\\/news\\\/#\\\/schema\\\/logo\\\/image\\\/\",\"url\":\"https:\\\/\\\/www.lawebradio.com\\\/news\\\/wp-content\\\/uploads\\\/2020\\\/10\\\/logo2020.png\",\"contentUrl\":\"https:\\\/\\\/www.lawebradio.com\\\/news\\\/wp-content\\\/uploads\\\/2020\\\/10\\\/logo2020.png\",\"width\":254,\"height\":43,\"caption\":\"Lawebradio.com - Actualit\u00e9s des radios digitales\"},\"image\":{\"@id\":\"https:\\\/\\\/www.lawebradio.com\\\/news\\\/#\\\/schema\\\/logo\\\/image\\\/\"}},{\"@type\":\"Person\",\"@id\":\"https:\\\/\\\/www.lawebradio.com\\\/news\\\/#\\\/schema\\\/person\\\/95fd11aee6e6cfe70a4b58b482103f1f\",\"name\":\"Julien Lecourbe\",\"image\":{\"@type\":\"ImageObject\",\"inLanguage\":\"fr-FR\",\"@id\":\"https:\\\/\\\/secure.gravatar.com\\\/avatar\\\/0d25a327c6e268d9730d9c0cbeeee0fea76f04c6cf9528c29e782ef324afc515?s=96&d=mm&r=g\",\"url\":\"https:\\\/\\\/secure.gravatar.com\\\/avatar\\\/0d25a327c6e268d9730d9c0cbeeee0fea76f04c6cf9528c29e782ef324afc515?s=96&d=mm&r=g\",\"contentUrl\":\"https:\\\/\\\/secure.gravatar.com\\\/avatar\\\/0d25a327c6e268d9730d9c0cbeeee0fea76f04c6cf9528c29e782ef324afc515?s=96&d=mm&r=g\",\"caption\":\"Julien Lecourbe\"},\"url\":\"https:\\\/\\\/www.lawebradio.com\\\/news\\\/author\\\/la-redaction\\\/\"}]}<\/script>\n<!-- \/ Yoast SEO plugin. -->","yoast_head_json":{"title":"Radio Compile, une affaire de famille - Lawebradio.com - Actualit\u00e9s des radios digitales","description":"Humour, info et musique, un cocktail pr\u00e9sent\u00e9 par Nicolas et Alexandre Braeckman de Radio Compile","robots":{"index":"index","follow":"follow","max-snippet":"max-snippet:-1","max-image-preview":"max-image-preview:large","max-video-preview":"max-video-preview:-1"},"canonical":"https:\/\/www.lawebradio.com\/news\/radio-compile-affaire-famille\/","og_locale":"fr_FR","og_type":"article","og_title":"Radio Compile, une affaire de famille - Lawebradio.com - Actualit\u00e9s des radios digitales","og_description":"Humour, info et musique, un cocktail pr\u00e9sent\u00e9 par Nicolas et Alexandre Braeckman de Radio Compile","og_url":"https:\/\/www.lawebradio.com\/news\/radio-compile-affaire-famille\/","og_site_name":"Lawebradio.com - Actualit\u00e9s des radios digitales","article_published_time":"2013-12-19T14:15:41+00:00","article_modified_time":"2013-12-19T14:30:25+00:00","og_image":[{"width":642,"height":310,"url":"https:\/\/www.lawebradio.com\/news\/wp-content\/uploads\/2013\/12\/ima-radio3-compile2013.jpg","type":"image\/jpeg"}],"author":"Julien Lecourbe","twitter_misc":{"\u00c9crit par":"Julien Lecourbe","Dur\u00e9e de lecture estim\u00e9e":"2 minutes"},"schema":{"@context":"https:\/\/schema.org","@graph":[{"@type":"Article","@id":"https:\/\/www.lawebradio.com\/news\/radio-compile-affaire-famille\/#article","isPartOf":{"@id":"https:\/\/www.lawebradio.com\/news\/radio-compile-affaire-famille\/"},"author":{"name":"Julien Lecourbe","@id":"https:\/\/www.lawebradio.com\/news\/#\/schema\/person\/95fd11aee6e6cfe70a4b58b482103f1f"},"headline":"Radio Compile, une affaire de famille","datePublished":"2013-12-19T14:15:41+00:00","dateModified":"2013-12-19T14:30:25+00:00","mainEntityOfPage":{"@id":"https:\/\/www.lawebradio.com\/news\/radio-compile-affaire-famille\/"},"wordCount":489,"publisher":{"@id":"https:\/\/www.lawebradio.com\/news\/#organization"},"image":{"@id":"https:\/\/www.lawebradio.com\/news\/radio-compile-affaire-famille\/#primaryimage"},"thumbnailUrl":"https:\/\/www.lawebradio.com\/news\/wp-content\/uploads\/2013\/12\/ima-radio3-compile2013.jpg","keywords":["Dan Gagnon","hannut","Mademoiselle Luna","radionomy","Roberto Bellarosa","The Voice Belgique","Top40","twin'zone","webradios"],"articleSection":["Focus"],"inLanguage":"fr-FR"},{"@type":"WebPage","@id":"https:\/\/www.lawebradio.com\/news\/radio-compile-affaire-famille\/","url":"https:\/\/www.lawebradio.com\/news\/radio-compile-affaire-famille\/","name":"Radio Compile, une affaire de famille - Lawebradio.com - Actualit\u00e9s des radios digitales","isPartOf":{"@id":"https:\/\/www.lawebradio.com\/news\/#website"},"primaryImageOfPage":{"@id":"https:\/\/www.lawebradio.com\/news\/radio-compile-affaire-famille\/#primaryimage"},"image":{"@id":"https:\/\/www.lawebradio.com\/news\/radio-compile-affaire-famille\/#primaryimage"},"thumbnailUrl":"https:\/\/www.lawebradio.com\/news\/wp-content\/uploads\/2013\/12\/ima-radio3-compile2013.jpg","datePublished":"2013-12-19T14:15:41+00:00","dateModified":"2013-12-19T14:30:25+00:00","description":"Humour, info et musique, un cocktail pr\u00e9sent\u00e9 par Nicolas et Alexandre Braeckman de Radio Compile","inLanguage":"fr-FR","potentialAction":[{"@type":"ReadAction","target":["https:\/\/www.lawebradio.com\/news\/radio-compile-affaire-famille\/"]}]},{"@type":"ImageObject","inLanguage":"fr-FR","@id":"https:\/\/www.lawebradio.com\/news\/radio-compile-affaire-famille\/#primaryimage","url":"https:\/\/www.lawebradio.com\/news\/wp-content\/uploads\/2013\/12\/ima-radio3-compile2013.jpg","contentUrl":"https:\/\/www.lawebradio.com\/news\/wp-content\/uploads\/2013\/12\/ima-radio3-compile2013.jpg","width":642,"height":310},{"@type":"WebSite","@id":"https:\/\/www.lawebradio.com\/news\/#website","url":"https:\/\/www.lawebradio.com\/news\/","name":"Lawebradio.com - Actualit\u00e9s des radios digitales","description":"","publisher":{"@id":"https:\/\/www.lawebradio.com\/news\/#organization"},"potentialAction":[{"@type":"SearchAction","target":{"@type":"EntryPoint","urlTemplate":"https:\/\/www.lawebradio.com\/news\/?s={search_term_string}"},"query-input":{"@type":"PropertyValueSpecification","valueRequired":true,"valueName":"search_term_string"}}],"inLanguage":"fr-FR"},{"@type":"Organization","@id":"https:\/\/www.lawebradio.com\/news\/#organization","name":"Lawebradio.com - Actualit\u00e9s des radios digitales","url":"https:\/\/www.lawebradio.com\/news\/","logo":{"@type":"ImageObject","inLanguage":"fr-FR","@id":"https:\/\/www.lawebradio.com\/news\/#\/schema\/logo\/image\/","url":"https:\/\/www.lawebradio.com\/news\/wp-content\/uploads\/2020\/10\/logo2020.png","contentUrl":"https:\/\/www.lawebradio.com\/news\/wp-content\/uploads\/2020\/10\/logo2020.png","width":254,"height":43,"caption":"Lawebradio.com - Actualit\u00e9s des radios digitales"},"image":{"@id":"https:\/\/www.lawebradio.com\/news\/#\/schema\/logo\/image\/"}},{"@type":"Person","@id":"https:\/\/www.lawebradio.com\/news\/#\/schema\/person\/95fd11aee6e6cfe70a4b58b482103f1f","name":"Julien Lecourbe","image":{"@type":"ImageObject","inLanguage":"fr-FR","@id":"https:\/\/secure.gravatar.com\/avatar\/0d25a327c6e268d9730d9c0cbeeee0fea76f04c6cf9528c29e782ef324afc515?s=96&d=mm&r=g","url":"https:\/\/secure.gravatar.com\/avatar\/0d25a327c6e268d9730d9c0cbeeee0fea76f04c6cf9528c29e782ef324afc515?s=96&d=mm&r=g","contentUrl":"https:\/\/secure.gravatar.com\/avatar\/0d25a327c6e268d9730d9c0cbeeee0fea76f04c6cf9528c29e782ef324afc515?s=96&d=mm&r=g","caption":"Julien Lecourbe"},"url":"https:\/\/www.lawebradio.com\/news\/author\/la-redaction\/"}]}},"_links":{"self":[{"href":"https:\/\/www.lawebradio.com\/news\/wp-json\/wp\/v2\/posts\/854","targetHints":{"allow":["GET"]}}],"collection":[{"href":"https:\/\/www.lawebradio.com\/news\/wp-json\/wp\/v2\/posts"}],"about":[{"href":"https:\/\/www.lawebradio.com\/news\/wp-json\/wp\/v2\/types\/post"}],"author":[{"embeddable":true,"href":"https:\/\/www.lawebradio.com\/news\/wp-json\/wp\/v2\/users\/3"}],"replies":[{"embeddable":true,"href":"https:\/\/www.lawebradio.com\/news\/wp-json\/wp\/v2\/comments?post=854"}],"version-history":[{"count":2,"href":"https:\/\/www.lawebradio.com\/news\/wp-json\/wp\/v2\/posts\/854\/revisions"}],"predecessor-version":[{"id":858,"href":"https:\/\/www.lawebradio.com\/news\/wp-json\/wp\/v2\/posts\/854\/revisions\/858"}],"wp:featuredmedia":[{"embeddable":true,"href":"https:\/\/www.lawebradio.com\/news\/wp-json\/wp\/v2\/media\/855"}],"wp:attachment":[{"href":"https:\/\/www.lawebradio.com\/news\/wp-json\/wp\/v2\/media?parent=854"}],"wp:term":[{"taxonomy":"category","embeddable":true,"href":"https:\/\/www.lawebradio.com\/news\/wp-json\/wp\/v2\/categories?post=854"},{"taxonomy":"post_tag","embeddable":true,"href":"https:\/\/www.lawebradio.com\/news\/wp-json\/wp\/v2\/tags?post=854"}],"curies":[{"name":"wp","href":"https:\/\/api.w.org\/{rel}","templated":true}]}}