{"id":8397,"date":"2024-03-02T20:03:13","date_gmt":"2024-03-02T19:03:13","guid":{"rendered":"https:\/\/www.lawebradio.com\/news\/?p=8397"},"modified":"2024-03-02T20:04:27","modified_gmt":"2024-03-02T19:04:27","slug":"ecoutez-ressentez-vibrez-avec-lm7-radio","status":"publish","type":"post","link":"https:\/\/www.lawebradio.com\/news\/ecoutez-ressentez-vibrez-avec-lm7-radio\/","title":{"rendered":"\u00c9coutez, ressentez, vibrez avec LM7 Radio"},"content":{"rendered":"<p>[et_pb_section fb_built=\u00a0\u00bb1&Prime; _builder_version=\u00a0\u00bb4.6.5&Prime; _module_preset=\u00a0\u00bbdefault\u00a0\u00bb][et_pb_row _builder_version=\u00a0\u00bb4.6.5&Prime; _module_preset=\u00a0\u00bbdefault\u00a0\u00bb][et_pb_column type=\u00a0\u00bb4_4&Prime; _builder_version=\u00a0\u00bb4.6.5&Prime; _module_preset=\u00a0\u00bbdefault\u00a0\u00bb][et_pb_text _builder_version=\u00a0\u00bb4.8.0&Prime; _module_preset=\u00a0\u00bbdefault\u00a0\u00bb hover_enabled=\u00a0\u00bb0&Prime; sticky_enabled=\u00a0\u00bb0&Prime;]<\/p>\n<p><strong>LM7 Radio est votre destination ultime pour une exp\u00e9rience musicale captivante, o\u00f9 la pop, le rock, et le funk se rencontrent pour cr\u00e9er une ambiance unique et entra\u00eenante.<\/strong><br \/>De hits pop actuels aux classiques du rock et aux rythmes funky intemporels, cette radio digitale offre une palette musicale \u00e9tendue.<\/p>\n<p>Plongez dans ses \u00e9missions sp\u00e9ciales d\u00e9di\u00e9es \u00e0 des genres sp\u00e9cifiques, des d\u00e9cennies m\u00e9morables, et des collaborations musicales uniques.<br \/>De la s\u00e9lection m\u00e9ticuleuse des morceaux \u00e0 l&rsquo;animation dynamique, les animateurs de LM7 vous accompagnent dans votre vie quotidienne.<\/p>\n<p><img loading=\"lazy\" decoding=\"async\" class=\"wp-image-8400 size-full aligncenter\" src=\"https:\/\/www.lawebradio.com\/news\/wp-content\/uploads\/2024\/03\/ima29022029-03.jpg\" alt=\"\" width=\"560\" height=\"185\" srcset=\"https:\/\/www.lawebradio.com\/news\/wp-content\/uploads\/2024\/03\/ima29022029-03.jpg 560w, https:\/\/www.lawebradio.com\/news\/wp-content\/uploads\/2024\/03\/ima29022029-03-300x99.jpg 300w, https:\/\/www.lawebradio.com\/news\/wp-content\/uploads\/2024\/03\/ima29022029-03-150x50.jpg 150w\" sizes=\"auto, (max-width: 560px) 100vw, 560px\" \/><\/p>\n<p>Fondateur et responsable de LM7 Radio depuis le d\u00e9but de l&rsquo;aventure, Arnaud DK est \u00e9galement aux commandes de l&rsquo;\u00e9mission Pop-Rock News diffus\u00e9e le lundi soir \u00e0 20h sur LM7 Radio<\/p>\n<p>R\u00e9alisateur &amp; Animateur de l&rsquo;\u00e9mission The Funky Show, diffus\u00e9e tous les samedis sur LM7 Radio \u00e0 20h, Fran\u00e7ois GEE est LE sp\u00e9cialiste de musique Disco Dance House &amp; Funk depuis les ann\u00e9es 1980.<\/p>\n<p>Jean-Luc Caturla vous fait d\u00e9couvrir la chronique Jazz&rsquo; en Mer chaque vendredi \u00e0 15h et l&rsquo;\u00e9mission Sunset Jazz&rsquo;n Blues ce m\u00eame vendredi et tout en replay sur le site de LM7 Radio.<\/p>\n<p>Que vous soyez un amateur de pop entra\u00eenante, de rock \u00e9pique, ou de grooves funk irr\u00e9sistibles, LM7 Radio est l\u00e0 pour vous faire vibrer.<\/p>\n<p>\u2022 <a href=\"https:\/\/www.lm7.radio\/\" target=\"_blank\" rel=\"noopener\">En savoir plus &gt;&gt;<\/a><\/p>\n<p>[\/et_pb_text][\/et_pb_column][\/et_pb_row][\/et_pb_section]<\/p>\n","protected":false},"excerpt":{"rendered":"<p>[et_pb_section fb_built=\u00a0\u00bb1&Prime; _builder_version=\u00a0\u00bb4.6.5&Prime; _module_preset=\u00a0\u00bbdefault\u00a0\u00bb][et_pb_row _builder_version=\u00a0\u00bb4.6.5&Prime; _module_preset=\u00a0\u00bbdefault\u00a0\u00bb][et_pb_column type=\u00a0\u00bb4_4&Prime; _builder_version=\u00a0\u00bb4.6.5&Prime; _module_preset=\u00a0\u00bbdefault\u00a0\u00bb][et_pb_text _builder_version=\u00a0\u00bb4.8.0&Prime; _module_preset=\u00a0\u00bbdefault\u00a0\u00bb hover_enabled=\u00a0\u00bb0&Prime; sticky_enabled=\u00a0\u00bb0&Prime;] LM7 Radio est votre destination ultime pour une exp\u00e9rience musicale captivante, o\u00f9 la pop, le rock, et le funk se rencontrent pour cr\u00e9er une ambiance unique et entra\u00eenante.De hits pop actuels aux classiques du rock et aux rythmes funky intemporels, cette radio [&hellip;]<\/p>\n","protected":false},"author":3,"featured_media":8401,"comment_status":"closed","ping_status":"closed","sticky":false,"template":"","format":"standard","meta":{"_et_pb_use_builder":"on","_et_pb_old_content":"","_et_gb_content_width":"","footnotes":""},"categories":[6],"tags":[],"class_list":["post-8397","post","type-post","status-publish","format-standard","has-post-thumbnail","hentry","category-focus","et-has-post-format-content","et_post_format-et-post-format-standard"],"yoast_head":"<!-- This site is optimized with the Yoast SEO plugin v27.5 - https:\/\/yoast.com\/product\/yoast-seo-wordpress\/ -->\n<title>\u00c9coutez, ressentez, vibrez avec LM7 Radio - Lawebradio.com - Actualit\u00e9s des radios digitales<\/title>\n<meta name=\"description\" content=\"De hits pop actuels aux classiques du rock et aux rythmes funky intemporels, LM7 Radio offre une palette musicale \u00e9tendue.\" \/>\n<meta name=\"robots\" content=\"index, follow, max-snippet:-1, max-image-preview:large, max-video-preview:-1\" \/>\n<link rel=\"canonical\" href=\"https:\/\/www.lawebradio.com\/news\/ecoutez-ressentez-vibrez-avec-lm7-radio\/\" \/>\n<meta property=\"og:locale\" content=\"fr_FR\" \/>\n<meta property=\"og:type\" content=\"article\" \/>\n<meta property=\"og:title\" content=\"\u00c9coutez, ressentez, vibrez avec LM7 Radio - Lawebradio.com - Actualit\u00e9s des radios digitales\" \/>\n<meta property=\"og:description\" content=\"De hits pop actuels aux classiques du rock et aux rythmes funky intemporels, LM7 Radio offre une palette musicale \u00e9tendue.\" \/>\n<meta property=\"og:url\" content=\"https:\/\/www.lawebradio.com\/news\/ecoutez-ressentez-vibrez-avec-lm7-radio\/\" \/>\n<meta property=\"og:site_name\" content=\"Lawebradio.com - Actualit\u00e9s des radios digitales\" \/>\n<meta property=\"article:published_time\" content=\"2024-03-02T19:03:13+00:00\" \/>\n<meta property=\"article:modified_time\" content=\"2024-03-02T19:04:27+00:00\" \/>\n<meta property=\"og:image\" content=\"https:\/\/www.lawebradio.com\/news\/wp-content\/uploads\/2024\/03\/ima29022029-02.jpg\" \/>\n\t<meta property=\"og:image:width\" content=\"725\" \/>\n\t<meta property=\"og:image:height\" content=\"350\" \/>\n\t<meta property=\"og:image:type\" content=\"image\/jpeg\" \/>\n<meta name=\"author\" content=\"Julien Lecourbe\" \/>\n<meta name=\"twitter:label1\" content=\"\u00c9crit par\" \/>\n\t<meta name=\"twitter:data1\" content=\"Julien Lecourbe\" \/>\n\t<meta name=\"twitter:label2\" content=\"Dur\u00e9e de lecture estim\u00e9e\" \/>\n\t<meta name=\"twitter:data2\" content=\"2 minutes\" \/>\n<script type=\"application\/ld+json\" class=\"yoast-schema-graph\">{\"@context\":\"https:\\\/\\\/schema.org\",\"@graph\":[{\"@type\":\"Article\",\"@id\":\"https:\\\/\\\/www.lawebradio.com\\\/news\\\/ecoutez-ressentez-vibrez-avec-lm7-radio\\\/#article\",\"isPartOf\":{\"@id\":\"https:\\\/\\\/www.lawebradio.com\\\/news\\\/ecoutez-ressentez-vibrez-avec-lm7-radio\\\/\"},\"author\":{\"name\":\"Julien Lecourbe\",\"@id\":\"https:\\\/\\\/www.lawebradio.com\\\/news\\\/#\\\/schema\\\/person\\\/95fd11aee6e6cfe70a4b58b482103f1f\"},\"headline\":\"\u00c9coutez, ressentez, vibrez avec LM7 Radio\",\"datePublished\":\"2024-03-02T19:03:13+00:00\",\"dateModified\":\"2024-03-02T19:04:27+00:00\",\"mainEntityOfPage\":{\"@id\":\"https:\\\/\\\/www.lawebradio.com\\\/news\\\/ecoutez-ressentez-vibrez-avec-lm7-radio\\\/\"},\"wordCount\":289,\"publisher\":{\"@id\":\"https:\\\/\\\/www.lawebradio.com\\\/news\\\/#organization\"},\"image\":{\"@id\":\"https:\\\/\\\/www.lawebradio.com\\\/news\\\/ecoutez-ressentez-vibrez-avec-lm7-radio\\\/#primaryimage\"},\"thumbnailUrl\":\"https:\\\/\\\/www.lawebradio.com\\\/news\\\/wp-content\\\/uploads\\\/2024\\\/03\\\/ima29022029-02.jpg\",\"articleSection\":[\"Focus\"],\"inLanguage\":\"fr-FR\"},{\"@type\":\"WebPage\",\"@id\":\"https:\\\/\\\/www.lawebradio.com\\\/news\\\/ecoutez-ressentez-vibrez-avec-lm7-radio\\\/\",\"url\":\"https:\\\/\\\/www.lawebradio.com\\\/news\\\/ecoutez-ressentez-vibrez-avec-lm7-radio\\\/\",\"name\":\"\u00c9coutez, ressentez, vibrez avec LM7 Radio - Lawebradio.com - Actualit\u00e9s des radios digitales\",\"isPartOf\":{\"@id\":\"https:\\\/\\\/www.lawebradio.com\\\/news\\\/#website\"},\"primaryImageOfPage\":{\"@id\":\"https:\\\/\\\/www.lawebradio.com\\\/news\\\/ecoutez-ressentez-vibrez-avec-lm7-radio\\\/#primaryimage\"},\"image\":{\"@id\":\"https:\\\/\\\/www.lawebradio.com\\\/news\\\/ecoutez-ressentez-vibrez-avec-lm7-radio\\\/#primaryimage\"},\"thumbnailUrl\":\"https:\\\/\\\/www.lawebradio.com\\\/news\\\/wp-content\\\/uploads\\\/2024\\\/03\\\/ima29022029-02.jpg\",\"datePublished\":\"2024-03-02T19:03:13+00:00\",\"dateModified\":\"2024-03-02T19:04:27+00:00\",\"description\":\"De hits pop actuels aux classiques du rock et aux rythmes funky intemporels, LM7 Radio offre une palette musicale \u00e9tendue.\",\"inLanguage\":\"fr-FR\",\"potentialAction\":[{\"@type\":\"ReadAction\",\"target\":[\"https:\\\/\\\/www.lawebradio.com\\\/news\\\/ecoutez-ressentez-vibrez-avec-lm7-radio\\\/\"]}]},{\"@type\":\"ImageObject\",\"inLanguage\":\"fr-FR\",\"@id\":\"https:\\\/\\\/www.lawebradio.com\\\/news\\\/ecoutez-ressentez-vibrez-avec-lm7-radio\\\/#primaryimage\",\"url\":\"https:\\\/\\\/www.lawebradio.com\\\/news\\\/wp-content\\\/uploads\\\/2024\\\/03\\\/ima29022029-02.jpg\",\"contentUrl\":\"https:\\\/\\\/www.lawebradio.com\\\/news\\\/wp-content\\\/uploads\\\/2024\\\/03\\\/ima29022029-02.jpg\",\"width\":725,\"height\":350},{\"@type\":\"WebSite\",\"@id\":\"https:\\\/\\\/www.lawebradio.com\\\/news\\\/#website\",\"url\":\"https:\\\/\\\/www.lawebradio.com\\\/news\\\/\",\"name\":\"Lawebradio.com - Actualit\u00e9s des radios digitales\",\"description\":\"\",\"publisher\":{\"@id\":\"https:\\\/\\\/www.lawebradio.com\\\/news\\\/#organization\"},\"potentialAction\":[{\"@type\":\"SearchAction\",\"target\":{\"@type\":\"EntryPoint\",\"urlTemplate\":\"https:\\\/\\\/www.lawebradio.com\\\/news\\\/?s={search_term_string}\"},\"query-input\":{\"@type\":\"PropertyValueSpecification\",\"valueRequired\":true,\"valueName\":\"search_term_string\"}}],\"inLanguage\":\"fr-FR\"},{\"@type\":\"Organization\",\"@id\":\"https:\\\/\\\/www.lawebradio.com\\\/news\\\/#organization\",\"name\":\"Lawebradio.com - Actualit\u00e9s des radios digitales\",\"url\":\"https:\\\/\\\/www.lawebradio.com\\\/news\\\/\",\"logo\":{\"@type\":\"ImageObject\",\"inLanguage\":\"fr-FR\",\"@id\":\"https:\\\/\\\/www.lawebradio.com\\\/news\\\/#\\\/schema\\\/logo\\\/image\\\/\",\"url\":\"https:\\\/\\\/www.lawebradio.com\\\/news\\\/wp-content\\\/uploads\\\/2020\\\/10\\\/logo2020.png\",\"contentUrl\":\"https:\\\/\\\/www.lawebradio.com\\\/news\\\/wp-content\\\/uploads\\\/2020\\\/10\\\/logo2020.png\",\"width\":254,\"height\":43,\"caption\":\"Lawebradio.com - Actualit\u00e9s des radios digitales\"},\"image\":{\"@id\":\"https:\\\/\\\/www.lawebradio.com\\\/news\\\/#\\\/schema\\\/logo\\\/image\\\/\"}},{\"@type\":\"Person\",\"@id\":\"https:\\\/\\\/www.lawebradio.com\\\/news\\\/#\\\/schema\\\/person\\\/95fd11aee6e6cfe70a4b58b482103f1f\",\"name\":\"Julien Lecourbe\",\"image\":{\"@type\":\"ImageObject\",\"inLanguage\":\"fr-FR\",\"@id\":\"https:\\\/\\\/secure.gravatar.com\\\/avatar\\\/0d25a327c6e268d9730d9c0cbeeee0fea76f04c6cf9528c29e782ef324afc515?s=96&d=mm&r=g\",\"url\":\"https:\\\/\\\/secure.gravatar.com\\\/avatar\\\/0d25a327c6e268d9730d9c0cbeeee0fea76f04c6cf9528c29e782ef324afc515?s=96&d=mm&r=g\",\"contentUrl\":\"https:\\\/\\\/secure.gravatar.com\\\/avatar\\\/0d25a327c6e268d9730d9c0cbeeee0fea76f04c6cf9528c29e782ef324afc515?s=96&d=mm&r=g\",\"caption\":\"Julien Lecourbe\"},\"url\":\"https:\\\/\\\/www.lawebradio.com\\\/news\\\/author\\\/la-redaction\\\/\"}]}<\/script>\n<!-- \/ Yoast SEO plugin. -->","yoast_head_json":{"title":"\u00c9coutez, ressentez, vibrez avec LM7 Radio - Lawebradio.com - Actualit\u00e9s des radios digitales","description":"De hits pop actuels aux classiques du rock et aux rythmes funky intemporels, LM7 Radio offre une palette musicale \u00e9tendue.","robots":{"index":"index","follow":"follow","max-snippet":"max-snippet:-1","max-image-preview":"max-image-preview:large","max-video-preview":"max-video-preview:-1"},"canonical":"https:\/\/www.lawebradio.com\/news\/ecoutez-ressentez-vibrez-avec-lm7-radio\/","og_locale":"fr_FR","og_type":"article","og_title":"\u00c9coutez, ressentez, vibrez avec LM7 Radio - Lawebradio.com - Actualit\u00e9s des radios digitales","og_description":"De hits pop actuels aux classiques du rock et aux rythmes funky intemporels, LM7 Radio offre une palette musicale \u00e9tendue.","og_url":"https:\/\/www.lawebradio.com\/news\/ecoutez-ressentez-vibrez-avec-lm7-radio\/","og_site_name":"Lawebradio.com - Actualit\u00e9s des radios digitales","article_published_time":"2024-03-02T19:03:13+00:00","article_modified_time":"2024-03-02T19:04:27+00:00","og_image":[{"width":725,"height":350,"url":"https:\/\/www.lawebradio.com\/news\/wp-content\/uploads\/2024\/03\/ima29022029-02.jpg","type":"image\/jpeg"}],"author":"Julien Lecourbe","twitter_misc":{"\u00c9crit par":"Julien Lecourbe","Dur\u00e9e de lecture estim\u00e9e":"2 minutes"},"schema":{"@context":"https:\/\/schema.org","@graph":[{"@type":"Article","@id":"https:\/\/www.lawebradio.com\/news\/ecoutez-ressentez-vibrez-avec-lm7-radio\/#article","isPartOf":{"@id":"https:\/\/www.lawebradio.com\/news\/ecoutez-ressentez-vibrez-avec-lm7-radio\/"},"author":{"name":"Julien Lecourbe","@id":"https:\/\/www.lawebradio.com\/news\/#\/schema\/person\/95fd11aee6e6cfe70a4b58b482103f1f"},"headline":"\u00c9coutez, ressentez, vibrez avec LM7 Radio","datePublished":"2024-03-02T19:03:13+00:00","dateModified":"2024-03-02T19:04:27+00:00","mainEntityOfPage":{"@id":"https:\/\/www.lawebradio.com\/news\/ecoutez-ressentez-vibrez-avec-lm7-radio\/"},"wordCount":289,"publisher":{"@id":"https:\/\/www.lawebradio.com\/news\/#organization"},"image":{"@id":"https:\/\/www.lawebradio.com\/news\/ecoutez-ressentez-vibrez-avec-lm7-radio\/#primaryimage"},"thumbnailUrl":"https:\/\/www.lawebradio.com\/news\/wp-content\/uploads\/2024\/03\/ima29022029-02.jpg","articleSection":["Focus"],"inLanguage":"fr-FR"},{"@type":"WebPage","@id":"https:\/\/www.lawebradio.com\/news\/ecoutez-ressentez-vibrez-avec-lm7-radio\/","url":"https:\/\/www.lawebradio.com\/news\/ecoutez-ressentez-vibrez-avec-lm7-radio\/","name":"\u00c9coutez, ressentez, vibrez avec LM7 Radio - Lawebradio.com - Actualit\u00e9s des radios digitales","isPartOf":{"@id":"https:\/\/www.lawebradio.com\/news\/#website"},"primaryImageOfPage":{"@id":"https:\/\/www.lawebradio.com\/news\/ecoutez-ressentez-vibrez-avec-lm7-radio\/#primaryimage"},"image":{"@id":"https:\/\/www.lawebradio.com\/news\/ecoutez-ressentez-vibrez-avec-lm7-radio\/#primaryimage"},"thumbnailUrl":"https:\/\/www.lawebradio.com\/news\/wp-content\/uploads\/2024\/03\/ima29022029-02.jpg","datePublished":"2024-03-02T19:03:13+00:00","dateModified":"2024-03-02T19:04:27+00:00","description":"De hits pop actuels aux classiques du rock et aux rythmes funky intemporels, LM7 Radio offre une palette musicale \u00e9tendue.","inLanguage":"fr-FR","potentialAction":[{"@type":"ReadAction","target":["https:\/\/www.lawebradio.com\/news\/ecoutez-ressentez-vibrez-avec-lm7-radio\/"]}]},{"@type":"ImageObject","inLanguage":"fr-FR","@id":"https:\/\/www.lawebradio.com\/news\/ecoutez-ressentez-vibrez-avec-lm7-radio\/#primaryimage","url":"https:\/\/www.lawebradio.com\/news\/wp-content\/uploads\/2024\/03\/ima29022029-02.jpg","contentUrl":"https:\/\/www.lawebradio.com\/news\/wp-content\/uploads\/2024\/03\/ima29022029-02.jpg","width":725,"height":350},{"@type":"WebSite","@id":"https:\/\/www.lawebradio.com\/news\/#website","url":"https:\/\/www.lawebradio.com\/news\/","name":"Lawebradio.com - Actualit\u00e9s des radios digitales","description":"","publisher":{"@id":"https:\/\/www.lawebradio.com\/news\/#organization"},"potentialAction":[{"@type":"SearchAction","target":{"@type":"EntryPoint","urlTemplate":"https:\/\/www.lawebradio.com\/news\/?s={search_term_string}"},"query-input":{"@type":"PropertyValueSpecification","valueRequired":true,"valueName":"search_term_string"}}],"inLanguage":"fr-FR"},{"@type":"Organization","@id":"https:\/\/www.lawebradio.com\/news\/#organization","name":"Lawebradio.com - Actualit\u00e9s des radios digitales","url":"https:\/\/www.lawebradio.com\/news\/","logo":{"@type":"ImageObject","inLanguage":"fr-FR","@id":"https:\/\/www.lawebradio.com\/news\/#\/schema\/logo\/image\/","url":"https:\/\/www.lawebradio.com\/news\/wp-content\/uploads\/2020\/10\/logo2020.png","contentUrl":"https:\/\/www.lawebradio.com\/news\/wp-content\/uploads\/2020\/10\/logo2020.png","width":254,"height":43,"caption":"Lawebradio.com - Actualit\u00e9s des radios digitales"},"image":{"@id":"https:\/\/www.lawebradio.com\/news\/#\/schema\/logo\/image\/"}},{"@type":"Person","@id":"https:\/\/www.lawebradio.com\/news\/#\/schema\/person\/95fd11aee6e6cfe70a4b58b482103f1f","name":"Julien Lecourbe","image":{"@type":"ImageObject","inLanguage":"fr-FR","@id":"https:\/\/secure.gravatar.com\/avatar\/0d25a327c6e268d9730d9c0cbeeee0fea76f04c6cf9528c29e782ef324afc515?s=96&d=mm&r=g","url":"https:\/\/secure.gravatar.com\/avatar\/0d25a327c6e268d9730d9c0cbeeee0fea76f04c6cf9528c29e782ef324afc515?s=96&d=mm&r=g","contentUrl":"https:\/\/secure.gravatar.com\/avatar\/0d25a327c6e268d9730d9c0cbeeee0fea76f04c6cf9528c29e782ef324afc515?s=96&d=mm&r=g","caption":"Julien Lecourbe"},"url":"https:\/\/www.lawebradio.com\/news\/author\/la-redaction\/"}]}},"_links":{"self":[{"href":"https:\/\/www.lawebradio.com\/news\/wp-json\/wp\/v2\/posts\/8397","targetHints":{"allow":["GET"]}}],"collection":[{"href":"https:\/\/www.lawebradio.com\/news\/wp-json\/wp\/v2\/posts"}],"about":[{"href":"https:\/\/www.lawebradio.com\/news\/wp-json\/wp\/v2\/types\/post"}],"author":[{"embeddable":true,"href":"https:\/\/www.lawebradio.com\/news\/wp-json\/wp\/v2\/users\/3"}],"replies":[{"embeddable":true,"href":"https:\/\/www.lawebradio.com\/news\/wp-json\/wp\/v2\/comments?post=8397"}],"version-history":[{"count":3,"href":"https:\/\/www.lawebradio.com\/news\/wp-json\/wp\/v2\/posts\/8397\/revisions"}],"predecessor-version":[{"id":8403,"href":"https:\/\/www.lawebradio.com\/news\/wp-json\/wp\/v2\/posts\/8397\/revisions\/8403"}],"wp:featuredmedia":[{"embeddable":true,"href":"https:\/\/www.lawebradio.com\/news\/wp-json\/wp\/v2\/media\/8401"}],"wp:attachment":[{"href":"https:\/\/www.lawebradio.com\/news\/wp-json\/wp\/v2\/media?parent=8397"}],"wp:term":[{"taxonomy":"category","embeddable":true,"href":"https:\/\/www.lawebradio.com\/news\/wp-json\/wp\/v2\/categories?post=8397"},{"taxonomy":"post_tag","embeddable":true,"href":"https:\/\/www.lawebradio.com\/news\/wp-json\/wp\/v2\/tags?post=8397"}],"curies":[{"name":"wp","href":"https:\/\/api.w.org\/{rel}","templated":true}]}}