{"id":8332,"date":"2024-01-25T19:54:44","date_gmt":"2024-01-25T18:54:44","guid":{"rendered":"https:\/\/www.lawebradio.com\/news\/?p=8332"},"modified":"2024-01-25T19:55:59","modified_gmt":"2024-01-25T18:55:59","slug":"explorez-les-vibrations-de-nos-territoires-avec-la-1ere-musique","status":"publish","type":"post","link":"https:\/\/www.lawebradio.com\/news\/explorez-les-vibrations-de-nos-territoires-avec-la-1ere-musique\/","title":{"rendered":"Explorez les vibrations de nos territoires avec La 1\u00e8re Musique"},"content":{"rendered":"<p>[et_pb_section fb_built=\u00a0\u00bb1&Prime; _builder_version=\u00a0\u00bb4.6.5&Prime; _module_preset=\u00a0\u00bbdefault\u00a0\u00bb][et_pb_row _builder_version=\u00a0\u00bb4.6.5&Prime; _module_preset=\u00a0\u00bbdefault\u00a0\u00bb][et_pb_column type=\u00a0\u00bb4_4&Prime; _builder_version=\u00a0\u00bb4.6.5&Prime; _module_preset=\u00a0\u00bbdefault\u00a0\u00bb][et_pb_text _builder_version=\u00a0\u00bb4.8.0&Prime; _module_preset=\u00a0\u00bbdefault\u00a0\u00bb]<\/p>\n<p><strong>La 1\u00e8re Musique c\u00e9l\u00e8bre la puissance des musiques ultramarines, v\u00e9ritables catalyseurs de fusion qui ont r\u00e9volutionn\u00e9 les sc\u00e8nes musicales mondiales. Elle offre une plateforme qui accro\u00eet la visibilit\u00e9 et l&rsquo;audibilit\u00e9 des artistes des Outre-mer \u00e0 l&rsquo;\u00e9chelle nationale et internationale.<\/strong><\/p>\n<p>Plongez au c\u0153ur des cultures des Outre-mer gr\u00e2ce \u00e0 une offre 100 % digitale et audio qui vous invite \u00e0 un voyage musical riche en d\u00e9couvertes. La 1\u00e8re Musique pr\u00e9serve le patrimoine musical des territoires et met en valeur les artistes contemporains.<\/p>\n<p>D\u00e9couvrez des playlists d\u00e9di\u00e9es \u00e0 tous les genres musicaux des Outre-mer, tels que le Gwoka de Guadeloupe, le b\u00e8l\u00e8 de Martinique, le maloya de La R\u00e9union, le kan\u00e9ka de Nouvelle-Cal\u00e9donie, le m&rsquo;godro de Mayotte, le kas\u00e9ko de Guyane, le folk de Saint-Pierre-et-Miquelon, les chants wallisiens et polyn\u00e9siens, ainsi que des genres modernes comme le rap, le dancehall, la trap, le bouyon, le deck polyn\u00e9sien, le reggae et le jazz carib\u00e9en.<\/p>\n<p>[\/et_pb_text][et_pb_text _builder_version=\u00a0\u00bb4.8.0&Prime; _module_preset=\u00a0\u00bbdefault\u00a0\u00bb hover_enabled=\u00a0\u00bb0&Prime; sticky_enabled=\u00a0\u00bb0&Prime;]<\/p>\n<p>Rencontrez les animateurs des 3 oc\u00e9ans, dont Natacha de Mayotte, Tea de Polyn\u00e9sie, D\u00e9lia des Antilles et James, expert en musiques du monde.<\/p>\n<p><img loading=\"lazy\" decoding=\"async\" class=\"alignleft wp-image-8339 size-thumbnail\" src=\"https:\/\/www.lawebradio.com\/news\/wp-content\/uploads\/2024\/01\/natacha-150x150.webp\" alt=\"\" width=\"150\" height=\"150\" srcset=\"https:\/\/www.lawebradio.com\/news\/wp-content\/uploads\/2024\/01\/natacha-150x150.webp 150w, https:\/\/www.lawebradio.com\/news\/wp-content\/uploads\/2024\/01\/natacha-300x300.webp 300w, https:\/\/www.lawebradio.com\/news\/wp-content\/uploads\/2024\/01\/natacha.webp 400w\" sizes=\"auto, (max-width: 150px) 100vw, 150px\" \/><strong>D\u00e9couvrez des \u00e9missions uniques comme \u00ab\u00a0Les Muses\u00a0\u00bb pr\u00e9sent\u00e9 par Natacha Moustoifa,<\/strong> o\u00f9 chaque jour, une femme des Outre-mer partage de mani\u00e8re intime son exp\u00e9rience de vie \u00e0 travers ses choix musicaux. Les sujets, vari\u00e9s et propices \u00e0 la confidence, abordent des th\u00e8mes tels que l&#8217;empowerment f\u00e9minin, l&rsquo;inceste, les violences et la maternit\u00e9 avec bienveillance.<\/p>\n<p>[\/et_pb_text][et_pb_divider show_divider=\u00a0\u00bboff\u00a0\u00bb _builder_version=\u00a0\u00bb4.8.0&Prime; _module_preset=\u00a0\u00bbdefault\u00a0\u00bb][\/et_pb_divider][et_pb_text _builder_version=\u00a0\u00bb4.8.0&Prime; _module_preset=\u00a0\u00bbdefault\u00a0\u00bb hover_enabled=\u00a0\u00bb0&Prime; sticky_enabled=\u00a0\u00bb0&Prime;]<\/p>\n<p><img loading=\"lazy\" decoding=\"async\" class=\"alignleft wp-image-8340 size-thumbnail\" src=\"https:\/\/www.lawebradio.com\/news\/wp-content\/uploads\/2024\/01\/tea-150x150.webp\" alt=\"\" width=\"150\" height=\"150\" srcset=\"https:\/\/www.lawebradio.com\/news\/wp-content\/uploads\/2024\/01\/tea-150x150.webp 150w, https:\/\/www.lawebradio.com\/news\/wp-content\/uploads\/2024\/01\/tea-300x300.webp 300w, https:\/\/www.lawebradio.com\/news\/wp-content\/uploads\/2024\/01\/tea.webp 400w\" sizes=\"auto, (max-width: 150px) 100vw, 150px\" \/><strong>Plongez dans \u00ab\u00a0Music Oc\u00e9an\u00a0\u00bb pr\u00e9sent\u00e9 par Tea, la premi\u00e8re \u00e9mission enti\u00e8rement d\u00e9di\u00e9e aux arts musicaux du Pacifique.<\/strong> C\u00e9l\u00e9brez la vaste gamme des rythmes, la force de l&rsquo;oralit\u00e9 et la richesse des identit\u00e9s. Tea, musicien, n&rsquo;h\u00e9site pas \u00e0 saisir son ukul\u00e9l\u00e9 ou sa guitare pour des sessions improvis\u00e9es, offrant un d\u00e9paysement et une bonne humeur garantis \u00e0 chaque \u00e9pisode.<\/p>\n<p>[\/et_pb_text][et_pb_divider show_divider=\u00a0\u00bboff\u00a0\u00bb _builder_version=\u00a0\u00bb4.8.0&Prime; _module_preset=\u00a0\u00bbdefault\u00a0\u00bb][\/et_pb_divider][et_pb_text _builder_version=\u00a0\u00bb4.8.0&Prime; _module_preset=\u00a0\u00bbdefault\u00a0\u00bb hover_enabled=\u00a0\u00bb0&Prime; sticky_enabled=\u00a0\u00bb0&Prime;]<\/p>\n<p><img loading=\"lazy\" decoding=\"async\" class=\"alignleft wp-image-8341 size-thumbnail\" src=\"https:\/\/www.lawebradio.com\/news\/wp-content\/uploads\/2024\/01\/delia-150x150.webp\" alt=\"\" width=\"150\" height=\"150\" srcset=\"https:\/\/www.lawebradio.com\/news\/wp-content\/uploads\/2024\/01\/delia-150x150.webp 150w, https:\/\/www.lawebradio.com\/news\/wp-content\/uploads\/2024\/01\/delia-300x300.webp 300w, https:\/\/www.lawebradio.com\/news\/wp-content\/uploads\/2024\/01\/delia.webp 400w\" sizes=\"auto, (max-width: 150px) 100vw, 150px\" \/><strong>Ne manquez pas \u00ab\u00a0La 1\u00e8re Vibe\u00a0\u00bb anim\u00e9e par D\u00e9lia, un rendez-vous qui revisite les tubes internationaux,<\/strong> nationaux et r\u00e9gionaux des artistes des Outre-mer. Ils partagent avec D\u00e9lia le moment o\u00f9 tout a bascul\u00e9 apr\u00e8s avoir inond\u00e9 les ondes nationales. Chaque \u00e9mission se termine par un live exclusif de Sly, Thierry Cham, Fanny J, Lycina\u00efs Jean et Daddy Yod, d\u00e9voilant leurs secrets musicaux.<\/p>\n<p>[\/et_pb_text][et_pb_divider show_divider=\u00a0\u00bboff\u00a0\u00bb _builder_version=\u00a0\u00bb4.8.0&Prime; _module_preset=\u00a0\u00bbdefault\u00a0\u00bb][\/et_pb_divider][et_pb_text _builder_version=\u00a0\u00bb4.8.0&Prime; _module_preset=\u00a0\u00bbdefault\u00a0\u00bb hover_enabled=\u00a0\u00bb0&Prime; sticky_enabled=\u00a0\u00bb0&Prime;]<\/p>\n<p><img loading=\"lazy\" decoding=\"async\" class=\"alignleft wp-image-8342 size-thumbnail\" src=\"https:\/\/www.lawebradio.com\/news\/wp-content\/uploads\/2024\/01\/james-150x150.webp\" alt=\"\" width=\"150\" height=\"150\" srcset=\"https:\/\/www.lawebradio.com\/news\/wp-content\/uploads\/2024\/01\/james-150x150.webp 150w, https:\/\/www.lawebradio.com\/news\/wp-content\/uploads\/2024\/01\/james-300x300.webp 300w, https:\/\/www.lawebradio.com\/news\/wp-content\/uploads\/2024\/01\/james.webp 400w\" sizes=\"auto, (max-width: 150px) 100vw, 150px\" \/><strong>Explorez \u00ab\u00a0Balance l\u2019instru\u00a0\u00bb, anim\u00e9 par James Od\u00e9, o\u00f9 vous avez 3 minutes pour d\u00e9cortiquer le tube du moment.<\/strong> Chaque jour, James pr\u00e9sente un nouveau titre et le d\u00e9shabille instrument par instrument, r\u00e9v\u00e9lant parfois des rythmes inspir\u00e9s d&rsquo;une autre partie du monde, m\u00eame dans des chansons qui semblent traditionnelles.<\/p>\n<p>[\/et_pb_text][\/et_pb_column][\/et_pb_row][et_pb_row _builder_version=\u00a0\u00bb4.6.5&Prime; _module_preset=\u00a0\u00bbdefault\u00a0\u00bb][et_pb_column type=\u00a0\u00bb4_4&Prime; _builder_version=\u00a0\u00bb4.6.5&Prime; _module_preset=\u00a0\u00bbdefault\u00a0\u00bb][et_pb_text _builder_version=\u00a0\u00bb4.8.0&Prime; _module_preset=\u00a0\u00bbdefault\u00a0\u00bb]<\/p>\n<p>\u2022 <a href=\"https:\/\/www.radioplayer.fr\/radio\/1998-La-1%C3%A8re-musique-CARAIBES\" target=\"_blank\" rel=\"noopener\">Ecouter La Musique CARAIBES &gt;&gt;<\/a><\/p>\n<p>\u2022 <a href=\"https:\/\/www.radioplayer.fr\/radio\/1999-La-1%C3%A8re-musique-OCEAN-PACIFIQUE\" target=\"_blank\" rel=\"noopener\">Ecouter La Musique OCEAN PACIFIQUE &gt;&gt;<\/a><\/p>\n<p>\u2022 <a href=\"https:\/\/www.radioplayer.fr\/radio\/2003-La-1%C3%A8re-musique-OCEAN-INDIEN\" target=\"_blank\" rel=\"noopener\">Ecouter La Musique OCEAN INDIEN &gt;&gt;<\/a><\/p>\n<p>\u2022 <a href=\"https:\/\/www.radioplayer.fr\/radio\/2004-La-1%C3%A8re-musique-MONDE\" target=\"_blank\" rel=\"noopener\">Ecouter La Musique MONDE &gt;&gt;<\/a><\/p>\n<p>[\/et_pb_text][\/et_pb_column][\/et_pb_row][et_pb_row _builder_version=\u00a0\u00bb4.6.5&Prime; _module_preset=\u00a0\u00bbdefault\u00a0\u00bb][et_pb_column type=\u00a0\u00bb4_4&Prime; _builder_version=\u00a0\u00bb4.6.5&Prime; _module_preset=\u00a0\u00bbdefault\u00a0\u00bb][et_pb_code _builder_version=\u00a0\u00bb4.8.0&Prime; _module_preset=\u00a0\u00bbdefault\u00a0\u00bb]<iframe loading=\"lazy\" width=\"560\" height=\"315\" src=\"https:\/\/www.youtube.com\/embed\/jvaPbraiOgc?si=NvKFrL-TgwGlCi8W\" title=\"YouTube video player\" frameborder=\"0\" allow=\"accelerometer; autoplay; clipboard-write; encrypted-media; gyroscope; picture-in-picture; web-share\" allowfullscreen><\/iframe>[\/et_pb_code][\/et_pb_column][\/et_pb_row][\/et_pb_section]<\/p>\n","protected":false},"excerpt":{"rendered":"<p>[et_pb_section fb_built=\u00a0\u00bb1&Prime; _builder_version=\u00a0\u00bb4.6.5&Prime; _module_preset=\u00a0\u00bbdefault\u00a0\u00bb][et_pb_row _builder_version=\u00a0\u00bb4.6.5&Prime; _module_preset=\u00a0\u00bbdefault\u00a0\u00bb][et_pb_column type=\u00a0\u00bb4_4&Prime; _builder_version=\u00a0\u00bb4.6.5&Prime; _module_preset=\u00a0\u00bbdefault\u00a0\u00bb][et_pb_text _builder_version=\u00a0\u00bb4.8.0&Prime; _module_preset=\u00a0\u00bbdefault\u00a0\u00bb] La 1\u00e8re Musique c\u00e9l\u00e8bre la puissance des musiques ultramarines, v\u00e9ritables catalyseurs de fusion qui ont r\u00e9volutionn\u00e9 les sc\u00e8nes musicales mondiales. Elle offre une plateforme qui accro\u00eet la visibilit\u00e9 et l&rsquo;audibilit\u00e9 des artistes des Outre-mer \u00e0 l&rsquo;\u00e9chelle nationale et internationale. Plongez au c\u0153ur des cultures [&hellip;]<\/p>\n","protected":false},"author":3,"featured_media":8337,"comment_status":"closed","ping_status":"closed","sticky":false,"template":"","format":"standard","meta":{"_et_pb_use_builder":"on","_et_pb_old_content":"","_et_gb_content_width":"","footnotes":""},"categories":[6],"tags":[],"class_list":["post-8332","post","type-post","status-publish","format-standard","has-post-thumbnail","hentry","category-focus","et-has-post-format-content","et_post_format-et-post-format-standard"],"yoast_head":"<!-- This site is optimized with the Yoast SEO plugin v27.5 - https:\/\/yoast.com\/product\/yoast-seo-wordpress\/ -->\n<title>Explorez les vibrations de nos territoires avec La 1\u00e8re Musique - Lawebradio.com - Actualit\u00e9s des radios digitales<\/title>\n<meta name=\"description\" content=\"Plongez au c\u0153ur des cultures des Outre-mer gr\u00e2ce \u00e0 une offre 100 % digitale et audio qui vous invite \u00e0 un voyage musical riche en d\u00e9couvertes.\" \/>\n<meta name=\"robots\" content=\"index, follow, max-snippet:-1, max-image-preview:large, max-video-preview:-1\" \/>\n<link rel=\"canonical\" href=\"https:\/\/www.lawebradio.com\/news\/explorez-les-vibrations-de-nos-territoires-avec-la-1ere-musique\/\" \/>\n<meta property=\"og:locale\" content=\"fr_FR\" \/>\n<meta property=\"og:type\" content=\"article\" \/>\n<meta property=\"og:title\" content=\"Explorez les vibrations de nos territoires avec La 1\u00e8re Musique - Lawebradio.com - Actualit\u00e9s des radios digitales\" \/>\n<meta property=\"og:description\" content=\"Plongez au c\u0153ur des cultures des Outre-mer gr\u00e2ce \u00e0 une offre 100 % digitale et audio qui vous invite \u00e0 un voyage musical riche en d\u00e9couvertes.\" \/>\n<meta property=\"og:url\" content=\"https:\/\/www.lawebradio.com\/news\/explorez-les-vibrations-de-nos-territoires-avec-la-1ere-musique\/\" \/>\n<meta property=\"og:site_name\" content=\"Lawebradio.com - Actualit\u00e9s des radios digitales\" \/>\n<meta property=\"article:published_time\" content=\"2024-01-25T18:54:44+00:00\" \/>\n<meta property=\"article:modified_time\" content=\"2024-01-25T18:55:59+00:00\" \/>\n<meta property=\"og:image\" content=\"https:\/\/www.lawebradio.com\/news\/wp-content\/uploads\/2024\/01\/ima-1eremusique012024-1.jpg\" \/>\n\t<meta property=\"og:image:width\" content=\"725\" \/>\n\t<meta property=\"og:image:height\" content=\"350\" \/>\n\t<meta property=\"og:image:type\" content=\"image\/jpeg\" \/>\n<meta name=\"author\" content=\"Julien Lecourbe\" \/>\n<meta name=\"twitter:label1\" content=\"\u00c9crit par\" \/>\n\t<meta name=\"twitter:data1\" content=\"Julien Lecourbe\" \/>\n\t<meta name=\"twitter:label2\" content=\"Dur\u00e9e de lecture estim\u00e9e\" \/>\n\t<meta name=\"twitter:data2\" content=\"4 minutes\" \/>\n<script type=\"application\/ld+json\" class=\"yoast-schema-graph\">{\"@context\":\"https:\\\/\\\/schema.org\",\"@graph\":[{\"@type\":\"Article\",\"@id\":\"https:\\\/\\\/www.lawebradio.com\\\/news\\\/explorez-les-vibrations-de-nos-territoires-avec-la-1ere-musique\\\/#article\",\"isPartOf\":{\"@id\":\"https:\\\/\\\/www.lawebradio.com\\\/news\\\/explorez-les-vibrations-de-nos-territoires-avec-la-1ere-musique\\\/\"},\"author\":{\"name\":\"Julien Lecourbe\",\"@id\":\"https:\\\/\\\/www.lawebradio.com\\\/news\\\/#\\\/schema\\\/person\\\/95fd11aee6e6cfe70a4b58b482103f1f\"},\"headline\":\"Explorez les vibrations de nos territoires avec La 1\u00e8re Musique\",\"datePublished\":\"2024-01-25T18:54:44+00:00\",\"dateModified\":\"2024-01-25T18:55:59+00:00\",\"mainEntityOfPage\":{\"@id\":\"https:\\\/\\\/www.lawebradio.com\\\/news\\\/explorez-les-vibrations-de-nos-territoires-avec-la-1ere-musique\\\/\"},\"wordCount\":704,\"publisher\":{\"@id\":\"https:\\\/\\\/www.lawebradio.com\\\/news\\\/#organization\"},\"image\":{\"@id\":\"https:\\\/\\\/www.lawebradio.com\\\/news\\\/explorez-les-vibrations-de-nos-territoires-avec-la-1ere-musique\\\/#primaryimage\"},\"thumbnailUrl\":\"https:\\\/\\\/www.lawebradio.com\\\/news\\\/wp-content\\\/uploads\\\/2024\\\/01\\\/ima-1eremusique012024-1.jpg\",\"articleSection\":[\"Focus\"],\"inLanguage\":\"fr-FR\"},{\"@type\":\"WebPage\",\"@id\":\"https:\\\/\\\/www.lawebradio.com\\\/news\\\/explorez-les-vibrations-de-nos-territoires-avec-la-1ere-musique\\\/\",\"url\":\"https:\\\/\\\/www.lawebradio.com\\\/news\\\/explorez-les-vibrations-de-nos-territoires-avec-la-1ere-musique\\\/\",\"name\":\"Explorez les vibrations de nos territoires avec La 1\u00e8re Musique - Lawebradio.com - Actualit\u00e9s des radios digitales\",\"isPartOf\":{\"@id\":\"https:\\\/\\\/www.lawebradio.com\\\/news\\\/#website\"},\"primaryImageOfPage\":{\"@id\":\"https:\\\/\\\/www.lawebradio.com\\\/news\\\/explorez-les-vibrations-de-nos-territoires-avec-la-1ere-musique\\\/#primaryimage\"},\"image\":{\"@id\":\"https:\\\/\\\/www.lawebradio.com\\\/news\\\/explorez-les-vibrations-de-nos-territoires-avec-la-1ere-musique\\\/#primaryimage\"},\"thumbnailUrl\":\"https:\\\/\\\/www.lawebradio.com\\\/news\\\/wp-content\\\/uploads\\\/2024\\\/01\\\/ima-1eremusique012024-1.jpg\",\"datePublished\":\"2024-01-25T18:54:44+00:00\",\"dateModified\":\"2024-01-25T18:55:59+00:00\",\"description\":\"Plongez au c\u0153ur des cultures des Outre-mer gr\u00e2ce \u00e0 une offre 100 % digitale et audio qui vous invite \u00e0 un voyage musical riche en d\u00e9couvertes.\",\"inLanguage\":\"fr-FR\",\"potentialAction\":[{\"@type\":\"ReadAction\",\"target\":[\"https:\\\/\\\/www.lawebradio.com\\\/news\\\/explorez-les-vibrations-de-nos-territoires-avec-la-1ere-musique\\\/\"]}]},{\"@type\":\"ImageObject\",\"inLanguage\":\"fr-FR\",\"@id\":\"https:\\\/\\\/www.lawebradio.com\\\/news\\\/explorez-les-vibrations-de-nos-territoires-avec-la-1ere-musique\\\/#primaryimage\",\"url\":\"https:\\\/\\\/www.lawebradio.com\\\/news\\\/wp-content\\\/uploads\\\/2024\\\/01\\\/ima-1eremusique012024-1.jpg\",\"contentUrl\":\"https:\\\/\\\/www.lawebradio.com\\\/news\\\/wp-content\\\/uploads\\\/2024\\\/01\\\/ima-1eremusique012024-1.jpg\",\"width\":725,\"height\":350},{\"@type\":\"WebSite\",\"@id\":\"https:\\\/\\\/www.lawebradio.com\\\/news\\\/#website\",\"url\":\"https:\\\/\\\/www.lawebradio.com\\\/news\\\/\",\"name\":\"Lawebradio.com - Actualit\u00e9s des radios digitales\",\"description\":\"\",\"publisher\":{\"@id\":\"https:\\\/\\\/www.lawebradio.com\\\/news\\\/#organization\"},\"potentialAction\":[{\"@type\":\"SearchAction\",\"target\":{\"@type\":\"EntryPoint\",\"urlTemplate\":\"https:\\\/\\\/www.lawebradio.com\\\/news\\\/?s={search_term_string}\"},\"query-input\":{\"@type\":\"PropertyValueSpecification\",\"valueRequired\":true,\"valueName\":\"search_term_string\"}}],\"inLanguage\":\"fr-FR\"},{\"@type\":\"Organization\",\"@id\":\"https:\\\/\\\/www.lawebradio.com\\\/news\\\/#organization\",\"name\":\"Lawebradio.com - Actualit\u00e9s des radios digitales\",\"url\":\"https:\\\/\\\/www.lawebradio.com\\\/news\\\/\",\"logo\":{\"@type\":\"ImageObject\",\"inLanguage\":\"fr-FR\",\"@id\":\"https:\\\/\\\/www.lawebradio.com\\\/news\\\/#\\\/schema\\\/logo\\\/image\\\/\",\"url\":\"https:\\\/\\\/www.lawebradio.com\\\/news\\\/wp-content\\\/uploads\\\/2020\\\/10\\\/logo2020.png\",\"contentUrl\":\"https:\\\/\\\/www.lawebradio.com\\\/news\\\/wp-content\\\/uploads\\\/2020\\\/10\\\/logo2020.png\",\"width\":254,\"height\":43,\"caption\":\"Lawebradio.com - Actualit\u00e9s des radios digitales\"},\"image\":{\"@id\":\"https:\\\/\\\/www.lawebradio.com\\\/news\\\/#\\\/schema\\\/logo\\\/image\\\/\"}},{\"@type\":\"Person\",\"@id\":\"https:\\\/\\\/www.lawebradio.com\\\/news\\\/#\\\/schema\\\/person\\\/95fd11aee6e6cfe70a4b58b482103f1f\",\"name\":\"Julien Lecourbe\",\"image\":{\"@type\":\"ImageObject\",\"inLanguage\":\"fr-FR\",\"@id\":\"https:\\\/\\\/secure.gravatar.com\\\/avatar\\\/0d25a327c6e268d9730d9c0cbeeee0fea76f04c6cf9528c29e782ef324afc515?s=96&d=mm&r=g\",\"url\":\"https:\\\/\\\/secure.gravatar.com\\\/avatar\\\/0d25a327c6e268d9730d9c0cbeeee0fea76f04c6cf9528c29e782ef324afc515?s=96&d=mm&r=g\",\"contentUrl\":\"https:\\\/\\\/secure.gravatar.com\\\/avatar\\\/0d25a327c6e268d9730d9c0cbeeee0fea76f04c6cf9528c29e782ef324afc515?s=96&d=mm&r=g\",\"caption\":\"Julien Lecourbe\"},\"url\":\"https:\\\/\\\/www.lawebradio.com\\\/news\\\/author\\\/la-redaction\\\/\"}]}<\/script>\n<!-- \/ Yoast SEO plugin. -->","yoast_head_json":{"title":"Explorez les vibrations de nos territoires avec La 1\u00e8re Musique - Lawebradio.com - Actualit\u00e9s des radios digitales","description":"Plongez au c\u0153ur des cultures des Outre-mer gr\u00e2ce \u00e0 une offre 100 % digitale et audio qui vous invite \u00e0 un voyage musical riche en d\u00e9couvertes.","robots":{"index":"index","follow":"follow","max-snippet":"max-snippet:-1","max-image-preview":"max-image-preview:large","max-video-preview":"max-video-preview:-1"},"canonical":"https:\/\/www.lawebradio.com\/news\/explorez-les-vibrations-de-nos-territoires-avec-la-1ere-musique\/","og_locale":"fr_FR","og_type":"article","og_title":"Explorez les vibrations de nos territoires avec La 1\u00e8re Musique - Lawebradio.com - Actualit\u00e9s des radios digitales","og_description":"Plongez au c\u0153ur des cultures des Outre-mer gr\u00e2ce \u00e0 une offre 100 % digitale et audio qui vous invite \u00e0 un voyage musical riche en d\u00e9couvertes.","og_url":"https:\/\/www.lawebradio.com\/news\/explorez-les-vibrations-de-nos-territoires-avec-la-1ere-musique\/","og_site_name":"Lawebradio.com - Actualit\u00e9s des radios digitales","article_published_time":"2024-01-25T18:54:44+00:00","article_modified_time":"2024-01-25T18:55:59+00:00","og_image":[{"width":725,"height":350,"url":"https:\/\/www.lawebradio.com\/news\/wp-content\/uploads\/2024\/01\/ima-1eremusique012024-1.jpg","type":"image\/jpeg"}],"author":"Julien Lecourbe","twitter_misc":{"\u00c9crit par":"Julien Lecourbe","Dur\u00e9e de lecture estim\u00e9e":"4 minutes"},"schema":{"@context":"https:\/\/schema.org","@graph":[{"@type":"Article","@id":"https:\/\/www.lawebradio.com\/news\/explorez-les-vibrations-de-nos-territoires-avec-la-1ere-musique\/#article","isPartOf":{"@id":"https:\/\/www.lawebradio.com\/news\/explorez-les-vibrations-de-nos-territoires-avec-la-1ere-musique\/"},"author":{"name":"Julien Lecourbe","@id":"https:\/\/www.lawebradio.com\/news\/#\/schema\/person\/95fd11aee6e6cfe70a4b58b482103f1f"},"headline":"Explorez les vibrations de nos territoires avec La 1\u00e8re Musique","datePublished":"2024-01-25T18:54:44+00:00","dateModified":"2024-01-25T18:55:59+00:00","mainEntityOfPage":{"@id":"https:\/\/www.lawebradio.com\/news\/explorez-les-vibrations-de-nos-territoires-avec-la-1ere-musique\/"},"wordCount":704,"publisher":{"@id":"https:\/\/www.lawebradio.com\/news\/#organization"},"image":{"@id":"https:\/\/www.lawebradio.com\/news\/explorez-les-vibrations-de-nos-territoires-avec-la-1ere-musique\/#primaryimage"},"thumbnailUrl":"https:\/\/www.lawebradio.com\/news\/wp-content\/uploads\/2024\/01\/ima-1eremusique012024-1.jpg","articleSection":["Focus"],"inLanguage":"fr-FR"},{"@type":"WebPage","@id":"https:\/\/www.lawebradio.com\/news\/explorez-les-vibrations-de-nos-territoires-avec-la-1ere-musique\/","url":"https:\/\/www.lawebradio.com\/news\/explorez-les-vibrations-de-nos-territoires-avec-la-1ere-musique\/","name":"Explorez les vibrations de nos territoires avec La 1\u00e8re Musique - Lawebradio.com - Actualit\u00e9s des radios digitales","isPartOf":{"@id":"https:\/\/www.lawebradio.com\/news\/#website"},"primaryImageOfPage":{"@id":"https:\/\/www.lawebradio.com\/news\/explorez-les-vibrations-de-nos-territoires-avec-la-1ere-musique\/#primaryimage"},"image":{"@id":"https:\/\/www.lawebradio.com\/news\/explorez-les-vibrations-de-nos-territoires-avec-la-1ere-musique\/#primaryimage"},"thumbnailUrl":"https:\/\/www.lawebradio.com\/news\/wp-content\/uploads\/2024\/01\/ima-1eremusique012024-1.jpg","datePublished":"2024-01-25T18:54:44+00:00","dateModified":"2024-01-25T18:55:59+00:00","description":"Plongez au c\u0153ur des cultures des Outre-mer gr\u00e2ce \u00e0 une offre 100 % digitale et audio qui vous invite \u00e0 un voyage musical riche en d\u00e9couvertes.","inLanguage":"fr-FR","potentialAction":[{"@type":"ReadAction","target":["https:\/\/www.lawebradio.com\/news\/explorez-les-vibrations-de-nos-territoires-avec-la-1ere-musique\/"]}]},{"@type":"ImageObject","inLanguage":"fr-FR","@id":"https:\/\/www.lawebradio.com\/news\/explorez-les-vibrations-de-nos-territoires-avec-la-1ere-musique\/#primaryimage","url":"https:\/\/www.lawebradio.com\/news\/wp-content\/uploads\/2024\/01\/ima-1eremusique012024-1.jpg","contentUrl":"https:\/\/www.lawebradio.com\/news\/wp-content\/uploads\/2024\/01\/ima-1eremusique012024-1.jpg","width":725,"height":350},{"@type":"WebSite","@id":"https:\/\/www.lawebradio.com\/news\/#website","url":"https:\/\/www.lawebradio.com\/news\/","name":"Lawebradio.com - Actualit\u00e9s des radios digitales","description":"","publisher":{"@id":"https:\/\/www.lawebradio.com\/news\/#organization"},"potentialAction":[{"@type":"SearchAction","target":{"@type":"EntryPoint","urlTemplate":"https:\/\/www.lawebradio.com\/news\/?s={search_term_string}"},"query-input":{"@type":"PropertyValueSpecification","valueRequired":true,"valueName":"search_term_string"}}],"inLanguage":"fr-FR"},{"@type":"Organization","@id":"https:\/\/www.lawebradio.com\/news\/#organization","name":"Lawebradio.com - Actualit\u00e9s des radios digitales","url":"https:\/\/www.lawebradio.com\/news\/","logo":{"@type":"ImageObject","inLanguage":"fr-FR","@id":"https:\/\/www.lawebradio.com\/news\/#\/schema\/logo\/image\/","url":"https:\/\/www.lawebradio.com\/news\/wp-content\/uploads\/2020\/10\/logo2020.png","contentUrl":"https:\/\/www.lawebradio.com\/news\/wp-content\/uploads\/2020\/10\/logo2020.png","width":254,"height":43,"caption":"Lawebradio.com - Actualit\u00e9s des radios digitales"},"image":{"@id":"https:\/\/www.lawebradio.com\/news\/#\/schema\/logo\/image\/"}},{"@type":"Person","@id":"https:\/\/www.lawebradio.com\/news\/#\/schema\/person\/95fd11aee6e6cfe70a4b58b482103f1f","name":"Julien Lecourbe","image":{"@type":"ImageObject","inLanguage":"fr-FR","@id":"https:\/\/secure.gravatar.com\/avatar\/0d25a327c6e268d9730d9c0cbeeee0fea76f04c6cf9528c29e782ef324afc515?s=96&d=mm&r=g","url":"https:\/\/secure.gravatar.com\/avatar\/0d25a327c6e268d9730d9c0cbeeee0fea76f04c6cf9528c29e782ef324afc515?s=96&d=mm&r=g","contentUrl":"https:\/\/secure.gravatar.com\/avatar\/0d25a327c6e268d9730d9c0cbeeee0fea76f04c6cf9528c29e782ef324afc515?s=96&d=mm&r=g","caption":"Julien Lecourbe"},"url":"https:\/\/www.lawebradio.com\/news\/author\/la-redaction\/"}]}},"_links":{"self":[{"href":"https:\/\/www.lawebradio.com\/news\/wp-json\/wp\/v2\/posts\/8332","targetHints":{"allow":["GET"]}}],"collection":[{"href":"https:\/\/www.lawebradio.com\/news\/wp-json\/wp\/v2\/posts"}],"about":[{"href":"https:\/\/www.lawebradio.com\/news\/wp-json\/wp\/v2\/types\/post"}],"author":[{"embeddable":true,"href":"https:\/\/www.lawebradio.com\/news\/wp-json\/wp\/v2\/users\/3"}],"replies":[{"embeddable":true,"href":"https:\/\/www.lawebradio.com\/news\/wp-json\/wp\/v2\/comments?post=8332"}],"version-history":[{"count":12,"href":"https:\/\/www.lawebradio.com\/news\/wp-json\/wp\/v2\/posts\/8332\/revisions"}],"predecessor-version":[{"id":8361,"href":"https:\/\/www.lawebradio.com\/news\/wp-json\/wp\/v2\/posts\/8332\/revisions\/8361"}],"wp:featuredmedia":[{"embeddable":true,"href":"https:\/\/www.lawebradio.com\/news\/wp-json\/wp\/v2\/media\/8337"}],"wp:attachment":[{"href":"https:\/\/www.lawebradio.com\/news\/wp-json\/wp\/v2\/media?parent=8332"}],"wp:term":[{"taxonomy":"category","embeddable":true,"href":"https:\/\/www.lawebradio.com\/news\/wp-json\/wp\/v2\/categories?post=8332"},{"taxonomy":"post_tag","embeddable":true,"href":"https:\/\/www.lawebradio.com\/news\/wp-json\/wp\/v2\/tags?post=8332"}],"curies":[{"name":"wp","href":"https:\/\/api.w.org\/{rel}","templated":true}]}}