{"id":805,"date":"2013-12-10T20:13:15","date_gmt":"2013-12-10T19:13:15","guid":{"rendered":"http:\/\/www.lawebradio.com\/news\/?p=805"},"modified":"2013-12-10T20:13:59","modified_gmt":"2013-12-10T19:13:59","slug":"les-francais-passent-12-heures-semaine-web","status":"publish","type":"post","link":"https:\/\/www.lawebradio.com\/news\/les-francais-passent-12-heures-semaine-web\/","title":{"rendered":"Les Fran\u00e7ais passent plus de 12 heures par semaine sur le Web"},"content":{"rendered":"<p><strong>L&rsquo;Autorit\u00e9 de r\u00e9gulation des communications \u00e9lectroniques et des postes (ARCEP) et le Conseil g\u00e9n\u00e9ral de l&rsquo;\u00e9conomie, de l&rsquo;industrie, de l&rsquo;\u00e9nergie et des technologies (CGE) rendent publics les r\u00e9sultats de la 11\u00e8me enqu\u00eate annuelle sur la diffusion<\/strong>, en France, des technologies de l&rsquo;information et de la communication, r\u00e9alis\u00e9e en juin 2013 par entretiens en face-\u00e0-face aupr\u00e8s d&rsquo;un \u00e9chantillon de 2 215 personnes repr\u00e9sentatif de la population fran\u00e7aise de 12 ans et plus.<\/p>\n<p>Les principaux enseignements de cette enqu\u00eate sont les suivants :<\/p>\n<p><strong>Les taux d&rsquo;\u00e9quipement des outils num\u00e9riques progressent, plus fortement pour les \u00e9quipements portables<\/strong><br \/>\n&#8211; Les taux d&rsquo;\u00e9quipement pour les outils num\u00e9riques portable sont en augmentation, pour les ordinateurs portables (61 % des personnes interrog\u00e9es, +4 points), les smartphones (39 %, +10 points) ou les tablettes (17 %, +9 points).<br \/>\n&#8211; L&rsquo;\u00e9quipement en t\u00e9l\u00e9phonie fixe (91 % des personnes interrog\u00e9es, +1 point) ainsi que celui en terminal mobile (89 % +1 point) se maintiennent \u00e0 un niveau \u00e9lev\u00e9 ; quatre personnes sur cinq disposent des deux \u00e9quipements.<\/p>\n<p><strong>Le Wi-Fi devient le mode de connexion le plus fr\u00e9quent \u00e0 domicile, tandis que le t\u00e9l\u00e9phone mobile est le moyen de connexion privil\u00e9gi\u00e9 \u00e0 l&rsquo;ext\u00e9rieur.<\/strong><br \/>\n&#8211; Plus de huit personnes sur dix disposent d&rsquo;internet \u00e0 domicile (81%, +3 points) et pour la quasi-totalit\u00e9, via une connexion \u00e0 haut d\u00e9bit (99 % des personnes \u00e9quip\u00e9es). L&rsquo;ADSL reste le mode d&rsquo;acc\u00e8s privil\u00e9gi\u00e9 (89 %).<br \/>\n&#8211; L&rsquo;acc\u00e8s \u00e0 internet \u00e0 domicile depuis un ordinateur connect\u00e9 en Wi-Fi devient le mode de connexion le plus courant (53 % des personnes interrog\u00e9es se connectent ainsi), suivi de pr\u00e8s par la connexion fixe de l&rsquo;ordinateur (52 % des personnes, -2 points). Les connexions via les \u00e9quipements mobiles au domicile (tablettes, t\u00e9l\u00e9phone) progressent rapidement, que la connexion se fasse en WiFi (33 % personnes interrog\u00e9es, +10 points) ou par le r\u00e9seau mobile (27 %, +7 points) ; au final, les modes de connexion se cumulent et une personne sur deux utilise au moins deux modes de connexion au domicile.<br \/>\n&#8211; Plus de six personnes sur dix se connectent tous les jours \u00e0 internet depuis un ordinateur \u00e0 domicile (63% des personnes interrog\u00e9es, soit 77 % des personnes disposant d&rsquo;un acc\u00e8s internet \u00e0 domicile).<br \/>\n&#8211; Les connexions \u00e0 internet depuis un terminal mobile (37 % des personnes interrog\u00e9es) connaissent une croissance plus forte (+9 points), les autres connexions en mobilit\u00e9 via tablettes ou ordinateurs progressant d&rsquo;un point (21 %). Au total, plus de deux personnes sur cinq se connectent \u00e0 internet en mobilit\u00e9 en 2013 (43 %).<\/p>\n<p><strong>L\u2019internet sur mobile explose<\/strong><br \/>\n\u2022 Mis \u00e0 part la t\u00e9l\u00e9vision, les usages internet sur t\u00e9l\u00e9phone mobile explosent, tant pour la navigation internet (37% en 2013 contre 12% en 2010) que pour la consultation de courriers \u00e9lectroniques (30% en 2013 contre 9% en 2010) ou le t\u00e9l\u00e9chargement d\u2019applications (29% en 2013 contre 7% en 2010).<br \/>\n\u2022 La croissance de l\u2019internet mobile est li\u00e9e \u00e0 celle des \u00ab smartphones \u00bb qui \u00e9quipent d\u00e9sormais 39% de la population (contre 29% l\u2019ann\u00e9e pr\u00e9c\u00e9dente).<br \/>\n<img loading=\"lazy\" decoding=\"async\" class=\"alignnone  wp-image-808\" alt=\"\" src=\"http:\/\/www.lawebradio.com\/news\/wp-content\/uploads\/2013\/12\/ima1-acerp2013.jpg\" width=\"642\" height=\"450\" srcset=\"https:\/\/www.lawebradio.com\/news\/wp-content\/uploads\/2013\/12\/ima1-acerp2013.jpg 642w, https:\/\/www.lawebradio.com\/news\/wp-content\/uploads\/2013\/12\/ima1-acerp2013-150x105.jpg 150w, https:\/\/www.lawebradio.com\/news\/wp-content\/uploads\/2013\/12\/ima1-acerp2013-300x210.jpg 300w\" sizes=\"auto, (max-width: 642px) 100vw, 642px\" \/><\/p>\n<p><strong>Les jeunes sont pr\u00e9curseurs et prescripteurs<\/strong> sur l\u2019ensemble des usages des TIC, sauf ceux \u00abr\u00e9serv\u00e9s\u00bb aux adultes (d\u00e9marches administratives et fiscales, recherche d\u2019emploi et achats sur internet)<br \/>\n<img loading=\"lazy\" decoding=\"async\" class=\"alignnone  wp-image-807\" alt=\"\" src=\"http:\/\/www.lawebradio.com\/news\/wp-content\/uploads\/2013\/12\/ima2-acerp2013.jpg\" width=\"642\" height=\"450\" srcset=\"https:\/\/www.lawebradio.com\/news\/wp-content\/uploads\/2013\/12\/ima2-acerp2013.jpg 642w, https:\/\/www.lawebradio.com\/news\/wp-content\/uploads\/2013\/12\/ima2-acerp2013-150x105.jpg 150w, https:\/\/www.lawebradio.com\/news\/wp-content\/uploads\/2013\/12\/ima2-acerp2013-300x210.jpg 300w\" sizes=\"auto, (max-width: 642px) 100vw, 642px\" \/><\/p>\n<p>\u2022 Plus d&rsquo;infos sur ce rapport au format PDF en <span style=\"text-decoration: underline;\"><a href=\"http:\/\/www.lawebradio.com\/docs\/12-2013\/slides-conf-presse-credoc-101213.pdf\" target=\"_blank\">cliquant ICI<\/a><\/span><\/p>\n","protected":false},"excerpt":{"rendered":"<p>L&rsquo;Autorit\u00e9 de r\u00e9gulation des communications \u00e9lectroniques et des postes (ARCEP) et le Conseil g\u00e9n\u00e9ral de l&rsquo;\u00e9conomie, de l&rsquo;industrie, de l&rsquo;\u00e9nergie et des technologies (CGE) rendent publics les r\u00e9sultats de la 11\u00e8me enqu\u00eate annuelle sur la diffusion, en France, des technologies de l&rsquo;information et de la communication, r\u00e9alis\u00e9e en juin 2013 par entretiens en face-\u00e0-face aupr\u00e8s [&hellip;]<\/p>\n","protected":false},"author":3,"featured_media":806,"comment_status":"closed","ping_status":"closed","sticky":false,"template":"","format":"standard","meta":{"_et_pb_use_builder":"","_et_pb_old_content":"","_et_gb_content_width":"","footnotes":""},"categories":[13],"tags":[270,272,275,152,169,271,273,274],"class_list":["post-805","post","type-post","status-publish","format-standard","has-post-thumbnail","hentry","category-top","tag-arcep","tag-credoc","tag-enquete","tag-internet","tag-mobile","tag-technologies-de-linformation","tag-tic","tag-wi-fi","et-has-post-format-content","et_post_format-et-post-format-standard"],"yoast_head":"<!-- This site is optimized with the Yoast SEO plugin v27.4 - https:\/\/yoast.com\/product\/yoast-seo-wordpress\/ -->\n<title>Les Fran\u00e7ais passent plus de 12 heures par semaine sur le Web - Lawebradio.com - Actualit\u00e9s des radios digitales<\/title>\n<meta name=\"description\" content=\"Rapport du CREDOC sur la diffusion des technologies de l\u2019information et de la communication dans la soci\u00e9t\u00e9 fran\u00e7aise\" \/>\n<meta name=\"robots\" content=\"index, follow, max-snippet:-1, max-image-preview:large, max-video-preview:-1\" \/>\n<link rel=\"canonical\" href=\"https:\/\/www.lawebradio.com\/news\/les-francais-passent-12-heures-semaine-web\/\" \/>\n<meta property=\"og:locale\" content=\"fr_FR\" \/>\n<meta property=\"og:type\" content=\"article\" \/>\n<meta property=\"og:title\" content=\"Les Fran\u00e7ais passent plus de 12 heures par semaine sur le Web - Lawebradio.com - Actualit\u00e9s des radios digitales\" \/>\n<meta property=\"og:description\" content=\"Rapport du CREDOC sur la diffusion des technologies de l\u2019information et de la communication dans la soci\u00e9t\u00e9 fran\u00e7aise\" \/>\n<meta property=\"og:url\" content=\"https:\/\/www.lawebradio.com\/news\/les-francais-passent-12-heures-semaine-web\/\" \/>\n<meta property=\"og:site_name\" content=\"Lawebradio.com - Actualit\u00e9s des radios digitales\" \/>\n<meta property=\"article:published_time\" content=\"2013-12-10T19:13:15+00:00\" \/>\n<meta property=\"article:modified_time\" content=\"2013-12-10T19:13:59+00:00\" \/>\n<meta property=\"og:image\" content=\"https:\/\/www.lawebradio.com\/news\/wp-content\/uploads\/2013\/12\/ima-acerp2013.jpg\" \/>\n\t<meta property=\"og:image:width\" content=\"642\" \/>\n\t<meta property=\"og:image:height\" content=\"310\" \/>\n\t<meta property=\"og:image:type\" content=\"image\/jpeg\" \/>\n<meta name=\"author\" content=\"Julien Lecourbe\" \/>\n<meta name=\"twitter:label1\" content=\"\u00c9crit par\" \/>\n\t<meta name=\"twitter:data1\" content=\"Julien Lecourbe\" \/>\n\t<meta name=\"twitter:label2\" content=\"Dur\u00e9e de lecture estim\u00e9e\" \/>\n\t<meta name=\"twitter:data2\" content=\"3 minutes\" \/>\n<script type=\"application\/ld+json\" class=\"yoast-schema-graph\">{\"@context\":\"https:\\\/\\\/schema.org\",\"@graph\":[{\"@type\":\"Article\",\"@id\":\"https:\\\/\\\/www.lawebradio.com\\\/news\\\/les-francais-passent-12-heures-semaine-web\\\/#article\",\"isPartOf\":{\"@id\":\"https:\\\/\\\/www.lawebradio.com\\\/news\\\/les-francais-passent-12-heures-semaine-web\\\/\"},\"author\":{\"name\":\"Julien Lecourbe\",\"@id\":\"https:\\\/\\\/www.lawebradio.com\\\/news\\\/#\\\/schema\\\/person\\\/95fd11aee6e6cfe70a4b58b482103f1f\"},\"headline\":\"Les Fran\u00e7ais passent plus de 12 heures par semaine sur le Web\",\"datePublished\":\"2013-12-10T19:13:15+00:00\",\"dateModified\":\"2013-12-10T19:13:59+00:00\",\"mainEntityOfPage\":{\"@id\":\"https:\\\/\\\/www.lawebradio.com\\\/news\\\/les-francais-passent-12-heures-semaine-web\\\/\"},\"wordCount\":540,\"publisher\":{\"@id\":\"https:\\\/\\\/www.lawebradio.com\\\/news\\\/#organization\"},\"image\":{\"@id\":\"https:\\\/\\\/www.lawebradio.com\\\/news\\\/les-francais-passent-12-heures-semaine-web\\\/#primaryimage\"},\"thumbnailUrl\":\"https:\\\/\\\/www.lawebradio.com\\\/news\\\/wp-content\\\/uploads\\\/2013\\\/12\\\/ima-acerp2013.jpg\",\"keywords\":[\"arcep\",\"credoc\",\"enquete\",\"internet\",\"mobile\",\"technologies de l'information\",\"TIC\",\"wi-fi\"],\"articleSection\":[\"Top\"],\"inLanguage\":\"fr-FR\"},{\"@type\":\"WebPage\",\"@id\":\"https:\\\/\\\/www.lawebradio.com\\\/news\\\/les-francais-passent-12-heures-semaine-web\\\/\",\"url\":\"https:\\\/\\\/www.lawebradio.com\\\/news\\\/les-francais-passent-12-heures-semaine-web\\\/\",\"name\":\"Les Fran\u00e7ais passent plus de 12 heures par semaine sur le Web - Lawebradio.com - Actualit\u00e9s des radios digitales\",\"isPartOf\":{\"@id\":\"https:\\\/\\\/www.lawebradio.com\\\/news\\\/#website\"},\"primaryImageOfPage\":{\"@id\":\"https:\\\/\\\/www.lawebradio.com\\\/news\\\/les-francais-passent-12-heures-semaine-web\\\/#primaryimage\"},\"image\":{\"@id\":\"https:\\\/\\\/www.lawebradio.com\\\/news\\\/les-francais-passent-12-heures-semaine-web\\\/#primaryimage\"},\"thumbnailUrl\":\"https:\\\/\\\/www.lawebradio.com\\\/news\\\/wp-content\\\/uploads\\\/2013\\\/12\\\/ima-acerp2013.jpg\",\"datePublished\":\"2013-12-10T19:13:15+00:00\",\"dateModified\":\"2013-12-10T19:13:59+00:00\",\"description\":\"Rapport du CREDOC sur la diffusion des technologies de l\u2019information et de la communication dans la soci\u00e9t\u00e9 fran\u00e7aise\",\"inLanguage\":\"fr-FR\",\"potentialAction\":[{\"@type\":\"ReadAction\",\"target\":[\"https:\\\/\\\/www.lawebradio.com\\\/news\\\/les-francais-passent-12-heures-semaine-web\\\/\"]}]},{\"@type\":\"ImageObject\",\"inLanguage\":\"fr-FR\",\"@id\":\"https:\\\/\\\/www.lawebradio.com\\\/news\\\/les-francais-passent-12-heures-semaine-web\\\/#primaryimage\",\"url\":\"https:\\\/\\\/www.lawebradio.com\\\/news\\\/wp-content\\\/uploads\\\/2013\\\/12\\\/ima-acerp2013.jpg\",\"contentUrl\":\"https:\\\/\\\/www.lawebradio.com\\\/news\\\/wp-content\\\/uploads\\\/2013\\\/12\\\/ima-acerp2013.jpg\",\"width\":642,\"height\":310},{\"@type\":\"WebSite\",\"@id\":\"https:\\\/\\\/www.lawebradio.com\\\/news\\\/#website\",\"url\":\"https:\\\/\\\/www.lawebradio.com\\\/news\\\/\",\"name\":\"Lawebradio.com - Actualit\u00e9s des radios digitales\",\"description\":\"\",\"publisher\":{\"@id\":\"https:\\\/\\\/www.lawebradio.com\\\/news\\\/#organization\"},\"potentialAction\":[{\"@type\":\"SearchAction\",\"target\":{\"@type\":\"EntryPoint\",\"urlTemplate\":\"https:\\\/\\\/www.lawebradio.com\\\/news\\\/?s={search_term_string}\"},\"query-input\":{\"@type\":\"PropertyValueSpecification\",\"valueRequired\":true,\"valueName\":\"search_term_string\"}}],\"inLanguage\":\"fr-FR\"},{\"@type\":\"Organization\",\"@id\":\"https:\\\/\\\/www.lawebradio.com\\\/news\\\/#organization\",\"name\":\"Lawebradio.com - Actualit\u00e9s des radios digitales\",\"url\":\"https:\\\/\\\/www.lawebradio.com\\\/news\\\/\",\"logo\":{\"@type\":\"ImageObject\",\"inLanguage\":\"fr-FR\",\"@id\":\"https:\\\/\\\/www.lawebradio.com\\\/news\\\/#\\\/schema\\\/logo\\\/image\\\/\",\"url\":\"https:\\\/\\\/www.lawebradio.com\\\/news\\\/wp-content\\\/uploads\\\/2020\\\/10\\\/logo2020.png\",\"contentUrl\":\"https:\\\/\\\/www.lawebradio.com\\\/news\\\/wp-content\\\/uploads\\\/2020\\\/10\\\/logo2020.png\",\"width\":254,\"height\":43,\"caption\":\"Lawebradio.com - Actualit\u00e9s des radios digitales\"},\"image\":{\"@id\":\"https:\\\/\\\/www.lawebradio.com\\\/news\\\/#\\\/schema\\\/logo\\\/image\\\/\"}},{\"@type\":\"Person\",\"@id\":\"https:\\\/\\\/www.lawebradio.com\\\/news\\\/#\\\/schema\\\/person\\\/95fd11aee6e6cfe70a4b58b482103f1f\",\"name\":\"Julien Lecourbe\",\"image\":{\"@type\":\"ImageObject\",\"inLanguage\":\"fr-FR\",\"@id\":\"https:\\\/\\\/secure.gravatar.com\\\/avatar\\\/0d25a327c6e268d9730d9c0cbeeee0fea76f04c6cf9528c29e782ef324afc515?s=96&d=mm&r=g\",\"url\":\"https:\\\/\\\/secure.gravatar.com\\\/avatar\\\/0d25a327c6e268d9730d9c0cbeeee0fea76f04c6cf9528c29e782ef324afc515?s=96&d=mm&r=g\",\"contentUrl\":\"https:\\\/\\\/secure.gravatar.com\\\/avatar\\\/0d25a327c6e268d9730d9c0cbeeee0fea76f04c6cf9528c29e782ef324afc515?s=96&d=mm&r=g\",\"caption\":\"Julien Lecourbe\"},\"url\":\"https:\\\/\\\/www.lawebradio.com\\\/news\\\/author\\\/la-redaction\\\/\"}]}<\/script>\n<!-- \/ Yoast SEO plugin. -->","yoast_head_json":{"title":"Les Fran\u00e7ais passent plus de 12 heures par semaine sur le Web - Lawebradio.com - Actualit\u00e9s des radios digitales","description":"Rapport du CREDOC sur la diffusion des technologies de l\u2019information et de la communication dans la soci\u00e9t\u00e9 fran\u00e7aise","robots":{"index":"index","follow":"follow","max-snippet":"max-snippet:-1","max-image-preview":"max-image-preview:large","max-video-preview":"max-video-preview:-1"},"canonical":"https:\/\/www.lawebradio.com\/news\/les-francais-passent-12-heures-semaine-web\/","og_locale":"fr_FR","og_type":"article","og_title":"Les Fran\u00e7ais passent plus de 12 heures par semaine sur le Web - Lawebradio.com - Actualit\u00e9s des radios digitales","og_description":"Rapport du CREDOC sur la diffusion des technologies de l\u2019information et de la communication dans la soci\u00e9t\u00e9 fran\u00e7aise","og_url":"https:\/\/www.lawebradio.com\/news\/les-francais-passent-12-heures-semaine-web\/","og_site_name":"Lawebradio.com - Actualit\u00e9s des radios digitales","article_published_time":"2013-12-10T19:13:15+00:00","article_modified_time":"2013-12-10T19:13:59+00:00","og_image":[{"width":642,"height":310,"url":"https:\/\/www.lawebradio.com\/news\/wp-content\/uploads\/2013\/12\/ima-acerp2013.jpg","type":"image\/jpeg"}],"author":"Julien Lecourbe","twitter_misc":{"\u00c9crit par":"Julien Lecourbe","Dur\u00e9e de lecture estim\u00e9e":"3 minutes"},"schema":{"@context":"https:\/\/schema.org","@graph":[{"@type":"Article","@id":"https:\/\/www.lawebradio.com\/news\/les-francais-passent-12-heures-semaine-web\/#article","isPartOf":{"@id":"https:\/\/www.lawebradio.com\/news\/les-francais-passent-12-heures-semaine-web\/"},"author":{"name":"Julien Lecourbe","@id":"https:\/\/www.lawebradio.com\/news\/#\/schema\/person\/95fd11aee6e6cfe70a4b58b482103f1f"},"headline":"Les Fran\u00e7ais passent plus de 12 heures par semaine sur le Web","datePublished":"2013-12-10T19:13:15+00:00","dateModified":"2013-12-10T19:13:59+00:00","mainEntityOfPage":{"@id":"https:\/\/www.lawebradio.com\/news\/les-francais-passent-12-heures-semaine-web\/"},"wordCount":540,"publisher":{"@id":"https:\/\/www.lawebradio.com\/news\/#organization"},"image":{"@id":"https:\/\/www.lawebradio.com\/news\/les-francais-passent-12-heures-semaine-web\/#primaryimage"},"thumbnailUrl":"https:\/\/www.lawebradio.com\/news\/wp-content\/uploads\/2013\/12\/ima-acerp2013.jpg","keywords":["arcep","credoc","enquete","internet","mobile","technologies de l'information","TIC","wi-fi"],"articleSection":["Top"],"inLanguage":"fr-FR"},{"@type":"WebPage","@id":"https:\/\/www.lawebradio.com\/news\/les-francais-passent-12-heures-semaine-web\/","url":"https:\/\/www.lawebradio.com\/news\/les-francais-passent-12-heures-semaine-web\/","name":"Les Fran\u00e7ais passent plus de 12 heures par semaine sur le Web - Lawebradio.com - Actualit\u00e9s des radios digitales","isPartOf":{"@id":"https:\/\/www.lawebradio.com\/news\/#website"},"primaryImageOfPage":{"@id":"https:\/\/www.lawebradio.com\/news\/les-francais-passent-12-heures-semaine-web\/#primaryimage"},"image":{"@id":"https:\/\/www.lawebradio.com\/news\/les-francais-passent-12-heures-semaine-web\/#primaryimage"},"thumbnailUrl":"https:\/\/www.lawebradio.com\/news\/wp-content\/uploads\/2013\/12\/ima-acerp2013.jpg","datePublished":"2013-12-10T19:13:15+00:00","dateModified":"2013-12-10T19:13:59+00:00","description":"Rapport du CREDOC sur la diffusion des technologies de l\u2019information et de la communication dans la soci\u00e9t\u00e9 fran\u00e7aise","inLanguage":"fr-FR","potentialAction":[{"@type":"ReadAction","target":["https:\/\/www.lawebradio.com\/news\/les-francais-passent-12-heures-semaine-web\/"]}]},{"@type":"ImageObject","inLanguage":"fr-FR","@id":"https:\/\/www.lawebradio.com\/news\/les-francais-passent-12-heures-semaine-web\/#primaryimage","url":"https:\/\/www.lawebradio.com\/news\/wp-content\/uploads\/2013\/12\/ima-acerp2013.jpg","contentUrl":"https:\/\/www.lawebradio.com\/news\/wp-content\/uploads\/2013\/12\/ima-acerp2013.jpg","width":642,"height":310},{"@type":"WebSite","@id":"https:\/\/www.lawebradio.com\/news\/#website","url":"https:\/\/www.lawebradio.com\/news\/","name":"Lawebradio.com - Actualit\u00e9s des radios digitales","description":"","publisher":{"@id":"https:\/\/www.lawebradio.com\/news\/#organization"},"potentialAction":[{"@type":"SearchAction","target":{"@type":"EntryPoint","urlTemplate":"https:\/\/www.lawebradio.com\/news\/?s={search_term_string}"},"query-input":{"@type":"PropertyValueSpecification","valueRequired":true,"valueName":"search_term_string"}}],"inLanguage":"fr-FR"},{"@type":"Organization","@id":"https:\/\/www.lawebradio.com\/news\/#organization","name":"Lawebradio.com - Actualit\u00e9s des radios digitales","url":"https:\/\/www.lawebradio.com\/news\/","logo":{"@type":"ImageObject","inLanguage":"fr-FR","@id":"https:\/\/www.lawebradio.com\/news\/#\/schema\/logo\/image\/","url":"https:\/\/www.lawebradio.com\/news\/wp-content\/uploads\/2020\/10\/logo2020.png","contentUrl":"https:\/\/www.lawebradio.com\/news\/wp-content\/uploads\/2020\/10\/logo2020.png","width":254,"height":43,"caption":"Lawebradio.com - Actualit\u00e9s des radios digitales"},"image":{"@id":"https:\/\/www.lawebradio.com\/news\/#\/schema\/logo\/image\/"}},{"@type":"Person","@id":"https:\/\/www.lawebradio.com\/news\/#\/schema\/person\/95fd11aee6e6cfe70a4b58b482103f1f","name":"Julien Lecourbe","image":{"@type":"ImageObject","inLanguage":"fr-FR","@id":"https:\/\/secure.gravatar.com\/avatar\/0d25a327c6e268d9730d9c0cbeeee0fea76f04c6cf9528c29e782ef324afc515?s=96&d=mm&r=g","url":"https:\/\/secure.gravatar.com\/avatar\/0d25a327c6e268d9730d9c0cbeeee0fea76f04c6cf9528c29e782ef324afc515?s=96&d=mm&r=g","contentUrl":"https:\/\/secure.gravatar.com\/avatar\/0d25a327c6e268d9730d9c0cbeeee0fea76f04c6cf9528c29e782ef324afc515?s=96&d=mm&r=g","caption":"Julien Lecourbe"},"url":"https:\/\/www.lawebradio.com\/news\/author\/la-redaction\/"}]}},"_links":{"self":[{"href":"https:\/\/www.lawebradio.com\/news\/wp-json\/wp\/v2\/posts\/805","targetHints":{"allow":["GET"]}}],"collection":[{"href":"https:\/\/www.lawebradio.com\/news\/wp-json\/wp\/v2\/posts"}],"about":[{"href":"https:\/\/www.lawebradio.com\/news\/wp-json\/wp\/v2\/types\/post"}],"author":[{"embeddable":true,"href":"https:\/\/www.lawebradio.com\/news\/wp-json\/wp\/v2\/users\/3"}],"replies":[{"embeddable":true,"href":"https:\/\/www.lawebradio.com\/news\/wp-json\/wp\/v2\/comments?post=805"}],"version-history":[{"count":2,"href":"https:\/\/www.lawebradio.com\/news\/wp-json\/wp\/v2\/posts\/805\/revisions"}],"predecessor-version":[{"id":810,"href":"https:\/\/www.lawebradio.com\/news\/wp-json\/wp\/v2\/posts\/805\/revisions\/810"}],"wp:featuredmedia":[{"embeddable":true,"href":"https:\/\/www.lawebradio.com\/news\/wp-json\/wp\/v2\/media\/806"}],"wp:attachment":[{"href":"https:\/\/www.lawebradio.com\/news\/wp-json\/wp\/v2\/media?parent=805"}],"wp:term":[{"taxonomy":"category","embeddable":true,"href":"https:\/\/www.lawebradio.com\/news\/wp-json\/wp\/v2\/categories?post=805"},{"taxonomy":"post_tag","embeddable":true,"href":"https:\/\/www.lawebradio.com\/news\/wp-json\/wp\/v2\/tags?post=805"}],"curies":[{"name":"wp","href":"https:\/\/api.w.org\/{rel}","templated":true}]}}