{"id":8021,"date":"2023-06-08T16:03:50","date_gmt":"2023-06-08T15:03:50","guid":{"rendered":"https:\/\/www.lawebradio.com\/news\/?p=8021"},"modified":"2025-05-14T08:02:56","modified_gmt":"2025-05-14T07:02:56","slug":"le-streaming-musical-rassemble-35-m-de-francais-par-mois","status":"publish","type":"post","link":"https:\/\/www.lawebradio.com\/news\/le-streaming-musical-rassemble-35-m-de-francais-par-mois\/","title":{"rendered":"Le streaming musical rassemble 34,6 M de Fran\u00e7ais par mois"},"content":{"rendered":"<p>[et_pb_section fb_built=\u00a0\u00bb1&Prime; _builder_version=\u00a0\u00bb4.6.5&Prime; _module_preset=\u00a0\u00bbdefault\u00a0\u00bb][et_pb_row _builder_version=\u00a0\u00bb4.6.5&Prime; _module_preset=\u00a0\u00bbdefault\u00a0\u00bb][et_pb_column type=\u00a0\u00bb4_4&Prime; _builder_version=\u00a0\u00bb4.6.5&Prime; _module_preset=\u00a0\u00bbdefault\u00a0\u00bb][et_pb_text _builder_version=\u00a0\u00bb4.8.0&Prime; _module_preset=\u00a0\u00bbdefault\u00a0\u00bb]<\/p>\n<p><strong>L&rsquo;audio num\u00e9rique gagne en popularit\u00e9, en particulier aupr\u00e8s des jeunes. Plus de la moiti\u00e9 de la consommation quotidienne de contenus audio est d\u00e9sormais r\u00e9alis\u00e9e via des supports num\u00e9riques, principalement les smartphones. Apr\u00e8s 21 heures, cette part atteint m\u00eame 71% du volume d&rsquo;\u00e9coute.<\/strong><\/p>\n<p>Environ 40 millions de Fran\u00e7ais, soit 79% de la population, pratiquent cette \u00e9coute num\u00e9rique chaque mois. Le streaming musical sur les plateformes audio et vid\u00e9o rassemble quant \u00e0 lui 35 millions de Fran\u00e7ais chaque mois, soit 69% de la population. Il repr\u00e9sente 31% du volume d&rsquo;\u00e9coute audio quotidien des Fran\u00e7ais, et atteint m\u00eame 59% chez les moins de 35 ans.<\/p>\n<p>Ces statistiques t\u00e9moignent de l&rsquo;\u00e9volution des habitudes de consommation de contenu audio, avec une pr\u00e9f\u00e9rence marqu\u00e9e pour les plateformes de streaming et les supports num\u00e9riques. Cette tendance est notamment port\u00e9e par l&rsquo;accessibilit\u00e9 et la commodit\u00e9 offertes par les smartphones, qui permettent aux utilisateurs d&rsquo;\u00e9couter de la musique et d&rsquo;autres contenus audio \u00e0 tout moment et n&rsquo;importe o\u00f9.<\/p>\n<p>Chaque jour, 84% des personnes \u00e2g\u00e9es de 15 \u00e0 80 ans en France, soit 42 millions d&rsquo;individus, \u00e9coutent au moins un contenu audio. Pratiquement tous les Fran\u00e7ais (97% des 15-80 ans) \u00e9coutent un contenu audio au moins une fois par mois.<\/p>\n<p>L&rsquo;audio est un format incontournable qui accompagne les Fran\u00e7ais tout au long de la journ\u00e9e. Environ 40% du volume d&rsquo;\u00e9coute total de la journ\u00e9e se situe le matin avant midi, tandis que 32% se situe l&rsquo;apr\u00e8s-midi entre 12h et 18h. Les jeunes (15-24 ans) appr\u00e9cient particuli\u00e8rement l&rsquo;\u00e9coute en soir\u00e9e, avec 39% de leur consommation audio totale r\u00e9alis\u00e9e entre 18h et minuit.<\/p>\n<p>Les Fran\u00e7ais \u00e9coutent des contenus audio aussi bien chez eux que lors de leurs d\u00e9placements. Bien que 61% de l&rsquo;\u00e9coute audio se fasse \u00e0 domicile pour l&rsquo;ensemble de la population \u00e9tudi\u00e9e, il existe des diff\u00e9rences en fonction de l&rsquo;\u00e2ge des auditeurs. Ainsi, 51% de la consommation audio se fait hors du domicile chez les 25-49 ans, contre 27% chez les 50-80 ans. Dans tous les cas, cette consommation \u00e0 l&rsquo;ext\u00e9rieur se fait principalement en voiture.<\/p>\n<p>La musique repr\u00e9sente plus des deux tiers des contenus audio \u00e9cout\u00e9s chaque jour (67%), tandis que les contenus \u00ab\u00a0parl\u00e9s\u00a0\u00bb (podcasts, \u00e9missions de radio, livres audio, etc.) repr\u00e9sentent un tiers de la consommation audio.<\/p>\n<p>[\/et_pb_text][et_pb_text _builder_version=\u00a0\u00bb4.8.0&Prime; _module_preset=\u00a0\u00bbdefault\u00a0\u00bb hover_enabled=\u00a0\u00bb0&Prime; sticky_enabled=\u00a0\u00bb0&Prime;]<\/p>\n<p><img loading=\"lazy\" decoding=\"async\" class=\"wp-image-8024 size-full aligncenter\" src=\"https:\/\/www.lawebradio.com\/news\/wp-content\/uploads\/2023\/06\/01052023-03.jpg\" alt=\"\" width=\"900\" height=\"453\" srcset=\"https:\/\/www.lawebradio.com\/news\/wp-content\/uploads\/2023\/06\/01052023-03.jpg 900w, https:\/\/www.lawebradio.com\/news\/wp-content\/uploads\/2023\/06\/01052023-03-300x151.jpg 300w, https:\/\/www.lawebradio.com\/news\/wp-content\/uploads\/2023\/06\/01052023-03-150x76.jpg 150w, https:\/\/www.lawebradio.com\/news\/wp-content\/uploads\/2023\/06\/01052023-03-768x387.jpg 768w\" sizes=\"auto, (max-width: 900px) 100vw, 900px\" \/><\/p>\n<p>[\/et_pb_text][et_pb_text _builder_version=\u00a0\u00bb4.8.0&Prime; _module_preset=\u00a0\u00bbdefault\u00a0\u00bb]<\/p>\n<p>La radio conserve sa position de leader en France. Elle repr\u00e9sente 58% du volume total de la consommation audio chaque jour, dont plus de 52% en direct et 5% en podcasts (replay et natifs). De plus, la radio repr\u00e9sente les trois quarts de l&rsquo;audio gratuit \u00e9cout\u00e9 quotidiennement, avec 67% pour la radio en direct et 7% pour les podcasts radio, replay et natifs.<\/p>\n<p>La radio reste le premier moyen de d\u00e9couverte musicale pour les Fran\u00e7ais, surpassant largement les sites de streaming et la t\u00e9l\u00e9vision. Cela souligne l&rsquo;importance continue de la radio en tant que plateforme de diffusion de musique et de contenu audio, offrant aux auditeurs une vari\u00e9t\u00e9 de genres musicaux, d&rsquo;\u00e9missions et de programmes.<\/p>\n<p>Malgr\u00e9 l&rsquo;\u00e9mergence des plateformes de streaming et des podcasts, la radio conserve sa pertinence et sa popularit\u00e9 gr\u00e2ce \u00e0 sa programmation diversifi\u00e9e, ses animateurs, ses \u00e9missions en direct et sa capacit\u00e9 \u00e0 offrir une exp\u00e9rience audio imm\u00e9diate et en temps r\u00e9el.<\/p>\n<p>Selon l&rsquo;\u00e9tude de M\u00e9diam\u00e9trie, l&rsquo;audio joue un r\u00f4le essentiel dans les nouveaux usages du digital en France. Il ne sert pas seulement \u00e0 divertir ou informer les utilisateurs, mais \u00e9galement \u00e0 les assister. Ainsi, 42% des personnes \u00e2g\u00e9es de 15 \u00e0 80 ans utilisent des assistants vocaux chaque mois, faisant de cette technologie un outil populaire pour les t\u00e2ches quotidiennes, les recherches d&rsquo;informations, les commandes vocales, etc.<\/p>\n<p>Par ailleurs, les technologies de synth\u00e8se vocale ont \u00e9galement gagn\u00e9 du terrain. Elles sont notamment utilis\u00e9es sur les sites de presse, permettant aux utilisateurs d&rsquo;\u00e9couter les articles plut\u00f4t que de les lire. Selon l&rsquo;\u00e9tude, 11% des personnes \u00e2g\u00e9es de 15 \u00e0 80 ans d\u00e9clarent avoir d\u00e9j\u00e0 utilis\u00e9 des technologies de synth\u00e8se vocale.<\/p>\n<p>Ces chiffres montrent que l&rsquo;audio et les technologies vocales sont de plus en plus int\u00e9gr\u00e9s dans la vie quotidienne des Fran\u00e7ais, offrant des moyens pratiques et efficaces pour interagir avec les dispositifs num\u00e9riques, acc\u00e9der \u00e0 l&rsquo;information et obtenir une assistance.<\/p>\n<p>[\/et_pb_text][\/et_pb_column][\/et_pb_row][\/et_pb_section]<\/p>\n","protected":false},"excerpt":{"rendered":"<p>[et_pb_section fb_built=\u00a0\u00bb1&Prime; _builder_version=\u00a0\u00bb4.6.5&Prime; _module_preset=\u00a0\u00bbdefault\u00a0\u00bb][et_pb_row _builder_version=\u00a0\u00bb4.6.5&Prime; _module_preset=\u00a0\u00bbdefault\u00a0\u00bb][et_pb_column type=\u00a0\u00bb4_4&Prime; _builder_version=\u00a0\u00bb4.6.5&Prime; _module_preset=\u00a0\u00bbdefault\u00a0\u00bb][et_pb_text _builder_version=\u00a0\u00bb4.8.0&Prime; _module_preset=\u00a0\u00bbdefault\u00a0\u00bb] L&rsquo;audio num\u00e9rique gagne en popularit\u00e9, en particulier aupr\u00e8s des jeunes. Plus de la moiti\u00e9 de la consommation quotidienne de contenus audio est d\u00e9sormais r\u00e9alis\u00e9e via des supports num\u00e9riques, principalement les smartphones. Apr\u00e8s 21 heures, cette part atteint m\u00eame 71% du volume d&rsquo;\u00e9coute. Environ 40 [&hellip;]<\/p>\n","protected":false},"author":2,"featured_media":8025,"comment_status":"closed","ping_status":"closed","sticky":false,"template":"","format":"standard","meta":{"_et_pb_use_builder":"on","_et_pb_old_content":"","_et_gb_content_width":"","footnotes":""},"categories":[12],"tags":[],"class_list":["post-8021","post","type-post","status-publish","format-standard","has-post-thumbnail","hentry","category-revue","et-has-post-format-content","et_post_format-et-post-format-standard"],"yoast_head":"<!-- This site is optimized with the Yoast SEO plugin v27.5 - https:\/\/yoast.com\/product\/yoast-seo-wordpress\/ -->\n<title>Le streaming musical rassemble 34,6 M de Fran\u00e7ais par mois - Lawebradio.com - Actualit\u00e9s des radios digitales<\/title>\n<meta name=\"description\" content=\"Selon l&#039;\u00e9tude Global Audio 2023 de M\u00e9diam\u00e9trie, la musique repr\u00e9sente plus des deux tiers des contenus audio \u00e9cout\u00e9s chaque jour (67%)...\" \/>\n<meta name=\"robots\" content=\"index, follow, max-snippet:-1, max-image-preview:large, max-video-preview:-1\" \/>\n<link rel=\"canonical\" href=\"https:\/\/www.lawebradio.com\/news\/le-streaming-musical-rassemble-35-m-de-francais-par-mois\/\" \/>\n<meta property=\"og:locale\" content=\"fr_FR\" \/>\n<meta property=\"og:type\" content=\"article\" \/>\n<meta property=\"og:title\" content=\"Le streaming musical rassemble 34,6 M de Fran\u00e7ais par mois - Lawebradio.com - Actualit\u00e9s des radios digitales\" \/>\n<meta property=\"og:description\" content=\"Selon l&#039;\u00e9tude Global Audio 2023 de M\u00e9diam\u00e9trie, la musique repr\u00e9sente plus des deux tiers des contenus audio \u00e9cout\u00e9s chaque jour (67%)...\" \/>\n<meta property=\"og:url\" content=\"https:\/\/www.lawebradio.com\/news\/le-streaming-musical-rassemble-35-m-de-francais-par-mois\/\" \/>\n<meta property=\"og:site_name\" content=\"Lawebradio.com - Actualit\u00e9s des radios digitales\" \/>\n<meta property=\"article:published_time\" content=\"2023-06-08T15:03:50+00:00\" \/>\n<meta property=\"article:modified_time\" content=\"2025-05-14T07:02:56+00:00\" \/>\n<meta property=\"og:image\" content=\"https:\/\/www.lawebradio.com\/news\/wp-content\/uploads\/2023\/06\/01052023-012.jpg\" \/>\n\t<meta property=\"og:image:width\" content=\"725\" \/>\n\t<meta property=\"og:image:height\" content=\"350\" \/>\n\t<meta property=\"og:image:type\" content=\"image\/jpeg\" \/>\n<meta name=\"author\" content=\"Thomas Renaud\" \/>\n<meta name=\"twitter:label1\" content=\"\u00c9crit par\" \/>\n\t<meta name=\"twitter:data1\" content=\"Thomas Renaud\" \/>\n\t<meta name=\"twitter:label2\" content=\"Dur\u00e9e de lecture estim\u00e9e\" \/>\n\t<meta name=\"twitter:data2\" content=\"4 minutes\" \/>\n<script type=\"application\/ld+json\" class=\"yoast-schema-graph\">{\"@context\":\"https:\\\/\\\/schema.org\",\"@graph\":[{\"@type\":\"Article\",\"@id\":\"https:\\\/\\\/www.lawebradio.com\\\/news\\\/le-streaming-musical-rassemble-35-m-de-francais-par-mois\\\/#article\",\"isPartOf\":{\"@id\":\"https:\\\/\\\/www.lawebradio.com\\\/news\\\/le-streaming-musical-rassemble-35-m-de-francais-par-mois\\\/\"},\"author\":{\"name\":\"Thomas Renaud\",\"@id\":\"https:\\\/\\\/www.lawebradio.com\\\/news\\\/#\\\/schema\\\/person\\\/bc69f5fc3cfaf8f01edc3db43f10f1b6\"},\"headline\":\"Le streaming musical rassemble 34,6 M de Fran\u00e7ais par mois\",\"datePublished\":\"2023-06-08T15:03:50+00:00\",\"dateModified\":\"2025-05-14T07:02:56+00:00\",\"mainEntityOfPage\":{\"@id\":\"https:\\\/\\\/www.lawebradio.com\\\/news\\\/le-streaming-musical-rassemble-35-m-de-francais-par-mois\\\/\"},\"wordCount\":821,\"publisher\":{\"@id\":\"https:\\\/\\\/www.lawebradio.com\\\/news\\\/#organization\"},\"image\":{\"@id\":\"https:\\\/\\\/www.lawebradio.com\\\/news\\\/le-streaming-musical-rassemble-35-m-de-francais-par-mois\\\/#primaryimage\"},\"thumbnailUrl\":\"https:\\\/\\\/www.lawebradio.com\\\/news\\\/wp-content\\\/uploads\\\/2023\\\/06\\\/01052023-012.jpg\",\"articleSection\":[\"Revue de Presse\"],\"inLanguage\":\"fr-FR\"},{\"@type\":\"WebPage\",\"@id\":\"https:\\\/\\\/www.lawebradio.com\\\/news\\\/le-streaming-musical-rassemble-35-m-de-francais-par-mois\\\/\",\"url\":\"https:\\\/\\\/www.lawebradio.com\\\/news\\\/le-streaming-musical-rassemble-35-m-de-francais-par-mois\\\/\",\"name\":\"Le streaming musical rassemble 34,6 M de Fran\u00e7ais par mois - Lawebradio.com - Actualit\u00e9s des radios digitales\",\"isPartOf\":{\"@id\":\"https:\\\/\\\/www.lawebradio.com\\\/news\\\/#website\"},\"primaryImageOfPage\":{\"@id\":\"https:\\\/\\\/www.lawebradio.com\\\/news\\\/le-streaming-musical-rassemble-35-m-de-francais-par-mois\\\/#primaryimage\"},\"image\":{\"@id\":\"https:\\\/\\\/www.lawebradio.com\\\/news\\\/le-streaming-musical-rassemble-35-m-de-francais-par-mois\\\/#primaryimage\"},\"thumbnailUrl\":\"https:\\\/\\\/www.lawebradio.com\\\/news\\\/wp-content\\\/uploads\\\/2023\\\/06\\\/01052023-012.jpg\",\"datePublished\":\"2023-06-08T15:03:50+00:00\",\"dateModified\":\"2025-05-14T07:02:56+00:00\",\"description\":\"Selon l'\u00e9tude Global Audio 2023 de M\u00e9diam\u00e9trie, la musique repr\u00e9sente plus des deux tiers des contenus audio \u00e9cout\u00e9s chaque jour (67%)...\",\"inLanguage\":\"fr-FR\",\"potentialAction\":[{\"@type\":\"ReadAction\",\"target\":[\"https:\\\/\\\/www.lawebradio.com\\\/news\\\/le-streaming-musical-rassemble-35-m-de-francais-par-mois\\\/\"]}]},{\"@type\":\"ImageObject\",\"inLanguage\":\"fr-FR\",\"@id\":\"https:\\\/\\\/www.lawebradio.com\\\/news\\\/le-streaming-musical-rassemble-35-m-de-francais-par-mois\\\/#primaryimage\",\"url\":\"https:\\\/\\\/www.lawebradio.com\\\/news\\\/wp-content\\\/uploads\\\/2023\\\/06\\\/01052023-012.jpg\",\"contentUrl\":\"https:\\\/\\\/www.lawebradio.com\\\/news\\\/wp-content\\\/uploads\\\/2023\\\/06\\\/01052023-012.jpg\",\"width\":725,\"height\":350},{\"@type\":\"WebSite\",\"@id\":\"https:\\\/\\\/www.lawebradio.com\\\/news\\\/#website\",\"url\":\"https:\\\/\\\/www.lawebradio.com\\\/news\\\/\",\"name\":\"Lawebradio.com - Actualit\u00e9s des radios digitales\",\"description\":\"\",\"publisher\":{\"@id\":\"https:\\\/\\\/www.lawebradio.com\\\/news\\\/#organization\"},\"potentialAction\":[{\"@type\":\"SearchAction\",\"target\":{\"@type\":\"EntryPoint\",\"urlTemplate\":\"https:\\\/\\\/www.lawebradio.com\\\/news\\\/?s={search_term_string}\"},\"query-input\":{\"@type\":\"PropertyValueSpecification\",\"valueRequired\":true,\"valueName\":\"search_term_string\"}}],\"inLanguage\":\"fr-FR\"},{\"@type\":\"Organization\",\"@id\":\"https:\\\/\\\/www.lawebradio.com\\\/news\\\/#organization\",\"name\":\"Lawebradio.com - Actualit\u00e9s des radios digitales\",\"url\":\"https:\\\/\\\/www.lawebradio.com\\\/news\\\/\",\"logo\":{\"@type\":\"ImageObject\",\"inLanguage\":\"fr-FR\",\"@id\":\"https:\\\/\\\/www.lawebradio.com\\\/news\\\/#\\\/schema\\\/logo\\\/image\\\/\",\"url\":\"https:\\\/\\\/www.lawebradio.com\\\/news\\\/wp-content\\\/uploads\\\/2020\\\/10\\\/logo2020.png\",\"contentUrl\":\"https:\\\/\\\/www.lawebradio.com\\\/news\\\/wp-content\\\/uploads\\\/2020\\\/10\\\/logo2020.png\",\"width\":254,\"height\":43,\"caption\":\"Lawebradio.com - Actualit\u00e9s des radios digitales\"},\"image\":{\"@id\":\"https:\\\/\\\/www.lawebradio.com\\\/news\\\/#\\\/schema\\\/logo\\\/image\\\/\"}},{\"@type\":\"Person\",\"@id\":\"https:\\\/\\\/www.lawebradio.com\\\/news\\\/#\\\/schema\\\/person\\\/bc69f5fc3cfaf8f01edc3db43f10f1b6\",\"name\":\"Thomas Renaud\",\"image\":{\"@type\":\"ImageObject\",\"inLanguage\":\"fr-FR\",\"@id\":\"https:\\\/\\\/secure.gravatar.com\\\/avatar\\\/24b834e6dacf15dee888f8bbef435cf6307a4b8b6f23d7a4e7b42d8838eb1595?s=96&d=mm&r=g\",\"url\":\"https:\\\/\\\/secure.gravatar.com\\\/avatar\\\/24b834e6dacf15dee888f8bbef435cf6307a4b8b6f23d7a4e7b42d8838eb1595?s=96&d=mm&r=g\",\"contentUrl\":\"https:\\\/\\\/secure.gravatar.com\\\/avatar\\\/24b834e6dacf15dee888f8bbef435cf6307a4b8b6f23d7a4e7b42d8838eb1595?s=96&d=mm&r=g\",\"caption\":\"Thomas Renaud\"},\"url\":\"https:\\\/\\\/www.lawebradio.com\\\/news\\\/author\\\/fg2-newschef\\\/\"}]}<\/script>\n<!-- \/ Yoast SEO plugin. -->","yoast_head_json":{"title":"Le streaming musical rassemble 34,6 M de Fran\u00e7ais par mois - Lawebradio.com - Actualit\u00e9s des radios digitales","description":"Selon l'\u00e9tude Global Audio 2023 de M\u00e9diam\u00e9trie, la musique repr\u00e9sente plus des deux tiers des contenus audio \u00e9cout\u00e9s chaque jour (67%)...","robots":{"index":"index","follow":"follow","max-snippet":"max-snippet:-1","max-image-preview":"max-image-preview:large","max-video-preview":"max-video-preview:-1"},"canonical":"https:\/\/www.lawebradio.com\/news\/le-streaming-musical-rassemble-35-m-de-francais-par-mois\/","og_locale":"fr_FR","og_type":"article","og_title":"Le streaming musical rassemble 34,6 M de Fran\u00e7ais par mois - Lawebradio.com - Actualit\u00e9s des radios digitales","og_description":"Selon l'\u00e9tude Global Audio 2023 de M\u00e9diam\u00e9trie, la musique repr\u00e9sente plus des deux tiers des contenus audio \u00e9cout\u00e9s chaque jour (67%)...","og_url":"https:\/\/www.lawebradio.com\/news\/le-streaming-musical-rassemble-35-m-de-francais-par-mois\/","og_site_name":"Lawebradio.com - Actualit\u00e9s des radios digitales","article_published_time":"2023-06-08T15:03:50+00:00","article_modified_time":"2025-05-14T07:02:56+00:00","og_image":[{"width":725,"height":350,"url":"https:\/\/www.lawebradio.com\/news\/wp-content\/uploads\/2023\/06\/01052023-012.jpg","type":"image\/jpeg"}],"author":"Thomas Renaud","twitter_misc":{"\u00c9crit par":"Thomas Renaud","Dur\u00e9e de lecture estim\u00e9e":"4 minutes"},"schema":{"@context":"https:\/\/schema.org","@graph":[{"@type":"Article","@id":"https:\/\/www.lawebradio.com\/news\/le-streaming-musical-rassemble-35-m-de-francais-par-mois\/#article","isPartOf":{"@id":"https:\/\/www.lawebradio.com\/news\/le-streaming-musical-rassemble-35-m-de-francais-par-mois\/"},"author":{"name":"Thomas Renaud","@id":"https:\/\/www.lawebradio.com\/news\/#\/schema\/person\/bc69f5fc3cfaf8f01edc3db43f10f1b6"},"headline":"Le streaming musical rassemble 34,6 M de Fran\u00e7ais par mois","datePublished":"2023-06-08T15:03:50+00:00","dateModified":"2025-05-14T07:02:56+00:00","mainEntityOfPage":{"@id":"https:\/\/www.lawebradio.com\/news\/le-streaming-musical-rassemble-35-m-de-francais-par-mois\/"},"wordCount":821,"publisher":{"@id":"https:\/\/www.lawebradio.com\/news\/#organization"},"image":{"@id":"https:\/\/www.lawebradio.com\/news\/le-streaming-musical-rassemble-35-m-de-francais-par-mois\/#primaryimage"},"thumbnailUrl":"https:\/\/www.lawebradio.com\/news\/wp-content\/uploads\/2023\/06\/01052023-012.jpg","articleSection":["Revue de Presse"],"inLanguage":"fr-FR"},{"@type":"WebPage","@id":"https:\/\/www.lawebradio.com\/news\/le-streaming-musical-rassemble-35-m-de-francais-par-mois\/","url":"https:\/\/www.lawebradio.com\/news\/le-streaming-musical-rassemble-35-m-de-francais-par-mois\/","name":"Le streaming musical rassemble 34,6 M de Fran\u00e7ais par mois - Lawebradio.com - Actualit\u00e9s des radios digitales","isPartOf":{"@id":"https:\/\/www.lawebradio.com\/news\/#website"},"primaryImageOfPage":{"@id":"https:\/\/www.lawebradio.com\/news\/le-streaming-musical-rassemble-35-m-de-francais-par-mois\/#primaryimage"},"image":{"@id":"https:\/\/www.lawebradio.com\/news\/le-streaming-musical-rassemble-35-m-de-francais-par-mois\/#primaryimage"},"thumbnailUrl":"https:\/\/www.lawebradio.com\/news\/wp-content\/uploads\/2023\/06\/01052023-012.jpg","datePublished":"2023-06-08T15:03:50+00:00","dateModified":"2025-05-14T07:02:56+00:00","description":"Selon l'\u00e9tude Global Audio 2023 de M\u00e9diam\u00e9trie, la musique repr\u00e9sente plus des deux tiers des contenus audio \u00e9cout\u00e9s chaque jour (67%)...","inLanguage":"fr-FR","potentialAction":[{"@type":"ReadAction","target":["https:\/\/www.lawebradio.com\/news\/le-streaming-musical-rassemble-35-m-de-francais-par-mois\/"]}]},{"@type":"ImageObject","inLanguage":"fr-FR","@id":"https:\/\/www.lawebradio.com\/news\/le-streaming-musical-rassemble-35-m-de-francais-par-mois\/#primaryimage","url":"https:\/\/www.lawebradio.com\/news\/wp-content\/uploads\/2023\/06\/01052023-012.jpg","contentUrl":"https:\/\/www.lawebradio.com\/news\/wp-content\/uploads\/2023\/06\/01052023-012.jpg","width":725,"height":350},{"@type":"WebSite","@id":"https:\/\/www.lawebradio.com\/news\/#website","url":"https:\/\/www.lawebradio.com\/news\/","name":"Lawebradio.com - Actualit\u00e9s des radios digitales","description":"","publisher":{"@id":"https:\/\/www.lawebradio.com\/news\/#organization"},"potentialAction":[{"@type":"SearchAction","target":{"@type":"EntryPoint","urlTemplate":"https:\/\/www.lawebradio.com\/news\/?s={search_term_string}"},"query-input":{"@type":"PropertyValueSpecification","valueRequired":true,"valueName":"search_term_string"}}],"inLanguage":"fr-FR"},{"@type":"Organization","@id":"https:\/\/www.lawebradio.com\/news\/#organization","name":"Lawebradio.com - Actualit\u00e9s des radios digitales","url":"https:\/\/www.lawebradio.com\/news\/","logo":{"@type":"ImageObject","inLanguage":"fr-FR","@id":"https:\/\/www.lawebradio.com\/news\/#\/schema\/logo\/image\/","url":"https:\/\/www.lawebradio.com\/news\/wp-content\/uploads\/2020\/10\/logo2020.png","contentUrl":"https:\/\/www.lawebradio.com\/news\/wp-content\/uploads\/2020\/10\/logo2020.png","width":254,"height":43,"caption":"Lawebradio.com - Actualit\u00e9s des radios digitales"},"image":{"@id":"https:\/\/www.lawebradio.com\/news\/#\/schema\/logo\/image\/"}},{"@type":"Person","@id":"https:\/\/www.lawebradio.com\/news\/#\/schema\/person\/bc69f5fc3cfaf8f01edc3db43f10f1b6","name":"Thomas Renaud","image":{"@type":"ImageObject","inLanguage":"fr-FR","@id":"https:\/\/secure.gravatar.com\/avatar\/24b834e6dacf15dee888f8bbef435cf6307a4b8b6f23d7a4e7b42d8838eb1595?s=96&d=mm&r=g","url":"https:\/\/secure.gravatar.com\/avatar\/24b834e6dacf15dee888f8bbef435cf6307a4b8b6f23d7a4e7b42d8838eb1595?s=96&d=mm&r=g","contentUrl":"https:\/\/secure.gravatar.com\/avatar\/24b834e6dacf15dee888f8bbef435cf6307a4b8b6f23d7a4e7b42d8838eb1595?s=96&d=mm&r=g","caption":"Thomas Renaud"},"url":"https:\/\/www.lawebradio.com\/news\/author\/fg2-newschef\/"}]}},"_links":{"self":[{"href":"https:\/\/www.lawebradio.com\/news\/wp-json\/wp\/v2\/posts\/8021","targetHints":{"allow":["GET"]}}],"collection":[{"href":"https:\/\/www.lawebradio.com\/news\/wp-json\/wp\/v2\/posts"}],"about":[{"href":"https:\/\/www.lawebradio.com\/news\/wp-json\/wp\/v2\/types\/post"}],"author":[{"embeddable":true,"href":"https:\/\/www.lawebradio.com\/news\/wp-json\/wp\/v2\/users\/2"}],"replies":[{"embeddable":true,"href":"https:\/\/www.lawebradio.com\/news\/wp-json\/wp\/v2\/comments?post=8021"}],"version-history":[{"count":7,"href":"https:\/\/www.lawebradio.com\/news\/wp-json\/wp\/v2\/posts\/8021\/revisions"}],"predecessor-version":[{"id":8033,"href":"https:\/\/www.lawebradio.com\/news\/wp-json\/wp\/v2\/posts\/8021\/revisions\/8033"}],"wp:featuredmedia":[{"embeddable":true,"href":"https:\/\/www.lawebradio.com\/news\/wp-json\/wp\/v2\/media\/8025"}],"wp:attachment":[{"href":"https:\/\/www.lawebradio.com\/news\/wp-json\/wp\/v2\/media?parent=8021"}],"wp:term":[{"taxonomy":"category","embeddable":true,"href":"https:\/\/www.lawebradio.com\/news\/wp-json\/wp\/v2\/categories?post=8021"},{"taxonomy":"post_tag","embeddable":true,"href":"https:\/\/www.lawebradio.com\/news\/wp-json\/wp\/v2\/tags?post=8021"}],"curies":[{"name":"wp","href":"https:\/\/api.w.org\/{rel}","templated":true}]}}