{"id":7989,"date":"2023-05-23T18:44:56","date_gmt":"2023-05-23T17:44:56","guid":{"rendered":"https:\/\/www.lawebradio.com\/news\/?p=7989"},"modified":"2023-05-23T18:47:38","modified_gmt":"2023-05-23T17:47:38","slug":"radio-color-club-let-the-music-color-your-day","status":"publish","type":"post","link":"https:\/\/www.lawebradio.com\/news\/radio-color-club-let-the-music-color-your-day\/","title":{"rendered":"Radio Color Club, Let The Music Color Your Day"},"content":{"rendered":"<p>[et_pb_section fb_built=\u00a0\u00bb1&Prime; _builder_version=\u00a0\u00bb4.6.5&Prime; _module_preset=\u00a0\u00bbdefault\u00a0\u00bb][et_pb_row _builder_version=\u00a0\u00bb4.6.5&Prime; _module_preset=\u00a0\u00bbdefault\u00a0\u00bb][et_pb_column type=\u00a0\u00bb4_4&Prime; _builder_version=\u00a0\u00bb4.6.5&Prime; _module_preset=\u00a0\u00bbdefault\u00a0\u00bb][et_pb_text _builder_version=\u00a0\u00bb4.8.0&Prime; _module_preset=\u00a0\u00bbdefault\u00a0\u00bb hover_enabled=\u00a0\u00bb0&Prime; sticky_enabled=\u00a0\u00bb0&Prime;]<\/p>\n<p><strong>Radio Color est un v\u00e9ritable paradis musical pour les amateurs de house disco. Avec une programmation soigneusement s\u00e9lectionn\u00e9e, cette webradio offre une exp\u00e9rience captivante et envo\u00fbtante.<\/strong><\/p>\n<p>En mettant en avant les talents \u00e9mergents de la sc\u00e8ne \u00e9lectro francophone, Radio Color joue un r\u00f4le essentiel dans la promotion de ces artistes et dans la d\u00e9couverte de nouveaux talents.<\/p>\n<p>L&rsquo;engagement de Radio Color envers les talents \u00e9mergents se traduit par une plateforme exclusive qui leur est d\u00e9di\u00e9e. Cela leur permet de partager leurs cr\u00e9ations musicales et d&rsquo;atteindre un public passionn\u00e9, pr\u00eat \u00e0 les soutenir dans leur parcours artistique. En offrant une visibilit\u00e9 accrue \u00e0 ces nouveaux artistes, Radio Color souhaite devenir un tremplin pour les voix et les talents prometteurs qui m\u00e9ritent d&rsquo;\u00eatre d\u00e9couverts.<\/p>\n<p>En rejoignant la communaut\u00e9 de Radio Color, vous b\u00e9n\u00e9ficierez d&rsquo;une exp\u00e9rience musicale sans pub. Cela vous permettra de vous immerger pleinement dans la musique, sans interruptions ind\u00e9sirables. De plus, les \u00e9missions sp\u00e9cialis\u00e9es anim\u00e9es par des experts du genre comme, Loic Couppey, Faurest ou Mademoiselle Elise (DJs \/ Producteurs), vous offriront des informations pr\u00e9cieuses sur les artistes et les tendances actuelles de la house disco. Vous pourrez ainsi approfondir votre connaissance de ce style musical captivant et rester \u00e0 l&rsquo;aff\u00fbt des derni\u00e8res nouveaut\u00e9s.<\/p>\n<p>Que vous soyez d\u00e9j\u00e0 un inconditionnel de house disco ou que vous souhaitiez d\u00e9couvrir ce genre musical, Radio Color Club vous offre une exp\u00e9rience unique et enchanteresse. Rejoignez cette communaut\u00e9 et plongez-vous dans l&rsquo;univers sonore captivant de la house disco en \u00e9coutant cette webradio incontournable.<\/p>\n<p>\u2022 <a href=\"https:\/\/radiocolor.club\/\" target=\"_blank\" rel=\"noopener\">En savoir plus &gt;&gt;<\/a><\/p>\n<p>[\/et_pb_text][et_pb_text _builder_version=\u00a0\u00bb4.8.0&Prime; _module_preset=\u00a0\u00bbdefault\u00a0\u00bb]<\/p>\n<p><img loading=\"lazy\" decoding=\"async\" class=\"wp-image-7995 alignnone size-full\" src=\"https:\/\/www.lawebradio.com\/news\/wp-content\/uploads\/2023\/05\/23052023-02.jpg\" alt=\"\" width=\"725\" height=\"415\" srcset=\"https:\/\/www.lawebradio.com\/news\/wp-content\/uploads\/2023\/05\/23052023-02.jpg 725w, https:\/\/www.lawebradio.com\/news\/wp-content\/uploads\/2023\/05\/23052023-02-300x172.jpg 300w, https:\/\/www.lawebradio.com\/news\/wp-content\/uploads\/2023\/05\/23052023-02-150x86.jpg 150w\" sizes=\"auto, (max-width: 725px) 100vw, 725px\" \/><\/p>\n<p>[\/et_pb_text][\/et_pb_column][\/et_pb_row][\/et_pb_section]<\/p>\n","protected":false},"excerpt":{"rendered":"<p>[et_pb_section fb_built=\u00a0\u00bb1&Prime; _builder_version=\u00a0\u00bb4.6.5&Prime; _module_preset=\u00a0\u00bbdefault\u00a0\u00bb][et_pb_row _builder_version=\u00a0\u00bb4.6.5&Prime; _module_preset=\u00a0\u00bbdefault\u00a0\u00bb][et_pb_column type=\u00a0\u00bb4_4&Prime; _builder_version=\u00a0\u00bb4.6.5&Prime; _module_preset=\u00a0\u00bbdefault\u00a0\u00bb][et_pb_text _builder_version=\u00a0\u00bb4.8.0&Prime; _module_preset=\u00a0\u00bbdefault\u00a0\u00bb hover_enabled=\u00a0\u00bb0&Prime; sticky_enabled=\u00a0\u00bb0&Prime;] Radio Color est un v\u00e9ritable paradis musical pour les amateurs de house disco. Avec une programmation soigneusement s\u00e9lectionn\u00e9e, cette webradio offre une exp\u00e9rience captivante et envo\u00fbtante. En mettant en avant les talents \u00e9mergents de la sc\u00e8ne \u00e9lectro francophone, Radio Color joue un [&hellip;]<\/p>\n","protected":false},"author":3,"featured_media":7993,"comment_status":"closed","ping_status":"closed","sticky":false,"template":"","format":"standard","meta":{"_et_pb_use_builder":"on","_et_pb_old_content":"","_et_gb_content_width":"","footnotes":""},"categories":[6],"tags":[],"class_list":["post-7989","post","type-post","status-publish","format-standard","has-post-thumbnail","hentry","category-focus","et-has-post-format-content","et_post_format-et-post-format-standard"],"yoast_head":"<!-- This site is optimized with the Yoast SEO plugin v27.5 - https:\/\/yoast.com\/product\/yoast-seo-wordpress\/ -->\n<title>Radio Color Club, Let The Music Color Your Day - Lawebradio.com - Actualit\u00e9s des radios digitales<\/title>\n<meta name=\"description\" content=\"Avec une programmation soigneusement con\u00e7ue pour les amateurs de house disco, Radio Color Club vous plonge dans un univers sonore enchanteur.\" \/>\n<meta name=\"robots\" content=\"index, follow, max-snippet:-1, max-image-preview:large, max-video-preview:-1\" \/>\n<link rel=\"canonical\" href=\"https:\/\/www.lawebradio.com\/news\/radio-color-club-let-the-music-color-your-day\/\" \/>\n<meta property=\"og:locale\" content=\"fr_FR\" \/>\n<meta property=\"og:type\" content=\"article\" \/>\n<meta property=\"og:title\" content=\"Radio Color Club, Let The Music Color Your Day - Lawebradio.com - Actualit\u00e9s des radios digitales\" \/>\n<meta property=\"og:description\" content=\"Avec une programmation soigneusement con\u00e7ue pour les amateurs de house disco, Radio Color Club vous plonge dans un univers sonore enchanteur.\" \/>\n<meta property=\"og:url\" content=\"https:\/\/www.lawebradio.com\/news\/radio-color-club-let-the-music-color-your-day\/\" \/>\n<meta property=\"og:site_name\" content=\"Lawebradio.com - Actualit\u00e9s des radios digitales\" \/>\n<meta property=\"article:published_time\" content=\"2023-05-23T17:44:56+00:00\" \/>\n<meta property=\"article:modified_time\" content=\"2023-05-23T17:47:38+00:00\" \/>\n<meta property=\"og:image\" content=\"https:\/\/www.lawebradio.com\/news\/wp-content\/uploads\/2023\/05\/23052023-01.jpg\" \/>\n\t<meta property=\"og:image:width\" content=\"725\" \/>\n\t<meta property=\"og:image:height\" content=\"350\" \/>\n\t<meta property=\"og:image:type\" content=\"image\/jpeg\" \/>\n<meta name=\"author\" content=\"Julien Lecourbe\" \/>\n<meta name=\"twitter:label1\" content=\"\u00c9crit par\" \/>\n\t<meta name=\"twitter:data1\" content=\"Julien Lecourbe\" \/>\n\t<meta name=\"twitter:label2\" content=\"Dur\u00e9e de lecture estim\u00e9e\" \/>\n\t<meta name=\"twitter:data2\" content=\"2 minutes\" \/>\n<script type=\"application\/ld+json\" class=\"yoast-schema-graph\">{\"@context\":\"https:\\\/\\\/schema.org\",\"@graph\":[{\"@type\":\"Article\",\"@id\":\"https:\\\/\\\/www.lawebradio.com\\\/news\\\/radio-color-club-let-the-music-color-your-day\\\/#article\",\"isPartOf\":{\"@id\":\"https:\\\/\\\/www.lawebradio.com\\\/news\\\/radio-color-club-let-the-music-color-your-day\\\/\"},\"author\":{\"name\":\"Julien Lecourbe\",\"@id\":\"https:\\\/\\\/www.lawebradio.com\\\/news\\\/#\\\/schema\\\/person\\\/95fd11aee6e6cfe70a4b58b482103f1f\"},\"headline\":\"Radio Color Club, Let The Music Color Your Day\",\"datePublished\":\"2023-05-23T17:44:56+00:00\",\"dateModified\":\"2023-05-23T17:47:38+00:00\",\"mainEntityOfPage\":{\"@id\":\"https:\\\/\\\/www.lawebradio.com\\\/news\\\/radio-color-club-let-the-music-color-your-day\\\/\"},\"wordCount\":355,\"publisher\":{\"@id\":\"https:\\\/\\\/www.lawebradio.com\\\/news\\\/#organization\"},\"image\":{\"@id\":\"https:\\\/\\\/www.lawebradio.com\\\/news\\\/radio-color-club-let-the-music-color-your-day\\\/#primaryimage\"},\"thumbnailUrl\":\"https:\\\/\\\/www.lawebradio.com\\\/news\\\/wp-content\\\/uploads\\\/2023\\\/05\\\/23052023-01.jpg\",\"articleSection\":[\"Focus\"],\"inLanguage\":\"fr-FR\"},{\"@type\":\"WebPage\",\"@id\":\"https:\\\/\\\/www.lawebradio.com\\\/news\\\/radio-color-club-let-the-music-color-your-day\\\/\",\"url\":\"https:\\\/\\\/www.lawebradio.com\\\/news\\\/radio-color-club-let-the-music-color-your-day\\\/\",\"name\":\"Radio Color Club, Let The Music Color Your Day - Lawebradio.com - Actualit\u00e9s des radios digitales\",\"isPartOf\":{\"@id\":\"https:\\\/\\\/www.lawebradio.com\\\/news\\\/#website\"},\"primaryImageOfPage\":{\"@id\":\"https:\\\/\\\/www.lawebradio.com\\\/news\\\/radio-color-club-let-the-music-color-your-day\\\/#primaryimage\"},\"image\":{\"@id\":\"https:\\\/\\\/www.lawebradio.com\\\/news\\\/radio-color-club-let-the-music-color-your-day\\\/#primaryimage\"},\"thumbnailUrl\":\"https:\\\/\\\/www.lawebradio.com\\\/news\\\/wp-content\\\/uploads\\\/2023\\\/05\\\/23052023-01.jpg\",\"datePublished\":\"2023-05-23T17:44:56+00:00\",\"dateModified\":\"2023-05-23T17:47:38+00:00\",\"description\":\"Avec une programmation soigneusement con\u00e7ue pour les amateurs de house disco, Radio Color Club vous plonge dans un univers sonore enchanteur.\",\"inLanguage\":\"fr-FR\",\"potentialAction\":[{\"@type\":\"ReadAction\",\"target\":[\"https:\\\/\\\/www.lawebradio.com\\\/news\\\/radio-color-club-let-the-music-color-your-day\\\/\"]}]},{\"@type\":\"ImageObject\",\"inLanguage\":\"fr-FR\",\"@id\":\"https:\\\/\\\/www.lawebradio.com\\\/news\\\/radio-color-club-let-the-music-color-your-day\\\/#primaryimage\",\"url\":\"https:\\\/\\\/www.lawebradio.com\\\/news\\\/wp-content\\\/uploads\\\/2023\\\/05\\\/23052023-01.jpg\",\"contentUrl\":\"https:\\\/\\\/www.lawebradio.com\\\/news\\\/wp-content\\\/uploads\\\/2023\\\/05\\\/23052023-01.jpg\",\"width\":725,\"height\":350},{\"@type\":\"WebSite\",\"@id\":\"https:\\\/\\\/www.lawebradio.com\\\/news\\\/#website\",\"url\":\"https:\\\/\\\/www.lawebradio.com\\\/news\\\/\",\"name\":\"Lawebradio.com - Actualit\u00e9s des radios digitales\",\"description\":\"\",\"publisher\":{\"@id\":\"https:\\\/\\\/www.lawebradio.com\\\/news\\\/#organization\"},\"potentialAction\":[{\"@type\":\"SearchAction\",\"target\":{\"@type\":\"EntryPoint\",\"urlTemplate\":\"https:\\\/\\\/www.lawebradio.com\\\/news\\\/?s={search_term_string}\"},\"query-input\":{\"@type\":\"PropertyValueSpecification\",\"valueRequired\":true,\"valueName\":\"search_term_string\"}}],\"inLanguage\":\"fr-FR\"},{\"@type\":\"Organization\",\"@id\":\"https:\\\/\\\/www.lawebradio.com\\\/news\\\/#organization\",\"name\":\"Lawebradio.com - Actualit\u00e9s des radios digitales\",\"url\":\"https:\\\/\\\/www.lawebradio.com\\\/news\\\/\",\"logo\":{\"@type\":\"ImageObject\",\"inLanguage\":\"fr-FR\",\"@id\":\"https:\\\/\\\/www.lawebradio.com\\\/news\\\/#\\\/schema\\\/logo\\\/image\\\/\",\"url\":\"https:\\\/\\\/www.lawebradio.com\\\/news\\\/wp-content\\\/uploads\\\/2020\\\/10\\\/logo2020.png\",\"contentUrl\":\"https:\\\/\\\/www.lawebradio.com\\\/news\\\/wp-content\\\/uploads\\\/2020\\\/10\\\/logo2020.png\",\"width\":254,\"height\":43,\"caption\":\"Lawebradio.com - Actualit\u00e9s des radios digitales\"},\"image\":{\"@id\":\"https:\\\/\\\/www.lawebradio.com\\\/news\\\/#\\\/schema\\\/logo\\\/image\\\/\"}},{\"@type\":\"Person\",\"@id\":\"https:\\\/\\\/www.lawebradio.com\\\/news\\\/#\\\/schema\\\/person\\\/95fd11aee6e6cfe70a4b58b482103f1f\",\"name\":\"Julien Lecourbe\",\"image\":{\"@type\":\"ImageObject\",\"inLanguage\":\"fr-FR\",\"@id\":\"https:\\\/\\\/secure.gravatar.com\\\/avatar\\\/0d25a327c6e268d9730d9c0cbeeee0fea76f04c6cf9528c29e782ef324afc515?s=96&d=mm&r=g\",\"url\":\"https:\\\/\\\/secure.gravatar.com\\\/avatar\\\/0d25a327c6e268d9730d9c0cbeeee0fea76f04c6cf9528c29e782ef324afc515?s=96&d=mm&r=g\",\"contentUrl\":\"https:\\\/\\\/secure.gravatar.com\\\/avatar\\\/0d25a327c6e268d9730d9c0cbeeee0fea76f04c6cf9528c29e782ef324afc515?s=96&d=mm&r=g\",\"caption\":\"Julien Lecourbe\"},\"url\":\"https:\\\/\\\/www.lawebradio.com\\\/news\\\/author\\\/la-redaction\\\/\"}]}<\/script>\n<!-- \/ Yoast SEO plugin. -->","yoast_head_json":{"title":"Radio Color Club, Let The Music Color Your Day - Lawebradio.com - Actualit\u00e9s des radios digitales","description":"Avec une programmation soigneusement con\u00e7ue pour les amateurs de house disco, Radio Color Club vous plonge dans un univers sonore enchanteur.","robots":{"index":"index","follow":"follow","max-snippet":"max-snippet:-1","max-image-preview":"max-image-preview:large","max-video-preview":"max-video-preview:-1"},"canonical":"https:\/\/www.lawebradio.com\/news\/radio-color-club-let-the-music-color-your-day\/","og_locale":"fr_FR","og_type":"article","og_title":"Radio Color Club, Let The Music Color Your Day - Lawebradio.com - Actualit\u00e9s des radios digitales","og_description":"Avec une programmation soigneusement con\u00e7ue pour les amateurs de house disco, Radio Color Club vous plonge dans un univers sonore enchanteur.","og_url":"https:\/\/www.lawebradio.com\/news\/radio-color-club-let-the-music-color-your-day\/","og_site_name":"Lawebradio.com - Actualit\u00e9s des radios digitales","article_published_time":"2023-05-23T17:44:56+00:00","article_modified_time":"2023-05-23T17:47:38+00:00","og_image":[{"width":725,"height":350,"url":"https:\/\/www.lawebradio.com\/news\/wp-content\/uploads\/2023\/05\/23052023-01.jpg","type":"image\/jpeg"}],"author":"Julien Lecourbe","twitter_misc":{"\u00c9crit par":"Julien Lecourbe","Dur\u00e9e de lecture estim\u00e9e":"2 minutes"},"schema":{"@context":"https:\/\/schema.org","@graph":[{"@type":"Article","@id":"https:\/\/www.lawebradio.com\/news\/radio-color-club-let-the-music-color-your-day\/#article","isPartOf":{"@id":"https:\/\/www.lawebradio.com\/news\/radio-color-club-let-the-music-color-your-day\/"},"author":{"name":"Julien Lecourbe","@id":"https:\/\/www.lawebradio.com\/news\/#\/schema\/person\/95fd11aee6e6cfe70a4b58b482103f1f"},"headline":"Radio Color Club, Let The Music Color Your Day","datePublished":"2023-05-23T17:44:56+00:00","dateModified":"2023-05-23T17:47:38+00:00","mainEntityOfPage":{"@id":"https:\/\/www.lawebradio.com\/news\/radio-color-club-let-the-music-color-your-day\/"},"wordCount":355,"publisher":{"@id":"https:\/\/www.lawebradio.com\/news\/#organization"},"image":{"@id":"https:\/\/www.lawebradio.com\/news\/radio-color-club-let-the-music-color-your-day\/#primaryimage"},"thumbnailUrl":"https:\/\/www.lawebradio.com\/news\/wp-content\/uploads\/2023\/05\/23052023-01.jpg","articleSection":["Focus"],"inLanguage":"fr-FR"},{"@type":"WebPage","@id":"https:\/\/www.lawebradio.com\/news\/radio-color-club-let-the-music-color-your-day\/","url":"https:\/\/www.lawebradio.com\/news\/radio-color-club-let-the-music-color-your-day\/","name":"Radio Color Club, Let The Music Color Your Day - Lawebradio.com - Actualit\u00e9s des radios digitales","isPartOf":{"@id":"https:\/\/www.lawebradio.com\/news\/#website"},"primaryImageOfPage":{"@id":"https:\/\/www.lawebradio.com\/news\/radio-color-club-let-the-music-color-your-day\/#primaryimage"},"image":{"@id":"https:\/\/www.lawebradio.com\/news\/radio-color-club-let-the-music-color-your-day\/#primaryimage"},"thumbnailUrl":"https:\/\/www.lawebradio.com\/news\/wp-content\/uploads\/2023\/05\/23052023-01.jpg","datePublished":"2023-05-23T17:44:56+00:00","dateModified":"2023-05-23T17:47:38+00:00","description":"Avec une programmation soigneusement con\u00e7ue pour les amateurs de house disco, Radio Color Club vous plonge dans un univers sonore enchanteur.","inLanguage":"fr-FR","potentialAction":[{"@type":"ReadAction","target":["https:\/\/www.lawebradio.com\/news\/radio-color-club-let-the-music-color-your-day\/"]}]},{"@type":"ImageObject","inLanguage":"fr-FR","@id":"https:\/\/www.lawebradio.com\/news\/radio-color-club-let-the-music-color-your-day\/#primaryimage","url":"https:\/\/www.lawebradio.com\/news\/wp-content\/uploads\/2023\/05\/23052023-01.jpg","contentUrl":"https:\/\/www.lawebradio.com\/news\/wp-content\/uploads\/2023\/05\/23052023-01.jpg","width":725,"height":350},{"@type":"WebSite","@id":"https:\/\/www.lawebradio.com\/news\/#website","url":"https:\/\/www.lawebradio.com\/news\/","name":"Lawebradio.com - Actualit\u00e9s des radios digitales","description":"","publisher":{"@id":"https:\/\/www.lawebradio.com\/news\/#organization"},"potentialAction":[{"@type":"SearchAction","target":{"@type":"EntryPoint","urlTemplate":"https:\/\/www.lawebradio.com\/news\/?s={search_term_string}"},"query-input":{"@type":"PropertyValueSpecification","valueRequired":true,"valueName":"search_term_string"}}],"inLanguage":"fr-FR"},{"@type":"Organization","@id":"https:\/\/www.lawebradio.com\/news\/#organization","name":"Lawebradio.com - Actualit\u00e9s des radios digitales","url":"https:\/\/www.lawebradio.com\/news\/","logo":{"@type":"ImageObject","inLanguage":"fr-FR","@id":"https:\/\/www.lawebradio.com\/news\/#\/schema\/logo\/image\/","url":"https:\/\/www.lawebradio.com\/news\/wp-content\/uploads\/2020\/10\/logo2020.png","contentUrl":"https:\/\/www.lawebradio.com\/news\/wp-content\/uploads\/2020\/10\/logo2020.png","width":254,"height":43,"caption":"Lawebradio.com - Actualit\u00e9s des radios digitales"},"image":{"@id":"https:\/\/www.lawebradio.com\/news\/#\/schema\/logo\/image\/"}},{"@type":"Person","@id":"https:\/\/www.lawebradio.com\/news\/#\/schema\/person\/95fd11aee6e6cfe70a4b58b482103f1f","name":"Julien Lecourbe","image":{"@type":"ImageObject","inLanguage":"fr-FR","@id":"https:\/\/secure.gravatar.com\/avatar\/0d25a327c6e268d9730d9c0cbeeee0fea76f04c6cf9528c29e782ef324afc515?s=96&d=mm&r=g","url":"https:\/\/secure.gravatar.com\/avatar\/0d25a327c6e268d9730d9c0cbeeee0fea76f04c6cf9528c29e782ef324afc515?s=96&d=mm&r=g","contentUrl":"https:\/\/secure.gravatar.com\/avatar\/0d25a327c6e268d9730d9c0cbeeee0fea76f04c6cf9528c29e782ef324afc515?s=96&d=mm&r=g","caption":"Julien Lecourbe"},"url":"https:\/\/www.lawebradio.com\/news\/author\/la-redaction\/"}]}},"_links":{"self":[{"href":"https:\/\/www.lawebradio.com\/news\/wp-json\/wp\/v2\/posts\/7989","targetHints":{"allow":["GET"]}}],"collection":[{"href":"https:\/\/www.lawebradio.com\/news\/wp-json\/wp\/v2\/posts"}],"about":[{"href":"https:\/\/www.lawebradio.com\/news\/wp-json\/wp\/v2\/types\/post"}],"author":[{"embeddable":true,"href":"https:\/\/www.lawebradio.com\/news\/wp-json\/wp\/v2\/users\/3"}],"replies":[{"embeddable":true,"href":"https:\/\/www.lawebradio.com\/news\/wp-json\/wp\/v2\/comments?post=7989"}],"version-history":[{"count":9,"href":"https:\/\/www.lawebradio.com\/news\/wp-json\/wp\/v2\/posts\/7989\/revisions"}],"predecessor-version":[{"id":8007,"href":"https:\/\/www.lawebradio.com\/news\/wp-json\/wp\/v2\/posts\/7989\/revisions\/8007"}],"wp:featuredmedia":[{"embeddable":true,"href":"https:\/\/www.lawebradio.com\/news\/wp-json\/wp\/v2\/media\/7993"}],"wp:attachment":[{"href":"https:\/\/www.lawebradio.com\/news\/wp-json\/wp\/v2\/media?parent=7989"}],"wp:term":[{"taxonomy":"category","embeddable":true,"href":"https:\/\/www.lawebradio.com\/news\/wp-json\/wp\/v2\/categories?post=7989"},{"taxonomy":"post_tag","embeddable":true,"href":"https:\/\/www.lawebradio.com\/news\/wp-json\/wp\/v2\/tags?post=7989"}],"curies":[{"name":"wp","href":"https:\/\/api.w.org\/{rel}","templated":true}]}}