{"id":7662,"date":"2023-04-17T13:24:54","date_gmt":"2023-04-17T12:24:54","guid":{"rendered":"https:\/\/www.lawebradio.com\/news\/?p=7662"},"modified":"2025-05-14T08:57:45","modified_gmt":"2025-05-14T07:57:45","slug":"le-poste-parisien-version-revival","status":"publish","type":"post","link":"https:\/\/www.lawebradio.com\/news\/le-poste-parisien-version-revival\/","title":{"rendered":"Le Poste Parisien, version revival"},"content":{"rendered":"<p>[et_pb_section fb_built=\u00a0\u00bb1&Prime; _builder_version=\u00a0\u00bb4.6.5&Prime; _module_preset=\u00a0\u00bbdefault\u00a0\u00bb][et_pb_row _builder_version=\u00a0\u00bb4.6.5&Prime; _module_preset=\u00a0\u00bbdefault\u00a0\u00bb][et_pb_column type=\u00a0\u00bb4_4&Prime; _builder_version=\u00a0\u00bb4.6.5&Prime; _module_preset=\u00a0\u00bbdefault\u00a0\u00bb][et_pb_text _builder_version=\u00a0\u00bb4.8.0&Prime; _module_preset=\u00a0\u00bbdefault\u00a0\u00bb]<\/p>\n<p><strong>Pierre DENJEAN, entrepreneur dans le domaine du son et de la lumi\u00e8re avec la soci\u00e9t\u00e9 HitMusic, relance Le Poste Parisien en l&rsquo;adaptant aux nouvelles technologies et modes d&rsquo;\u00e9coute modernes.<\/strong><\/p>\n<p>En se fixant uniquement sur la p\u00e9riode musicale des ann\u00e9es 80-90, Pierre propose un traitement audio respectueux du son analogique de l&rsquo;\u00e9poque. Le Poste Parisien utilise une approche artisanale pour cr\u00e9er son contenu, en se concentrant sur la qualit\u00e9 plut\u00f4t que sur la quantit\u00e9. L&rsquo;habillage de la station a \u00e9t\u00e9 con\u00e7u en interne avec des sons d&rsquo;\u00e9poque et des ambiances parisiennes. La station a utilis\u00e9 plus de 1500 slogans et jingles pour renforcer son identit\u00e9 sonore.<br \/>La norme AAC192LC est utilis\u00e9e pour offrir une qualit\u00e9 sonore \u00e9lev\u00e9e tout en minimisant les risques de coupures pendant l&rsquo;\u00e9coute mobile.<br \/>La programmation est \u00e9clectique et non commerciale : new-wave, rock, funk, pop, soul, reggae, ska, country, disco, blues, jazz et une touche d&rsquo;\u00e9lectro. Pas mal de versions d\u00e9mo et acoustiques, de titres rares et de faces B. Il n\u2019y a aucune nouveaut\u00e9, le coeur \u00e9tant les ann\u00e9es 80 et 90 avec une pioche un peu avant et un peu apr\u00e8s. Une playlist qui sort des sentiers battus ponctu\u00e9e des bons plans parisiens (culture, sorties, \u00e9v\u00e9nements et restos dans la capitale), du Journal et du Flash du Poste actualis\u00e9s toutes les heures, des news et des rubriques du Poste.<br \/>Le Poste Parisien ne s\u2019adresse pas qu\u2019aux parisiens. La radio reprend d\u2019ailleurs l\u2019un de ses slogans d\u2019origine : \u00ab la station fran\u00e7aise que le monde \u00e9coute \u00bb.<\/p>\n<p>\u2022 <a href=\"https:\/\/www.lawebradio.com\/news\/se-relaxer\/\">Ecouter Le Poste Parisien<\/a><br \/>\u2022 <a href=\"https:\/\/www.posteparisien.fr\/\" target=\"_blank\" rel=\"noopener\">Voir le site<\/a><\/p>\n<p>[\/et_pb_text][et_pb_image src=\u00a0\u00bbhttps:\/\/www.lawebradio.com\/news\/wp-content\/uploads\/2023\/04\/ima042023-26.jpg\u00a0\u00bb _builder_version=\u00a0\u00bb4.8.0&Prime; _module_preset=\u00a0\u00bbdefault\u00a0\u00bb][\/et_pb_image][\/et_pb_column][\/et_pb_row][\/et_pb_section]<\/p>\n","protected":false},"excerpt":{"rendered":"<p>[et_pb_section fb_built=\u00a0\u00bb1&Prime; _builder_version=\u00a0\u00bb4.6.5&Prime; _module_preset=\u00a0\u00bbdefault\u00a0\u00bb][et_pb_row _builder_version=\u00a0\u00bb4.6.5&Prime; _module_preset=\u00a0\u00bbdefault\u00a0\u00bb][et_pb_column type=\u00a0\u00bb4_4&Prime; _builder_version=\u00a0\u00bb4.6.5&Prime; _module_preset=\u00a0\u00bbdefault\u00a0\u00bb][et_pb_text _builder_version=\u00a0\u00bb4.8.0&Prime; _module_preset=\u00a0\u00bbdefault\u00a0\u00bb] Pierre DENJEAN, entrepreneur dans le domaine du son et de la lumi\u00e8re avec la soci\u00e9t\u00e9 HitMusic, relance Le Poste Parisien en l&rsquo;adaptant aux nouvelles technologies et modes d&rsquo;\u00e9coute modernes. En se fixant uniquement sur la p\u00e9riode musicale des ann\u00e9es 80-90, Pierre propose un traitement [&hellip;]<\/p>\n","protected":false},"author":2,"featured_media":7665,"comment_status":"closed","ping_status":"closed","sticky":false,"template":"","format":"standard","meta":{"_et_pb_use_builder":"on","_et_pb_old_content":"","_et_gb_content_width":"","footnotes":""},"categories":[12],"tags":[],"class_list":["post-7662","post","type-post","status-publish","format-standard","has-post-thumbnail","hentry","category-revue","et-has-post-format-content","et_post_format-et-post-format-standard"],"yoast_head":"<!-- This site is optimized with the Yoast SEO plugin v27.5 - https:\/\/yoast.com\/product\/yoast-seo-wordpress\/ -->\n<title>Le Poste Parisien, version revival - Lawebradio.com - Actualit\u00e9s des radios digitales<\/title>\n<meta name=\"description\" content=\"Pierre DENJEAN relance Le Poste Parisien en l&#039;adaptant aux nouvelles technologies et modes d&#039;\u00e9coute modernes.\" \/>\n<meta name=\"robots\" content=\"index, follow, max-snippet:-1, max-image-preview:large, max-video-preview:-1\" \/>\n<link rel=\"canonical\" href=\"https:\/\/www.lawebradio.com\/news\/le-poste-parisien-version-revival\/\" \/>\n<meta property=\"og:locale\" content=\"fr_FR\" \/>\n<meta property=\"og:type\" content=\"article\" \/>\n<meta property=\"og:title\" content=\"Le Poste Parisien, version revival - Lawebradio.com - Actualit\u00e9s des radios digitales\" \/>\n<meta property=\"og:description\" content=\"Pierre DENJEAN relance Le Poste Parisien en l&#039;adaptant aux nouvelles technologies et modes d&#039;\u00e9coute modernes.\" \/>\n<meta property=\"og:url\" content=\"https:\/\/www.lawebradio.com\/news\/le-poste-parisien-version-revival\/\" \/>\n<meta property=\"og:site_name\" content=\"Lawebradio.com - Actualit\u00e9s des radios digitales\" \/>\n<meta property=\"article:published_time\" content=\"2023-04-17T12:24:54+00:00\" \/>\n<meta property=\"article:modified_time\" content=\"2025-05-14T07:57:45+00:00\" \/>\n<meta property=\"og:image\" content=\"https:\/\/www.lawebradio.com\/news\/wp-content\/uploads\/2023\/04\/ima042023-25.jpg\" \/>\n\t<meta property=\"og:image:width\" content=\"725\" \/>\n\t<meta property=\"og:image:height\" content=\"350\" \/>\n\t<meta property=\"og:image:type\" content=\"image\/jpeg\" \/>\n<meta name=\"author\" content=\"Thomas Renaud\" \/>\n<meta name=\"twitter:label1\" content=\"\u00c9crit par\" \/>\n\t<meta name=\"twitter:data1\" content=\"Thomas Renaud\" \/>\n\t<meta name=\"twitter:label2\" content=\"Dur\u00e9e de lecture estim\u00e9e\" \/>\n\t<meta name=\"twitter:data2\" content=\"2 minutes\" \/>\n<script type=\"application\/ld+json\" class=\"yoast-schema-graph\">{\"@context\":\"https:\\\/\\\/schema.org\",\"@graph\":[{\"@type\":\"Article\",\"@id\":\"https:\\\/\\\/www.lawebradio.com\\\/news\\\/le-poste-parisien-version-revival\\\/#article\",\"isPartOf\":{\"@id\":\"https:\\\/\\\/www.lawebradio.com\\\/news\\\/le-poste-parisien-version-revival\\\/\"},\"author\":{\"name\":\"Thomas Renaud\",\"@id\":\"https:\\\/\\\/www.lawebradio.com\\\/news\\\/#\\\/schema\\\/person\\\/bc69f5fc3cfaf8f01edc3db43f10f1b6\"},\"headline\":\"Le Poste Parisien, version revival\",\"datePublished\":\"2023-04-17T12:24:54+00:00\",\"dateModified\":\"2025-05-14T07:57:45+00:00\",\"mainEntityOfPage\":{\"@id\":\"https:\\\/\\\/www.lawebradio.com\\\/news\\\/le-poste-parisien-version-revival\\\/\"},\"wordCount\":355,\"publisher\":{\"@id\":\"https:\\\/\\\/www.lawebradio.com\\\/news\\\/#organization\"},\"image\":{\"@id\":\"https:\\\/\\\/www.lawebradio.com\\\/news\\\/le-poste-parisien-version-revival\\\/#primaryimage\"},\"thumbnailUrl\":\"https:\\\/\\\/www.lawebradio.com\\\/news\\\/wp-content\\\/uploads\\\/2023\\\/04\\\/ima042023-25.jpg\",\"articleSection\":[\"Revue de Presse\"],\"inLanguage\":\"fr-FR\"},{\"@type\":\"WebPage\",\"@id\":\"https:\\\/\\\/www.lawebradio.com\\\/news\\\/le-poste-parisien-version-revival\\\/\",\"url\":\"https:\\\/\\\/www.lawebradio.com\\\/news\\\/le-poste-parisien-version-revival\\\/\",\"name\":\"Le Poste Parisien, version revival - Lawebradio.com - Actualit\u00e9s des radios digitales\",\"isPartOf\":{\"@id\":\"https:\\\/\\\/www.lawebradio.com\\\/news\\\/#website\"},\"primaryImageOfPage\":{\"@id\":\"https:\\\/\\\/www.lawebradio.com\\\/news\\\/le-poste-parisien-version-revival\\\/#primaryimage\"},\"image\":{\"@id\":\"https:\\\/\\\/www.lawebradio.com\\\/news\\\/le-poste-parisien-version-revival\\\/#primaryimage\"},\"thumbnailUrl\":\"https:\\\/\\\/www.lawebradio.com\\\/news\\\/wp-content\\\/uploads\\\/2023\\\/04\\\/ima042023-25.jpg\",\"datePublished\":\"2023-04-17T12:24:54+00:00\",\"dateModified\":\"2025-05-14T07:57:45+00:00\",\"description\":\"Pierre DENJEAN relance Le Poste Parisien en l'adaptant aux nouvelles technologies et modes d'\u00e9coute modernes.\",\"inLanguage\":\"fr-FR\",\"potentialAction\":[{\"@type\":\"ReadAction\",\"target\":[\"https:\\\/\\\/www.lawebradio.com\\\/news\\\/le-poste-parisien-version-revival\\\/\"]}]},{\"@type\":\"ImageObject\",\"inLanguage\":\"fr-FR\",\"@id\":\"https:\\\/\\\/www.lawebradio.com\\\/news\\\/le-poste-parisien-version-revival\\\/#primaryimage\",\"url\":\"https:\\\/\\\/www.lawebradio.com\\\/news\\\/wp-content\\\/uploads\\\/2023\\\/04\\\/ima042023-25.jpg\",\"contentUrl\":\"https:\\\/\\\/www.lawebradio.com\\\/news\\\/wp-content\\\/uploads\\\/2023\\\/04\\\/ima042023-25.jpg\",\"width\":725,\"height\":350},{\"@type\":\"WebSite\",\"@id\":\"https:\\\/\\\/www.lawebradio.com\\\/news\\\/#website\",\"url\":\"https:\\\/\\\/www.lawebradio.com\\\/news\\\/\",\"name\":\"Lawebradio.com - Actualit\u00e9s des radios digitales\",\"description\":\"\",\"publisher\":{\"@id\":\"https:\\\/\\\/www.lawebradio.com\\\/news\\\/#organization\"},\"potentialAction\":[{\"@type\":\"SearchAction\",\"target\":{\"@type\":\"EntryPoint\",\"urlTemplate\":\"https:\\\/\\\/www.lawebradio.com\\\/news\\\/?s={search_term_string}\"},\"query-input\":{\"@type\":\"PropertyValueSpecification\",\"valueRequired\":true,\"valueName\":\"search_term_string\"}}],\"inLanguage\":\"fr-FR\"},{\"@type\":\"Organization\",\"@id\":\"https:\\\/\\\/www.lawebradio.com\\\/news\\\/#organization\",\"name\":\"Lawebradio.com - Actualit\u00e9s des radios digitales\",\"url\":\"https:\\\/\\\/www.lawebradio.com\\\/news\\\/\",\"logo\":{\"@type\":\"ImageObject\",\"inLanguage\":\"fr-FR\",\"@id\":\"https:\\\/\\\/www.lawebradio.com\\\/news\\\/#\\\/schema\\\/logo\\\/image\\\/\",\"url\":\"https:\\\/\\\/www.lawebradio.com\\\/news\\\/wp-content\\\/uploads\\\/2020\\\/10\\\/logo2020.png\",\"contentUrl\":\"https:\\\/\\\/www.lawebradio.com\\\/news\\\/wp-content\\\/uploads\\\/2020\\\/10\\\/logo2020.png\",\"width\":254,\"height\":43,\"caption\":\"Lawebradio.com - Actualit\u00e9s des radios digitales\"},\"image\":{\"@id\":\"https:\\\/\\\/www.lawebradio.com\\\/news\\\/#\\\/schema\\\/logo\\\/image\\\/\"}},{\"@type\":\"Person\",\"@id\":\"https:\\\/\\\/www.lawebradio.com\\\/news\\\/#\\\/schema\\\/person\\\/bc69f5fc3cfaf8f01edc3db43f10f1b6\",\"name\":\"Thomas Renaud\",\"image\":{\"@type\":\"ImageObject\",\"inLanguage\":\"fr-FR\",\"@id\":\"https:\\\/\\\/secure.gravatar.com\\\/avatar\\\/24b834e6dacf15dee888f8bbef435cf6307a4b8b6f23d7a4e7b42d8838eb1595?s=96&d=mm&r=g\",\"url\":\"https:\\\/\\\/secure.gravatar.com\\\/avatar\\\/24b834e6dacf15dee888f8bbef435cf6307a4b8b6f23d7a4e7b42d8838eb1595?s=96&d=mm&r=g\",\"contentUrl\":\"https:\\\/\\\/secure.gravatar.com\\\/avatar\\\/24b834e6dacf15dee888f8bbef435cf6307a4b8b6f23d7a4e7b42d8838eb1595?s=96&d=mm&r=g\",\"caption\":\"Thomas Renaud\"},\"url\":\"https:\\\/\\\/www.lawebradio.com\\\/news\\\/author\\\/fg2-newschef\\\/\"}]}<\/script>\n<!-- \/ Yoast SEO plugin. -->","yoast_head_json":{"title":"Le Poste Parisien, version revival - Lawebradio.com - Actualit\u00e9s des radios digitales","description":"Pierre DENJEAN relance Le Poste Parisien en l'adaptant aux nouvelles technologies et modes d'\u00e9coute modernes.","robots":{"index":"index","follow":"follow","max-snippet":"max-snippet:-1","max-image-preview":"max-image-preview:large","max-video-preview":"max-video-preview:-1"},"canonical":"https:\/\/www.lawebradio.com\/news\/le-poste-parisien-version-revival\/","og_locale":"fr_FR","og_type":"article","og_title":"Le Poste Parisien, version revival - Lawebradio.com - Actualit\u00e9s des radios digitales","og_description":"Pierre DENJEAN relance Le Poste Parisien en l'adaptant aux nouvelles technologies et modes d'\u00e9coute modernes.","og_url":"https:\/\/www.lawebradio.com\/news\/le-poste-parisien-version-revival\/","og_site_name":"Lawebradio.com - Actualit\u00e9s des radios digitales","article_published_time":"2023-04-17T12:24:54+00:00","article_modified_time":"2025-05-14T07:57:45+00:00","og_image":[{"width":725,"height":350,"url":"https:\/\/www.lawebradio.com\/news\/wp-content\/uploads\/2023\/04\/ima042023-25.jpg","type":"image\/jpeg"}],"author":"Thomas Renaud","twitter_misc":{"\u00c9crit par":"Thomas Renaud","Dur\u00e9e de lecture estim\u00e9e":"2 minutes"},"schema":{"@context":"https:\/\/schema.org","@graph":[{"@type":"Article","@id":"https:\/\/www.lawebradio.com\/news\/le-poste-parisien-version-revival\/#article","isPartOf":{"@id":"https:\/\/www.lawebradio.com\/news\/le-poste-parisien-version-revival\/"},"author":{"name":"Thomas Renaud","@id":"https:\/\/www.lawebradio.com\/news\/#\/schema\/person\/bc69f5fc3cfaf8f01edc3db43f10f1b6"},"headline":"Le Poste Parisien, version revival","datePublished":"2023-04-17T12:24:54+00:00","dateModified":"2025-05-14T07:57:45+00:00","mainEntityOfPage":{"@id":"https:\/\/www.lawebradio.com\/news\/le-poste-parisien-version-revival\/"},"wordCount":355,"publisher":{"@id":"https:\/\/www.lawebradio.com\/news\/#organization"},"image":{"@id":"https:\/\/www.lawebradio.com\/news\/le-poste-parisien-version-revival\/#primaryimage"},"thumbnailUrl":"https:\/\/www.lawebradio.com\/news\/wp-content\/uploads\/2023\/04\/ima042023-25.jpg","articleSection":["Revue de Presse"],"inLanguage":"fr-FR"},{"@type":"WebPage","@id":"https:\/\/www.lawebradio.com\/news\/le-poste-parisien-version-revival\/","url":"https:\/\/www.lawebradio.com\/news\/le-poste-parisien-version-revival\/","name":"Le Poste Parisien, version revival - Lawebradio.com - Actualit\u00e9s des radios digitales","isPartOf":{"@id":"https:\/\/www.lawebradio.com\/news\/#website"},"primaryImageOfPage":{"@id":"https:\/\/www.lawebradio.com\/news\/le-poste-parisien-version-revival\/#primaryimage"},"image":{"@id":"https:\/\/www.lawebradio.com\/news\/le-poste-parisien-version-revival\/#primaryimage"},"thumbnailUrl":"https:\/\/www.lawebradio.com\/news\/wp-content\/uploads\/2023\/04\/ima042023-25.jpg","datePublished":"2023-04-17T12:24:54+00:00","dateModified":"2025-05-14T07:57:45+00:00","description":"Pierre DENJEAN relance Le Poste Parisien en l'adaptant aux nouvelles technologies et modes d'\u00e9coute modernes.","inLanguage":"fr-FR","potentialAction":[{"@type":"ReadAction","target":["https:\/\/www.lawebradio.com\/news\/le-poste-parisien-version-revival\/"]}]},{"@type":"ImageObject","inLanguage":"fr-FR","@id":"https:\/\/www.lawebradio.com\/news\/le-poste-parisien-version-revival\/#primaryimage","url":"https:\/\/www.lawebradio.com\/news\/wp-content\/uploads\/2023\/04\/ima042023-25.jpg","contentUrl":"https:\/\/www.lawebradio.com\/news\/wp-content\/uploads\/2023\/04\/ima042023-25.jpg","width":725,"height":350},{"@type":"WebSite","@id":"https:\/\/www.lawebradio.com\/news\/#website","url":"https:\/\/www.lawebradio.com\/news\/","name":"Lawebradio.com - Actualit\u00e9s des radios digitales","description":"","publisher":{"@id":"https:\/\/www.lawebradio.com\/news\/#organization"},"potentialAction":[{"@type":"SearchAction","target":{"@type":"EntryPoint","urlTemplate":"https:\/\/www.lawebradio.com\/news\/?s={search_term_string}"},"query-input":{"@type":"PropertyValueSpecification","valueRequired":true,"valueName":"search_term_string"}}],"inLanguage":"fr-FR"},{"@type":"Organization","@id":"https:\/\/www.lawebradio.com\/news\/#organization","name":"Lawebradio.com - Actualit\u00e9s des radios digitales","url":"https:\/\/www.lawebradio.com\/news\/","logo":{"@type":"ImageObject","inLanguage":"fr-FR","@id":"https:\/\/www.lawebradio.com\/news\/#\/schema\/logo\/image\/","url":"https:\/\/www.lawebradio.com\/news\/wp-content\/uploads\/2020\/10\/logo2020.png","contentUrl":"https:\/\/www.lawebradio.com\/news\/wp-content\/uploads\/2020\/10\/logo2020.png","width":254,"height":43,"caption":"Lawebradio.com - Actualit\u00e9s des radios digitales"},"image":{"@id":"https:\/\/www.lawebradio.com\/news\/#\/schema\/logo\/image\/"}},{"@type":"Person","@id":"https:\/\/www.lawebradio.com\/news\/#\/schema\/person\/bc69f5fc3cfaf8f01edc3db43f10f1b6","name":"Thomas Renaud","image":{"@type":"ImageObject","inLanguage":"fr-FR","@id":"https:\/\/secure.gravatar.com\/avatar\/24b834e6dacf15dee888f8bbef435cf6307a4b8b6f23d7a4e7b42d8838eb1595?s=96&d=mm&r=g","url":"https:\/\/secure.gravatar.com\/avatar\/24b834e6dacf15dee888f8bbef435cf6307a4b8b6f23d7a4e7b42d8838eb1595?s=96&d=mm&r=g","contentUrl":"https:\/\/secure.gravatar.com\/avatar\/24b834e6dacf15dee888f8bbef435cf6307a4b8b6f23d7a4e7b42d8838eb1595?s=96&d=mm&r=g","caption":"Thomas Renaud"},"url":"https:\/\/www.lawebradio.com\/news\/author\/fg2-newschef\/"}]}},"_links":{"self":[{"href":"https:\/\/www.lawebradio.com\/news\/wp-json\/wp\/v2\/posts\/7662","targetHints":{"allow":["GET"]}}],"collection":[{"href":"https:\/\/www.lawebradio.com\/news\/wp-json\/wp\/v2\/posts"}],"about":[{"href":"https:\/\/www.lawebradio.com\/news\/wp-json\/wp\/v2\/types\/post"}],"author":[{"embeddable":true,"href":"https:\/\/www.lawebradio.com\/news\/wp-json\/wp\/v2\/users\/2"}],"replies":[{"embeddable":true,"href":"https:\/\/www.lawebradio.com\/news\/wp-json\/wp\/v2\/comments?post=7662"}],"version-history":[{"count":5,"href":"https:\/\/www.lawebradio.com\/news\/wp-json\/wp\/v2\/posts\/7662\/revisions"}],"predecessor-version":[{"id":7671,"href":"https:\/\/www.lawebradio.com\/news\/wp-json\/wp\/v2\/posts\/7662\/revisions\/7671"}],"wp:featuredmedia":[{"embeddable":true,"href":"https:\/\/www.lawebradio.com\/news\/wp-json\/wp\/v2\/media\/7665"}],"wp:attachment":[{"href":"https:\/\/www.lawebradio.com\/news\/wp-json\/wp\/v2\/media?parent=7662"}],"wp:term":[{"taxonomy":"category","embeddable":true,"href":"https:\/\/www.lawebradio.com\/news\/wp-json\/wp\/v2\/categories?post=7662"},{"taxonomy":"post_tag","embeddable":true,"href":"https:\/\/www.lawebradio.com\/news\/wp-json\/wp\/v2\/tags?post=7662"}],"curies":[{"name":"wp","href":"https:\/\/api.w.org\/{rel}","templated":true}]}}