{"id":7628,"date":"2023-04-13T17:00:05","date_gmt":"2023-04-13T16:00:05","guid":{"rendered":"https:\/\/www.lawebradio.com\/news\/?p=7628"},"modified":"2025-05-14T08:57:45","modified_gmt":"2025-05-14T07:57:45","slug":"quel-est-lavenir-de-la-radio-en-2023","status":"publish","type":"post","link":"https:\/\/www.lawebradio.com\/news\/quel-est-lavenir-de-la-radio-en-2023\/","title":{"rendered":"Quel est l&rsquo;avenir de la radio hertzienne en 2023 ?"},"content":{"rendered":"<p>[et_pb_section fb_built=\u00a0\u00bb1&Prime; _builder_version=\u00a0\u00bb4.6.5&Prime; _module_preset=\u00a0\u00bbdefault\u00a0\u00bb][et_pb_row _builder_version=\u00a0\u00bb4.6.5&Prime; _module_preset=\u00a0\u00bbdefault\u00a0\u00bb][et_pb_column type=\u00a0\u00bb4_4&Prime; _builder_version=\u00a0\u00bb4.6.5&Prime; _module_preset=\u00a0\u00bbdefault\u00a0\u00bb][et_pb_text _builder_version=\u00a0\u00bb4.8.0&Prime; _module_preset=\u00a0\u00bbdefault\u00a0\u00bb header_6_font_size=\u00a0\u00bb10px\u00a0\u00bb header_6_line_height=\u00a0\u00bb1.4em\u00a0\u00bb hover_enabled=\u00a0\u00bb0&Prime; sticky_enabled=\u00a0\u00bb0&Prime;]<\/p>\n<p><strong>La radio est aujourd&rsquo;hui confront\u00e9e \u00e0 un double d\u00e9fi. D&rsquo;une part, elle doit lutter contre l&rsquo;\u00e9rosion de son audience vieillissante et, d&rsquo;autre part, elle doit attirer un public jeune qui a des habitudes d&rsquo;\u00e9coute diff\u00e9rentes.<\/strong><\/p>\n<p>Les auditeurs plus jeunes se tournent de plus en plus vers des plateformes de streaming musical, des podcasts et des contenus en ligne qui leur offrent une plus grande flexibilit\u00e9, une personnalisation des choix et une exp\u00e9rience d&rsquo;\u00e9coute plus interactive.<\/p>\n<p>Pour r\u00e9pondre \u00e0 ces d\u00e9fis, la radio doit entreprendre une transformation num\u00e9rique profonde. Cela implique notamment de repenser les programmes de radio pour mieux r\u00e9pondre aux besoins et aux attentes des auditeurs, d&rsquo;adopter de nouvelles technologies pour am\u00e9liorer la qualit\u00e9 de l&rsquo;\u00e9coute et de d\u00e9velopper des plateformes num\u00e9riques pour toucher de nouveaux publics.<\/p>\n<p>La transformation num\u00e9rique offre \u00e9galement de nouvelles opportunit\u00e9s pour les stations de radio, notamment la possibilit\u00e9 de collecter des donn\u00e9es sur les auditeurs pour mieux comprendre leurs besoins et leurs pr\u00e9f\u00e9rences, ainsi que la possibilit\u00e9 de d\u00e9velopper des campagnes publicitaires plus cibl\u00e9es et personnalis\u00e9es. Les stations de radio peuvent \u00e9galement exploiter les r\u00e9seaux sociaux et d&rsquo;autres plateformes en ligne pour toucher un public plus large et am\u00e9liorer leur engagement avec les auditeurs.<\/p>\n<p>En somme, la radio doit adopter une approche innovante et ouverte aux nouvelles technologies pour s&rsquo;adapter aux \u00e9volutions des habitudes d&rsquo;\u00e9coute et des attentes des auditeurs, tout en conservant sa pertinence et son attractivit\u00e9 pour les g\u00e9n\u00e9rations plus \u00e2g\u00e9es.<\/p>\n<p>C\u00e9dric Godart, copywriter, r\u00e9dacteur web, mais aussi animateur radio, d\u00e9veloppe avec passion et expertise sa r\u00e9flexion sur le devenir de ce m\u00e9dia audio centenaire. Il aborde sur son blog des questions fondamentales telles que <a href=\"https:\/\/cedric.brussels\/avenir-de-la-radio-opinion\/#chute-de-laudience-radio\" target=\"_blank\" rel=\"noopener\">la chute de l&rsquo;audience radio<\/a>, faut-il encore croire \u00e0 la FM et au DAB+, <a href=\"https:\/\/cedric.brussels\/avenir-de-la-radio-opinion\/#%C3%A9couter-les-radios-en-2022-%C3%A7a-veut-dire-quoi\" target=\"_blank\" rel=\"noopener\">\u00e9couter les radios aujourd&rsquo;hui<\/a>, \u00e7a veut dire quoi ?<br \/>Nous vous invitons \u00e0 consulter son article pertinent et tr\u00e8s bien document\u00e9 en <strong><a href=\"https:\/\/cedric.brussels\/avenir-de-la-radio-opinion\/\" target=\"_blank\" rel=\"noopener\">cliquant ICI<\/a><\/strong> &gt;&gt;<\/p>\n<p>\u00a9 <a href=\"https:\/\/unsplash.com\/fr\/@austindistel?utm_source=ghost&amp;amp;utm_medium=referral&amp;amp;utm_campaign=api-credit\" target=\"_blank\" rel=\"noopener\"><em>Photo by Austin Distel \/ Unsplash<\/em><\/a><\/p>\n<p>[\/et_pb_text][\/et_pb_column][\/et_pb_row][\/et_pb_section]<\/p>\n","protected":false},"excerpt":{"rendered":"<p>[et_pb_section fb_built=\u00a0\u00bb1&Prime; _builder_version=\u00a0\u00bb4.6.5&Prime; _module_preset=\u00a0\u00bbdefault\u00a0\u00bb][et_pb_row _builder_version=\u00a0\u00bb4.6.5&Prime; _module_preset=\u00a0\u00bbdefault\u00a0\u00bb][et_pb_column type=\u00a0\u00bb4_4&Prime; _builder_version=\u00a0\u00bb4.6.5&Prime; _module_preset=\u00a0\u00bbdefault\u00a0\u00bb][et_pb_text _builder_version=\u00a0\u00bb4.8.0&Prime; _module_preset=\u00a0\u00bbdefault\u00a0\u00bb header_6_font_size=\u00a0\u00bb10px\u00a0\u00bb header_6_line_height=\u00a0\u00bb1.4em\u00a0\u00bb hover_enabled=\u00a0\u00bb0&Prime; sticky_enabled=\u00a0\u00bb0&Prime;] La radio est aujourd&rsquo;hui confront\u00e9e \u00e0 un double d\u00e9fi. D&rsquo;une part, elle doit lutter contre l&rsquo;\u00e9rosion de son audience vieillissante et, d&rsquo;autre part, elle doit attirer un public jeune qui a des habitudes d&rsquo;\u00e9coute diff\u00e9rentes. Les auditeurs plus jeunes se [&hellip;]<\/p>\n","protected":false},"author":2,"featured_media":7631,"comment_status":"closed","ping_status":"closed","sticky":false,"template":"","format":"standard","meta":{"_et_pb_use_builder":"on","_et_pb_old_content":"","_et_gb_content_width":"","footnotes":""},"categories":[12],"tags":[],"class_list":["post-7628","post","type-post","status-publish","format-standard","has-post-thumbnail","hentry","category-revue","et-has-post-format-content","et_post_format-et-post-format-standard"],"yoast_head":"<!-- This site is optimized with the Yoast SEO plugin v27.5 - https:\/\/yoast.com\/product\/yoast-seo-wordpress\/ -->\n<title>Quel est l&#039;avenir de la radio hertzienne en 2023 ? - Lawebradio.com - Actualit\u00e9s des radios digitales<\/title>\n<meta name=\"description\" content=\"La radio doit lutter contre l&#039;\u00e9rosion de son audience vieillissante et doit attirer un public jeune qui a des habitudes d&#039;\u00e9coute diff\u00e9rentes.\" \/>\n<meta name=\"robots\" content=\"index, follow, max-snippet:-1, max-image-preview:large, max-video-preview:-1\" \/>\n<link rel=\"canonical\" href=\"https:\/\/www.lawebradio.com\/news\/quel-est-lavenir-de-la-radio-en-2023\/\" \/>\n<meta property=\"og:locale\" content=\"fr_FR\" \/>\n<meta property=\"og:type\" content=\"article\" \/>\n<meta property=\"og:title\" content=\"Quel est l&#039;avenir de la radio hertzienne en 2023 ? - Lawebradio.com - Actualit\u00e9s des radios digitales\" \/>\n<meta property=\"og:description\" content=\"La radio doit lutter contre l&#039;\u00e9rosion de son audience vieillissante et doit attirer un public jeune qui a des habitudes d&#039;\u00e9coute diff\u00e9rentes.\" \/>\n<meta property=\"og:url\" content=\"https:\/\/www.lawebradio.com\/news\/quel-est-lavenir-de-la-radio-en-2023\/\" \/>\n<meta property=\"og:site_name\" content=\"Lawebradio.com - Actualit\u00e9s des radios digitales\" \/>\n<meta property=\"article:published_time\" content=\"2023-04-13T16:00:05+00:00\" \/>\n<meta property=\"article:modified_time\" content=\"2025-05-14T07:57:45+00:00\" \/>\n<meta property=\"og:image\" content=\"https:\/\/www.lawebradio.com\/news\/wp-content\/uploads\/2023\/04\/ima042023-24.jpg\" \/>\n\t<meta property=\"og:image:width\" content=\"725\" \/>\n\t<meta property=\"og:image:height\" content=\"350\" \/>\n\t<meta property=\"og:image:type\" content=\"image\/jpeg\" \/>\n<meta name=\"author\" content=\"Thomas Renaud\" \/>\n<meta name=\"twitter:label1\" content=\"\u00c9crit par\" \/>\n\t<meta name=\"twitter:data1\" content=\"Thomas Renaud\" \/>\n\t<meta name=\"twitter:label2\" content=\"Dur\u00e9e de lecture estim\u00e9e\" \/>\n\t<meta name=\"twitter:data2\" content=\"2 minutes\" \/>\n<script type=\"application\/ld+json\" class=\"yoast-schema-graph\">{\"@context\":\"https:\\\/\\\/schema.org\",\"@graph\":[{\"@type\":\"Article\",\"@id\":\"https:\\\/\\\/www.lawebradio.com\\\/news\\\/quel-est-lavenir-de-la-radio-en-2023\\\/#article\",\"isPartOf\":{\"@id\":\"https:\\\/\\\/www.lawebradio.com\\\/news\\\/quel-est-lavenir-de-la-radio-en-2023\\\/\"},\"author\":{\"name\":\"Thomas Renaud\",\"@id\":\"https:\\\/\\\/www.lawebradio.com\\\/news\\\/#\\\/schema\\\/person\\\/bc69f5fc3cfaf8f01edc3db43f10f1b6\"},\"headline\":\"Quel est l&rsquo;avenir de la radio hertzienne en 2023 ?\",\"datePublished\":\"2023-04-13T16:00:05+00:00\",\"dateModified\":\"2025-05-14T07:57:45+00:00\",\"mainEntityOfPage\":{\"@id\":\"https:\\\/\\\/www.lawebradio.com\\\/news\\\/quel-est-lavenir-de-la-radio-en-2023\\\/\"},\"wordCount\":424,\"publisher\":{\"@id\":\"https:\\\/\\\/www.lawebradio.com\\\/news\\\/#organization\"},\"image\":{\"@id\":\"https:\\\/\\\/www.lawebradio.com\\\/news\\\/quel-est-lavenir-de-la-radio-en-2023\\\/#primaryimage\"},\"thumbnailUrl\":\"https:\\\/\\\/www.lawebradio.com\\\/news\\\/wp-content\\\/uploads\\\/2023\\\/04\\\/ima042023-24.jpg\",\"articleSection\":[\"Revue de Presse\"],\"inLanguage\":\"fr-FR\"},{\"@type\":\"WebPage\",\"@id\":\"https:\\\/\\\/www.lawebradio.com\\\/news\\\/quel-est-lavenir-de-la-radio-en-2023\\\/\",\"url\":\"https:\\\/\\\/www.lawebradio.com\\\/news\\\/quel-est-lavenir-de-la-radio-en-2023\\\/\",\"name\":\"Quel est l'avenir de la radio hertzienne en 2023 ? - Lawebradio.com - Actualit\u00e9s des radios digitales\",\"isPartOf\":{\"@id\":\"https:\\\/\\\/www.lawebradio.com\\\/news\\\/#website\"},\"primaryImageOfPage\":{\"@id\":\"https:\\\/\\\/www.lawebradio.com\\\/news\\\/quel-est-lavenir-de-la-radio-en-2023\\\/#primaryimage\"},\"image\":{\"@id\":\"https:\\\/\\\/www.lawebradio.com\\\/news\\\/quel-est-lavenir-de-la-radio-en-2023\\\/#primaryimage\"},\"thumbnailUrl\":\"https:\\\/\\\/www.lawebradio.com\\\/news\\\/wp-content\\\/uploads\\\/2023\\\/04\\\/ima042023-24.jpg\",\"datePublished\":\"2023-04-13T16:00:05+00:00\",\"dateModified\":\"2025-05-14T07:57:45+00:00\",\"description\":\"La radio doit lutter contre l'\u00e9rosion de son audience vieillissante et doit attirer un public jeune qui a des habitudes d'\u00e9coute diff\u00e9rentes.\",\"inLanguage\":\"fr-FR\",\"potentialAction\":[{\"@type\":\"ReadAction\",\"target\":[\"https:\\\/\\\/www.lawebradio.com\\\/news\\\/quel-est-lavenir-de-la-radio-en-2023\\\/\"]}]},{\"@type\":\"ImageObject\",\"inLanguage\":\"fr-FR\",\"@id\":\"https:\\\/\\\/www.lawebradio.com\\\/news\\\/quel-est-lavenir-de-la-radio-en-2023\\\/#primaryimage\",\"url\":\"https:\\\/\\\/www.lawebradio.com\\\/news\\\/wp-content\\\/uploads\\\/2023\\\/04\\\/ima042023-24.jpg\",\"contentUrl\":\"https:\\\/\\\/www.lawebradio.com\\\/news\\\/wp-content\\\/uploads\\\/2023\\\/04\\\/ima042023-24.jpg\",\"width\":725,\"height\":350},{\"@type\":\"WebSite\",\"@id\":\"https:\\\/\\\/www.lawebradio.com\\\/news\\\/#website\",\"url\":\"https:\\\/\\\/www.lawebradio.com\\\/news\\\/\",\"name\":\"Lawebradio.com - Actualit\u00e9s des radios digitales\",\"description\":\"\",\"publisher\":{\"@id\":\"https:\\\/\\\/www.lawebradio.com\\\/news\\\/#organization\"},\"potentialAction\":[{\"@type\":\"SearchAction\",\"target\":{\"@type\":\"EntryPoint\",\"urlTemplate\":\"https:\\\/\\\/www.lawebradio.com\\\/news\\\/?s={search_term_string}\"},\"query-input\":{\"@type\":\"PropertyValueSpecification\",\"valueRequired\":true,\"valueName\":\"search_term_string\"}}],\"inLanguage\":\"fr-FR\"},{\"@type\":\"Organization\",\"@id\":\"https:\\\/\\\/www.lawebradio.com\\\/news\\\/#organization\",\"name\":\"Lawebradio.com - Actualit\u00e9s des radios digitales\",\"url\":\"https:\\\/\\\/www.lawebradio.com\\\/news\\\/\",\"logo\":{\"@type\":\"ImageObject\",\"inLanguage\":\"fr-FR\",\"@id\":\"https:\\\/\\\/www.lawebradio.com\\\/news\\\/#\\\/schema\\\/logo\\\/image\\\/\",\"url\":\"https:\\\/\\\/www.lawebradio.com\\\/news\\\/wp-content\\\/uploads\\\/2020\\\/10\\\/logo2020.png\",\"contentUrl\":\"https:\\\/\\\/www.lawebradio.com\\\/news\\\/wp-content\\\/uploads\\\/2020\\\/10\\\/logo2020.png\",\"width\":254,\"height\":43,\"caption\":\"Lawebradio.com - Actualit\u00e9s des radios digitales\"},\"image\":{\"@id\":\"https:\\\/\\\/www.lawebradio.com\\\/news\\\/#\\\/schema\\\/logo\\\/image\\\/\"}},{\"@type\":\"Person\",\"@id\":\"https:\\\/\\\/www.lawebradio.com\\\/news\\\/#\\\/schema\\\/person\\\/bc69f5fc3cfaf8f01edc3db43f10f1b6\",\"name\":\"Thomas Renaud\",\"image\":{\"@type\":\"ImageObject\",\"inLanguage\":\"fr-FR\",\"@id\":\"https:\\\/\\\/secure.gravatar.com\\\/avatar\\\/24b834e6dacf15dee888f8bbef435cf6307a4b8b6f23d7a4e7b42d8838eb1595?s=96&d=mm&r=g\",\"url\":\"https:\\\/\\\/secure.gravatar.com\\\/avatar\\\/24b834e6dacf15dee888f8bbef435cf6307a4b8b6f23d7a4e7b42d8838eb1595?s=96&d=mm&r=g\",\"contentUrl\":\"https:\\\/\\\/secure.gravatar.com\\\/avatar\\\/24b834e6dacf15dee888f8bbef435cf6307a4b8b6f23d7a4e7b42d8838eb1595?s=96&d=mm&r=g\",\"caption\":\"Thomas Renaud\"},\"url\":\"https:\\\/\\\/www.lawebradio.com\\\/news\\\/author\\\/fg2-newschef\\\/\"}]}<\/script>\n<!-- \/ Yoast SEO plugin. -->","yoast_head_json":{"title":"Quel est l'avenir de la radio hertzienne en 2023 ? - Lawebradio.com - Actualit\u00e9s des radios digitales","description":"La radio doit lutter contre l'\u00e9rosion de son audience vieillissante et doit attirer un public jeune qui a des habitudes d'\u00e9coute diff\u00e9rentes.","robots":{"index":"index","follow":"follow","max-snippet":"max-snippet:-1","max-image-preview":"max-image-preview:large","max-video-preview":"max-video-preview:-1"},"canonical":"https:\/\/www.lawebradio.com\/news\/quel-est-lavenir-de-la-radio-en-2023\/","og_locale":"fr_FR","og_type":"article","og_title":"Quel est l'avenir de la radio hertzienne en 2023 ? - Lawebradio.com - Actualit\u00e9s des radios digitales","og_description":"La radio doit lutter contre l'\u00e9rosion de son audience vieillissante et doit attirer un public jeune qui a des habitudes d'\u00e9coute diff\u00e9rentes.","og_url":"https:\/\/www.lawebradio.com\/news\/quel-est-lavenir-de-la-radio-en-2023\/","og_site_name":"Lawebradio.com - Actualit\u00e9s des radios digitales","article_published_time":"2023-04-13T16:00:05+00:00","article_modified_time":"2025-05-14T07:57:45+00:00","og_image":[{"width":725,"height":350,"url":"https:\/\/www.lawebradio.com\/news\/wp-content\/uploads\/2023\/04\/ima042023-24.jpg","type":"image\/jpeg"}],"author":"Thomas Renaud","twitter_misc":{"\u00c9crit par":"Thomas Renaud","Dur\u00e9e de lecture estim\u00e9e":"2 minutes"},"schema":{"@context":"https:\/\/schema.org","@graph":[{"@type":"Article","@id":"https:\/\/www.lawebradio.com\/news\/quel-est-lavenir-de-la-radio-en-2023\/#article","isPartOf":{"@id":"https:\/\/www.lawebradio.com\/news\/quel-est-lavenir-de-la-radio-en-2023\/"},"author":{"name":"Thomas Renaud","@id":"https:\/\/www.lawebradio.com\/news\/#\/schema\/person\/bc69f5fc3cfaf8f01edc3db43f10f1b6"},"headline":"Quel est l&rsquo;avenir de la radio hertzienne en 2023 ?","datePublished":"2023-04-13T16:00:05+00:00","dateModified":"2025-05-14T07:57:45+00:00","mainEntityOfPage":{"@id":"https:\/\/www.lawebradio.com\/news\/quel-est-lavenir-de-la-radio-en-2023\/"},"wordCount":424,"publisher":{"@id":"https:\/\/www.lawebradio.com\/news\/#organization"},"image":{"@id":"https:\/\/www.lawebradio.com\/news\/quel-est-lavenir-de-la-radio-en-2023\/#primaryimage"},"thumbnailUrl":"https:\/\/www.lawebradio.com\/news\/wp-content\/uploads\/2023\/04\/ima042023-24.jpg","articleSection":["Revue de Presse"],"inLanguage":"fr-FR"},{"@type":"WebPage","@id":"https:\/\/www.lawebradio.com\/news\/quel-est-lavenir-de-la-radio-en-2023\/","url":"https:\/\/www.lawebradio.com\/news\/quel-est-lavenir-de-la-radio-en-2023\/","name":"Quel est l'avenir de la radio hertzienne en 2023 ? - Lawebradio.com - Actualit\u00e9s des radios digitales","isPartOf":{"@id":"https:\/\/www.lawebradio.com\/news\/#website"},"primaryImageOfPage":{"@id":"https:\/\/www.lawebradio.com\/news\/quel-est-lavenir-de-la-radio-en-2023\/#primaryimage"},"image":{"@id":"https:\/\/www.lawebradio.com\/news\/quel-est-lavenir-de-la-radio-en-2023\/#primaryimage"},"thumbnailUrl":"https:\/\/www.lawebradio.com\/news\/wp-content\/uploads\/2023\/04\/ima042023-24.jpg","datePublished":"2023-04-13T16:00:05+00:00","dateModified":"2025-05-14T07:57:45+00:00","description":"La radio doit lutter contre l'\u00e9rosion de son audience vieillissante et doit attirer un public jeune qui a des habitudes d'\u00e9coute diff\u00e9rentes.","inLanguage":"fr-FR","potentialAction":[{"@type":"ReadAction","target":["https:\/\/www.lawebradio.com\/news\/quel-est-lavenir-de-la-radio-en-2023\/"]}]},{"@type":"ImageObject","inLanguage":"fr-FR","@id":"https:\/\/www.lawebradio.com\/news\/quel-est-lavenir-de-la-radio-en-2023\/#primaryimage","url":"https:\/\/www.lawebradio.com\/news\/wp-content\/uploads\/2023\/04\/ima042023-24.jpg","contentUrl":"https:\/\/www.lawebradio.com\/news\/wp-content\/uploads\/2023\/04\/ima042023-24.jpg","width":725,"height":350},{"@type":"WebSite","@id":"https:\/\/www.lawebradio.com\/news\/#website","url":"https:\/\/www.lawebradio.com\/news\/","name":"Lawebradio.com - Actualit\u00e9s des radios digitales","description":"","publisher":{"@id":"https:\/\/www.lawebradio.com\/news\/#organization"},"potentialAction":[{"@type":"SearchAction","target":{"@type":"EntryPoint","urlTemplate":"https:\/\/www.lawebradio.com\/news\/?s={search_term_string}"},"query-input":{"@type":"PropertyValueSpecification","valueRequired":true,"valueName":"search_term_string"}}],"inLanguage":"fr-FR"},{"@type":"Organization","@id":"https:\/\/www.lawebradio.com\/news\/#organization","name":"Lawebradio.com - Actualit\u00e9s des radios digitales","url":"https:\/\/www.lawebradio.com\/news\/","logo":{"@type":"ImageObject","inLanguage":"fr-FR","@id":"https:\/\/www.lawebradio.com\/news\/#\/schema\/logo\/image\/","url":"https:\/\/www.lawebradio.com\/news\/wp-content\/uploads\/2020\/10\/logo2020.png","contentUrl":"https:\/\/www.lawebradio.com\/news\/wp-content\/uploads\/2020\/10\/logo2020.png","width":254,"height":43,"caption":"Lawebradio.com - Actualit\u00e9s des radios digitales"},"image":{"@id":"https:\/\/www.lawebradio.com\/news\/#\/schema\/logo\/image\/"}},{"@type":"Person","@id":"https:\/\/www.lawebradio.com\/news\/#\/schema\/person\/bc69f5fc3cfaf8f01edc3db43f10f1b6","name":"Thomas Renaud","image":{"@type":"ImageObject","inLanguage":"fr-FR","@id":"https:\/\/secure.gravatar.com\/avatar\/24b834e6dacf15dee888f8bbef435cf6307a4b8b6f23d7a4e7b42d8838eb1595?s=96&d=mm&r=g","url":"https:\/\/secure.gravatar.com\/avatar\/24b834e6dacf15dee888f8bbef435cf6307a4b8b6f23d7a4e7b42d8838eb1595?s=96&d=mm&r=g","contentUrl":"https:\/\/secure.gravatar.com\/avatar\/24b834e6dacf15dee888f8bbef435cf6307a4b8b6f23d7a4e7b42d8838eb1595?s=96&d=mm&r=g","caption":"Thomas Renaud"},"url":"https:\/\/www.lawebradio.com\/news\/author\/fg2-newschef\/"}]}},"_links":{"self":[{"href":"https:\/\/www.lawebradio.com\/news\/wp-json\/wp\/v2\/posts\/7628","targetHints":{"allow":["GET"]}}],"collection":[{"href":"https:\/\/www.lawebradio.com\/news\/wp-json\/wp\/v2\/posts"}],"about":[{"href":"https:\/\/www.lawebradio.com\/news\/wp-json\/wp\/v2\/types\/post"}],"author":[{"embeddable":true,"href":"https:\/\/www.lawebradio.com\/news\/wp-json\/wp\/v2\/users\/2"}],"replies":[{"embeddable":true,"href":"https:\/\/www.lawebradio.com\/news\/wp-json\/wp\/v2\/comments?post=7628"}],"version-history":[{"count":15,"href":"https:\/\/www.lawebradio.com\/news\/wp-json\/wp\/v2\/posts\/7628\/revisions"}],"predecessor-version":[{"id":7660,"href":"https:\/\/www.lawebradio.com\/news\/wp-json\/wp\/v2\/posts\/7628\/revisions\/7660"}],"wp:featuredmedia":[{"embeddable":true,"href":"https:\/\/www.lawebradio.com\/news\/wp-json\/wp\/v2\/media\/7631"}],"wp:attachment":[{"href":"https:\/\/www.lawebradio.com\/news\/wp-json\/wp\/v2\/media?parent=7628"}],"wp:term":[{"taxonomy":"category","embeddable":true,"href":"https:\/\/www.lawebradio.com\/news\/wp-json\/wp\/v2\/categories?post=7628"},{"taxonomy":"post_tag","embeddable":true,"href":"https:\/\/www.lawebradio.com\/news\/wp-json\/wp\/v2\/tags?post=7628"}],"curies":[{"name":"wp","href":"https:\/\/api.w.org\/{rel}","templated":true}]}}