{"id":7600,"date":"2023-04-12T09:39:08","date_gmt":"2023-04-12T08:39:08","guid":{"rendered":"https:\/\/www.lawebradio.com\/news\/?p=7600"},"modified":"2025-05-14T08:57:45","modified_gmt":"2025-05-14T07:57:45","slug":"futuri-revolutionne-lindustrie-audio-avec-le-lancement-de-radiogpt","status":"publish","type":"post","link":"https:\/\/www.lawebradio.com\/news\/futuri-revolutionne-lindustrie-audio-avec-le-lancement-de-radiogpt\/","title":{"rendered":"Futuri r\u00e9volutionne l&rsquo;industrie audio avec le lancement de RadioGPT&#x2122;"},"content":{"rendered":"<p>[et_pb_section fb_built=\u00a0\u00bb1&Prime; _builder_version=\u00a0\u00bb4.6.5&Prime; _module_preset=\u00a0\u00bbdefault\u00a0\u00bb][et_pb_row _builder_version=\u00a0\u00bb4.6.5&Prime; _module_preset=\u00a0\u00bbdefault\u00a0\u00bb][et_pb_column type=\u00a0\u00bb4_4&Prime; _builder_version=\u00a0\u00bb4.6.5&Prime; _module_preset=\u00a0\u00bbdefault\u00a0\u00bb][et_pb_text _builder_version=\u00a0\u00bb4.8.0&Prime; _module_preset=\u00a0\u00bbdefault\u00a0\u00bb]<\/p>\n<p><strong>Cette entreprise technologique bas\u00e9e \u00e0 Cleveland a lanc\u00e9 RadioGPT&#x2122; , premier contenu radio localis\u00e9 au monde aliment\u00e9 par l&rsquo;intelligence artificielle.<\/strong><\/p>\n<p>RadioGPT&#x2122; utilise la technologie de traitement du langage naturel de pointe de l&rsquo;IA pour produire du contenu radio qui peut \u00eatre facilement personnalis\u00e9 et adapt\u00e9 \u00e0 diff\u00e9rents march\u00e9s locaux. Cette technologie utilise l&rsquo;apprentissage automatique pour cr\u00e9er du contenu radio localis\u00e9 en temps r\u00e9el, en fonction de la localisation g\u00e9ographique des auditeurs, de leurs pr\u00e9f\u00e9rences d&rsquo;\u00e9coute et des donn\u00e9es d\u00e9mographiques. Cela permet aux stations de radio d&rsquo;offrir un contenu plus pertinent et plus cibl\u00e9 \u00e0 leur public, en se basant sur des informations telles que l&rsquo;actualit\u00e9, la m\u00e9t\u00e9o et les \u00e9v\u00e9nements locaux.<\/p>\n<p>RadioGPT&#x2122; combine la puissance de la technologie GPT-3 avec la technologie TopicPulse (voir ci-dessous), qui analyse Facebook, Twitter, Instagram et plus de 250 000 autres sources d&rsquo;actualit\u00e9s et d&rsquo;informations, pour identifier les sujets \u00e0 la mode sur un march\u00e9 local. Ensuite, \u00e0 l&rsquo;aide de la technologie GPT-3, RadioGPT&#x2122; cr\u00e9e un script pour une utilisation \u00e0 l&rsquo;antenne, et les voix de l&rsquo;IA transforment ce script en un son convaincant.<\/p>\n<p>Futuri a d\u00e9velopp\u00e9 cette technologie pour aider les stations de radio \u00e0 rester comp\u00e9titives et \u00e0 r\u00e9pondre aux demandes des auditeurs en mati\u00e8re de personnalisation et de pertinence. En fin de compte, RadioGPT&#x2122; permet aux stations de radio de mieux servir leur public en offrant un contenu radio plus localis\u00e9 et plus engageant.<\/p>\n<p>\u2022 Ecoutez un exemple de RadioGPT&#x2122; : <a href=\"https:\/\/listen.streamon.fm\/radiogpt\" target=\"_blank\" rel=\"noopener\">https:\/\/listen.streamon.fm\/radiogpt<\/a><\/p>\n<p>[\/et_pb_text][et_pb_text _builder_version=\u00a0\u00bb4.8.0&Prime; _module_preset=\u00a0\u00bbdefault\u00a0\u00bb hover_enabled=\u00a0\u00bb0&Prime; sticky_enabled=\u00a0\u00bb0&Prime;]<\/p>\n<p><strong>A propos de TopicPulse<\/strong><\/p>\n<p>Cette plateforme utilise l&rsquo;intelligence artificielle pour surveiller en temps r\u00e9el les tendances et les discussions sur les r\u00e9seaux sociaux, les sites d&rsquo;actualit\u00e9s, les blogs et autres sources en ligne pour aider les professionnels des m\u00e9dias \u00e0 d\u00e9couvrir et \u00e0 couvrir les histoires les plus pertinentes pour leur audience.<\/p>\n<p>La plateforme TopicPulse utilise une combinaison de technologies de traitement automatique du langage naturel (NLP) et de machine learning pour analyser les conversations en ligne et identifier les sujets qui suscitent le plus d&rsquo;engagement et d&rsquo;attention aupr\u00e8s du public. Les utilisateurs de TopicPulse peuvent \u00e9galement surveiller l&rsquo;activit\u00e9 en ligne de leurs concurrents et obtenir des informations sur les pr\u00e9f\u00e9rences et les comportements des consommateurs en mati\u00e8re de m\u00e9dias.<\/p>\n<p>Gr\u00e2ce \u00e0 TopicPulse, les professionnels des m\u00e9dias peuvent prendre des d\u00e9cisions plus \u00e9clair\u00e9es sur les sujets \u00e0 couvrir, les angles \u00e0 prendre et les strat\u00e9gies \u00e0 adopter pour engager leur audience et accro\u00eetre leur influence. La plateforme est utilis\u00e9e par des stations de radio, des cha\u00eenes de t\u00e9l\u00e9vision, des sites d&rsquo;actualit\u00e9s et d&rsquo;autres organisations m\u00e9diatiques dans le monde entier pour am\u00e9liorer leur couverture m\u00e9diatique et leur engagement avec leur public.<\/p>\n<p>\u2022 <a href=\"https:\/\/futurimedia.com\/futuri-launches-radiogpt\/\" target=\"_blank\" rel=\"noopener\">En savoir plus sur FUTURI<\/a> &gt;&gt;<\/p>\n<p>[\/et_pb_text][et_pb_image src=\u00a0\u00bbhttps:\/\/www.lawebradio.com\/news\/wp-content\/uploads\/2023\/04\/ima042023-21.jpg\u00a0\u00bb _builder_version=\u00a0\u00bb4.8.0&Prime; _module_preset=\u00a0\u00bbdefault\u00a0\u00bb][\/et_pb_image][\/et_pb_column][\/et_pb_row][\/et_pb_section]<\/p>\n","protected":false},"excerpt":{"rendered":"<p>[et_pb_section fb_built=\u00a0\u00bb1&Prime; _builder_version=\u00a0\u00bb4.6.5&Prime; _module_preset=\u00a0\u00bbdefault\u00a0\u00bb][et_pb_row _builder_version=\u00a0\u00bb4.6.5&Prime; _module_preset=\u00a0\u00bbdefault\u00a0\u00bb][et_pb_column type=\u00a0\u00bb4_4&Prime; _builder_version=\u00a0\u00bb4.6.5&Prime; _module_preset=\u00a0\u00bbdefault\u00a0\u00bb][et_pb_text _builder_version=\u00a0\u00bb4.8.0&Prime; _module_preset=\u00a0\u00bbdefault\u00a0\u00bb] Cette entreprise technologique bas\u00e9e \u00e0 Cleveland a lanc\u00e9 RadioGPT&#x2122; , premier contenu radio localis\u00e9 au monde aliment\u00e9 par l&rsquo;intelligence artificielle. RadioGPT&#x2122; utilise la technologie de traitement du langage naturel de pointe de l&rsquo;IA pour produire du contenu radio qui peut \u00eatre facilement personnalis\u00e9 et [&hellip;]<\/p>\n","protected":false},"author":2,"featured_media":7604,"comment_status":"closed","ping_status":"closed","sticky":false,"template":"","format":"standard","meta":{"_et_pb_use_builder":"on","_et_pb_old_content":"","_et_gb_content_width":"","footnotes":""},"categories":[12],"tags":[],"class_list":["post-7600","post","type-post","status-publish","format-standard","has-post-thumbnail","hentry","category-revue","et-has-post-format-content","et_post_format-et-post-format-standard"],"yoast_head":"<!-- This site is optimized with the Yoast SEO plugin v27.5 - https:\/\/yoast.com\/product\/yoast-seo-wordpress\/ -->\n<title>Futuri r\u00e9volutionne l&#039;industrie audio avec le lancement de RadioGPT&#x2122; - Lawebradio.com - Actualit\u00e9s des radios digitales<\/title>\n<meta name=\"description\" content=\"Cette entreprise bas\u00e9e \u00e0 Cleveland a lanc\u00e9 RadioGPT, premier contenu radio localis\u00e9 au monde aliment\u00e9 par l&#039;intelligence artificielle.\" \/>\n<meta name=\"robots\" content=\"index, follow, max-snippet:-1, max-image-preview:large, max-video-preview:-1\" \/>\n<link rel=\"canonical\" href=\"https:\/\/www.lawebradio.com\/news\/futuri-revolutionne-lindustrie-audio-avec-le-lancement-de-radiogpt\/\" \/>\n<meta property=\"og:locale\" content=\"fr_FR\" \/>\n<meta property=\"og:type\" content=\"article\" \/>\n<meta property=\"og:title\" content=\"Futuri r\u00e9volutionne l&#039;industrie audio avec le lancement de RadioGPT&#x2122; - Lawebradio.com - Actualit\u00e9s des radios digitales\" \/>\n<meta property=\"og:description\" content=\"Cette entreprise bas\u00e9e \u00e0 Cleveland a lanc\u00e9 RadioGPT, premier contenu radio localis\u00e9 au monde aliment\u00e9 par l&#039;intelligence artificielle.\" \/>\n<meta property=\"og:url\" content=\"https:\/\/www.lawebradio.com\/news\/futuri-revolutionne-lindustrie-audio-avec-le-lancement-de-radiogpt\/\" \/>\n<meta property=\"og:site_name\" content=\"Lawebradio.com - Actualit\u00e9s des radios digitales\" \/>\n<meta property=\"article:published_time\" content=\"2023-04-12T08:39:08+00:00\" \/>\n<meta property=\"article:modified_time\" content=\"2025-05-14T07:57:45+00:00\" \/>\n<meta property=\"og:image\" content=\"https:\/\/www.lawebradio.com\/news\/wp-content\/uploads\/2023\/04\/ima042023-22.jpg\" \/>\n\t<meta property=\"og:image:width\" content=\"725\" \/>\n\t<meta property=\"og:image:height\" content=\"350\" \/>\n\t<meta property=\"og:image:type\" content=\"image\/jpeg\" \/>\n<meta name=\"author\" content=\"Thomas Renaud\" \/>\n<meta name=\"twitter:label1\" content=\"\u00c9crit par\" \/>\n\t<meta name=\"twitter:data1\" content=\"Thomas Renaud\" \/>\n\t<meta name=\"twitter:label2\" content=\"Dur\u00e9e de lecture estim\u00e9e\" \/>\n\t<meta name=\"twitter:data2\" content=\"3 minutes\" \/>\n<script type=\"application\/ld+json\" class=\"yoast-schema-graph\">{\"@context\":\"https:\\\/\\\/schema.org\",\"@graph\":[{\"@type\":\"Article\",\"@id\":\"https:\\\/\\\/www.lawebradio.com\\\/news\\\/futuri-revolutionne-lindustrie-audio-avec-le-lancement-de-radiogpt\\\/#article\",\"isPartOf\":{\"@id\":\"https:\\\/\\\/www.lawebradio.com\\\/news\\\/futuri-revolutionne-lindustrie-audio-avec-le-lancement-de-radiogpt\\\/\"},\"author\":{\"name\":\"Thomas Renaud\",\"@id\":\"https:\\\/\\\/www.lawebradio.com\\\/news\\\/#\\\/schema\\\/person\\\/bc69f5fc3cfaf8f01edc3db43f10f1b6\"},\"headline\":\"Futuri r\u00e9volutionne l&rsquo;industrie audio avec le lancement de RadioGPT&#x2122;\",\"datePublished\":\"2023-04-12T08:39:08+00:00\",\"dateModified\":\"2025-05-14T07:57:45+00:00\",\"mainEntityOfPage\":{\"@id\":\"https:\\\/\\\/www.lawebradio.com\\\/news\\\/futuri-revolutionne-lindustrie-audio-avec-le-lancement-de-radiogpt\\\/\"},\"wordCount\":585,\"publisher\":{\"@id\":\"https:\\\/\\\/www.lawebradio.com\\\/news\\\/#organization\"},\"image\":{\"@id\":\"https:\\\/\\\/www.lawebradio.com\\\/news\\\/futuri-revolutionne-lindustrie-audio-avec-le-lancement-de-radiogpt\\\/#primaryimage\"},\"thumbnailUrl\":\"https:\\\/\\\/www.lawebradio.com\\\/news\\\/wp-content\\\/uploads\\\/2023\\\/04\\\/ima042023-22.jpg\",\"articleSection\":[\"Revue de Presse\"],\"inLanguage\":\"fr-FR\"},{\"@type\":\"WebPage\",\"@id\":\"https:\\\/\\\/www.lawebradio.com\\\/news\\\/futuri-revolutionne-lindustrie-audio-avec-le-lancement-de-radiogpt\\\/\",\"url\":\"https:\\\/\\\/www.lawebradio.com\\\/news\\\/futuri-revolutionne-lindustrie-audio-avec-le-lancement-de-radiogpt\\\/\",\"name\":\"Futuri r\u00e9volutionne l'industrie audio avec le lancement de RadioGPT&#x2122; - Lawebradio.com - Actualit\u00e9s des radios digitales\",\"isPartOf\":{\"@id\":\"https:\\\/\\\/www.lawebradio.com\\\/news\\\/#website\"},\"primaryImageOfPage\":{\"@id\":\"https:\\\/\\\/www.lawebradio.com\\\/news\\\/futuri-revolutionne-lindustrie-audio-avec-le-lancement-de-radiogpt\\\/#primaryimage\"},\"image\":{\"@id\":\"https:\\\/\\\/www.lawebradio.com\\\/news\\\/futuri-revolutionne-lindustrie-audio-avec-le-lancement-de-radiogpt\\\/#primaryimage\"},\"thumbnailUrl\":\"https:\\\/\\\/www.lawebradio.com\\\/news\\\/wp-content\\\/uploads\\\/2023\\\/04\\\/ima042023-22.jpg\",\"datePublished\":\"2023-04-12T08:39:08+00:00\",\"dateModified\":\"2025-05-14T07:57:45+00:00\",\"description\":\"Cette entreprise bas\u00e9e \u00e0 Cleveland a lanc\u00e9 RadioGPT, premier contenu radio localis\u00e9 au monde aliment\u00e9 par l'intelligence artificielle.\",\"inLanguage\":\"fr-FR\",\"potentialAction\":[{\"@type\":\"ReadAction\",\"target\":[\"https:\\\/\\\/www.lawebradio.com\\\/news\\\/futuri-revolutionne-lindustrie-audio-avec-le-lancement-de-radiogpt\\\/\"]}]},{\"@type\":\"ImageObject\",\"inLanguage\":\"fr-FR\",\"@id\":\"https:\\\/\\\/www.lawebradio.com\\\/news\\\/futuri-revolutionne-lindustrie-audio-avec-le-lancement-de-radiogpt\\\/#primaryimage\",\"url\":\"https:\\\/\\\/www.lawebradio.com\\\/news\\\/wp-content\\\/uploads\\\/2023\\\/04\\\/ima042023-22.jpg\",\"contentUrl\":\"https:\\\/\\\/www.lawebradio.com\\\/news\\\/wp-content\\\/uploads\\\/2023\\\/04\\\/ima042023-22.jpg\",\"width\":725,\"height\":350},{\"@type\":\"WebSite\",\"@id\":\"https:\\\/\\\/www.lawebradio.com\\\/news\\\/#website\",\"url\":\"https:\\\/\\\/www.lawebradio.com\\\/news\\\/\",\"name\":\"Lawebradio.com - Actualit\u00e9s des radios digitales\",\"description\":\"\",\"publisher\":{\"@id\":\"https:\\\/\\\/www.lawebradio.com\\\/news\\\/#organization\"},\"potentialAction\":[{\"@type\":\"SearchAction\",\"target\":{\"@type\":\"EntryPoint\",\"urlTemplate\":\"https:\\\/\\\/www.lawebradio.com\\\/news\\\/?s={search_term_string}\"},\"query-input\":{\"@type\":\"PropertyValueSpecification\",\"valueRequired\":true,\"valueName\":\"search_term_string\"}}],\"inLanguage\":\"fr-FR\"},{\"@type\":\"Organization\",\"@id\":\"https:\\\/\\\/www.lawebradio.com\\\/news\\\/#organization\",\"name\":\"Lawebradio.com - Actualit\u00e9s des radios digitales\",\"url\":\"https:\\\/\\\/www.lawebradio.com\\\/news\\\/\",\"logo\":{\"@type\":\"ImageObject\",\"inLanguage\":\"fr-FR\",\"@id\":\"https:\\\/\\\/www.lawebradio.com\\\/news\\\/#\\\/schema\\\/logo\\\/image\\\/\",\"url\":\"https:\\\/\\\/www.lawebradio.com\\\/news\\\/wp-content\\\/uploads\\\/2020\\\/10\\\/logo2020.png\",\"contentUrl\":\"https:\\\/\\\/www.lawebradio.com\\\/news\\\/wp-content\\\/uploads\\\/2020\\\/10\\\/logo2020.png\",\"width\":254,\"height\":43,\"caption\":\"Lawebradio.com - Actualit\u00e9s des radios digitales\"},\"image\":{\"@id\":\"https:\\\/\\\/www.lawebradio.com\\\/news\\\/#\\\/schema\\\/logo\\\/image\\\/\"}},{\"@type\":\"Person\",\"@id\":\"https:\\\/\\\/www.lawebradio.com\\\/news\\\/#\\\/schema\\\/person\\\/bc69f5fc3cfaf8f01edc3db43f10f1b6\",\"name\":\"Thomas Renaud\",\"image\":{\"@type\":\"ImageObject\",\"inLanguage\":\"fr-FR\",\"@id\":\"https:\\\/\\\/secure.gravatar.com\\\/avatar\\\/24b834e6dacf15dee888f8bbef435cf6307a4b8b6f23d7a4e7b42d8838eb1595?s=96&d=mm&r=g\",\"url\":\"https:\\\/\\\/secure.gravatar.com\\\/avatar\\\/24b834e6dacf15dee888f8bbef435cf6307a4b8b6f23d7a4e7b42d8838eb1595?s=96&d=mm&r=g\",\"contentUrl\":\"https:\\\/\\\/secure.gravatar.com\\\/avatar\\\/24b834e6dacf15dee888f8bbef435cf6307a4b8b6f23d7a4e7b42d8838eb1595?s=96&d=mm&r=g\",\"caption\":\"Thomas Renaud\"},\"url\":\"https:\\\/\\\/www.lawebradio.com\\\/news\\\/author\\\/fg2-newschef\\\/\"}]}<\/script>\n<!-- \/ Yoast SEO plugin. -->","yoast_head_json":{"title":"Futuri r\u00e9volutionne l'industrie audio avec le lancement de RadioGPT&#x2122; - Lawebradio.com - Actualit\u00e9s des radios digitales","description":"Cette entreprise bas\u00e9e \u00e0 Cleveland a lanc\u00e9 RadioGPT, premier contenu radio localis\u00e9 au monde aliment\u00e9 par l'intelligence artificielle.","robots":{"index":"index","follow":"follow","max-snippet":"max-snippet:-1","max-image-preview":"max-image-preview:large","max-video-preview":"max-video-preview:-1"},"canonical":"https:\/\/www.lawebradio.com\/news\/futuri-revolutionne-lindustrie-audio-avec-le-lancement-de-radiogpt\/","og_locale":"fr_FR","og_type":"article","og_title":"Futuri r\u00e9volutionne l'industrie audio avec le lancement de RadioGPT&#x2122; - Lawebradio.com - Actualit\u00e9s des radios digitales","og_description":"Cette entreprise bas\u00e9e \u00e0 Cleveland a lanc\u00e9 RadioGPT, premier contenu radio localis\u00e9 au monde aliment\u00e9 par l'intelligence artificielle.","og_url":"https:\/\/www.lawebradio.com\/news\/futuri-revolutionne-lindustrie-audio-avec-le-lancement-de-radiogpt\/","og_site_name":"Lawebradio.com - Actualit\u00e9s des radios digitales","article_published_time":"2023-04-12T08:39:08+00:00","article_modified_time":"2025-05-14T07:57:45+00:00","og_image":[{"width":725,"height":350,"url":"https:\/\/www.lawebradio.com\/news\/wp-content\/uploads\/2023\/04\/ima042023-22.jpg","type":"image\/jpeg"}],"author":"Thomas Renaud","twitter_misc":{"\u00c9crit par":"Thomas Renaud","Dur\u00e9e de lecture estim\u00e9e":"3 minutes"},"schema":{"@context":"https:\/\/schema.org","@graph":[{"@type":"Article","@id":"https:\/\/www.lawebradio.com\/news\/futuri-revolutionne-lindustrie-audio-avec-le-lancement-de-radiogpt\/#article","isPartOf":{"@id":"https:\/\/www.lawebradio.com\/news\/futuri-revolutionne-lindustrie-audio-avec-le-lancement-de-radiogpt\/"},"author":{"name":"Thomas Renaud","@id":"https:\/\/www.lawebradio.com\/news\/#\/schema\/person\/bc69f5fc3cfaf8f01edc3db43f10f1b6"},"headline":"Futuri r\u00e9volutionne l&rsquo;industrie audio avec le lancement de RadioGPT&#x2122;","datePublished":"2023-04-12T08:39:08+00:00","dateModified":"2025-05-14T07:57:45+00:00","mainEntityOfPage":{"@id":"https:\/\/www.lawebradio.com\/news\/futuri-revolutionne-lindustrie-audio-avec-le-lancement-de-radiogpt\/"},"wordCount":585,"publisher":{"@id":"https:\/\/www.lawebradio.com\/news\/#organization"},"image":{"@id":"https:\/\/www.lawebradio.com\/news\/futuri-revolutionne-lindustrie-audio-avec-le-lancement-de-radiogpt\/#primaryimage"},"thumbnailUrl":"https:\/\/www.lawebradio.com\/news\/wp-content\/uploads\/2023\/04\/ima042023-22.jpg","articleSection":["Revue de Presse"],"inLanguage":"fr-FR"},{"@type":"WebPage","@id":"https:\/\/www.lawebradio.com\/news\/futuri-revolutionne-lindustrie-audio-avec-le-lancement-de-radiogpt\/","url":"https:\/\/www.lawebradio.com\/news\/futuri-revolutionne-lindustrie-audio-avec-le-lancement-de-radiogpt\/","name":"Futuri r\u00e9volutionne l'industrie audio avec le lancement de RadioGPT&#x2122; - Lawebradio.com - Actualit\u00e9s des radios digitales","isPartOf":{"@id":"https:\/\/www.lawebradio.com\/news\/#website"},"primaryImageOfPage":{"@id":"https:\/\/www.lawebradio.com\/news\/futuri-revolutionne-lindustrie-audio-avec-le-lancement-de-radiogpt\/#primaryimage"},"image":{"@id":"https:\/\/www.lawebradio.com\/news\/futuri-revolutionne-lindustrie-audio-avec-le-lancement-de-radiogpt\/#primaryimage"},"thumbnailUrl":"https:\/\/www.lawebradio.com\/news\/wp-content\/uploads\/2023\/04\/ima042023-22.jpg","datePublished":"2023-04-12T08:39:08+00:00","dateModified":"2025-05-14T07:57:45+00:00","description":"Cette entreprise bas\u00e9e \u00e0 Cleveland a lanc\u00e9 RadioGPT, premier contenu radio localis\u00e9 au monde aliment\u00e9 par l'intelligence artificielle.","inLanguage":"fr-FR","potentialAction":[{"@type":"ReadAction","target":["https:\/\/www.lawebradio.com\/news\/futuri-revolutionne-lindustrie-audio-avec-le-lancement-de-radiogpt\/"]}]},{"@type":"ImageObject","inLanguage":"fr-FR","@id":"https:\/\/www.lawebradio.com\/news\/futuri-revolutionne-lindustrie-audio-avec-le-lancement-de-radiogpt\/#primaryimage","url":"https:\/\/www.lawebradio.com\/news\/wp-content\/uploads\/2023\/04\/ima042023-22.jpg","contentUrl":"https:\/\/www.lawebradio.com\/news\/wp-content\/uploads\/2023\/04\/ima042023-22.jpg","width":725,"height":350},{"@type":"WebSite","@id":"https:\/\/www.lawebradio.com\/news\/#website","url":"https:\/\/www.lawebradio.com\/news\/","name":"Lawebradio.com - Actualit\u00e9s des radios digitales","description":"","publisher":{"@id":"https:\/\/www.lawebradio.com\/news\/#organization"},"potentialAction":[{"@type":"SearchAction","target":{"@type":"EntryPoint","urlTemplate":"https:\/\/www.lawebradio.com\/news\/?s={search_term_string}"},"query-input":{"@type":"PropertyValueSpecification","valueRequired":true,"valueName":"search_term_string"}}],"inLanguage":"fr-FR"},{"@type":"Organization","@id":"https:\/\/www.lawebradio.com\/news\/#organization","name":"Lawebradio.com - Actualit\u00e9s des radios digitales","url":"https:\/\/www.lawebradio.com\/news\/","logo":{"@type":"ImageObject","inLanguage":"fr-FR","@id":"https:\/\/www.lawebradio.com\/news\/#\/schema\/logo\/image\/","url":"https:\/\/www.lawebradio.com\/news\/wp-content\/uploads\/2020\/10\/logo2020.png","contentUrl":"https:\/\/www.lawebradio.com\/news\/wp-content\/uploads\/2020\/10\/logo2020.png","width":254,"height":43,"caption":"Lawebradio.com - Actualit\u00e9s des radios digitales"},"image":{"@id":"https:\/\/www.lawebradio.com\/news\/#\/schema\/logo\/image\/"}},{"@type":"Person","@id":"https:\/\/www.lawebradio.com\/news\/#\/schema\/person\/bc69f5fc3cfaf8f01edc3db43f10f1b6","name":"Thomas Renaud","image":{"@type":"ImageObject","inLanguage":"fr-FR","@id":"https:\/\/secure.gravatar.com\/avatar\/24b834e6dacf15dee888f8bbef435cf6307a4b8b6f23d7a4e7b42d8838eb1595?s=96&d=mm&r=g","url":"https:\/\/secure.gravatar.com\/avatar\/24b834e6dacf15dee888f8bbef435cf6307a4b8b6f23d7a4e7b42d8838eb1595?s=96&d=mm&r=g","contentUrl":"https:\/\/secure.gravatar.com\/avatar\/24b834e6dacf15dee888f8bbef435cf6307a4b8b6f23d7a4e7b42d8838eb1595?s=96&d=mm&r=g","caption":"Thomas Renaud"},"url":"https:\/\/www.lawebradio.com\/news\/author\/fg2-newschef\/"}]}},"_links":{"self":[{"href":"https:\/\/www.lawebradio.com\/news\/wp-json\/wp\/v2\/posts\/7600","targetHints":{"allow":["GET"]}}],"collection":[{"href":"https:\/\/www.lawebradio.com\/news\/wp-json\/wp\/v2\/posts"}],"about":[{"href":"https:\/\/www.lawebradio.com\/news\/wp-json\/wp\/v2\/types\/post"}],"author":[{"embeddable":true,"href":"https:\/\/www.lawebradio.com\/news\/wp-json\/wp\/v2\/users\/2"}],"replies":[{"embeddable":true,"href":"https:\/\/www.lawebradio.com\/news\/wp-json\/wp\/v2\/comments?post=7600"}],"version-history":[{"count":6,"href":"https:\/\/www.lawebradio.com\/news\/wp-json\/wp\/v2\/posts\/7600\/revisions"}],"predecessor-version":[{"id":7613,"href":"https:\/\/www.lawebradio.com\/news\/wp-json\/wp\/v2\/posts\/7600\/revisions\/7613"}],"wp:featuredmedia":[{"embeddable":true,"href":"https:\/\/www.lawebradio.com\/news\/wp-json\/wp\/v2\/media\/7604"}],"wp:attachment":[{"href":"https:\/\/www.lawebradio.com\/news\/wp-json\/wp\/v2\/media?parent=7600"}],"wp:term":[{"taxonomy":"category","embeddable":true,"href":"https:\/\/www.lawebradio.com\/news\/wp-json\/wp\/v2\/categories?post=7600"},{"taxonomy":"post_tag","embeddable":true,"href":"https:\/\/www.lawebradio.com\/news\/wp-json\/wp\/v2\/tags?post=7600"}],"curies":[{"name":"wp","href":"https:\/\/api.w.org\/{rel}","templated":true}]}}