{"id":7505,"date":"2023-04-05T18:08:49","date_gmt":"2023-04-05T17:08:49","guid":{"rendered":"https:\/\/www.lawebradio.com\/news\/?p=7505"},"modified":"2025-05-14T08:58:25","modified_gmt":"2025-05-14T07:58:25","slug":"pourquoi-installer-un-autoradio-connecte-dans-sa-berline","status":"publish","type":"post","link":"https:\/\/www.lawebradio.com\/news\/pourquoi-installer-un-autoradio-connecte-dans-sa-berline\/","title":{"rendered":"Pourquoi installer un autoradio connect\u00e9 dans sa berline ?"},"content":{"rendered":"<p>[et_pb_section fb_built=\u00a0\u00bb1&Prime; _builder_version=\u00a0\u00bb4.6.5&Prime; _module_preset=\u00a0\u00bbdefault\u00a0\u00bb][et_pb_row _builder_version=\u00a0\u00bb4.6.5&Prime; _module_preset=\u00a0\u00bbdefault\u00a0\u00bb][et_pb_column type=\u00a0\u00bb4_4&Prime; _builder_version=\u00a0\u00bb4.6.5&Prime; _module_preset=\u00a0\u00bbdefault\u00a0\u00bb][et_pb_text _builder_version=\u00a0\u00bb4.8.0&Prime; _module_preset=\u00a0\u00bbdefault\u00a0\u00bb hover_enabled=\u00a0\u00bb0&Prime; sticky_enabled=\u00a0\u00bb0&Prime;]<\/p>\n<p><strong>Les premiers autoradios connect\u00e9s \u00e0 Internet ont commenc\u00e9 \u00e0 \u00eatre commercialis\u00e9s vers la fin des ann\u00e9es 2000. Les mod\u00e8les les plus anciens n&rsquo;offraient qu&rsquo;une connectivit\u00e9 limit\u00e9e et des fonctionnalit\u00e9s de base, mais au fil des ann\u00e9es, les ing\u00e9nieurs ont mis au point des fonctionnalit\u00e9s plus avanc\u00e9es et une connectivit\u00e9 plus stable.<\/strong><\/p>\n<p>Voici une s\u00e9lection d&rsquo;autoradios connect\u00e9s dont les scores qualitatifs sont les plus populaires :<\/p>\n<ol>\n<li>Pioneer : Le mod\u00e8le SPH-DA230DAB est un autoradio compatible avec Apple CarPlay et Android Auto qui offre \u00e9galement la possibilit\u00e9 de se connecter \u00e0 Internet via Wi-Fi ou une carte SIM.<br \/>\u2022 <a href=\"https:\/\/www.pioneer-car.eu\/fr\/fr\/products\/sph-da230dab\" target=\"_blank\" rel=\"noopener\">Plus d&rsquo;infos &gt;&gt;<\/a><\/li>\n<li>Kenwood : Le mod\u00e8le DMX9720XDS est un autoradio multim\u00e9dia qui permet \u00e9galement de se connecter \u00e0 Internet via Wi-Fi ou une carte SIM.<br \/>\u2022 <a href=\"https:\/\/www.kenwood-electronics.fr\/car\/multimedia\/multimedia_carplay\/DMX9720XDS\/\" target=\"_blank\" rel=\"noopener\">Plus d&rsquo;infos &gt;&gt;<\/a><\/li>\n<li>Sony : Le mod\u00e8le XAV-AX8050D est un autoradio compatible avec Apple CarPlay et Android Auto qui offre \u00e9galement la possibilit\u00e9 de se connecter \u00e0 Internet via Wi-Fi ou une carte SIM.<br \/>\u2022 <a href=\"https:\/\/www.sony.fr\/electronics\/ampli-tuners-lecteurs-pour-les-systemes-embarques\/xav-ax8050d\" target=\"_blank\" rel=\"noopener\">Plus d&rsquo;infos &gt;&gt;<\/a><\/li>\n<li>Alpine : Le mod\u00e8le iLX-F903D est un autoradio multim\u00e9dia compatible avec Apple CarPlay et Android Auto qui permet \u00e9galement de se connecter \u00e0 Internet via Wi-Fi ou une carte SIM.<br \/>\u2022 <a href=\"https:\/\/www.alpine.ch\/switzerland_fr\/p\/Products\/dab3842\/ilx-f903d\" target=\"_blank\" rel=\"noopener\">Plus d&rsquo;infos &gt;&gt;<\/a><\/li>\n<\/ol>\n<p>A noter que ces mod\u00e8les sont donn\u00e9s \u00e0 titre d&rsquo;exemples et que chaque constructeur propose diff\u00e9rentes options et fonctionnalit\u00e9s. Nous vous recommandons de consulter les sites web des constructeurs pour trouver le mod\u00e8le qui convient le mieux \u00e0 vos besoins.<\/p>\n<p><img loading=\"lazy\" decoding=\"async\" class=\"wp-image-7509 alignnone size-full\" src=\"https:\/\/www.lawebradio.com\/news\/wp-content\/uploads\/2023\/04\/ima042023-12.jpg\" alt=\"\" width=\"725\" height=\"350\" srcset=\"https:\/\/www.lawebradio.com\/news\/wp-content\/uploads\/2023\/04\/ima042023-12.jpg 725w, https:\/\/www.lawebradio.com\/news\/wp-content\/uploads\/2023\/04\/ima042023-12-300x145.jpg 300w, https:\/\/www.lawebradio.com\/news\/wp-content\/uploads\/2023\/04\/ima042023-12-150x72.jpg 150w\" sizes=\"auto, (max-width: 725px) 100vw, 725px\" \/><\/p>\n<p><strong><br \/>Les autoradios connect\u00e9s \u00e0 Internet offrent plusieurs avantages&#8230;<\/strong><\/p>\n<p>Ils permettent d&rsquo;acc\u00e9der \u00e0 une vari\u00e9t\u00e9 de services en ligne tels que la musique en streaming, les radios en ligne, la m\u00e9t\u00e9o, les actualit\u00e9s, la navigation, et bien plus encore. Avec une connexion Internet, les autoradios peuvent recevoir des mises \u00e0 jour en temps r\u00e9el pour les cartes de navigation, les services en ligne, les applications et les fonctionnalit\u00e9s de l&rsquo;autoradio, ce qui peut am\u00e9liorer l&rsquo;exp\u00e9rience utilisateur. Ils peuvent offrir une meilleure qualit\u00e9 audio gr\u00e2ce \u00e0 la diffusion de musique en streaming en haute r\u00e9solution et la r\u00e9ception de stations de radio num\u00e9riques de haute qualit\u00e9. La plupart des autoradios connect\u00e9s \u00e0 Internet sont \u00e9galement compatibles avec les smartphones, ce qui permet une int\u00e9gration et une interaction transparentes entre l&rsquo;autoradio et le t\u00e9l\u00e9phone mobile. Enfin, ils offrent souvent des options de personnalisation avanc\u00e9es, telles que la possibilit\u00e9 de personnaliser l&rsquo;interface utilisateur, de cr\u00e9er des profils d&rsquo;utilisateur personnalis\u00e9s et de configurer des fonctionnalit\u00e9s et des param\u00e8tres sp\u00e9cifiques.<\/p>\n<p><strong>Bien qu&rsquo;ils offrent de nombreux avantages, les autoradios connect\u00e9s \u00e0 Internet pr\u00e9sentent \u00e9galement certains inconv\u00e9nients, tels que :<\/strong><\/p>\n<p>Ils peuvent \u00eatre plus co\u00fbteux que les autoradios traditionnels en raison de leurs fonctionnalit\u00e9s avanc\u00e9es et de leur technologie int\u00e9gr\u00e9e. Pour utiliser toutes les fonctionnalit\u00e9s de l&rsquo;autoradio connect\u00e9, il est n\u00e9cessaire d&rsquo;avoir une connexion Internet, ce qui peut repr\u00e9senter un co\u00fbt suppl\u00e9mentaire pour les utilisateurs. Ils peuvent pr\u00e9senter des risques de s\u00e9curit\u00e9, notamment des probl\u00e8mes de piratage informatique, de protection des donn\u00e9es personnelles et de confidentialit\u00e9. Ils sont plus complexes \u00e0 utiliser que les autoradios traditionnels, en raison de leurs nombreuses fonctionnalit\u00e9s et options de personnalisation avanc\u00e9es. Ils d\u00e9pendent de la qualit\u00e9 de la connexion Internet pour fonctionner correctement, ce qui peut entra\u00eener des interruptions de service ou une mauvaise qualit\u00e9 audio si la connexion est instable ou inexistante.<\/p>\n<p>Enfin, le prix peut varier entre 150 euros pour les mod\u00e8les d&rsquo;entr\u00e9e de gamme \u00e0 plus de 1 000 euros pour les mod\u00e8les haut de gamme. Ne pas oublier les co\u00fbts suppl\u00e9mentaires tels que les frais de connexion Internet ou les frais de souscription pour les services en ligne qui s&rsquo;ajoutent au co\u00fbt initial de l&rsquo;autoradio.<\/p>\n<p>[\/et_pb_text][et_pb_code _builder_version=\u00a0\u00bb4.8.0&Prime; _module_preset=\u00a0\u00bbdefault\u00a0\u00bb]<iframe loading=\"lazy\" width=\"560\" height=\"315\" src=\"https:\/\/www.youtube.com\/embed\/LDnUZm_l7X4\" title=\"YouTube video player\" frameborder=\"0\" allow=\"accelerometer; autoplay; clipboard-write; encrypted-media; gyroscope; picture-in-picture; web-share\" allowfullscreen><\/iframe>[\/et_pb_code][\/et_pb_column][\/et_pb_row][\/et_pb_section]<\/p>\n","protected":false},"excerpt":{"rendered":"<p>[et_pb_section fb_built=\u00a0\u00bb1&Prime; _builder_version=\u00a0\u00bb4.6.5&Prime; _module_preset=\u00a0\u00bbdefault\u00a0\u00bb][et_pb_row _builder_version=\u00a0\u00bb4.6.5&Prime; _module_preset=\u00a0\u00bbdefault\u00a0\u00bb][et_pb_column type=\u00a0\u00bb4_4&Prime; _builder_version=\u00a0\u00bb4.6.5&Prime; _module_preset=\u00a0\u00bbdefault\u00a0\u00bb][et_pb_text _builder_version=\u00a0\u00bb4.8.0&Prime; _module_preset=\u00a0\u00bbdefault\u00a0\u00bb hover_enabled=\u00a0\u00bb0&Prime; sticky_enabled=\u00a0\u00bb0&Prime;] Les premiers autoradios connect\u00e9s \u00e0 Internet ont commenc\u00e9 \u00e0 \u00eatre commercialis\u00e9s vers la fin des ann\u00e9es 2000. Les mod\u00e8les les plus anciens n&rsquo;offraient qu&rsquo;une connectivit\u00e9 limit\u00e9e et des fonctionnalit\u00e9s de base, mais au fil des ann\u00e9es, les ing\u00e9nieurs ont mis au point [&hellip;]<\/p>\n","protected":false},"author":2,"featured_media":7506,"comment_status":"closed","ping_status":"closed","sticky":false,"template":"","format":"standard","meta":{"_et_pb_use_builder":"on","_et_pb_old_content":"","_et_gb_content_width":"","footnotes":""},"categories":[12],"tags":[],"class_list":["post-7505","post","type-post","status-publish","format-standard","has-post-thumbnail","hentry","category-revue","et-has-post-format-content","et_post_format-et-post-format-standard"],"yoast_head":"<!-- This site is optimized with the Yoast SEO plugin v27.5 - https:\/\/yoast.com\/product\/yoast-seo-wordpress\/ -->\n<title>Pourquoi installer un autoradio connect\u00e9 dans sa berline ? - Lawebradio.com - Actualit\u00e9s des radios digitales<\/title>\n<meta name=\"description\" content=\"D\u00e9couvrez une s\u00e9lection de 4 mod\u00e8les d&#039;autoradios connect\u00e9s dont les scores qualitatifs sont les plus populaires\" \/>\n<meta name=\"robots\" content=\"index, follow, max-snippet:-1, max-image-preview:large, max-video-preview:-1\" \/>\n<link rel=\"canonical\" href=\"https:\/\/www.lawebradio.com\/news\/pourquoi-installer-un-autoradio-connecte-dans-sa-berline\/\" \/>\n<meta property=\"og:locale\" content=\"fr_FR\" \/>\n<meta property=\"og:type\" content=\"article\" \/>\n<meta property=\"og:title\" content=\"Pourquoi installer un autoradio connect\u00e9 dans sa berline ? - Lawebradio.com - Actualit\u00e9s des radios digitales\" \/>\n<meta property=\"og:description\" content=\"D\u00e9couvrez une s\u00e9lection de 4 mod\u00e8les d&#039;autoradios connect\u00e9s dont les scores qualitatifs sont les plus populaires\" \/>\n<meta property=\"og:url\" content=\"https:\/\/www.lawebradio.com\/news\/pourquoi-installer-un-autoradio-connecte-dans-sa-berline\/\" \/>\n<meta property=\"og:site_name\" content=\"Lawebradio.com - Actualit\u00e9s des radios digitales\" \/>\n<meta property=\"article:published_time\" content=\"2023-04-05T17:08:49+00:00\" \/>\n<meta property=\"article:modified_time\" content=\"2025-05-14T07:58:25+00:00\" \/>\n<meta property=\"og:image\" content=\"https:\/\/www.lawebradio.com\/news\/wp-content\/uploads\/2023\/04\/ima042023-11.jpg\" \/>\n\t<meta property=\"og:image:width\" content=\"725\" \/>\n\t<meta property=\"og:image:height\" content=\"350\" \/>\n\t<meta property=\"og:image:type\" content=\"image\/jpeg\" \/>\n<meta name=\"author\" content=\"Thomas Renaud\" \/>\n<meta name=\"twitter:label1\" content=\"\u00c9crit par\" \/>\n\t<meta name=\"twitter:data1\" content=\"Thomas Renaud\" \/>\n\t<meta name=\"twitter:label2\" content=\"Dur\u00e9e de lecture estim\u00e9e\" \/>\n\t<meta name=\"twitter:data2\" content=\"4 minutes\" \/>\n<script type=\"application\/ld+json\" class=\"yoast-schema-graph\">{\"@context\":\"https:\\\/\\\/schema.org\",\"@graph\":[{\"@type\":\"Article\",\"@id\":\"https:\\\/\\\/www.lawebradio.com\\\/news\\\/pourquoi-installer-un-autoradio-connecte-dans-sa-berline\\\/#article\",\"isPartOf\":{\"@id\":\"https:\\\/\\\/www.lawebradio.com\\\/news\\\/pourquoi-installer-un-autoradio-connecte-dans-sa-berline\\\/\"},\"author\":{\"name\":\"Thomas Renaud\",\"@id\":\"https:\\\/\\\/www.lawebradio.com\\\/news\\\/#\\\/schema\\\/person\\\/bc69f5fc3cfaf8f01edc3db43f10f1b6\"},\"headline\":\"Pourquoi installer un autoradio connect\u00e9 dans sa berline ?\",\"datePublished\":\"2023-04-05T17:08:49+00:00\",\"dateModified\":\"2025-05-14T07:58:25+00:00\",\"mainEntityOfPage\":{\"@id\":\"https:\\\/\\\/www.lawebradio.com\\\/news\\\/pourquoi-installer-un-autoradio-connecte-dans-sa-berline\\\/\"},\"wordCount\":735,\"publisher\":{\"@id\":\"https:\\\/\\\/www.lawebradio.com\\\/news\\\/#organization\"},\"image\":{\"@id\":\"https:\\\/\\\/www.lawebradio.com\\\/news\\\/pourquoi-installer-un-autoradio-connecte-dans-sa-berline\\\/#primaryimage\"},\"thumbnailUrl\":\"https:\\\/\\\/www.lawebradio.com\\\/news\\\/wp-content\\\/uploads\\\/2023\\\/04\\\/ima042023-11.jpg\",\"articleSection\":[\"Revue de Presse\"],\"inLanguage\":\"fr-FR\"},{\"@type\":\"WebPage\",\"@id\":\"https:\\\/\\\/www.lawebradio.com\\\/news\\\/pourquoi-installer-un-autoradio-connecte-dans-sa-berline\\\/\",\"url\":\"https:\\\/\\\/www.lawebradio.com\\\/news\\\/pourquoi-installer-un-autoradio-connecte-dans-sa-berline\\\/\",\"name\":\"Pourquoi installer un autoradio connect\u00e9 dans sa berline ? - Lawebradio.com - Actualit\u00e9s des radios digitales\",\"isPartOf\":{\"@id\":\"https:\\\/\\\/www.lawebradio.com\\\/news\\\/#website\"},\"primaryImageOfPage\":{\"@id\":\"https:\\\/\\\/www.lawebradio.com\\\/news\\\/pourquoi-installer-un-autoradio-connecte-dans-sa-berline\\\/#primaryimage\"},\"image\":{\"@id\":\"https:\\\/\\\/www.lawebradio.com\\\/news\\\/pourquoi-installer-un-autoradio-connecte-dans-sa-berline\\\/#primaryimage\"},\"thumbnailUrl\":\"https:\\\/\\\/www.lawebradio.com\\\/news\\\/wp-content\\\/uploads\\\/2023\\\/04\\\/ima042023-11.jpg\",\"datePublished\":\"2023-04-05T17:08:49+00:00\",\"dateModified\":\"2025-05-14T07:58:25+00:00\",\"description\":\"D\u00e9couvrez une s\u00e9lection de 4 mod\u00e8les d'autoradios connect\u00e9s dont les scores qualitatifs sont les plus populaires\",\"inLanguage\":\"fr-FR\",\"potentialAction\":[{\"@type\":\"ReadAction\",\"target\":[\"https:\\\/\\\/www.lawebradio.com\\\/news\\\/pourquoi-installer-un-autoradio-connecte-dans-sa-berline\\\/\"]}]},{\"@type\":\"ImageObject\",\"inLanguage\":\"fr-FR\",\"@id\":\"https:\\\/\\\/www.lawebradio.com\\\/news\\\/pourquoi-installer-un-autoradio-connecte-dans-sa-berline\\\/#primaryimage\",\"url\":\"https:\\\/\\\/www.lawebradio.com\\\/news\\\/wp-content\\\/uploads\\\/2023\\\/04\\\/ima042023-11.jpg\",\"contentUrl\":\"https:\\\/\\\/www.lawebradio.com\\\/news\\\/wp-content\\\/uploads\\\/2023\\\/04\\\/ima042023-11.jpg\",\"width\":725,\"height\":350},{\"@type\":\"WebSite\",\"@id\":\"https:\\\/\\\/www.lawebradio.com\\\/news\\\/#website\",\"url\":\"https:\\\/\\\/www.lawebradio.com\\\/news\\\/\",\"name\":\"Lawebradio.com - Actualit\u00e9s des radios digitales\",\"description\":\"\",\"publisher\":{\"@id\":\"https:\\\/\\\/www.lawebradio.com\\\/news\\\/#organization\"},\"potentialAction\":[{\"@type\":\"SearchAction\",\"target\":{\"@type\":\"EntryPoint\",\"urlTemplate\":\"https:\\\/\\\/www.lawebradio.com\\\/news\\\/?s={search_term_string}\"},\"query-input\":{\"@type\":\"PropertyValueSpecification\",\"valueRequired\":true,\"valueName\":\"search_term_string\"}}],\"inLanguage\":\"fr-FR\"},{\"@type\":\"Organization\",\"@id\":\"https:\\\/\\\/www.lawebradio.com\\\/news\\\/#organization\",\"name\":\"Lawebradio.com - Actualit\u00e9s des radios digitales\",\"url\":\"https:\\\/\\\/www.lawebradio.com\\\/news\\\/\",\"logo\":{\"@type\":\"ImageObject\",\"inLanguage\":\"fr-FR\",\"@id\":\"https:\\\/\\\/www.lawebradio.com\\\/news\\\/#\\\/schema\\\/logo\\\/image\\\/\",\"url\":\"https:\\\/\\\/www.lawebradio.com\\\/news\\\/wp-content\\\/uploads\\\/2020\\\/10\\\/logo2020.png\",\"contentUrl\":\"https:\\\/\\\/www.lawebradio.com\\\/news\\\/wp-content\\\/uploads\\\/2020\\\/10\\\/logo2020.png\",\"width\":254,\"height\":43,\"caption\":\"Lawebradio.com - Actualit\u00e9s des radios digitales\"},\"image\":{\"@id\":\"https:\\\/\\\/www.lawebradio.com\\\/news\\\/#\\\/schema\\\/logo\\\/image\\\/\"}},{\"@type\":\"Person\",\"@id\":\"https:\\\/\\\/www.lawebradio.com\\\/news\\\/#\\\/schema\\\/person\\\/bc69f5fc3cfaf8f01edc3db43f10f1b6\",\"name\":\"Thomas Renaud\",\"image\":{\"@type\":\"ImageObject\",\"inLanguage\":\"fr-FR\",\"@id\":\"https:\\\/\\\/secure.gravatar.com\\\/avatar\\\/24b834e6dacf15dee888f8bbef435cf6307a4b8b6f23d7a4e7b42d8838eb1595?s=96&d=mm&r=g\",\"url\":\"https:\\\/\\\/secure.gravatar.com\\\/avatar\\\/24b834e6dacf15dee888f8bbef435cf6307a4b8b6f23d7a4e7b42d8838eb1595?s=96&d=mm&r=g\",\"contentUrl\":\"https:\\\/\\\/secure.gravatar.com\\\/avatar\\\/24b834e6dacf15dee888f8bbef435cf6307a4b8b6f23d7a4e7b42d8838eb1595?s=96&d=mm&r=g\",\"caption\":\"Thomas Renaud\"},\"url\":\"https:\\\/\\\/www.lawebradio.com\\\/news\\\/author\\\/fg2-newschef\\\/\"}]}<\/script>\n<!-- \/ Yoast SEO plugin. -->","yoast_head_json":{"title":"Pourquoi installer un autoradio connect\u00e9 dans sa berline ? - Lawebradio.com - Actualit\u00e9s des radios digitales","description":"D\u00e9couvrez une s\u00e9lection de 4 mod\u00e8les d'autoradios connect\u00e9s dont les scores qualitatifs sont les plus populaires","robots":{"index":"index","follow":"follow","max-snippet":"max-snippet:-1","max-image-preview":"max-image-preview:large","max-video-preview":"max-video-preview:-1"},"canonical":"https:\/\/www.lawebradio.com\/news\/pourquoi-installer-un-autoradio-connecte-dans-sa-berline\/","og_locale":"fr_FR","og_type":"article","og_title":"Pourquoi installer un autoradio connect\u00e9 dans sa berline ? - Lawebradio.com - Actualit\u00e9s des radios digitales","og_description":"D\u00e9couvrez une s\u00e9lection de 4 mod\u00e8les d'autoradios connect\u00e9s dont les scores qualitatifs sont les plus populaires","og_url":"https:\/\/www.lawebradio.com\/news\/pourquoi-installer-un-autoradio-connecte-dans-sa-berline\/","og_site_name":"Lawebradio.com - Actualit\u00e9s des radios digitales","article_published_time":"2023-04-05T17:08:49+00:00","article_modified_time":"2025-05-14T07:58:25+00:00","og_image":[{"width":725,"height":350,"url":"https:\/\/www.lawebradio.com\/news\/wp-content\/uploads\/2023\/04\/ima042023-11.jpg","type":"image\/jpeg"}],"author":"Thomas Renaud","twitter_misc":{"\u00c9crit par":"Thomas Renaud","Dur\u00e9e de lecture estim\u00e9e":"4 minutes"},"schema":{"@context":"https:\/\/schema.org","@graph":[{"@type":"Article","@id":"https:\/\/www.lawebradio.com\/news\/pourquoi-installer-un-autoradio-connecte-dans-sa-berline\/#article","isPartOf":{"@id":"https:\/\/www.lawebradio.com\/news\/pourquoi-installer-un-autoradio-connecte-dans-sa-berline\/"},"author":{"name":"Thomas Renaud","@id":"https:\/\/www.lawebradio.com\/news\/#\/schema\/person\/bc69f5fc3cfaf8f01edc3db43f10f1b6"},"headline":"Pourquoi installer un autoradio connect\u00e9 dans sa berline ?","datePublished":"2023-04-05T17:08:49+00:00","dateModified":"2025-05-14T07:58:25+00:00","mainEntityOfPage":{"@id":"https:\/\/www.lawebradio.com\/news\/pourquoi-installer-un-autoradio-connecte-dans-sa-berline\/"},"wordCount":735,"publisher":{"@id":"https:\/\/www.lawebradio.com\/news\/#organization"},"image":{"@id":"https:\/\/www.lawebradio.com\/news\/pourquoi-installer-un-autoradio-connecte-dans-sa-berline\/#primaryimage"},"thumbnailUrl":"https:\/\/www.lawebradio.com\/news\/wp-content\/uploads\/2023\/04\/ima042023-11.jpg","articleSection":["Revue de Presse"],"inLanguage":"fr-FR"},{"@type":"WebPage","@id":"https:\/\/www.lawebradio.com\/news\/pourquoi-installer-un-autoradio-connecte-dans-sa-berline\/","url":"https:\/\/www.lawebradio.com\/news\/pourquoi-installer-un-autoradio-connecte-dans-sa-berline\/","name":"Pourquoi installer un autoradio connect\u00e9 dans sa berline ? - Lawebradio.com - Actualit\u00e9s des radios digitales","isPartOf":{"@id":"https:\/\/www.lawebradio.com\/news\/#website"},"primaryImageOfPage":{"@id":"https:\/\/www.lawebradio.com\/news\/pourquoi-installer-un-autoradio-connecte-dans-sa-berline\/#primaryimage"},"image":{"@id":"https:\/\/www.lawebradio.com\/news\/pourquoi-installer-un-autoradio-connecte-dans-sa-berline\/#primaryimage"},"thumbnailUrl":"https:\/\/www.lawebradio.com\/news\/wp-content\/uploads\/2023\/04\/ima042023-11.jpg","datePublished":"2023-04-05T17:08:49+00:00","dateModified":"2025-05-14T07:58:25+00:00","description":"D\u00e9couvrez une s\u00e9lection de 4 mod\u00e8les d'autoradios connect\u00e9s dont les scores qualitatifs sont les plus populaires","inLanguage":"fr-FR","potentialAction":[{"@type":"ReadAction","target":["https:\/\/www.lawebradio.com\/news\/pourquoi-installer-un-autoradio-connecte-dans-sa-berline\/"]}]},{"@type":"ImageObject","inLanguage":"fr-FR","@id":"https:\/\/www.lawebradio.com\/news\/pourquoi-installer-un-autoradio-connecte-dans-sa-berline\/#primaryimage","url":"https:\/\/www.lawebradio.com\/news\/wp-content\/uploads\/2023\/04\/ima042023-11.jpg","contentUrl":"https:\/\/www.lawebradio.com\/news\/wp-content\/uploads\/2023\/04\/ima042023-11.jpg","width":725,"height":350},{"@type":"WebSite","@id":"https:\/\/www.lawebradio.com\/news\/#website","url":"https:\/\/www.lawebradio.com\/news\/","name":"Lawebradio.com - Actualit\u00e9s des radios digitales","description":"","publisher":{"@id":"https:\/\/www.lawebradio.com\/news\/#organization"},"potentialAction":[{"@type":"SearchAction","target":{"@type":"EntryPoint","urlTemplate":"https:\/\/www.lawebradio.com\/news\/?s={search_term_string}"},"query-input":{"@type":"PropertyValueSpecification","valueRequired":true,"valueName":"search_term_string"}}],"inLanguage":"fr-FR"},{"@type":"Organization","@id":"https:\/\/www.lawebradio.com\/news\/#organization","name":"Lawebradio.com - Actualit\u00e9s des radios digitales","url":"https:\/\/www.lawebradio.com\/news\/","logo":{"@type":"ImageObject","inLanguage":"fr-FR","@id":"https:\/\/www.lawebradio.com\/news\/#\/schema\/logo\/image\/","url":"https:\/\/www.lawebradio.com\/news\/wp-content\/uploads\/2020\/10\/logo2020.png","contentUrl":"https:\/\/www.lawebradio.com\/news\/wp-content\/uploads\/2020\/10\/logo2020.png","width":254,"height":43,"caption":"Lawebradio.com - Actualit\u00e9s des radios digitales"},"image":{"@id":"https:\/\/www.lawebradio.com\/news\/#\/schema\/logo\/image\/"}},{"@type":"Person","@id":"https:\/\/www.lawebradio.com\/news\/#\/schema\/person\/bc69f5fc3cfaf8f01edc3db43f10f1b6","name":"Thomas Renaud","image":{"@type":"ImageObject","inLanguage":"fr-FR","@id":"https:\/\/secure.gravatar.com\/avatar\/24b834e6dacf15dee888f8bbef435cf6307a4b8b6f23d7a4e7b42d8838eb1595?s=96&d=mm&r=g","url":"https:\/\/secure.gravatar.com\/avatar\/24b834e6dacf15dee888f8bbef435cf6307a4b8b6f23d7a4e7b42d8838eb1595?s=96&d=mm&r=g","contentUrl":"https:\/\/secure.gravatar.com\/avatar\/24b834e6dacf15dee888f8bbef435cf6307a4b8b6f23d7a4e7b42d8838eb1595?s=96&d=mm&r=g","caption":"Thomas Renaud"},"url":"https:\/\/www.lawebradio.com\/news\/author\/fg2-newschef\/"}]}},"_links":{"self":[{"href":"https:\/\/www.lawebradio.com\/news\/wp-json\/wp\/v2\/posts\/7505","targetHints":{"allow":["GET"]}}],"collection":[{"href":"https:\/\/www.lawebradio.com\/news\/wp-json\/wp\/v2\/posts"}],"about":[{"href":"https:\/\/www.lawebradio.com\/news\/wp-json\/wp\/v2\/types\/post"}],"author":[{"embeddable":true,"href":"https:\/\/www.lawebradio.com\/news\/wp-json\/wp\/v2\/users\/2"}],"replies":[{"embeddable":true,"href":"https:\/\/www.lawebradio.com\/news\/wp-json\/wp\/v2\/comments?post=7505"}],"version-history":[{"count":6,"href":"https:\/\/www.lawebradio.com\/news\/wp-json\/wp\/v2\/posts\/7505\/revisions"}],"predecessor-version":[{"id":7516,"href":"https:\/\/www.lawebradio.com\/news\/wp-json\/wp\/v2\/posts\/7505\/revisions\/7516"}],"wp:featuredmedia":[{"embeddable":true,"href":"https:\/\/www.lawebradio.com\/news\/wp-json\/wp\/v2\/media\/7506"}],"wp:attachment":[{"href":"https:\/\/www.lawebradio.com\/news\/wp-json\/wp\/v2\/media?parent=7505"}],"wp:term":[{"taxonomy":"category","embeddable":true,"href":"https:\/\/www.lawebradio.com\/news\/wp-json\/wp\/v2\/categories?post=7505"},{"taxonomy":"post_tag","embeddable":true,"href":"https:\/\/www.lawebradio.com\/news\/wp-json\/wp\/v2\/tags?post=7505"}],"curies":[{"name":"wp","href":"https:\/\/api.w.org\/{rel}","templated":true}]}}