{"id":733,"date":"2013-12-07T19:49:13","date_gmt":"2013-12-07T18:49:13","guid":{"rendered":"http:\/\/www.lawebradio.com\/news\/?p=733"},"modified":"2013-12-07T21:57:10","modified_gmt":"2013-12-07T20:57:10","slug":"rjm-radios-les-rythmes-jaime","status":"publish","type":"post","link":"https:\/\/www.lawebradio.com\/news\/rjm-radios-les-rythmes-jaime\/","title":{"rendered":"RJM radios, les Rythmes que J&rsquo;aiMe !"},"content":{"rendered":"<p><strong>Entretien avec JMaster, fondateur du bouquet RJM Radios&#8230;<\/strong><\/p>\n<p>\u00ab\u00a0J&rsquo;ai toujours touch\u00e9 de loin ou de pr\u00e8s le milieu de la musique. Pendant 3 ans, j&rsquo;ai us\u00e9 les fauteuils des studios d&rsquo;enregistrement et j&rsquo;ai pass\u00e9 beaucoup de nuits blanches \u00e0 bosser pour divers projets de production.<\/p>\n<p>A cause de mon travail, je passais beaucoup de temps en voiture (environ 60.000 km\/an) et je ne supportais plus d&rsquo;\u00e9couter les fm avec 10mn du pub pour 10mn de musique. Les CDs pr\u00e9sents dans la boite \u00e0 gants tournaient tr\u00e8s souvent et je cherchais un moyen d&rsquo;\u00e9couter mes titres d&rsquo;une autre fa\u00e7on!<\/p>\n<p>La premi\u00e8re radio cr\u00e9\u00e9e en 2011 fut \u00ab\u00a0JMaster\u00a0\u00bb, le pseudo que j&rsquo;avais quand je vivais de la musique, d&rsquo;o\u00f9 le nom R pour radio et JM pour JMaster. Le slogan:\u00a0\u00bbles Rythmes que J&rsquo;aiMe\u00a0\u00bb est vite devenu une \u00e9vidence.<\/p>\n<p>Conscient qu\u2019il fallait \u00e9largir l\u2019offre pour parvenir \u00e0 se faire une notori\u00e9t\u00e9 et g\u00e9n\u00e9rer plus d\u2019audience, je me suis entour\u00e9 de 3 autres passionn\u00e9s pour b\u00e2tir un bouquet de radios th\u00e9matiques exclusivement musicales nous permettant d\u2019atteindre une moyenne de 10.000 heures d\u2019\u00e9coute par jour. Actuellement, la structure technique de diffusion des flux audios est assur\u00e9e par la plate-forme de streaming <span style=\"text-decoration: underline;\"><a href=\"http:\/\/www.radionomy.com\" target=\"_blank\">Radionomy.com<\/a><\/span>.<\/p>\n<p>Nous travaillons quasi exclusivement sur le net mais nous avons des partenaires issus du terrain comme Eric Tr\u00e9moulet champion de France 2013 de Clio Cup. Nous avons sign\u00e9 un partenariat avec la Vic Team (\u00e9curie Gersoise en plein boum). D&rsquo;ailleurs en 2014, nous serons pr\u00e9sents sur 5 voitures du championnat de France de Clio Cup ! En 2012, plusieurs anciens de la FM nous ont rejoint pour tester la diff\u00e9rence avec la radio digitale comme Laurent Hauet (allias Lolo), 30 ans de m\u00e9tier. Toujours motiv\u00e9, il anime une \u00e9mission mensuelle, histoire de pas perdre la main avec le Live. Celle-ci est pr\u00e9sente sur les podcasts iTunes.<\/p>\n<p>Encore aujourd&rsquo;hui nous ne nous prenons pas trop au s\u00e9rieux et continuons \u00e0 partager notre passion pour la musique. Nous avons r\u00e9ussi \u00e0 fid\u00e9liser une communaut\u00e9 qui va en augmentant chaque jour autour de notre site Web (Made in Home), des r\u00e9seaux sociaux et surtout de la programmation musicale.<\/p>\n<p>Pour \u00eatre honn\u00eate, je ne pensais pas que ce projet devienne aussi important 3 ans plus tard. Etant quatre \u00e0 g\u00e9rer RJM Radios, nous recherchons d\u00e9sormais un partenaire financier pour passer \u00e0 l\u2019\u00e9tape sup\u00e9rieure et d\u00e9velopper une v\u00e9ritable entreprise commerciale.\u00a0\u00bb<\/p>\n<p>\u2022 Site : <a href=\"http:\/\/www.rjm-radio.fr\/\" target=\"_blank\">www.rjm-radio.fr<\/a><\/p>\n<p><object width=\"245\" height=\"90\" classid=\"clsid:d27cdb6e-ae6d-11cf-96b8-444553540000\" codebase=\"http:\/\/download.macromedia.com\/pub\/shockwave\/cabs\/flash\/swflash.cab#version=6,0,40,0\"><param name=\"allowscriptaccess\" value=\"always\" \/><param name=\"wmode\" value=\"transparent\" \/><param name=\"src\" value=\"http:\/\/static.radionomy.com\/cdn\/flash\/BannerEmbed.swf?RadUID=a85c1def-f46e-437b-90d7-8faa73169d0b&amp;titlesColor=ffffff&amp;color=7d7d7d&amp;autoPlay=no&amp;lang=fr\" \/><embed width=\"245\" height=\"90\" type=\"application\/x-shockwave-flash\" src=\"http:\/\/static.radionomy.com\/cdn\/flash\/BannerEmbed.swf?RadUID=a85c1def-f46e-437b-90d7-8faa73169d0b&amp;titlesColor=ffffff&amp;color=7d7d7d&amp;autoPlay=no&amp;lang=fr\" allowscriptaccess=\"always\" wmode=\"transparent\" \/><\/object><\/p>\n","protected":false},"excerpt":{"rendered":"<p>Entretien avec JMaster, fondateur du bouquet RJM Radios&#8230; \u00ab\u00a0J&rsquo;ai toujours touch\u00e9 de loin ou de pr\u00e8s le milieu de la musique. Pendant 3 ans, j&rsquo;ai us\u00e9 les fauteuils des studios d&rsquo;enregistrement et j&rsquo;ai pass\u00e9 beaucoup de nuits blanches \u00e0 bosser pour divers projets de production. A cause de mon travail, je passais beaucoup de temps [&hellip;]<\/p>\n","protected":false},"author":3,"featured_media":734,"comment_status":"closed","ping_status":"closed","sticky":false,"template":"","format":"standard","meta":{"_et_pb_use_builder":"","_et_pb_old_content":"","_et_gb_content_width":"","footnotes":""},"categories":[6],"tags":[240,238,236,241,237,15,239],"class_list":["post-733","post","type-post","status-publish","format-standard","has-post-thumbnail","hentry","category-focus","tag-clio-cup","tag-eric-tremoulet","tag-jmaster","tag-laurent-hauet","tag-les-rythmes-que-jaime","tag-radionomy","tag-vic-team","et-has-post-format-content","et_post_format-et-post-format-standard"],"yoast_head":"<!-- This site is optimized with the Yoast SEO plugin v27.5 - https:\/\/yoast.com\/product\/yoast-seo-wordpress\/ -->\n<title>RJM radios, les Rythmes que J&#039;aiMe ! - Lawebradio.com - Actualit\u00e9s des radios digitales<\/title>\n<meta name=\"description\" content=\"RJM radios - Bouquet de webradios : pop rock, groove, love, lounge, jazz, ann\u00e9es 80, rnb, chansons fran\u00e7aises, dance et trance\" \/>\n<meta name=\"robots\" content=\"index, follow, max-snippet:-1, max-image-preview:large, max-video-preview:-1\" \/>\n<link rel=\"canonical\" href=\"https:\/\/www.lawebradio.com\/news\/rjm-radios-les-rythmes-jaime\/\" \/>\n<meta property=\"og:locale\" content=\"fr_FR\" \/>\n<meta property=\"og:type\" content=\"article\" \/>\n<meta property=\"og:title\" content=\"RJM radios, les Rythmes que J&#039;aiMe ! - Lawebradio.com - Actualit\u00e9s des radios digitales\" \/>\n<meta property=\"og:description\" content=\"RJM radios - Bouquet de webradios : pop rock, groove, love, lounge, jazz, ann\u00e9es 80, rnb, chansons fran\u00e7aises, dance et trance\" \/>\n<meta property=\"og:url\" content=\"https:\/\/www.lawebradio.com\/news\/rjm-radios-les-rythmes-jaime\/\" \/>\n<meta property=\"og:site_name\" content=\"Lawebradio.com - Actualit\u00e9s des radios digitales\" \/>\n<meta property=\"article:published_time\" content=\"2013-12-07T18:49:13+00:00\" \/>\n<meta property=\"article:modified_time\" content=\"2013-12-07T20:57:10+00:00\" \/>\n<meta property=\"og:image\" content=\"https:\/\/www.lawebradio.com\/news\/wp-content\/uploads\/2013\/12\/ima-rjm2013.jpg\" \/>\n\t<meta property=\"og:image:width\" content=\"642\" \/>\n\t<meta property=\"og:image:height\" content=\"310\" \/>\n\t<meta property=\"og:image:type\" content=\"image\/jpeg\" \/>\n<meta name=\"author\" content=\"Julien Lecourbe\" \/>\n<meta name=\"twitter:label1\" content=\"\u00c9crit par\" \/>\n\t<meta name=\"twitter:data1\" content=\"Julien Lecourbe\" \/>\n\t<meta name=\"twitter:label2\" content=\"Dur\u00e9e de lecture estim\u00e9e\" \/>\n\t<meta name=\"twitter:data2\" content=\"2 minutes\" \/>\n<script type=\"application\/ld+json\" class=\"yoast-schema-graph\">{\"@context\":\"https:\\\/\\\/schema.org\",\"@graph\":[{\"@type\":\"Article\",\"@id\":\"https:\\\/\\\/www.lawebradio.com\\\/news\\\/rjm-radios-les-rythmes-jaime\\\/#article\",\"isPartOf\":{\"@id\":\"https:\\\/\\\/www.lawebradio.com\\\/news\\\/rjm-radios-les-rythmes-jaime\\\/\"},\"author\":{\"name\":\"Julien Lecourbe\",\"@id\":\"https:\\\/\\\/www.lawebradio.com\\\/news\\\/#\\\/schema\\\/person\\\/95fd11aee6e6cfe70a4b58b482103f1f\"},\"headline\":\"RJM radios, les Rythmes que J&rsquo;aiMe !\",\"datePublished\":\"2013-12-07T18:49:13+00:00\",\"dateModified\":\"2013-12-07T20:57:10+00:00\",\"mainEntityOfPage\":{\"@id\":\"https:\\\/\\\/www.lawebradio.com\\\/news\\\/rjm-radios-les-rythmes-jaime\\\/\"},\"wordCount\":433,\"publisher\":{\"@id\":\"https:\\\/\\\/www.lawebradio.com\\\/news\\\/#organization\"},\"image\":{\"@id\":\"https:\\\/\\\/www.lawebradio.com\\\/news\\\/rjm-radios-les-rythmes-jaime\\\/#primaryimage\"},\"thumbnailUrl\":\"https:\\\/\\\/www.lawebradio.com\\\/news\\\/wp-content\\\/uploads\\\/2013\\\/12\\\/ima-rjm2013.jpg\",\"keywords\":[\"Clio Cup\",\"Eric Tr\u00e9moulet\",\"JMaster\",\"Laurent Hauet\",\"les Rythmes que J'aiMe\",\"radionomy\",\"Vic Team\"],\"articleSection\":[\"Focus\"],\"inLanguage\":\"fr-FR\"},{\"@type\":\"WebPage\",\"@id\":\"https:\\\/\\\/www.lawebradio.com\\\/news\\\/rjm-radios-les-rythmes-jaime\\\/\",\"url\":\"https:\\\/\\\/www.lawebradio.com\\\/news\\\/rjm-radios-les-rythmes-jaime\\\/\",\"name\":\"RJM radios, les Rythmes que J'aiMe ! - Lawebradio.com - Actualit\u00e9s des radios digitales\",\"isPartOf\":{\"@id\":\"https:\\\/\\\/www.lawebradio.com\\\/news\\\/#website\"},\"primaryImageOfPage\":{\"@id\":\"https:\\\/\\\/www.lawebradio.com\\\/news\\\/rjm-radios-les-rythmes-jaime\\\/#primaryimage\"},\"image\":{\"@id\":\"https:\\\/\\\/www.lawebradio.com\\\/news\\\/rjm-radios-les-rythmes-jaime\\\/#primaryimage\"},\"thumbnailUrl\":\"https:\\\/\\\/www.lawebradio.com\\\/news\\\/wp-content\\\/uploads\\\/2013\\\/12\\\/ima-rjm2013.jpg\",\"datePublished\":\"2013-12-07T18:49:13+00:00\",\"dateModified\":\"2013-12-07T20:57:10+00:00\",\"description\":\"RJM radios - Bouquet de webradios : pop rock, groove, love, lounge, jazz, ann\u00e9es 80, rnb, chansons fran\u00e7aises, dance et trance\",\"inLanguage\":\"fr-FR\",\"potentialAction\":[{\"@type\":\"ReadAction\",\"target\":[\"https:\\\/\\\/www.lawebradio.com\\\/news\\\/rjm-radios-les-rythmes-jaime\\\/\"]}]},{\"@type\":\"ImageObject\",\"inLanguage\":\"fr-FR\",\"@id\":\"https:\\\/\\\/www.lawebradio.com\\\/news\\\/rjm-radios-les-rythmes-jaime\\\/#primaryimage\",\"url\":\"https:\\\/\\\/www.lawebradio.com\\\/news\\\/wp-content\\\/uploads\\\/2013\\\/12\\\/ima-rjm2013.jpg\",\"contentUrl\":\"https:\\\/\\\/www.lawebradio.com\\\/news\\\/wp-content\\\/uploads\\\/2013\\\/12\\\/ima-rjm2013.jpg\",\"width\":642,\"height\":310},{\"@type\":\"WebSite\",\"@id\":\"https:\\\/\\\/www.lawebradio.com\\\/news\\\/#website\",\"url\":\"https:\\\/\\\/www.lawebradio.com\\\/news\\\/\",\"name\":\"Lawebradio.com - Actualit\u00e9s des radios digitales\",\"description\":\"\",\"publisher\":{\"@id\":\"https:\\\/\\\/www.lawebradio.com\\\/news\\\/#organization\"},\"potentialAction\":[{\"@type\":\"SearchAction\",\"target\":{\"@type\":\"EntryPoint\",\"urlTemplate\":\"https:\\\/\\\/www.lawebradio.com\\\/news\\\/?s={search_term_string}\"},\"query-input\":{\"@type\":\"PropertyValueSpecification\",\"valueRequired\":true,\"valueName\":\"search_term_string\"}}],\"inLanguage\":\"fr-FR\"},{\"@type\":\"Organization\",\"@id\":\"https:\\\/\\\/www.lawebradio.com\\\/news\\\/#organization\",\"name\":\"Lawebradio.com - Actualit\u00e9s des radios digitales\",\"url\":\"https:\\\/\\\/www.lawebradio.com\\\/news\\\/\",\"logo\":{\"@type\":\"ImageObject\",\"inLanguage\":\"fr-FR\",\"@id\":\"https:\\\/\\\/www.lawebradio.com\\\/news\\\/#\\\/schema\\\/logo\\\/image\\\/\",\"url\":\"https:\\\/\\\/www.lawebradio.com\\\/news\\\/wp-content\\\/uploads\\\/2020\\\/10\\\/logo2020.png\",\"contentUrl\":\"https:\\\/\\\/www.lawebradio.com\\\/news\\\/wp-content\\\/uploads\\\/2020\\\/10\\\/logo2020.png\",\"width\":254,\"height\":43,\"caption\":\"Lawebradio.com - Actualit\u00e9s des radios digitales\"},\"image\":{\"@id\":\"https:\\\/\\\/www.lawebradio.com\\\/news\\\/#\\\/schema\\\/logo\\\/image\\\/\"}},{\"@type\":\"Person\",\"@id\":\"https:\\\/\\\/www.lawebradio.com\\\/news\\\/#\\\/schema\\\/person\\\/95fd11aee6e6cfe70a4b58b482103f1f\",\"name\":\"Julien Lecourbe\",\"image\":{\"@type\":\"ImageObject\",\"inLanguage\":\"fr-FR\",\"@id\":\"https:\\\/\\\/secure.gravatar.com\\\/avatar\\\/0d25a327c6e268d9730d9c0cbeeee0fea76f04c6cf9528c29e782ef324afc515?s=96&d=mm&r=g\",\"url\":\"https:\\\/\\\/secure.gravatar.com\\\/avatar\\\/0d25a327c6e268d9730d9c0cbeeee0fea76f04c6cf9528c29e782ef324afc515?s=96&d=mm&r=g\",\"contentUrl\":\"https:\\\/\\\/secure.gravatar.com\\\/avatar\\\/0d25a327c6e268d9730d9c0cbeeee0fea76f04c6cf9528c29e782ef324afc515?s=96&d=mm&r=g\",\"caption\":\"Julien Lecourbe\"},\"url\":\"https:\\\/\\\/www.lawebradio.com\\\/news\\\/author\\\/la-redaction\\\/\"}]}<\/script>\n<!-- \/ Yoast SEO plugin. -->","yoast_head_json":{"title":"RJM radios, les Rythmes que J'aiMe ! - Lawebradio.com - Actualit\u00e9s des radios digitales","description":"RJM radios - Bouquet de webradios : pop rock, groove, love, lounge, jazz, ann\u00e9es 80, rnb, chansons fran\u00e7aises, dance et trance","robots":{"index":"index","follow":"follow","max-snippet":"max-snippet:-1","max-image-preview":"max-image-preview:large","max-video-preview":"max-video-preview:-1"},"canonical":"https:\/\/www.lawebradio.com\/news\/rjm-radios-les-rythmes-jaime\/","og_locale":"fr_FR","og_type":"article","og_title":"RJM radios, les Rythmes que J'aiMe ! - Lawebradio.com - Actualit\u00e9s des radios digitales","og_description":"RJM radios - Bouquet de webradios : pop rock, groove, love, lounge, jazz, ann\u00e9es 80, rnb, chansons fran\u00e7aises, dance et trance","og_url":"https:\/\/www.lawebradio.com\/news\/rjm-radios-les-rythmes-jaime\/","og_site_name":"Lawebradio.com - Actualit\u00e9s des radios digitales","article_published_time":"2013-12-07T18:49:13+00:00","article_modified_time":"2013-12-07T20:57:10+00:00","og_image":[{"width":642,"height":310,"url":"https:\/\/www.lawebradio.com\/news\/wp-content\/uploads\/2013\/12\/ima-rjm2013.jpg","type":"image\/jpeg"}],"author":"Julien Lecourbe","twitter_misc":{"\u00c9crit par":"Julien Lecourbe","Dur\u00e9e de lecture estim\u00e9e":"2 minutes"},"schema":{"@context":"https:\/\/schema.org","@graph":[{"@type":"Article","@id":"https:\/\/www.lawebradio.com\/news\/rjm-radios-les-rythmes-jaime\/#article","isPartOf":{"@id":"https:\/\/www.lawebradio.com\/news\/rjm-radios-les-rythmes-jaime\/"},"author":{"name":"Julien Lecourbe","@id":"https:\/\/www.lawebradio.com\/news\/#\/schema\/person\/95fd11aee6e6cfe70a4b58b482103f1f"},"headline":"RJM radios, les Rythmes que J&rsquo;aiMe !","datePublished":"2013-12-07T18:49:13+00:00","dateModified":"2013-12-07T20:57:10+00:00","mainEntityOfPage":{"@id":"https:\/\/www.lawebradio.com\/news\/rjm-radios-les-rythmes-jaime\/"},"wordCount":433,"publisher":{"@id":"https:\/\/www.lawebradio.com\/news\/#organization"},"image":{"@id":"https:\/\/www.lawebradio.com\/news\/rjm-radios-les-rythmes-jaime\/#primaryimage"},"thumbnailUrl":"https:\/\/www.lawebradio.com\/news\/wp-content\/uploads\/2013\/12\/ima-rjm2013.jpg","keywords":["Clio Cup","Eric Tr\u00e9moulet","JMaster","Laurent Hauet","les Rythmes que J'aiMe","radionomy","Vic Team"],"articleSection":["Focus"],"inLanguage":"fr-FR"},{"@type":"WebPage","@id":"https:\/\/www.lawebradio.com\/news\/rjm-radios-les-rythmes-jaime\/","url":"https:\/\/www.lawebradio.com\/news\/rjm-radios-les-rythmes-jaime\/","name":"RJM radios, les Rythmes que J'aiMe ! - Lawebradio.com - Actualit\u00e9s des radios digitales","isPartOf":{"@id":"https:\/\/www.lawebradio.com\/news\/#website"},"primaryImageOfPage":{"@id":"https:\/\/www.lawebradio.com\/news\/rjm-radios-les-rythmes-jaime\/#primaryimage"},"image":{"@id":"https:\/\/www.lawebradio.com\/news\/rjm-radios-les-rythmes-jaime\/#primaryimage"},"thumbnailUrl":"https:\/\/www.lawebradio.com\/news\/wp-content\/uploads\/2013\/12\/ima-rjm2013.jpg","datePublished":"2013-12-07T18:49:13+00:00","dateModified":"2013-12-07T20:57:10+00:00","description":"RJM radios - Bouquet de webradios : pop rock, groove, love, lounge, jazz, ann\u00e9es 80, rnb, chansons fran\u00e7aises, dance et trance","inLanguage":"fr-FR","potentialAction":[{"@type":"ReadAction","target":["https:\/\/www.lawebradio.com\/news\/rjm-radios-les-rythmes-jaime\/"]}]},{"@type":"ImageObject","inLanguage":"fr-FR","@id":"https:\/\/www.lawebradio.com\/news\/rjm-radios-les-rythmes-jaime\/#primaryimage","url":"https:\/\/www.lawebradio.com\/news\/wp-content\/uploads\/2013\/12\/ima-rjm2013.jpg","contentUrl":"https:\/\/www.lawebradio.com\/news\/wp-content\/uploads\/2013\/12\/ima-rjm2013.jpg","width":642,"height":310},{"@type":"WebSite","@id":"https:\/\/www.lawebradio.com\/news\/#website","url":"https:\/\/www.lawebradio.com\/news\/","name":"Lawebradio.com - Actualit\u00e9s des radios digitales","description":"","publisher":{"@id":"https:\/\/www.lawebradio.com\/news\/#organization"},"potentialAction":[{"@type":"SearchAction","target":{"@type":"EntryPoint","urlTemplate":"https:\/\/www.lawebradio.com\/news\/?s={search_term_string}"},"query-input":{"@type":"PropertyValueSpecification","valueRequired":true,"valueName":"search_term_string"}}],"inLanguage":"fr-FR"},{"@type":"Organization","@id":"https:\/\/www.lawebradio.com\/news\/#organization","name":"Lawebradio.com - Actualit\u00e9s des radios digitales","url":"https:\/\/www.lawebradio.com\/news\/","logo":{"@type":"ImageObject","inLanguage":"fr-FR","@id":"https:\/\/www.lawebradio.com\/news\/#\/schema\/logo\/image\/","url":"https:\/\/www.lawebradio.com\/news\/wp-content\/uploads\/2020\/10\/logo2020.png","contentUrl":"https:\/\/www.lawebradio.com\/news\/wp-content\/uploads\/2020\/10\/logo2020.png","width":254,"height":43,"caption":"Lawebradio.com - Actualit\u00e9s des radios digitales"},"image":{"@id":"https:\/\/www.lawebradio.com\/news\/#\/schema\/logo\/image\/"}},{"@type":"Person","@id":"https:\/\/www.lawebradio.com\/news\/#\/schema\/person\/95fd11aee6e6cfe70a4b58b482103f1f","name":"Julien Lecourbe","image":{"@type":"ImageObject","inLanguage":"fr-FR","@id":"https:\/\/secure.gravatar.com\/avatar\/0d25a327c6e268d9730d9c0cbeeee0fea76f04c6cf9528c29e782ef324afc515?s=96&d=mm&r=g","url":"https:\/\/secure.gravatar.com\/avatar\/0d25a327c6e268d9730d9c0cbeeee0fea76f04c6cf9528c29e782ef324afc515?s=96&d=mm&r=g","contentUrl":"https:\/\/secure.gravatar.com\/avatar\/0d25a327c6e268d9730d9c0cbeeee0fea76f04c6cf9528c29e782ef324afc515?s=96&d=mm&r=g","caption":"Julien Lecourbe"},"url":"https:\/\/www.lawebradio.com\/news\/author\/la-redaction\/"}]}},"_links":{"self":[{"href":"https:\/\/www.lawebradio.com\/news\/wp-json\/wp\/v2\/posts\/733","targetHints":{"allow":["GET"]}}],"collection":[{"href":"https:\/\/www.lawebradio.com\/news\/wp-json\/wp\/v2\/posts"}],"about":[{"href":"https:\/\/www.lawebradio.com\/news\/wp-json\/wp\/v2\/types\/post"}],"author":[{"embeddable":true,"href":"https:\/\/www.lawebradio.com\/news\/wp-json\/wp\/v2\/users\/3"}],"replies":[{"embeddable":true,"href":"https:\/\/www.lawebradio.com\/news\/wp-json\/wp\/v2\/comments?post=733"}],"version-history":[{"count":10,"href":"https:\/\/www.lawebradio.com\/news\/wp-json\/wp\/v2\/posts\/733\/revisions"}],"predecessor-version":[{"id":754,"href":"https:\/\/www.lawebradio.com\/news\/wp-json\/wp\/v2\/posts\/733\/revisions\/754"}],"wp:featuredmedia":[{"embeddable":true,"href":"https:\/\/www.lawebradio.com\/news\/wp-json\/wp\/v2\/media\/734"}],"wp:attachment":[{"href":"https:\/\/www.lawebradio.com\/news\/wp-json\/wp\/v2\/media?parent=733"}],"wp:term":[{"taxonomy":"category","embeddable":true,"href":"https:\/\/www.lawebradio.com\/news\/wp-json\/wp\/v2\/categories?post=733"},{"taxonomy":"post_tag","embeddable":true,"href":"https:\/\/www.lawebradio.com\/news\/wp-json\/wp\/v2\/tags?post=733"}],"curies":[{"name":"wp","href":"https:\/\/api.w.org\/{rel}","templated":true}]}}