{"id":7284,"date":"2021-10-20T09:26:37","date_gmt":"2021-10-20T08:26:37","guid":{"rendered":"https:\/\/www.lawebradio.com\/news\/?p=7284"},"modified":"2026-02-01T19:01:57","modified_gmt":"2026-02-01T18:01:57","slug":"radio-michel-la-radio-de-tous-les-michel","status":"publish","type":"post","link":"https:\/\/www.lawebradio.com\/news\/radio-michel-la-radio-de-tous-les-michel\/","title":{"rendered":"Radio Michel, la radio de tous les Michel"},"content":{"rendered":"<p>[et_pb_section fb_built=\u00a0\u00bb1&Prime; _builder_version=\u00a0\u00bb4.6.5&Prime; _module_preset=\u00a0\u00bbdefault\u00a0\u00bb][et_pb_row _builder_version=\u00a0\u00bb4.6.5&Prime; _module_preset=\u00a0\u00bbdefault\u00a0\u00bb][et_pb_column type=\u00a0\u00bb4_4&Prime; _builder_version=\u00a0\u00bb4.6.5&Prime; _module_preset=\u00a0\u00bbdefault\u00a0\u00bb][et_pb_text _builder_version=\u00a0\u00bb4.8.0&Prime; _module_preset=\u00a0\u00bbdefault\u00a0\u00bb hover_enabled=\u00a0\u00bb0&Prime; sticky_enabled=\u00a0\u00bb0&Prime;]<\/p>\n<p><strong>Cette radio digitale hautement \u00ab\u00a0conceptuelle\u00a0\u00bb et terriblement originale vous propose une s\u00e9lection musicale du meilleur des artistes se nommant&#8230; Michel, Mich\u00e8le, Michael et autres Mitchell.<\/strong><\/p>\n<p>Julien Baldacchino, son fondateur : \u201cL\u2019id\u00e9e nous est venue avec ma compagne de l\u2019\u00e9poque en d\u00e9jeunant avec des amis. On \u00e9tait tous tr\u00e8s fan de vari\u00e9t\u00e9 fran\u00e7aise et on s\u2019est b\u00eatement fait la remarque un jour qu\u2019il y avait quand m\u00eame beaucoup de Michel dans la chanson fran\u00e7aise. Et on s\u2019est dit que ce serait dr\u00f4le s\u2019il y avait une radio qui ne diffusait que des Michel.\u201d<br \/>Avec plus de 70 Michel(le)s en rotation, elle continue de diffuser de nouveaux artistes avec l&rsquo;apparition r\u00e9cente des Michael comme&#8230; George.<br \/>Il arrive aussi qu\u2019un chanteur int\u00e8gre la playlist sans avoir de lien avec Michel dans son patronyme mais dans le titre de son morceau comme par exemple les Beatles avec Michelle.<br \/>Enfin, une reprise d\u2019un titre original d\u2019un Michel est comptabilis\u00e9e, m\u00eame si l\u2019interpr\u00e8te poss\u00e8de un pr\u00e9nom diff\u00e9rent.<\/p>\n<p>\u2022 <a href=\"https:\/\/fr.welove.radio\/radio\/radiomichel\/\" target=\"_blank\" rel=\"noopener\"><strong>En savoir plus &gt;&gt;<\/strong><\/a><\/p>\n<p>[\/et_pb_text][et_pb_video src=\u00a0\u00bbhttps:\/\/www.neo.tv\/videos\/ef4c8033-3c33-4d7c-a4ea-a08038758834.mp4&Prime; src_webm=\u00a0\u00bbhttps:\/\/www.neo.tv\/videos\/ef4c8033-3c33-4d7c-a4ea-a08038758834.mp4&Prime; _builder_version=\u00a0\u00bb4.8.0&Prime; _module_preset=\u00a0\u00bbdefault\u00a0\u00bb][\/et_pb_video][\/et_pb_column][\/et_pb_row][\/et_pb_section]<\/p>\n","protected":false},"excerpt":{"rendered":"<p>[et_pb_section fb_built=\u00a0\u00bb1&Prime; _builder_version=\u00a0\u00bb4.6.5&Prime; _module_preset=\u00a0\u00bbdefault\u00a0\u00bb][et_pb_row _builder_version=\u00a0\u00bb4.6.5&Prime; _module_preset=\u00a0\u00bbdefault\u00a0\u00bb][et_pb_column type=\u00a0\u00bb4_4&Prime; _builder_version=\u00a0\u00bb4.6.5&Prime; _module_preset=\u00a0\u00bbdefault\u00a0\u00bb][et_pb_text _builder_version=\u00a0\u00bb4.8.0&Prime; _module_preset=\u00a0\u00bbdefault\u00a0\u00bb hover_enabled=\u00a0\u00bb0&Prime; sticky_enabled=\u00a0\u00bb0&Prime;] Cette radio digitale hautement \u00ab\u00a0conceptuelle\u00a0\u00bb et terriblement originale vous propose une s\u00e9lection musicale du meilleur des artistes se nommant&#8230; Michel, Mich\u00e8le, Michael et autres Mitchell. Julien Baldacchino, son fondateur : \u201cL\u2019id\u00e9e nous est venue avec ma compagne de l\u2019\u00e9poque en d\u00e9jeunant avec [&hellip;]<\/p>\n","protected":false},"author":3,"featured_media":7292,"comment_status":"closed","ping_status":"closed","sticky":false,"template":"","format":"standard","meta":{"_et_pb_use_builder":"on","_et_pb_old_content":"","_et_gb_content_width":"","footnotes":""},"categories":[6],"tags":[],"class_list":["post-7284","post","type-post","status-publish","format-standard","has-post-thumbnail","hentry","category-focus","et-has-post-format-content","et_post_format-et-post-format-standard"],"yoast_head":"<!-- This site is optimized with the Yoast SEO plugin v27.5 - https:\/\/yoast.com\/product\/yoast-seo-wordpress\/ -->\n<title>Radio Michel, la radio de tous les Michel - Lawebradio.com - Actualit\u00e9s des radios digitales<\/title>\n<meta name=\"description\" content=\"Cette radio digitale vous propose une s\u00e9lection musicale du meilleur des artistes se nommant... Michel, Mich\u00e8le, Michael et autres Mitchell.\" \/>\n<meta name=\"robots\" content=\"index, follow, max-snippet:-1, max-image-preview:large, max-video-preview:-1\" \/>\n<link rel=\"canonical\" href=\"https:\/\/www.lawebradio.com\/news\/radio-michel-la-radio-de-tous-les-michel\/\" \/>\n<meta property=\"og:locale\" content=\"fr_FR\" \/>\n<meta property=\"og:type\" content=\"article\" \/>\n<meta property=\"og:title\" content=\"Radio Michel, la radio de tous les Michel - Lawebradio.com - Actualit\u00e9s des radios digitales\" \/>\n<meta property=\"og:description\" content=\"Cette radio digitale vous propose une s\u00e9lection musicale du meilleur des artistes se nommant... Michel, Mich\u00e8le, Michael et autres Mitchell.\" \/>\n<meta property=\"og:url\" content=\"https:\/\/www.lawebradio.com\/news\/radio-michel-la-radio-de-tous-les-michel\/\" \/>\n<meta property=\"og:site_name\" content=\"Lawebradio.com - Actualit\u00e9s des radios digitales\" \/>\n<meta property=\"article:published_time\" content=\"2021-10-20T08:26:37+00:00\" \/>\n<meta property=\"article:modified_time\" content=\"2026-02-01T18:01:57+00:00\" \/>\n<meta property=\"og:image\" content=\"https:\/\/www.lawebradio.com\/news\/wp-content\/uploads\/2021\/10\/ima-334dgtesc5-102021.jpg\" \/>\n\t<meta property=\"og:image:width\" content=\"725\" \/>\n\t<meta property=\"og:image:height\" content=\"350\" \/>\n\t<meta property=\"og:image:type\" content=\"image\/jpeg\" \/>\n<meta name=\"author\" content=\"Julien Lecourbe\" \/>\n<meta name=\"twitter:label1\" content=\"\u00c9crit par\" \/>\n\t<meta name=\"twitter:data1\" content=\"Julien Lecourbe\" \/>\n\t<meta name=\"twitter:label2\" content=\"Dur\u00e9e de lecture estim\u00e9e\" \/>\n\t<meta name=\"twitter:data2\" content=\"2 minutes\" \/>\n<script type=\"application\/ld+json\" class=\"yoast-schema-graph\">{\"@context\":\"https:\\\/\\\/schema.org\",\"@graph\":[{\"@type\":\"Article\",\"@id\":\"https:\\\/\\\/www.lawebradio.com\\\/news\\\/radio-michel-la-radio-de-tous-les-michel\\\/#article\",\"isPartOf\":{\"@id\":\"https:\\\/\\\/www.lawebradio.com\\\/news\\\/radio-michel-la-radio-de-tous-les-michel\\\/\"},\"author\":{\"name\":\"Julien Lecourbe\",\"@id\":\"https:\\\/\\\/www.lawebradio.com\\\/news\\\/#\\\/schema\\\/person\\\/95fd11aee6e6cfe70a4b58b482103f1f\"},\"headline\":\"Radio Michel, la radio de tous les Michel\",\"datePublished\":\"2021-10-20T08:26:37+00:00\",\"dateModified\":\"2026-02-01T18:01:57+00:00\",\"mainEntityOfPage\":{\"@id\":\"https:\\\/\\\/www.lawebradio.com\\\/news\\\/radio-michel-la-radio-de-tous-les-michel\\\/\"},\"wordCount\":297,\"publisher\":{\"@id\":\"https:\\\/\\\/www.lawebradio.com\\\/news\\\/#organization\"},\"image\":{\"@id\":\"https:\\\/\\\/www.lawebradio.com\\\/news\\\/radio-michel-la-radio-de-tous-les-michel\\\/#primaryimage\"},\"thumbnailUrl\":\"https:\\\/\\\/www.lawebradio.com\\\/news\\\/wp-content\\\/uploads\\\/2021\\\/10\\\/ima-334dgtesc5-102021.jpg\",\"articleSection\":[\"Focus\"],\"inLanguage\":\"fr-FR\"},{\"@type\":\"WebPage\",\"@id\":\"https:\\\/\\\/www.lawebradio.com\\\/news\\\/radio-michel-la-radio-de-tous-les-michel\\\/\",\"url\":\"https:\\\/\\\/www.lawebradio.com\\\/news\\\/radio-michel-la-radio-de-tous-les-michel\\\/\",\"name\":\"Radio Michel, la radio de tous les Michel - Lawebradio.com - Actualit\u00e9s des radios digitales\",\"isPartOf\":{\"@id\":\"https:\\\/\\\/www.lawebradio.com\\\/news\\\/#website\"},\"primaryImageOfPage\":{\"@id\":\"https:\\\/\\\/www.lawebradio.com\\\/news\\\/radio-michel-la-radio-de-tous-les-michel\\\/#primaryimage\"},\"image\":{\"@id\":\"https:\\\/\\\/www.lawebradio.com\\\/news\\\/radio-michel-la-radio-de-tous-les-michel\\\/#primaryimage\"},\"thumbnailUrl\":\"https:\\\/\\\/www.lawebradio.com\\\/news\\\/wp-content\\\/uploads\\\/2021\\\/10\\\/ima-334dgtesc5-102021.jpg\",\"datePublished\":\"2021-10-20T08:26:37+00:00\",\"dateModified\":\"2026-02-01T18:01:57+00:00\",\"description\":\"Cette radio digitale vous propose une s\u00e9lection musicale du meilleur des artistes se nommant... Michel, Mich\u00e8le, Michael et autres Mitchell.\",\"inLanguage\":\"fr-FR\",\"potentialAction\":[{\"@type\":\"ReadAction\",\"target\":[\"https:\\\/\\\/www.lawebradio.com\\\/news\\\/radio-michel-la-radio-de-tous-les-michel\\\/\"]}]},{\"@type\":\"ImageObject\",\"inLanguage\":\"fr-FR\",\"@id\":\"https:\\\/\\\/www.lawebradio.com\\\/news\\\/radio-michel-la-radio-de-tous-les-michel\\\/#primaryimage\",\"url\":\"https:\\\/\\\/www.lawebradio.com\\\/news\\\/wp-content\\\/uploads\\\/2021\\\/10\\\/ima-334dgtesc5-102021.jpg\",\"contentUrl\":\"https:\\\/\\\/www.lawebradio.com\\\/news\\\/wp-content\\\/uploads\\\/2021\\\/10\\\/ima-334dgtesc5-102021.jpg\",\"width\":725,\"height\":350},{\"@type\":\"WebSite\",\"@id\":\"https:\\\/\\\/www.lawebradio.com\\\/news\\\/#website\",\"url\":\"https:\\\/\\\/www.lawebradio.com\\\/news\\\/\",\"name\":\"Lawebradio.com - Actualit\u00e9s des radios digitales\",\"description\":\"\",\"publisher\":{\"@id\":\"https:\\\/\\\/www.lawebradio.com\\\/news\\\/#organization\"},\"potentialAction\":[{\"@type\":\"SearchAction\",\"target\":{\"@type\":\"EntryPoint\",\"urlTemplate\":\"https:\\\/\\\/www.lawebradio.com\\\/news\\\/?s={search_term_string}\"},\"query-input\":{\"@type\":\"PropertyValueSpecification\",\"valueRequired\":true,\"valueName\":\"search_term_string\"}}],\"inLanguage\":\"fr-FR\"},{\"@type\":\"Organization\",\"@id\":\"https:\\\/\\\/www.lawebradio.com\\\/news\\\/#organization\",\"name\":\"Lawebradio.com - Actualit\u00e9s des radios digitales\",\"url\":\"https:\\\/\\\/www.lawebradio.com\\\/news\\\/\",\"logo\":{\"@type\":\"ImageObject\",\"inLanguage\":\"fr-FR\",\"@id\":\"https:\\\/\\\/www.lawebradio.com\\\/news\\\/#\\\/schema\\\/logo\\\/image\\\/\",\"url\":\"https:\\\/\\\/www.lawebradio.com\\\/news\\\/wp-content\\\/uploads\\\/2020\\\/10\\\/logo2020.png\",\"contentUrl\":\"https:\\\/\\\/www.lawebradio.com\\\/news\\\/wp-content\\\/uploads\\\/2020\\\/10\\\/logo2020.png\",\"width\":254,\"height\":43,\"caption\":\"Lawebradio.com - Actualit\u00e9s des radios digitales\"},\"image\":{\"@id\":\"https:\\\/\\\/www.lawebradio.com\\\/news\\\/#\\\/schema\\\/logo\\\/image\\\/\"}},{\"@type\":\"Person\",\"@id\":\"https:\\\/\\\/www.lawebradio.com\\\/news\\\/#\\\/schema\\\/person\\\/95fd11aee6e6cfe70a4b58b482103f1f\",\"name\":\"Julien Lecourbe\",\"image\":{\"@type\":\"ImageObject\",\"inLanguage\":\"fr-FR\",\"@id\":\"https:\\\/\\\/secure.gravatar.com\\\/avatar\\\/0d25a327c6e268d9730d9c0cbeeee0fea76f04c6cf9528c29e782ef324afc515?s=96&d=mm&r=g\",\"url\":\"https:\\\/\\\/secure.gravatar.com\\\/avatar\\\/0d25a327c6e268d9730d9c0cbeeee0fea76f04c6cf9528c29e782ef324afc515?s=96&d=mm&r=g\",\"contentUrl\":\"https:\\\/\\\/secure.gravatar.com\\\/avatar\\\/0d25a327c6e268d9730d9c0cbeeee0fea76f04c6cf9528c29e782ef324afc515?s=96&d=mm&r=g\",\"caption\":\"Julien Lecourbe\"},\"url\":\"https:\\\/\\\/www.lawebradio.com\\\/news\\\/author\\\/la-redaction\\\/\"}]}<\/script>\n<!-- \/ Yoast SEO plugin. -->","yoast_head_json":{"title":"Radio Michel, la radio de tous les Michel - Lawebradio.com - Actualit\u00e9s des radios digitales","description":"Cette radio digitale vous propose une s\u00e9lection musicale du meilleur des artistes se nommant... Michel, Mich\u00e8le, Michael et autres Mitchell.","robots":{"index":"index","follow":"follow","max-snippet":"max-snippet:-1","max-image-preview":"max-image-preview:large","max-video-preview":"max-video-preview:-1"},"canonical":"https:\/\/www.lawebradio.com\/news\/radio-michel-la-radio-de-tous-les-michel\/","og_locale":"fr_FR","og_type":"article","og_title":"Radio Michel, la radio de tous les Michel - Lawebradio.com - Actualit\u00e9s des radios digitales","og_description":"Cette radio digitale vous propose une s\u00e9lection musicale du meilleur des artistes se nommant... Michel, Mich\u00e8le, Michael et autres Mitchell.","og_url":"https:\/\/www.lawebradio.com\/news\/radio-michel-la-radio-de-tous-les-michel\/","og_site_name":"Lawebradio.com - Actualit\u00e9s des radios digitales","article_published_time":"2021-10-20T08:26:37+00:00","article_modified_time":"2026-02-01T18:01:57+00:00","og_image":[{"width":725,"height":350,"url":"https:\/\/www.lawebradio.com\/news\/wp-content\/uploads\/2021\/10\/ima-334dgtesc5-102021.jpg","type":"image\/jpeg"}],"author":"Julien Lecourbe","twitter_misc":{"\u00c9crit par":"Julien Lecourbe","Dur\u00e9e de lecture estim\u00e9e":"2 minutes"},"schema":{"@context":"https:\/\/schema.org","@graph":[{"@type":"Article","@id":"https:\/\/www.lawebradio.com\/news\/radio-michel-la-radio-de-tous-les-michel\/#article","isPartOf":{"@id":"https:\/\/www.lawebradio.com\/news\/radio-michel-la-radio-de-tous-les-michel\/"},"author":{"name":"Julien Lecourbe","@id":"https:\/\/www.lawebradio.com\/news\/#\/schema\/person\/95fd11aee6e6cfe70a4b58b482103f1f"},"headline":"Radio Michel, la radio de tous les Michel","datePublished":"2021-10-20T08:26:37+00:00","dateModified":"2026-02-01T18:01:57+00:00","mainEntityOfPage":{"@id":"https:\/\/www.lawebradio.com\/news\/radio-michel-la-radio-de-tous-les-michel\/"},"wordCount":297,"publisher":{"@id":"https:\/\/www.lawebradio.com\/news\/#organization"},"image":{"@id":"https:\/\/www.lawebradio.com\/news\/radio-michel-la-radio-de-tous-les-michel\/#primaryimage"},"thumbnailUrl":"https:\/\/www.lawebradio.com\/news\/wp-content\/uploads\/2021\/10\/ima-334dgtesc5-102021.jpg","articleSection":["Focus"],"inLanguage":"fr-FR"},{"@type":"WebPage","@id":"https:\/\/www.lawebradio.com\/news\/radio-michel-la-radio-de-tous-les-michel\/","url":"https:\/\/www.lawebradio.com\/news\/radio-michel-la-radio-de-tous-les-michel\/","name":"Radio Michel, la radio de tous les Michel - Lawebradio.com - Actualit\u00e9s des radios digitales","isPartOf":{"@id":"https:\/\/www.lawebradio.com\/news\/#website"},"primaryImageOfPage":{"@id":"https:\/\/www.lawebradio.com\/news\/radio-michel-la-radio-de-tous-les-michel\/#primaryimage"},"image":{"@id":"https:\/\/www.lawebradio.com\/news\/radio-michel-la-radio-de-tous-les-michel\/#primaryimage"},"thumbnailUrl":"https:\/\/www.lawebradio.com\/news\/wp-content\/uploads\/2021\/10\/ima-334dgtesc5-102021.jpg","datePublished":"2021-10-20T08:26:37+00:00","dateModified":"2026-02-01T18:01:57+00:00","description":"Cette radio digitale vous propose une s\u00e9lection musicale du meilleur des artistes se nommant... Michel, Mich\u00e8le, Michael et autres Mitchell.","inLanguage":"fr-FR","potentialAction":[{"@type":"ReadAction","target":["https:\/\/www.lawebradio.com\/news\/radio-michel-la-radio-de-tous-les-michel\/"]}]},{"@type":"ImageObject","inLanguage":"fr-FR","@id":"https:\/\/www.lawebradio.com\/news\/radio-michel-la-radio-de-tous-les-michel\/#primaryimage","url":"https:\/\/www.lawebradio.com\/news\/wp-content\/uploads\/2021\/10\/ima-334dgtesc5-102021.jpg","contentUrl":"https:\/\/www.lawebradio.com\/news\/wp-content\/uploads\/2021\/10\/ima-334dgtesc5-102021.jpg","width":725,"height":350},{"@type":"WebSite","@id":"https:\/\/www.lawebradio.com\/news\/#website","url":"https:\/\/www.lawebradio.com\/news\/","name":"Lawebradio.com - Actualit\u00e9s des radios digitales","description":"","publisher":{"@id":"https:\/\/www.lawebradio.com\/news\/#organization"},"potentialAction":[{"@type":"SearchAction","target":{"@type":"EntryPoint","urlTemplate":"https:\/\/www.lawebradio.com\/news\/?s={search_term_string}"},"query-input":{"@type":"PropertyValueSpecification","valueRequired":true,"valueName":"search_term_string"}}],"inLanguage":"fr-FR"},{"@type":"Organization","@id":"https:\/\/www.lawebradio.com\/news\/#organization","name":"Lawebradio.com - Actualit\u00e9s des radios digitales","url":"https:\/\/www.lawebradio.com\/news\/","logo":{"@type":"ImageObject","inLanguage":"fr-FR","@id":"https:\/\/www.lawebradio.com\/news\/#\/schema\/logo\/image\/","url":"https:\/\/www.lawebradio.com\/news\/wp-content\/uploads\/2020\/10\/logo2020.png","contentUrl":"https:\/\/www.lawebradio.com\/news\/wp-content\/uploads\/2020\/10\/logo2020.png","width":254,"height":43,"caption":"Lawebradio.com - Actualit\u00e9s des radios digitales"},"image":{"@id":"https:\/\/www.lawebradio.com\/news\/#\/schema\/logo\/image\/"}},{"@type":"Person","@id":"https:\/\/www.lawebradio.com\/news\/#\/schema\/person\/95fd11aee6e6cfe70a4b58b482103f1f","name":"Julien Lecourbe","image":{"@type":"ImageObject","inLanguage":"fr-FR","@id":"https:\/\/secure.gravatar.com\/avatar\/0d25a327c6e268d9730d9c0cbeeee0fea76f04c6cf9528c29e782ef324afc515?s=96&d=mm&r=g","url":"https:\/\/secure.gravatar.com\/avatar\/0d25a327c6e268d9730d9c0cbeeee0fea76f04c6cf9528c29e782ef324afc515?s=96&d=mm&r=g","contentUrl":"https:\/\/secure.gravatar.com\/avatar\/0d25a327c6e268d9730d9c0cbeeee0fea76f04c6cf9528c29e782ef324afc515?s=96&d=mm&r=g","caption":"Julien Lecourbe"},"url":"https:\/\/www.lawebradio.com\/news\/author\/la-redaction\/"}]}},"_links":{"self":[{"href":"https:\/\/www.lawebradio.com\/news\/wp-json\/wp\/v2\/posts\/7284","targetHints":{"allow":["GET"]}}],"collection":[{"href":"https:\/\/www.lawebradio.com\/news\/wp-json\/wp\/v2\/posts"}],"about":[{"href":"https:\/\/www.lawebradio.com\/news\/wp-json\/wp\/v2\/types\/post"}],"author":[{"embeddable":true,"href":"https:\/\/www.lawebradio.com\/news\/wp-json\/wp\/v2\/users\/3"}],"replies":[{"embeddable":true,"href":"https:\/\/www.lawebradio.com\/news\/wp-json\/wp\/v2\/comments?post=7284"}],"version-history":[{"count":8,"href":"https:\/\/www.lawebradio.com\/news\/wp-json\/wp\/v2\/posts\/7284\/revisions"}],"predecessor-version":[{"id":10881,"href":"https:\/\/www.lawebradio.com\/news\/wp-json\/wp\/v2\/posts\/7284\/revisions\/10881"}],"wp:featuredmedia":[{"embeddable":true,"href":"https:\/\/www.lawebradio.com\/news\/wp-json\/wp\/v2\/media\/7292"}],"wp:attachment":[{"href":"https:\/\/www.lawebradio.com\/news\/wp-json\/wp\/v2\/media?parent=7284"}],"wp:term":[{"taxonomy":"category","embeddable":true,"href":"https:\/\/www.lawebradio.com\/news\/wp-json\/wp\/v2\/categories?post=7284"},{"taxonomy":"post_tag","embeddable":true,"href":"https:\/\/www.lawebradio.com\/news\/wp-json\/wp\/v2\/tags?post=7284"}],"curies":[{"name":"wp","href":"https:\/\/api.w.org\/{rel}","templated":true}]}}