{"id":6959,"date":"2021-01-10T18:35:15","date_gmt":"2021-01-10T17:35:15","guid":{"rendered":"https:\/\/www.lawebradio.com\/news\/?p=6959"},"modified":"2026-02-01T19:06:19","modified_gmt":"2026-02-01T18:06:19","slug":"radio-cyclo-lunivers-de-la-petite-reine","status":"publish","type":"post","link":"https:\/\/www.lawebradio.com\/news\/radio-cyclo-lunivers-de-la-petite-reine\/","title":{"rendered":"Radio Cyclo, l&rsquo;univers de la Petite Reine"},"content":{"rendered":"<p>[et_pb_section fb_built=\u00a0\u00bb1&Prime; _builder_version=\u00a0\u00bb4.6.5&Prime; _module_preset=\u00a0\u00bbdefault\u00a0\u00bb][et_pb_row _builder_version=\u00a0\u00bb4.6.5&Prime; _module_preset=\u00a0\u00bbdefault\u00a0\u00bb][et_pb_column type=\u00a0\u00bb4_4&Prime; _builder_version=\u00a0\u00bb4.6.5&Prime; _module_preset=\u00a0\u00bbdefault\u00a0\u00bb][et_pb_text _builder_version=\u00a0\u00bb4.8.0&Prime; _module_preset=\u00a0\u00bbdefault\u00a0\u00bb hover_enabled=\u00a0\u00bb0&Prime; sticky_enabled=\u00a0\u00bb0&Prime;]<\/p>\n<p><strong>Cr\u00e9\u00e9e par J\u00e9r\u00f4me Armand en mars 2019, Radio Cyclo s\u2019int\u00e9resse aussi bien \u00e0 l\u2019univers de la comp\u00e9tition sur route, qu\u2019au VTT ou au v\u00e9lotaf. Les reportages et \u00e9missions sont assur\u00e9s par des passionn\u00e9s \u00e2g\u00e9s de 25 \u00e0 67 ans anim\u00e9s par un sujet commun, la Petite reine. Ils vous font partager leurs d\u00e9couvertes tant sur le plan du tourisme avec des lieux \u00e0 incontournables \u00e0 visiter, que de l\u2019\u00e9quipement en testant les derni\u00e8res nouveaut\u00e9s ou apportant des conseils de bonnes pratiques&#8230;<\/strong><\/p>\n<p>J\u00e9r\u00f4me Armand\u00a0: <em>\u00ab\u00a0Professionnel dans l\u2019immobilier depuis 1980, j\u2019ai eu l\u2019opportunit\u00e9 de m\u2019initier \u00e0 l\u2019univers de la radio au cours de cette m\u00eame p\u00e9riode en animant des \u00e9missions. Puis en 2015, j\u2019ai modestement aid\u00e9 au lancement de Radio Immo, webradio d\u00e9di\u00e9e justement \u00e0 l\u2019immobilier. Enfin, \u00e0 l\u2019occasion d\u2019une discussion avec un copain cycliste, Arnaud Manzanini, sp\u00e9cialiste fran\u00e7ais de l\u2019ultra cycling, j\u2019ai pens\u00e9 que le v\u00e9lo \u00e9tait aussi un bon th\u00e8me \u00e0 d\u00e9velopper via une radio digitale et des podcasts. Je me suis donc jet\u00e9 \u00e0 l\u2019eau en mars 2019\u00a0\u00bb.<\/em><\/p>\n<p>Pour se faire conna\u00eetre, Radio Cyclo est pr\u00e9sente sur de tr\u00e8s nombreux \u00e9v\u00e9nements tels que le salon V\u00e9lofollies en Belgique, la Jean Racine en Valles de Chevreuse ou encore la Race Across France. J\u00e9r\u00f4me Armand et son \u00e9quipe ne visent pas toujours les plus grosses manifestations d\u00e9j\u00e0 trust\u00e9es par les gros m\u00e9dias mais essaient de donner la parole \u00e0 tous les cyclistes quels que soient leur pratique et leur niveau. Radio Cyclo s\u2019int\u00e9resse bien \u00e9videmment aux sujets de soci\u00e9t\u00e9 comme la multiplication des pistes cyclables et va \u00e0 la rencontre des personnes qui font \u00e9voluer le v\u00e9lo et son univers&#8230;<\/p>\n<p><em>\u00ab\u00a0Sur certains \u00e9v\u00e9nements, on commence \u00e0 gagner notre cro\u00fbte, mais c\u2019est encore loin d\u2019\u00eatre g\u00e9n\u00e9ralis\u00e9. Nous avons deux types de partenaires\u00a0: ceux qui se joignent \u00e0 nous sur des \u00e9v\u00e9nements pr\u00e9cis et ceux qui nous accompagnent tout au long de l\u2019ann\u00e9e en sponsorisant une ou plusieurs \u00e9missions.\u00a0\u00bb<\/em> pr\u00e9cise J\u00e9r\u00f4me Armand.<\/p>\n<p>\u2022 <a href=\"https:\/\/podcasts.apple.com\/fr\/podcast\/radio-cyclo\/id1467237694\" target=\"_blank\" rel=\"noopener noreferrer\">Ecoutez les podcasts de Radio Cyclo<\/a><\/p>\n<p>[\/et_pb_text][et_pb_video src=\u00a0\u00bbhttps:\/\/www.youtube.com\/watch?v=5dFvCNoy778&Prime; _builder_version=\u00a0\u00bb4.6.5&Prime; _module_preset=\u00a0\u00bbdefault\u00a0\u00bb][\/et_pb_video][\/et_pb_column][\/et_pb_row][\/et_pb_section]<\/p>\n","protected":false},"excerpt":{"rendered":"<p>[et_pb_section fb_built=\u00a0\u00bb1&Prime; _builder_version=\u00a0\u00bb4.6.5&Prime; _module_preset=\u00a0\u00bbdefault\u00a0\u00bb][et_pb_row _builder_version=\u00a0\u00bb4.6.5&Prime; _module_preset=\u00a0\u00bbdefault\u00a0\u00bb][et_pb_column type=\u00a0\u00bb4_4&Prime; _builder_version=\u00a0\u00bb4.6.5&Prime; _module_preset=\u00a0\u00bbdefault\u00a0\u00bb][et_pb_text _builder_version=\u00a0\u00bb4.8.0&Prime; _module_preset=\u00a0\u00bbdefault\u00a0\u00bb hover_enabled=\u00a0\u00bb0&Prime; sticky_enabled=\u00a0\u00bb0&Prime;] Cr\u00e9\u00e9e par J\u00e9r\u00f4me Armand en mars 2019, Radio Cyclo s\u2019int\u00e9resse aussi bien \u00e0 l\u2019univers de la comp\u00e9tition sur route, qu\u2019au VTT ou au v\u00e9lotaf. Les reportages et \u00e9missions sont assur\u00e9s par des passionn\u00e9s \u00e2g\u00e9s de 25 \u00e0 67 ans anim\u00e9s par un [&hellip;]<\/p>\n","protected":false},"author":3,"featured_media":6961,"comment_status":"closed","ping_status":"closed","sticky":false,"template":"","format":"standard","meta":{"_et_pb_use_builder":"on","_et_pb_old_content":"","_et_gb_content_width":"","footnotes":""},"categories":[6],"tags":[],"class_list":["post-6959","post","type-post","status-publish","format-standard","has-post-thumbnail","hentry","category-focus","et-has-post-format-content","et_post_format-et-post-format-standard"],"yoast_head":"<!-- This site is optimized with the Yoast SEO plugin v27.5 - https:\/\/yoast.com\/product\/yoast-seo-wordpress\/ -->\n<title>Radio Cyclo, l&#039;univers de la Petite Reine - Lawebradio.com - Actualit\u00e9s des radios digitales<\/title>\n<meta name=\"description\" content=\"Cette radio digitale produit et diffuse des \u00e9missions sur le th\u00e8me du v\u00e9lo\u2026 sous toutes ses formes : v\u00e9lotaf, v\u00e9lo urbain, v\u00e9lo pour tous, bike packing, cyclotourisme.\" \/>\n<meta name=\"robots\" content=\"index, follow, max-snippet:-1, max-image-preview:large, max-video-preview:-1\" \/>\n<link rel=\"canonical\" href=\"https:\/\/www.lawebradio.com\/news\/radio-cyclo-lunivers-de-la-petite-reine\/\" \/>\n<meta property=\"og:locale\" content=\"fr_FR\" \/>\n<meta property=\"og:type\" content=\"article\" \/>\n<meta property=\"og:title\" content=\"Radio Cyclo, l&#039;univers de la Petite Reine - Lawebradio.com - Actualit\u00e9s des radios digitales\" \/>\n<meta property=\"og:description\" content=\"Cette radio digitale produit et diffuse des \u00e9missions sur le th\u00e8me du v\u00e9lo\u2026 sous toutes ses formes : v\u00e9lotaf, v\u00e9lo urbain, v\u00e9lo pour tous, bike packing, cyclotourisme.\" \/>\n<meta property=\"og:url\" content=\"https:\/\/www.lawebradio.com\/news\/radio-cyclo-lunivers-de-la-petite-reine\/\" \/>\n<meta property=\"og:site_name\" content=\"Lawebradio.com - Actualit\u00e9s des radios digitales\" \/>\n<meta property=\"article:published_time\" content=\"2021-01-10T17:35:15+00:00\" \/>\n<meta property=\"article:modified_time\" content=\"2026-02-01T18:06:19+00:00\" \/>\n<meta property=\"og:image\" content=\"https:\/\/www.lawebradio.com\/news\/wp-content\/uploads\/2021\/01\/ima-radio-cyclo2021.jpg\" \/>\n\t<meta property=\"og:image:width\" content=\"725\" \/>\n\t<meta property=\"og:image:height\" content=\"350\" \/>\n\t<meta property=\"og:image:type\" content=\"image\/jpeg\" \/>\n<meta name=\"author\" content=\"Julien Lecourbe\" \/>\n<meta name=\"twitter:label1\" content=\"\u00c9crit par\" \/>\n\t<meta name=\"twitter:data1\" content=\"Julien Lecourbe\" \/>\n\t<meta name=\"twitter:label2\" content=\"Dur\u00e9e de lecture estim\u00e9e\" \/>\n\t<meta name=\"twitter:data2\" content=\"2 minutes\" \/>\n<script type=\"application\/ld+json\" class=\"yoast-schema-graph\">{\"@context\":\"https:\\\/\\\/schema.org\",\"@graph\":[{\"@type\":\"Article\",\"@id\":\"https:\\\/\\\/www.lawebradio.com\\\/news\\\/radio-cyclo-lunivers-de-la-petite-reine\\\/#article\",\"isPartOf\":{\"@id\":\"https:\\\/\\\/www.lawebradio.com\\\/news\\\/radio-cyclo-lunivers-de-la-petite-reine\\\/\"},\"author\":{\"name\":\"Julien Lecourbe\",\"@id\":\"https:\\\/\\\/www.lawebradio.com\\\/news\\\/#\\\/schema\\\/person\\\/95fd11aee6e6cfe70a4b58b482103f1f\"},\"headline\":\"Radio Cyclo, l&rsquo;univers de la Petite Reine\",\"datePublished\":\"2021-01-10T17:35:15+00:00\",\"dateModified\":\"2026-02-01T18:06:19+00:00\",\"mainEntityOfPage\":{\"@id\":\"https:\\\/\\\/www.lawebradio.com\\\/news\\\/radio-cyclo-lunivers-de-la-petite-reine\\\/\"},\"wordCount\":451,\"publisher\":{\"@id\":\"https:\\\/\\\/www.lawebradio.com\\\/news\\\/#organization\"},\"image\":{\"@id\":\"https:\\\/\\\/www.lawebradio.com\\\/news\\\/radio-cyclo-lunivers-de-la-petite-reine\\\/#primaryimage\"},\"thumbnailUrl\":\"https:\\\/\\\/www.lawebradio.com\\\/news\\\/wp-content\\\/uploads\\\/2021\\\/01\\\/ima-radio-cyclo2021.jpg\",\"articleSection\":[\"Focus\"],\"inLanguage\":\"fr-FR\"},{\"@type\":\"WebPage\",\"@id\":\"https:\\\/\\\/www.lawebradio.com\\\/news\\\/radio-cyclo-lunivers-de-la-petite-reine\\\/\",\"url\":\"https:\\\/\\\/www.lawebradio.com\\\/news\\\/radio-cyclo-lunivers-de-la-petite-reine\\\/\",\"name\":\"Radio Cyclo, l'univers de la Petite Reine - Lawebradio.com - Actualit\u00e9s des radios digitales\",\"isPartOf\":{\"@id\":\"https:\\\/\\\/www.lawebradio.com\\\/news\\\/#website\"},\"primaryImageOfPage\":{\"@id\":\"https:\\\/\\\/www.lawebradio.com\\\/news\\\/radio-cyclo-lunivers-de-la-petite-reine\\\/#primaryimage\"},\"image\":{\"@id\":\"https:\\\/\\\/www.lawebradio.com\\\/news\\\/radio-cyclo-lunivers-de-la-petite-reine\\\/#primaryimage\"},\"thumbnailUrl\":\"https:\\\/\\\/www.lawebradio.com\\\/news\\\/wp-content\\\/uploads\\\/2021\\\/01\\\/ima-radio-cyclo2021.jpg\",\"datePublished\":\"2021-01-10T17:35:15+00:00\",\"dateModified\":\"2026-02-01T18:06:19+00:00\",\"description\":\"Cette radio digitale produit et diffuse des \u00e9missions sur le th\u00e8me du v\u00e9lo\u2026 sous toutes ses formes : v\u00e9lotaf, v\u00e9lo urbain, v\u00e9lo pour tous, bike packing, cyclotourisme.\",\"inLanguage\":\"fr-FR\",\"potentialAction\":[{\"@type\":\"ReadAction\",\"target\":[\"https:\\\/\\\/www.lawebradio.com\\\/news\\\/radio-cyclo-lunivers-de-la-petite-reine\\\/\"]}]},{\"@type\":\"ImageObject\",\"inLanguage\":\"fr-FR\",\"@id\":\"https:\\\/\\\/www.lawebradio.com\\\/news\\\/radio-cyclo-lunivers-de-la-petite-reine\\\/#primaryimage\",\"url\":\"https:\\\/\\\/www.lawebradio.com\\\/news\\\/wp-content\\\/uploads\\\/2021\\\/01\\\/ima-radio-cyclo2021.jpg\",\"contentUrl\":\"https:\\\/\\\/www.lawebradio.com\\\/news\\\/wp-content\\\/uploads\\\/2021\\\/01\\\/ima-radio-cyclo2021.jpg\",\"width\":725,\"height\":350},{\"@type\":\"WebSite\",\"@id\":\"https:\\\/\\\/www.lawebradio.com\\\/news\\\/#website\",\"url\":\"https:\\\/\\\/www.lawebradio.com\\\/news\\\/\",\"name\":\"Lawebradio.com - Actualit\u00e9s des radios digitales\",\"description\":\"\",\"publisher\":{\"@id\":\"https:\\\/\\\/www.lawebradio.com\\\/news\\\/#organization\"},\"potentialAction\":[{\"@type\":\"SearchAction\",\"target\":{\"@type\":\"EntryPoint\",\"urlTemplate\":\"https:\\\/\\\/www.lawebradio.com\\\/news\\\/?s={search_term_string}\"},\"query-input\":{\"@type\":\"PropertyValueSpecification\",\"valueRequired\":true,\"valueName\":\"search_term_string\"}}],\"inLanguage\":\"fr-FR\"},{\"@type\":\"Organization\",\"@id\":\"https:\\\/\\\/www.lawebradio.com\\\/news\\\/#organization\",\"name\":\"Lawebradio.com - Actualit\u00e9s des radios digitales\",\"url\":\"https:\\\/\\\/www.lawebradio.com\\\/news\\\/\",\"logo\":{\"@type\":\"ImageObject\",\"inLanguage\":\"fr-FR\",\"@id\":\"https:\\\/\\\/www.lawebradio.com\\\/news\\\/#\\\/schema\\\/logo\\\/image\\\/\",\"url\":\"https:\\\/\\\/www.lawebradio.com\\\/news\\\/wp-content\\\/uploads\\\/2020\\\/10\\\/logo2020.png\",\"contentUrl\":\"https:\\\/\\\/www.lawebradio.com\\\/news\\\/wp-content\\\/uploads\\\/2020\\\/10\\\/logo2020.png\",\"width\":254,\"height\":43,\"caption\":\"Lawebradio.com - Actualit\u00e9s des radios digitales\"},\"image\":{\"@id\":\"https:\\\/\\\/www.lawebradio.com\\\/news\\\/#\\\/schema\\\/logo\\\/image\\\/\"}},{\"@type\":\"Person\",\"@id\":\"https:\\\/\\\/www.lawebradio.com\\\/news\\\/#\\\/schema\\\/person\\\/95fd11aee6e6cfe70a4b58b482103f1f\",\"name\":\"Julien Lecourbe\",\"image\":{\"@type\":\"ImageObject\",\"inLanguage\":\"fr-FR\",\"@id\":\"https:\\\/\\\/secure.gravatar.com\\\/avatar\\\/0d25a327c6e268d9730d9c0cbeeee0fea76f04c6cf9528c29e782ef324afc515?s=96&d=mm&r=g\",\"url\":\"https:\\\/\\\/secure.gravatar.com\\\/avatar\\\/0d25a327c6e268d9730d9c0cbeeee0fea76f04c6cf9528c29e782ef324afc515?s=96&d=mm&r=g\",\"contentUrl\":\"https:\\\/\\\/secure.gravatar.com\\\/avatar\\\/0d25a327c6e268d9730d9c0cbeeee0fea76f04c6cf9528c29e782ef324afc515?s=96&d=mm&r=g\",\"caption\":\"Julien Lecourbe\"},\"url\":\"https:\\\/\\\/www.lawebradio.com\\\/news\\\/author\\\/la-redaction\\\/\"}]}<\/script>\n<!-- \/ Yoast SEO plugin. -->","yoast_head_json":{"title":"Radio Cyclo, l'univers de la Petite Reine - Lawebradio.com - Actualit\u00e9s des radios digitales","description":"Cette radio digitale produit et diffuse des \u00e9missions sur le th\u00e8me du v\u00e9lo\u2026 sous toutes ses formes : v\u00e9lotaf, v\u00e9lo urbain, v\u00e9lo pour tous, bike packing, cyclotourisme.","robots":{"index":"index","follow":"follow","max-snippet":"max-snippet:-1","max-image-preview":"max-image-preview:large","max-video-preview":"max-video-preview:-1"},"canonical":"https:\/\/www.lawebradio.com\/news\/radio-cyclo-lunivers-de-la-petite-reine\/","og_locale":"fr_FR","og_type":"article","og_title":"Radio Cyclo, l'univers de la Petite Reine - Lawebradio.com - Actualit\u00e9s des radios digitales","og_description":"Cette radio digitale produit et diffuse des \u00e9missions sur le th\u00e8me du v\u00e9lo\u2026 sous toutes ses formes : v\u00e9lotaf, v\u00e9lo urbain, v\u00e9lo pour tous, bike packing, cyclotourisme.","og_url":"https:\/\/www.lawebradio.com\/news\/radio-cyclo-lunivers-de-la-petite-reine\/","og_site_name":"Lawebradio.com - Actualit\u00e9s des radios digitales","article_published_time":"2021-01-10T17:35:15+00:00","article_modified_time":"2026-02-01T18:06:19+00:00","og_image":[{"width":725,"height":350,"url":"https:\/\/www.lawebradio.com\/news\/wp-content\/uploads\/2021\/01\/ima-radio-cyclo2021.jpg","type":"image\/jpeg"}],"author":"Julien Lecourbe","twitter_misc":{"\u00c9crit par":"Julien Lecourbe","Dur\u00e9e de lecture estim\u00e9e":"2 minutes"},"schema":{"@context":"https:\/\/schema.org","@graph":[{"@type":"Article","@id":"https:\/\/www.lawebradio.com\/news\/radio-cyclo-lunivers-de-la-petite-reine\/#article","isPartOf":{"@id":"https:\/\/www.lawebradio.com\/news\/radio-cyclo-lunivers-de-la-petite-reine\/"},"author":{"name":"Julien Lecourbe","@id":"https:\/\/www.lawebradio.com\/news\/#\/schema\/person\/95fd11aee6e6cfe70a4b58b482103f1f"},"headline":"Radio Cyclo, l&rsquo;univers de la Petite Reine","datePublished":"2021-01-10T17:35:15+00:00","dateModified":"2026-02-01T18:06:19+00:00","mainEntityOfPage":{"@id":"https:\/\/www.lawebradio.com\/news\/radio-cyclo-lunivers-de-la-petite-reine\/"},"wordCount":451,"publisher":{"@id":"https:\/\/www.lawebradio.com\/news\/#organization"},"image":{"@id":"https:\/\/www.lawebradio.com\/news\/radio-cyclo-lunivers-de-la-petite-reine\/#primaryimage"},"thumbnailUrl":"https:\/\/www.lawebradio.com\/news\/wp-content\/uploads\/2021\/01\/ima-radio-cyclo2021.jpg","articleSection":["Focus"],"inLanguage":"fr-FR"},{"@type":"WebPage","@id":"https:\/\/www.lawebradio.com\/news\/radio-cyclo-lunivers-de-la-petite-reine\/","url":"https:\/\/www.lawebradio.com\/news\/radio-cyclo-lunivers-de-la-petite-reine\/","name":"Radio Cyclo, l'univers de la Petite Reine - Lawebradio.com - Actualit\u00e9s des radios digitales","isPartOf":{"@id":"https:\/\/www.lawebradio.com\/news\/#website"},"primaryImageOfPage":{"@id":"https:\/\/www.lawebradio.com\/news\/radio-cyclo-lunivers-de-la-petite-reine\/#primaryimage"},"image":{"@id":"https:\/\/www.lawebradio.com\/news\/radio-cyclo-lunivers-de-la-petite-reine\/#primaryimage"},"thumbnailUrl":"https:\/\/www.lawebradio.com\/news\/wp-content\/uploads\/2021\/01\/ima-radio-cyclo2021.jpg","datePublished":"2021-01-10T17:35:15+00:00","dateModified":"2026-02-01T18:06:19+00:00","description":"Cette radio digitale produit et diffuse des \u00e9missions sur le th\u00e8me du v\u00e9lo\u2026 sous toutes ses formes : v\u00e9lotaf, v\u00e9lo urbain, v\u00e9lo pour tous, bike packing, cyclotourisme.","inLanguage":"fr-FR","potentialAction":[{"@type":"ReadAction","target":["https:\/\/www.lawebradio.com\/news\/radio-cyclo-lunivers-de-la-petite-reine\/"]}]},{"@type":"ImageObject","inLanguage":"fr-FR","@id":"https:\/\/www.lawebradio.com\/news\/radio-cyclo-lunivers-de-la-petite-reine\/#primaryimage","url":"https:\/\/www.lawebradio.com\/news\/wp-content\/uploads\/2021\/01\/ima-radio-cyclo2021.jpg","contentUrl":"https:\/\/www.lawebradio.com\/news\/wp-content\/uploads\/2021\/01\/ima-radio-cyclo2021.jpg","width":725,"height":350},{"@type":"WebSite","@id":"https:\/\/www.lawebradio.com\/news\/#website","url":"https:\/\/www.lawebradio.com\/news\/","name":"Lawebradio.com - Actualit\u00e9s des radios digitales","description":"","publisher":{"@id":"https:\/\/www.lawebradio.com\/news\/#organization"},"potentialAction":[{"@type":"SearchAction","target":{"@type":"EntryPoint","urlTemplate":"https:\/\/www.lawebradio.com\/news\/?s={search_term_string}"},"query-input":{"@type":"PropertyValueSpecification","valueRequired":true,"valueName":"search_term_string"}}],"inLanguage":"fr-FR"},{"@type":"Organization","@id":"https:\/\/www.lawebradio.com\/news\/#organization","name":"Lawebradio.com - Actualit\u00e9s des radios digitales","url":"https:\/\/www.lawebradio.com\/news\/","logo":{"@type":"ImageObject","inLanguage":"fr-FR","@id":"https:\/\/www.lawebradio.com\/news\/#\/schema\/logo\/image\/","url":"https:\/\/www.lawebradio.com\/news\/wp-content\/uploads\/2020\/10\/logo2020.png","contentUrl":"https:\/\/www.lawebradio.com\/news\/wp-content\/uploads\/2020\/10\/logo2020.png","width":254,"height":43,"caption":"Lawebradio.com - Actualit\u00e9s des radios digitales"},"image":{"@id":"https:\/\/www.lawebradio.com\/news\/#\/schema\/logo\/image\/"}},{"@type":"Person","@id":"https:\/\/www.lawebradio.com\/news\/#\/schema\/person\/95fd11aee6e6cfe70a4b58b482103f1f","name":"Julien Lecourbe","image":{"@type":"ImageObject","inLanguage":"fr-FR","@id":"https:\/\/secure.gravatar.com\/avatar\/0d25a327c6e268d9730d9c0cbeeee0fea76f04c6cf9528c29e782ef324afc515?s=96&d=mm&r=g","url":"https:\/\/secure.gravatar.com\/avatar\/0d25a327c6e268d9730d9c0cbeeee0fea76f04c6cf9528c29e782ef324afc515?s=96&d=mm&r=g","contentUrl":"https:\/\/secure.gravatar.com\/avatar\/0d25a327c6e268d9730d9c0cbeeee0fea76f04c6cf9528c29e782ef324afc515?s=96&d=mm&r=g","caption":"Julien Lecourbe"},"url":"https:\/\/www.lawebradio.com\/news\/author\/la-redaction\/"}]}},"_links":{"self":[{"href":"https:\/\/www.lawebradio.com\/news\/wp-json\/wp\/v2\/posts\/6959","targetHints":{"allow":["GET"]}}],"collection":[{"href":"https:\/\/www.lawebradio.com\/news\/wp-json\/wp\/v2\/posts"}],"about":[{"href":"https:\/\/www.lawebradio.com\/news\/wp-json\/wp\/v2\/types\/post"}],"author":[{"embeddable":true,"href":"https:\/\/www.lawebradio.com\/news\/wp-json\/wp\/v2\/users\/3"}],"replies":[{"embeddable":true,"href":"https:\/\/www.lawebradio.com\/news\/wp-json\/wp\/v2\/comments?post=6959"}],"version-history":[{"count":6,"href":"https:\/\/www.lawebradio.com\/news\/wp-json\/wp\/v2\/posts\/6959\/revisions"}],"predecessor-version":[{"id":10893,"href":"https:\/\/www.lawebradio.com\/news\/wp-json\/wp\/v2\/posts\/6959\/revisions\/10893"}],"wp:featuredmedia":[{"embeddable":true,"href":"https:\/\/www.lawebradio.com\/news\/wp-json\/wp\/v2\/media\/6961"}],"wp:attachment":[{"href":"https:\/\/www.lawebradio.com\/news\/wp-json\/wp\/v2\/media?parent=6959"}],"wp:term":[{"taxonomy":"category","embeddable":true,"href":"https:\/\/www.lawebradio.com\/news\/wp-json\/wp\/v2\/categories?post=6959"},{"taxonomy":"post_tag","embeddable":true,"href":"https:\/\/www.lawebradio.com\/news\/wp-json\/wp\/v2\/tags?post=6959"}],"curies":[{"name":"wp","href":"https:\/\/api.w.org\/{rel}","templated":true}]}}