{"id":6295,"date":"2020-05-20T08:10:47","date_gmt":"2020-05-20T07:10:47","guid":{"rendered":"https:\/\/www.lawebradio.com\/news\/?p=6295"},"modified":"2020-05-20T16:29:34","modified_gmt":"2020-05-20T15:29:34","slug":"15-du-volume-decoute-de-la-radio-se-fait-sur-les-supports-multimedia","status":"publish","type":"post","link":"https:\/\/www.lawebradio.com\/news\/15-du-volume-decoute-de-la-radio-se-fait-sur-les-supports-multimedia\/","title":{"rendered":"15% du volume d\u2019\u00e9coute de la radio se fait sur les supports multim\u00e9dia"},"content":{"rendered":"<p><strong>Sur la p\u00e9riode Janvier-Mars 2020, les supports multim\u00e9dia repr\u00e9sentent 15% du volume total d\u2019\u00e9coute de la radio, qui prend en compte le nombre d\u2019auditeurs et le temps qu\u2019ils consacrent \u00e0 la radio chaque jour, soit une progression de 1,4 point en un an.<\/strong><\/p>\n<p>Cette audience digitale atteint pr\u00e8s de 8 millions d\u2019auditeurs quotidiens, soit 14,5% des Fran\u00e7ais de 13 ans et plus. Un chiffre en progression de 1,2 point sur un an.<\/p>\n<p><a href=\"https:\/\/www.lawebradio.com\/news\/wp-content\/uploads\/2020\/05\/ima-d74e5sf.png\"><img loading=\"lazy\" decoding=\"async\" class=\"alignnone wp-image-6297 size-full\" src=\"https:\/\/www.lawebradio.com\/news\/wp-content\/uploads\/2020\/05\/ima-d74e5sf.png\" alt=\"15% du volume d\u2019\u00e9coute de la radio se fait sur les supports multim\u00e9dia\" width=\"1240\" height=\"754\" srcset=\"https:\/\/www.lawebradio.com\/news\/wp-content\/uploads\/2020\/05\/ima-d74e5sf.png 1240w, https:\/\/www.lawebradio.com\/news\/wp-content\/uploads\/2020\/05\/ima-d74e5sf-300x182.png 300w, https:\/\/www.lawebradio.com\/news\/wp-content\/uploads\/2020\/05\/ima-d74e5sf-1024x623.png 1024w, https:\/\/www.lawebradio.com\/news\/wp-content\/uploads\/2020\/05\/ima-d74e5sf-150x91.png 150w, https:\/\/www.lawebradio.com\/news\/wp-content\/uploads\/2020\/05\/ima-d74e5sf-768x467.png 768w\" sizes=\"auto, (max-width: 1240px) 100vw, 1240px\" \/><\/a><\/p>\n<p>Le t\u00e9l\u00e9phone mobile reste le premier des supports num\u00e9riques utilis\u00e9s pour \u00e9couter la radio avec 4,4 millions d\u2019adeptes quotidiens. Viennent ensuite l\u2019ordinateur (1,5 million d\u2019auditeurs quotidiens), la t\u00e9l\u00e9vision (1,1 million) et les enceintes \u00e0 commande vocale (837 000), sur lesquelles l\u2019audience de la radio progresse avec 376 000 auditeurs suppl\u00e9mentaires en un an.<br \/>\nLa dur\u00e9e d\u2019\u00e9coute s\u2019\u00e9tablit \u00e0 2h14 en moyenne par jour et par auditeur, soit 24 minutes de moins que sur des postes de radio (2h38).<br \/>\nL\u2019ordinateur est le support digital sur lequel on \u00e9coute la radio le plus longtemps (2h28 en moyenne par jour et par auditeur), soit 28 minutes de plus que sur le t\u00e9l\u00e9phone mobile (2h).<\/p>\n<p><a href=\"https:\/\/www.lawebradio.com\/news\/wp-content\/uploads\/2020\/05\/ima-d74e5sf-02.png\"><img loading=\"lazy\" decoding=\"async\" class=\"alignnone size-full wp-image-6298\" src=\"https:\/\/www.lawebradio.com\/news\/wp-content\/uploads\/2020\/05\/ima-d74e5sf-02.png\" alt=\"\" width=\"900\" height=\"442\" srcset=\"https:\/\/www.lawebradio.com\/news\/wp-content\/uploads\/2020\/05\/ima-d74e5sf-02.png 900w, https:\/\/www.lawebradio.com\/news\/wp-content\/uploads\/2020\/05\/ima-d74e5sf-02-300x147.png 300w, https:\/\/www.lawebradio.com\/news\/wp-content\/uploads\/2020\/05\/ima-d74e5sf-02-150x74.png 150w, https:\/\/www.lawebradio.com\/news\/wp-content\/uploads\/2020\/05\/ima-d74e5sf-02-768x377.png 768w\" sizes=\"auto, (max-width: 900px) 100vw, 900px\" \/><\/a><\/p>\n","protected":false},"excerpt":{"rendered":"<p>Sur la p\u00e9riode Janvier-Mars 2020, les supports multim\u00e9dia repr\u00e9sentent 15% du volume total d\u2019\u00e9coute de la radio, qui prend en compte le nombre d\u2019auditeurs et le temps qu\u2019ils consacrent \u00e0 la radio chaque jour, soit une progression de 1,4 point en un an. Cette audience digitale atteint pr\u00e8s de 8 millions d\u2019auditeurs quotidiens, soit 14,5% [&hellip;]<\/p>\n","protected":false},"author":3,"featured_media":6296,"comment_status":"closed","ping_status":"closed","sticky":false,"template":"","format":"standard","meta":{"_et_pb_use_builder":"","_et_pb_old_content":"","_et_gb_content_width":"","footnotes":""},"categories":[1],"tags":[1111,30,403],"class_list":["post-6295","post","type-post","status-publish","format-standard","has-post-thumbnail","hentry","category-digital","tag-global-radio","tag-mediametrie","tag-radios-auditeurs","et-has-post-format-content","et_post_format-et-post-format-standard"],"yoast_head":"<!-- This site is optimized with the Yoast SEO plugin v27.5 - https:\/\/yoast.com\/product\/yoast-seo-wordpress\/ -->\n<title>15% du volume d\u2019\u00e9coute de la radio se fait sur les supports multim\u00e9dia - Lawebradio.com - Actualit\u00e9s des radios digitales<\/title>\n<meta name=\"description\" content=\"Le t\u00e9l\u00e9phone mobile reste le premier des supports num\u00e9riques utilis\u00e9s pour \u00e9couter la radio avec 4,4 millions d\u2019adeptes quotidiens.\" \/>\n<meta name=\"robots\" content=\"index, follow, max-snippet:-1, max-image-preview:large, max-video-preview:-1\" \/>\n<link rel=\"canonical\" href=\"https:\/\/www.lawebradio.com\/news\/15-du-volume-decoute-de-la-radio-se-fait-sur-les-supports-multimedia\/\" \/>\n<meta property=\"og:locale\" content=\"fr_FR\" \/>\n<meta property=\"og:type\" content=\"article\" \/>\n<meta property=\"og:title\" content=\"15% du volume d\u2019\u00e9coute de la radio se fait sur les supports multim\u00e9dia - Lawebradio.com - Actualit\u00e9s des radios digitales\" \/>\n<meta property=\"og:description\" content=\"Le t\u00e9l\u00e9phone mobile reste le premier des supports num\u00e9riques utilis\u00e9s pour \u00e9couter la radio avec 4,4 millions d\u2019adeptes quotidiens.\" \/>\n<meta property=\"og:url\" content=\"https:\/\/www.lawebradio.com\/news\/15-du-volume-decoute-de-la-radio-se-fait-sur-les-supports-multimedia\/\" \/>\n<meta property=\"og:site_name\" content=\"Lawebradio.com - Actualit\u00e9s des radios digitales\" \/>\n<meta property=\"article:published_time\" content=\"2020-05-20T07:10:47+00:00\" \/>\n<meta property=\"article:modified_time\" content=\"2020-05-20T15:29:34+00:00\" \/>\n<meta property=\"og:image\" content=\"https:\/\/www.lawebradio.com\/news\/wp-content\/uploads\/2020\/05\/ima-dtes7965fhgr.jpg\" \/>\n\t<meta property=\"og:image:width\" content=\"640\" \/>\n\t<meta property=\"og:image:height\" content=\"310\" \/>\n\t<meta property=\"og:image:type\" content=\"image\/jpeg\" \/>\n<meta name=\"author\" content=\"Julien Lecourbe\" \/>\n<meta name=\"twitter:label1\" content=\"\u00c9crit par\" \/>\n\t<meta name=\"twitter:data1\" content=\"Julien Lecourbe\" \/>\n\t<meta name=\"twitter:label2\" content=\"Dur\u00e9e de lecture estim\u00e9e\" \/>\n\t<meta name=\"twitter:data2\" content=\"1 minute\" \/>\n<script type=\"application\/ld+json\" class=\"yoast-schema-graph\">{\"@context\":\"https:\\\/\\\/schema.org\",\"@graph\":[{\"@type\":\"Article\",\"@id\":\"https:\\\/\\\/www.lawebradio.com\\\/news\\\/15-du-volume-decoute-de-la-radio-se-fait-sur-les-supports-multimedia\\\/#article\",\"isPartOf\":{\"@id\":\"https:\\\/\\\/www.lawebradio.com\\\/news\\\/15-du-volume-decoute-de-la-radio-se-fait-sur-les-supports-multimedia\\\/\"},\"author\":{\"name\":\"Julien Lecourbe\",\"@id\":\"https:\\\/\\\/www.lawebradio.com\\\/news\\\/#\\\/schema\\\/person\\\/95fd11aee6e6cfe70a4b58b482103f1f\"},\"headline\":\"15% du volume d\u2019\u00e9coute de la radio se fait sur les supports multim\u00e9dia\",\"datePublished\":\"2020-05-20T07:10:47+00:00\",\"dateModified\":\"2020-05-20T15:29:34+00:00\",\"mainEntityOfPage\":{\"@id\":\"https:\\\/\\\/www.lawebradio.com\\\/news\\\/15-du-volume-decoute-de-la-radio-se-fait-sur-les-supports-multimedia\\\/\"},\"wordCount\":204,\"publisher\":{\"@id\":\"https:\\\/\\\/www.lawebradio.com\\\/news\\\/#organization\"},\"image\":{\"@id\":\"https:\\\/\\\/www.lawebradio.com\\\/news\\\/15-du-volume-decoute-de-la-radio-se-fait-sur-les-supports-multimedia\\\/#primaryimage\"},\"thumbnailUrl\":\"https:\\\/\\\/www.lawebradio.com\\\/news\\\/wp-content\\\/uploads\\\/2020\\\/05\\\/ima-dtes7965fhgr.jpg\",\"keywords\":[\"global radio\",\"m\u00e9diam\u00e9trie\",\"radios auditeurs\"],\"articleSection\":[\"Digital\"],\"inLanguage\":\"fr-FR\"},{\"@type\":\"WebPage\",\"@id\":\"https:\\\/\\\/www.lawebradio.com\\\/news\\\/15-du-volume-decoute-de-la-radio-se-fait-sur-les-supports-multimedia\\\/\",\"url\":\"https:\\\/\\\/www.lawebradio.com\\\/news\\\/15-du-volume-decoute-de-la-radio-se-fait-sur-les-supports-multimedia\\\/\",\"name\":\"15% du volume d\u2019\u00e9coute de la radio se fait sur les supports multim\u00e9dia - Lawebradio.com - Actualit\u00e9s des radios digitales\",\"isPartOf\":{\"@id\":\"https:\\\/\\\/www.lawebradio.com\\\/news\\\/#website\"},\"primaryImageOfPage\":{\"@id\":\"https:\\\/\\\/www.lawebradio.com\\\/news\\\/15-du-volume-decoute-de-la-radio-se-fait-sur-les-supports-multimedia\\\/#primaryimage\"},\"image\":{\"@id\":\"https:\\\/\\\/www.lawebradio.com\\\/news\\\/15-du-volume-decoute-de-la-radio-se-fait-sur-les-supports-multimedia\\\/#primaryimage\"},\"thumbnailUrl\":\"https:\\\/\\\/www.lawebradio.com\\\/news\\\/wp-content\\\/uploads\\\/2020\\\/05\\\/ima-dtes7965fhgr.jpg\",\"datePublished\":\"2020-05-20T07:10:47+00:00\",\"dateModified\":\"2020-05-20T15:29:34+00:00\",\"description\":\"Le t\u00e9l\u00e9phone mobile reste le premier des supports num\u00e9riques utilis\u00e9s pour \u00e9couter la radio avec 4,4 millions d\u2019adeptes quotidiens.\",\"inLanguage\":\"fr-FR\",\"potentialAction\":[{\"@type\":\"ReadAction\",\"target\":[\"https:\\\/\\\/www.lawebradio.com\\\/news\\\/15-du-volume-decoute-de-la-radio-se-fait-sur-les-supports-multimedia\\\/\"]}]},{\"@type\":\"ImageObject\",\"inLanguage\":\"fr-FR\",\"@id\":\"https:\\\/\\\/www.lawebradio.com\\\/news\\\/15-du-volume-decoute-de-la-radio-se-fait-sur-les-supports-multimedia\\\/#primaryimage\",\"url\":\"https:\\\/\\\/www.lawebradio.com\\\/news\\\/wp-content\\\/uploads\\\/2020\\\/05\\\/ima-dtes7965fhgr.jpg\",\"contentUrl\":\"https:\\\/\\\/www.lawebradio.com\\\/news\\\/wp-content\\\/uploads\\\/2020\\\/05\\\/ima-dtes7965fhgr.jpg\",\"width\":640,\"height\":310},{\"@type\":\"WebSite\",\"@id\":\"https:\\\/\\\/www.lawebradio.com\\\/news\\\/#website\",\"url\":\"https:\\\/\\\/www.lawebradio.com\\\/news\\\/\",\"name\":\"Lawebradio.com - Actualit\u00e9s des radios digitales\",\"description\":\"\",\"publisher\":{\"@id\":\"https:\\\/\\\/www.lawebradio.com\\\/news\\\/#organization\"},\"potentialAction\":[{\"@type\":\"SearchAction\",\"target\":{\"@type\":\"EntryPoint\",\"urlTemplate\":\"https:\\\/\\\/www.lawebradio.com\\\/news\\\/?s={search_term_string}\"},\"query-input\":{\"@type\":\"PropertyValueSpecification\",\"valueRequired\":true,\"valueName\":\"search_term_string\"}}],\"inLanguage\":\"fr-FR\"},{\"@type\":\"Organization\",\"@id\":\"https:\\\/\\\/www.lawebradio.com\\\/news\\\/#organization\",\"name\":\"Lawebradio.com - Actualit\u00e9s des radios digitales\",\"url\":\"https:\\\/\\\/www.lawebradio.com\\\/news\\\/\",\"logo\":{\"@type\":\"ImageObject\",\"inLanguage\":\"fr-FR\",\"@id\":\"https:\\\/\\\/www.lawebradio.com\\\/news\\\/#\\\/schema\\\/logo\\\/image\\\/\",\"url\":\"https:\\\/\\\/www.lawebradio.com\\\/news\\\/wp-content\\\/uploads\\\/2020\\\/10\\\/logo2020.png\",\"contentUrl\":\"https:\\\/\\\/www.lawebradio.com\\\/news\\\/wp-content\\\/uploads\\\/2020\\\/10\\\/logo2020.png\",\"width\":254,\"height\":43,\"caption\":\"Lawebradio.com - Actualit\u00e9s des radios digitales\"},\"image\":{\"@id\":\"https:\\\/\\\/www.lawebradio.com\\\/news\\\/#\\\/schema\\\/logo\\\/image\\\/\"}},{\"@type\":\"Person\",\"@id\":\"https:\\\/\\\/www.lawebradio.com\\\/news\\\/#\\\/schema\\\/person\\\/95fd11aee6e6cfe70a4b58b482103f1f\",\"name\":\"Julien Lecourbe\",\"image\":{\"@type\":\"ImageObject\",\"inLanguage\":\"fr-FR\",\"@id\":\"https:\\\/\\\/secure.gravatar.com\\\/avatar\\\/0d25a327c6e268d9730d9c0cbeeee0fea76f04c6cf9528c29e782ef324afc515?s=96&d=mm&r=g\",\"url\":\"https:\\\/\\\/secure.gravatar.com\\\/avatar\\\/0d25a327c6e268d9730d9c0cbeeee0fea76f04c6cf9528c29e782ef324afc515?s=96&d=mm&r=g\",\"contentUrl\":\"https:\\\/\\\/secure.gravatar.com\\\/avatar\\\/0d25a327c6e268d9730d9c0cbeeee0fea76f04c6cf9528c29e782ef324afc515?s=96&d=mm&r=g\",\"caption\":\"Julien Lecourbe\"},\"url\":\"https:\\\/\\\/www.lawebradio.com\\\/news\\\/author\\\/la-redaction\\\/\"}]}<\/script>\n<!-- \/ Yoast SEO plugin. -->","yoast_head_json":{"title":"15% du volume d\u2019\u00e9coute de la radio se fait sur les supports multim\u00e9dia - Lawebradio.com - Actualit\u00e9s des radios digitales","description":"Le t\u00e9l\u00e9phone mobile reste le premier des supports num\u00e9riques utilis\u00e9s pour \u00e9couter la radio avec 4,4 millions d\u2019adeptes quotidiens.","robots":{"index":"index","follow":"follow","max-snippet":"max-snippet:-1","max-image-preview":"max-image-preview:large","max-video-preview":"max-video-preview:-1"},"canonical":"https:\/\/www.lawebradio.com\/news\/15-du-volume-decoute-de-la-radio-se-fait-sur-les-supports-multimedia\/","og_locale":"fr_FR","og_type":"article","og_title":"15% du volume d\u2019\u00e9coute de la radio se fait sur les supports multim\u00e9dia - Lawebradio.com - Actualit\u00e9s des radios digitales","og_description":"Le t\u00e9l\u00e9phone mobile reste le premier des supports num\u00e9riques utilis\u00e9s pour \u00e9couter la radio avec 4,4 millions d\u2019adeptes quotidiens.","og_url":"https:\/\/www.lawebradio.com\/news\/15-du-volume-decoute-de-la-radio-se-fait-sur-les-supports-multimedia\/","og_site_name":"Lawebradio.com - Actualit\u00e9s des radios digitales","article_published_time":"2020-05-20T07:10:47+00:00","article_modified_time":"2020-05-20T15:29:34+00:00","og_image":[{"width":640,"height":310,"url":"https:\/\/www.lawebradio.com\/news\/wp-content\/uploads\/2020\/05\/ima-dtes7965fhgr.jpg","type":"image\/jpeg"}],"author":"Julien Lecourbe","twitter_misc":{"\u00c9crit par":"Julien Lecourbe","Dur\u00e9e de lecture estim\u00e9e":"1 minute"},"schema":{"@context":"https:\/\/schema.org","@graph":[{"@type":"Article","@id":"https:\/\/www.lawebradio.com\/news\/15-du-volume-decoute-de-la-radio-se-fait-sur-les-supports-multimedia\/#article","isPartOf":{"@id":"https:\/\/www.lawebradio.com\/news\/15-du-volume-decoute-de-la-radio-se-fait-sur-les-supports-multimedia\/"},"author":{"name":"Julien Lecourbe","@id":"https:\/\/www.lawebradio.com\/news\/#\/schema\/person\/95fd11aee6e6cfe70a4b58b482103f1f"},"headline":"15% du volume d\u2019\u00e9coute de la radio se fait sur les supports multim\u00e9dia","datePublished":"2020-05-20T07:10:47+00:00","dateModified":"2020-05-20T15:29:34+00:00","mainEntityOfPage":{"@id":"https:\/\/www.lawebradio.com\/news\/15-du-volume-decoute-de-la-radio-se-fait-sur-les-supports-multimedia\/"},"wordCount":204,"publisher":{"@id":"https:\/\/www.lawebradio.com\/news\/#organization"},"image":{"@id":"https:\/\/www.lawebradio.com\/news\/15-du-volume-decoute-de-la-radio-se-fait-sur-les-supports-multimedia\/#primaryimage"},"thumbnailUrl":"https:\/\/www.lawebradio.com\/news\/wp-content\/uploads\/2020\/05\/ima-dtes7965fhgr.jpg","keywords":["global radio","m\u00e9diam\u00e9trie","radios auditeurs"],"articleSection":["Digital"],"inLanguage":"fr-FR"},{"@type":"WebPage","@id":"https:\/\/www.lawebradio.com\/news\/15-du-volume-decoute-de-la-radio-se-fait-sur-les-supports-multimedia\/","url":"https:\/\/www.lawebradio.com\/news\/15-du-volume-decoute-de-la-radio-se-fait-sur-les-supports-multimedia\/","name":"15% du volume d\u2019\u00e9coute de la radio se fait sur les supports multim\u00e9dia - Lawebradio.com - Actualit\u00e9s des radios digitales","isPartOf":{"@id":"https:\/\/www.lawebradio.com\/news\/#website"},"primaryImageOfPage":{"@id":"https:\/\/www.lawebradio.com\/news\/15-du-volume-decoute-de-la-radio-se-fait-sur-les-supports-multimedia\/#primaryimage"},"image":{"@id":"https:\/\/www.lawebradio.com\/news\/15-du-volume-decoute-de-la-radio-se-fait-sur-les-supports-multimedia\/#primaryimage"},"thumbnailUrl":"https:\/\/www.lawebradio.com\/news\/wp-content\/uploads\/2020\/05\/ima-dtes7965fhgr.jpg","datePublished":"2020-05-20T07:10:47+00:00","dateModified":"2020-05-20T15:29:34+00:00","description":"Le t\u00e9l\u00e9phone mobile reste le premier des supports num\u00e9riques utilis\u00e9s pour \u00e9couter la radio avec 4,4 millions d\u2019adeptes quotidiens.","inLanguage":"fr-FR","potentialAction":[{"@type":"ReadAction","target":["https:\/\/www.lawebradio.com\/news\/15-du-volume-decoute-de-la-radio-se-fait-sur-les-supports-multimedia\/"]}]},{"@type":"ImageObject","inLanguage":"fr-FR","@id":"https:\/\/www.lawebradio.com\/news\/15-du-volume-decoute-de-la-radio-se-fait-sur-les-supports-multimedia\/#primaryimage","url":"https:\/\/www.lawebradio.com\/news\/wp-content\/uploads\/2020\/05\/ima-dtes7965fhgr.jpg","contentUrl":"https:\/\/www.lawebradio.com\/news\/wp-content\/uploads\/2020\/05\/ima-dtes7965fhgr.jpg","width":640,"height":310},{"@type":"WebSite","@id":"https:\/\/www.lawebradio.com\/news\/#website","url":"https:\/\/www.lawebradio.com\/news\/","name":"Lawebradio.com - Actualit\u00e9s des radios digitales","description":"","publisher":{"@id":"https:\/\/www.lawebradio.com\/news\/#organization"},"potentialAction":[{"@type":"SearchAction","target":{"@type":"EntryPoint","urlTemplate":"https:\/\/www.lawebradio.com\/news\/?s={search_term_string}"},"query-input":{"@type":"PropertyValueSpecification","valueRequired":true,"valueName":"search_term_string"}}],"inLanguage":"fr-FR"},{"@type":"Organization","@id":"https:\/\/www.lawebradio.com\/news\/#organization","name":"Lawebradio.com - Actualit\u00e9s des radios digitales","url":"https:\/\/www.lawebradio.com\/news\/","logo":{"@type":"ImageObject","inLanguage":"fr-FR","@id":"https:\/\/www.lawebradio.com\/news\/#\/schema\/logo\/image\/","url":"https:\/\/www.lawebradio.com\/news\/wp-content\/uploads\/2020\/10\/logo2020.png","contentUrl":"https:\/\/www.lawebradio.com\/news\/wp-content\/uploads\/2020\/10\/logo2020.png","width":254,"height":43,"caption":"Lawebradio.com - Actualit\u00e9s des radios digitales"},"image":{"@id":"https:\/\/www.lawebradio.com\/news\/#\/schema\/logo\/image\/"}},{"@type":"Person","@id":"https:\/\/www.lawebradio.com\/news\/#\/schema\/person\/95fd11aee6e6cfe70a4b58b482103f1f","name":"Julien Lecourbe","image":{"@type":"ImageObject","inLanguage":"fr-FR","@id":"https:\/\/secure.gravatar.com\/avatar\/0d25a327c6e268d9730d9c0cbeeee0fea76f04c6cf9528c29e782ef324afc515?s=96&d=mm&r=g","url":"https:\/\/secure.gravatar.com\/avatar\/0d25a327c6e268d9730d9c0cbeeee0fea76f04c6cf9528c29e782ef324afc515?s=96&d=mm&r=g","contentUrl":"https:\/\/secure.gravatar.com\/avatar\/0d25a327c6e268d9730d9c0cbeeee0fea76f04c6cf9528c29e782ef324afc515?s=96&d=mm&r=g","caption":"Julien Lecourbe"},"url":"https:\/\/www.lawebradio.com\/news\/author\/la-redaction\/"}]}},"_links":{"self":[{"href":"https:\/\/www.lawebradio.com\/news\/wp-json\/wp\/v2\/posts\/6295","targetHints":{"allow":["GET"]}}],"collection":[{"href":"https:\/\/www.lawebradio.com\/news\/wp-json\/wp\/v2\/posts"}],"about":[{"href":"https:\/\/www.lawebradio.com\/news\/wp-json\/wp\/v2\/types\/post"}],"author":[{"embeddable":true,"href":"https:\/\/www.lawebradio.com\/news\/wp-json\/wp\/v2\/users\/3"}],"replies":[{"embeddable":true,"href":"https:\/\/www.lawebradio.com\/news\/wp-json\/wp\/v2\/comments?post=6295"}],"version-history":[{"count":1,"href":"https:\/\/www.lawebradio.com\/news\/wp-json\/wp\/v2\/posts\/6295\/revisions"}],"predecessor-version":[{"id":6299,"href":"https:\/\/www.lawebradio.com\/news\/wp-json\/wp\/v2\/posts\/6295\/revisions\/6299"}],"wp:featuredmedia":[{"embeddable":true,"href":"https:\/\/www.lawebradio.com\/news\/wp-json\/wp\/v2\/media\/6296"}],"wp:attachment":[{"href":"https:\/\/www.lawebradio.com\/news\/wp-json\/wp\/v2\/media?parent=6295"}],"wp:term":[{"taxonomy":"category","embeddable":true,"href":"https:\/\/www.lawebradio.com\/news\/wp-json\/wp\/v2\/categories?post=6295"},{"taxonomy":"post_tag","embeddable":true,"href":"https:\/\/www.lawebradio.com\/news\/wp-json\/wp\/v2\/tags?post=6295"}],"curies":[{"name":"wp","href":"https:\/\/api.w.org\/{rel}","templated":true}]}}