{"id":6261,"date":"2020-04-21T20:39:16","date_gmt":"2020-04-21T19:39:16","guid":{"rendered":"https:\/\/www.lawebradio.com\/news\/?p=6261"},"modified":"2020-04-21T21:21:03","modified_gmt":"2020-04-21T20:21:03","slug":"stayhomeradio-la-radio-digitale-des-confines","status":"publish","type":"post","link":"https:\/\/www.lawebradio.com\/news\/stayhomeradio-la-radio-digitale-des-confines\/","title":{"rendered":"STAY@HOMERADIO, la radio digitale des confin\u00e9s"},"content":{"rendered":"<p><strong>Depuis la buanderie de son appartement toulousain, Julien propose des conseils pour g\u00e9rer le confinement avec ses enfants, des t\u00e9moignages sur la vie de couple pendant cette p\u00e9riode hors normes, ainsi que des r\u00e9cits de voyages ou des cours de photo&#8230;<\/strong><\/p>\n<p>Lanc\u00e9e depuis le 15 mars, La radio digitale \u00ab\u00a0Stay at home\u00a0\u00bb s&rsquo;adresse \u00e0 tous les confin\u00e9s que nous sommes et continuera de donner de la voix apr\u00e8s le 11 mai pour nous accompagner dans le d\u00e9confinement.<\/p>\n<p>Les programmes sont anim\u00e9s par des acteurs du confinement : patrons d\u2019agences d&rsquo;int\u00e9rim, entrepreneurs, programmateurs de salles de concerts, restaurateurs&#8230;<\/p>\n<p>A \u00e9couter sans mod\u00e9ration, le podcast plein d&rsquo;humour de la cr\u00e9atrice sonore Isabelle Field en compagnie de son chat : \u00ab\u00a0En Charantaine\u00a0\u00bb.<\/p>\n<p>&nbsp;<\/p>\n<p><a href=\"https:\/\/www.lawebradio.com\/news\/wp-content\/uploads\/2020\/04\/ima-stayatradio02.jpg\"><img loading=\"lazy\" decoding=\"async\" class=\"alignnone wp-image-6262 size-full\" src=\"https:\/\/www.lawebradio.com\/news\/wp-content\/uploads\/2020\/04\/ima-stayatradio02.jpg\" alt=\"STAY@HOMERADIO, la radio digitale des confin\u00e9s\" width=\"640\" height=\"480\" srcset=\"https:\/\/www.lawebradio.com\/news\/wp-content\/uploads\/2020\/04\/ima-stayatradio02.jpg 640w, https:\/\/www.lawebradio.com\/news\/wp-content\/uploads\/2020\/04\/ima-stayatradio02-300x225.jpg 300w, https:\/\/www.lawebradio.com\/news\/wp-content\/uploads\/2020\/04\/ima-stayatradio02-150x113.jpg 150w\" sizes=\"auto, (max-width: 640px) 100vw, 640px\" \/><\/a><\/p>\n<p>\u2022 <a href=\"https:\/\/www.facebook.com\/StayAtHomeRadio\/\" target=\"_blank\" rel=\"noopener noreferrer\">Facebook<\/a><br \/>\n\u2022 <a href=\"https:\/\/podcast.ausha.co\/emission-radio\" target=\"_blank\" rel=\"noopener noreferrer\">Ecoutez les podcasts<\/a><\/p>\n<p><iframe loading=\"lazy\" src=\"https:\/\/www.radioking.com\/widgets\/player\/player.php?id=248527&amp;f=big\" width=\"445\" height=\"196\" frameborder=\"0\"><\/iframe><\/p>\n","protected":false},"excerpt":{"rendered":"<p>Depuis la buanderie de son appartement toulousain, Julien propose des conseils pour g\u00e9rer le confinement avec ses enfants, des t\u00e9moignages sur la vie de couple pendant cette p\u00e9riode hors normes, ainsi que des r\u00e9cits de voyages ou des cours de photo&#8230; Lanc\u00e9e depuis le 15 mars, La radio digitale \u00ab\u00a0Stay at home\u00a0\u00bb s&rsquo;adresse \u00e0 tous [&hellip;]<\/p>\n","protected":false},"author":3,"featured_media":6263,"comment_status":"closed","ping_status":"closed","sticky":false,"template":"","format":"standard","meta":{"_et_pb_use_builder":"","_et_pb_old_content":"","_et_gb_content_width":"","footnotes":""},"categories":[6],"tags":[386,762,44],"class_list":["post-6261","post","type-post","status-publish","format-standard","has-post-thumbnail","hentry","category-focus","tag-interview-podcast","tag-radio-king","tag-webradios","et-has-post-format-content","et_post_format-et-post-format-standard"],"yoast_head":"<!-- This site is optimized with the Yoast SEO plugin v27.4 - https:\/\/yoast.com\/product\/yoast-seo-wordpress\/ -->\n<title>STAY@HOMERADIO, la radio digitale des confin\u00e9s - Lawebradio.com - Actualit\u00e9s des radios digitales<\/title>\n<meta name=\"description\" content=\"Lanc\u00e9e depuis le 15 mars, La radio digitale &quot;Stay at home&quot; s&#039;adresse \u00e0 tous les confin\u00e9s que nous sommes et continuera de donner de la voix apr\u00e8s le 11 mai.\" \/>\n<meta name=\"robots\" content=\"index, follow, max-snippet:-1, max-image-preview:large, max-video-preview:-1\" \/>\n<link rel=\"canonical\" href=\"https:\/\/www.lawebradio.com\/news\/stayhomeradio-la-radio-digitale-des-confines\/\" \/>\n<meta property=\"og:locale\" content=\"fr_FR\" \/>\n<meta property=\"og:type\" content=\"article\" \/>\n<meta property=\"og:title\" content=\"STAY@HOMERADIO, la radio digitale des confin\u00e9s - Lawebradio.com - Actualit\u00e9s des radios digitales\" \/>\n<meta property=\"og:description\" content=\"Lanc\u00e9e depuis le 15 mars, La radio digitale &quot;Stay at home&quot; s&#039;adresse \u00e0 tous les confin\u00e9s que nous sommes et continuera de donner de la voix apr\u00e8s le 11 mai.\" \/>\n<meta property=\"og:url\" content=\"https:\/\/www.lawebradio.com\/news\/stayhomeradio-la-radio-digitale-des-confines\/\" \/>\n<meta property=\"og:site_name\" content=\"Lawebradio.com - Actualit\u00e9s des radios digitales\" \/>\n<meta property=\"article:published_time\" content=\"2020-04-21T19:39:16+00:00\" \/>\n<meta property=\"article:modified_time\" content=\"2020-04-21T20:21:03+00:00\" \/>\n<meta property=\"og:image\" content=\"https:\/\/www.lawebradio.com\/news\/wp-content\/uploads\/2020\/04\/ima-stayatradio.jpg\" \/>\n\t<meta property=\"og:image:width\" content=\"640\" \/>\n\t<meta property=\"og:image:height\" content=\"310\" \/>\n\t<meta property=\"og:image:type\" content=\"image\/jpeg\" \/>\n<meta name=\"author\" content=\"Julien Lecourbe\" \/>\n<meta name=\"twitter:label1\" content=\"\u00c9crit par\" \/>\n\t<meta name=\"twitter:data1\" content=\"Julien Lecourbe\" \/>\n\t<meta name=\"twitter:label2\" content=\"Dur\u00e9e de lecture estim\u00e9e\" \/>\n\t<meta name=\"twitter:data2\" content=\"1 minute\" \/>\n<script type=\"application\/ld+json\" class=\"yoast-schema-graph\">{\"@context\":\"https:\\\/\\\/schema.org\",\"@graph\":[{\"@type\":\"Article\",\"@id\":\"https:\\\/\\\/www.lawebradio.com\\\/news\\\/stayhomeradio-la-radio-digitale-des-confines\\\/#article\",\"isPartOf\":{\"@id\":\"https:\\\/\\\/www.lawebradio.com\\\/news\\\/stayhomeradio-la-radio-digitale-des-confines\\\/\"},\"author\":{\"name\":\"Julien Lecourbe\",\"@id\":\"https:\\\/\\\/www.lawebradio.com\\\/news\\\/#\\\/schema\\\/person\\\/95fd11aee6e6cfe70a4b58b482103f1f\"},\"headline\":\"STAY@HOMERADIO, la radio digitale des confin\u00e9s\",\"datePublished\":\"2020-04-21T19:39:16+00:00\",\"dateModified\":\"2020-04-21T20:21:03+00:00\",\"mainEntityOfPage\":{\"@id\":\"https:\\\/\\\/www.lawebradio.com\\\/news\\\/stayhomeradio-la-radio-digitale-des-confines\\\/\"},\"wordCount\":143,\"publisher\":{\"@id\":\"https:\\\/\\\/www.lawebradio.com\\\/news\\\/#organization\"},\"image\":{\"@id\":\"https:\\\/\\\/www.lawebradio.com\\\/news\\\/stayhomeradio-la-radio-digitale-des-confines\\\/#primaryimage\"},\"thumbnailUrl\":\"https:\\\/\\\/www.lawebradio.com\\\/news\\\/wp-content\\\/uploads\\\/2020\\\/04\\\/ima-stayatradio.jpg\",\"keywords\":[\"interview podcast\",\"radio king\",\"webradios\"],\"articleSection\":[\"Focus\"],\"inLanguage\":\"fr-FR\"},{\"@type\":\"WebPage\",\"@id\":\"https:\\\/\\\/www.lawebradio.com\\\/news\\\/stayhomeradio-la-radio-digitale-des-confines\\\/\",\"url\":\"https:\\\/\\\/www.lawebradio.com\\\/news\\\/stayhomeradio-la-radio-digitale-des-confines\\\/\",\"name\":\"STAY@HOMERADIO, la radio digitale des confin\u00e9s - Lawebradio.com - Actualit\u00e9s des radios digitales\",\"isPartOf\":{\"@id\":\"https:\\\/\\\/www.lawebradio.com\\\/news\\\/#website\"},\"primaryImageOfPage\":{\"@id\":\"https:\\\/\\\/www.lawebradio.com\\\/news\\\/stayhomeradio-la-radio-digitale-des-confines\\\/#primaryimage\"},\"image\":{\"@id\":\"https:\\\/\\\/www.lawebradio.com\\\/news\\\/stayhomeradio-la-radio-digitale-des-confines\\\/#primaryimage\"},\"thumbnailUrl\":\"https:\\\/\\\/www.lawebradio.com\\\/news\\\/wp-content\\\/uploads\\\/2020\\\/04\\\/ima-stayatradio.jpg\",\"datePublished\":\"2020-04-21T19:39:16+00:00\",\"dateModified\":\"2020-04-21T20:21:03+00:00\",\"description\":\"Lanc\u00e9e depuis le 15 mars, La radio digitale \\\"Stay at home\\\" s'adresse \u00e0 tous les confin\u00e9s que nous sommes et continuera de donner de la voix apr\u00e8s le 11 mai.\",\"inLanguage\":\"fr-FR\",\"potentialAction\":[{\"@type\":\"ReadAction\",\"target\":[\"https:\\\/\\\/www.lawebradio.com\\\/news\\\/stayhomeradio-la-radio-digitale-des-confines\\\/\"]}]},{\"@type\":\"ImageObject\",\"inLanguage\":\"fr-FR\",\"@id\":\"https:\\\/\\\/www.lawebradio.com\\\/news\\\/stayhomeradio-la-radio-digitale-des-confines\\\/#primaryimage\",\"url\":\"https:\\\/\\\/www.lawebradio.com\\\/news\\\/wp-content\\\/uploads\\\/2020\\\/04\\\/ima-stayatradio.jpg\",\"contentUrl\":\"https:\\\/\\\/www.lawebradio.com\\\/news\\\/wp-content\\\/uploads\\\/2020\\\/04\\\/ima-stayatradio.jpg\",\"width\":640,\"height\":310},{\"@type\":\"WebSite\",\"@id\":\"https:\\\/\\\/www.lawebradio.com\\\/news\\\/#website\",\"url\":\"https:\\\/\\\/www.lawebradio.com\\\/news\\\/\",\"name\":\"Lawebradio.com - Actualit\u00e9s des radios digitales\",\"description\":\"\",\"publisher\":{\"@id\":\"https:\\\/\\\/www.lawebradio.com\\\/news\\\/#organization\"},\"potentialAction\":[{\"@type\":\"SearchAction\",\"target\":{\"@type\":\"EntryPoint\",\"urlTemplate\":\"https:\\\/\\\/www.lawebradio.com\\\/news\\\/?s={search_term_string}\"},\"query-input\":{\"@type\":\"PropertyValueSpecification\",\"valueRequired\":true,\"valueName\":\"search_term_string\"}}],\"inLanguage\":\"fr-FR\"},{\"@type\":\"Organization\",\"@id\":\"https:\\\/\\\/www.lawebradio.com\\\/news\\\/#organization\",\"name\":\"Lawebradio.com - Actualit\u00e9s des radios digitales\",\"url\":\"https:\\\/\\\/www.lawebradio.com\\\/news\\\/\",\"logo\":{\"@type\":\"ImageObject\",\"inLanguage\":\"fr-FR\",\"@id\":\"https:\\\/\\\/www.lawebradio.com\\\/news\\\/#\\\/schema\\\/logo\\\/image\\\/\",\"url\":\"https:\\\/\\\/www.lawebradio.com\\\/news\\\/wp-content\\\/uploads\\\/2020\\\/10\\\/logo2020.png\",\"contentUrl\":\"https:\\\/\\\/www.lawebradio.com\\\/news\\\/wp-content\\\/uploads\\\/2020\\\/10\\\/logo2020.png\",\"width\":254,\"height\":43,\"caption\":\"Lawebradio.com - Actualit\u00e9s des radios digitales\"},\"image\":{\"@id\":\"https:\\\/\\\/www.lawebradio.com\\\/news\\\/#\\\/schema\\\/logo\\\/image\\\/\"}},{\"@type\":\"Person\",\"@id\":\"https:\\\/\\\/www.lawebradio.com\\\/news\\\/#\\\/schema\\\/person\\\/95fd11aee6e6cfe70a4b58b482103f1f\",\"name\":\"Julien Lecourbe\",\"image\":{\"@type\":\"ImageObject\",\"inLanguage\":\"fr-FR\",\"@id\":\"https:\\\/\\\/secure.gravatar.com\\\/avatar\\\/0d25a327c6e268d9730d9c0cbeeee0fea76f04c6cf9528c29e782ef324afc515?s=96&d=mm&r=g\",\"url\":\"https:\\\/\\\/secure.gravatar.com\\\/avatar\\\/0d25a327c6e268d9730d9c0cbeeee0fea76f04c6cf9528c29e782ef324afc515?s=96&d=mm&r=g\",\"contentUrl\":\"https:\\\/\\\/secure.gravatar.com\\\/avatar\\\/0d25a327c6e268d9730d9c0cbeeee0fea76f04c6cf9528c29e782ef324afc515?s=96&d=mm&r=g\",\"caption\":\"Julien Lecourbe\"},\"url\":\"https:\\\/\\\/www.lawebradio.com\\\/news\\\/author\\\/la-redaction\\\/\"}]}<\/script>\n<!-- \/ Yoast SEO plugin. -->","yoast_head_json":{"title":"STAY@HOMERADIO, la radio digitale des confin\u00e9s - Lawebradio.com - Actualit\u00e9s des radios digitales","description":"Lanc\u00e9e depuis le 15 mars, La radio digitale \"Stay at home\" s'adresse \u00e0 tous les confin\u00e9s que nous sommes et continuera de donner de la voix apr\u00e8s le 11 mai.","robots":{"index":"index","follow":"follow","max-snippet":"max-snippet:-1","max-image-preview":"max-image-preview:large","max-video-preview":"max-video-preview:-1"},"canonical":"https:\/\/www.lawebradio.com\/news\/stayhomeradio-la-radio-digitale-des-confines\/","og_locale":"fr_FR","og_type":"article","og_title":"STAY@HOMERADIO, la radio digitale des confin\u00e9s - Lawebradio.com - Actualit\u00e9s des radios digitales","og_description":"Lanc\u00e9e depuis le 15 mars, La radio digitale \"Stay at home\" s'adresse \u00e0 tous les confin\u00e9s que nous sommes et continuera de donner de la voix apr\u00e8s le 11 mai.","og_url":"https:\/\/www.lawebradio.com\/news\/stayhomeradio-la-radio-digitale-des-confines\/","og_site_name":"Lawebradio.com - Actualit\u00e9s des radios digitales","article_published_time":"2020-04-21T19:39:16+00:00","article_modified_time":"2020-04-21T20:21:03+00:00","og_image":[{"width":640,"height":310,"url":"https:\/\/www.lawebradio.com\/news\/wp-content\/uploads\/2020\/04\/ima-stayatradio.jpg","type":"image\/jpeg"}],"author":"Julien Lecourbe","twitter_misc":{"\u00c9crit par":"Julien Lecourbe","Dur\u00e9e de lecture estim\u00e9e":"1 minute"},"schema":{"@context":"https:\/\/schema.org","@graph":[{"@type":"Article","@id":"https:\/\/www.lawebradio.com\/news\/stayhomeradio-la-radio-digitale-des-confines\/#article","isPartOf":{"@id":"https:\/\/www.lawebradio.com\/news\/stayhomeradio-la-radio-digitale-des-confines\/"},"author":{"name":"Julien Lecourbe","@id":"https:\/\/www.lawebradio.com\/news\/#\/schema\/person\/95fd11aee6e6cfe70a4b58b482103f1f"},"headline":"STAY@HOMERADIO, la radio digitale des confin\u00e9s","datePublished":"2020-04-21T19:39:16+00:00","dateModified":"2020-04-21T20:21:03+00:00","mainEntityOfPage":{"@id":"https:\/\/www.lawebradio.com\/news\/stayhomeradio-la-radio-digitale-des-confines\/"},"wordCount":143,"publisher":{"@id":"https:\/\/www.lawebradio.com\/news\/#organization"},"image":{"@id":"https:\/\/www.lawebradio.com\/news\/stayhomeradio-la-radio-digitale-des-confines\/#primaryimage"},"thumbnailUrl":"https:\/\/www.lawebradio.com\/news\/wp-content\/uploads\/2020\/04\/ima-stayatradio.jpg","keywords":["interview podcast","radio king","webradios"],"articleSection":["Focus"],"inLanguage":"fr-FR"},{"@type":"WebPage","@id":"https:\/\/www.lawebradio.com\/news\/stayhomeradio-la-radio-digitale-des-confines\/","url":"https:\/\/www.lawebradio.com\/news\/stayhomeradio-la-radio-digitale-des-confines\/","name":"STAY@HOMERADIO, la radio digitale des confin\u00e9s - Lawebradio.com - Actualit\u00e9s des radios digitales","isPartOf":{"@id":"https:\/\/www.lawebradio.com\/news\/#website"},"primaryImageOfPage":{"@id":"https:\/\/www.lawebradio.com\/news\/stayhomeradio-la-radio-digitale-des-confines\/#primaryimage"},"image":{"@id":"https:\/\/www.lawebradio.com\/news\/stayhomeradio-la-radio-digitale-des-confines\/#primaryimage"},"thumbnailUrl":"https:\/\/www.lawebradio.com\/news\/wp-content\/uploads\/2020\/04\/ima-stayatradio.jpg","datePublished":"2020-04-21T19:39:16+00:00","dateModified":"2020-04-21T20:21:03+00:00","description":"Lanc\u00e9e depuis le 15 mars, La radio digitale \"Stay at home\" s'adresse \u00e0 tous les confin\u00e9s que nous sommes et continuera de donner de la voix apr\u00e8s le 11 mai.","inLanguage":"fr-FR","potentialAction":[{"@type":"ReadAction","target":["https:\/\/www.lawebradio.com\/news\/stayhomeradio-la-radio-digitale-des-confines\/"]}]},{"@type":"ImageObject","inLanguage":"fr-FR","@id":"https:\/\/www.lawebradio.com\/news\/stayhomeradio-la-radio-digitale-des-confines\/#primaryimage","url":"https:\/\/www.lawebradio.com\/news\/wp-content\/uploads\/2020\/04\/ima-stayatradio.jpg","contentUrl":"https:\/\/www.lawebradio.com\/news\/wp-content\/uploads\/2020\/04\/ima-stayatradio.jpg","width":640,"height":310},{"@type":"WebSite","@id":"https:\/\/www.lawebradio.com\/news\/#website","url":"https:\/\/www.lawebradio.com\/news\/","name":"Lawebradio.com - Actualit\u00e9s des radios digitales","description":"","publisher":{"@id":"https:\/\/www.lawebradio.com\/news\/#organization"},"potentialAction":[{"@type":"SearchAction","target":{"@type":"EntryPoint","urlTemplate":"https:\/\/www.lawebradio.com\/news\/?s={search_term_string}"},"query-input":{"@type":"PropertyValueSpecification","valueRequired":true,"valueName":"search_term_string"}}],"inLanguage":"fr-FR"},{"@type":"Organization","@id":"https:\/\/www.lawebradio.com\/news\/#organization","name":"Lawebradio.com - Actualit\u00e9s des radios digitales","url":"https:\/\/www.lawebradio.com\/news\/","logo":{"@type":"ImageObject","inLanguage":"fr-FR","@id":"https:\/\/www.lawebradio.com\/news\/#\/schema\/logo\/image\/","url":"https:\/\/www.lawebradio.com\/news\/wp-content\/uploads\/2020\/10\/logo2020.png","contentUrl":"https:\/\/www.lawebradio.com\/news\/wp-content\/uploads\/2020\/10\/logo2020.png","width":254,"height":43,"caption":"Lawebradio.com - Actualit\u00e9s des radios digitales"},"image":{"@id":"https:\/\/www.lawebradio.com\/news\/#\/schema\/logo\/image\/"}},{"@type":"Person","@id":"https:\/\/www.lawebradio.com\/news\/#\/schema\/person\/95fd11aee6e6cfe70a4b58b482103f1f","name":"Julien Lecourbe","image":{"@type":"ImageObject","inLanguage":"fr-FR","@id":"https:\/\/secure.gravatar.com\/avatar\/0d25a327c6e268d9730d9c0cbeeee0fea76f04c6cf9528c29e782ef324afc515?s=96&d=mm&r=g","url":"https:\/\/secure.gravatar.com\/avatar\/0d25a327c6e268d9730d9c0cbeeee0fea76f04c6cf9528c29e782ef324afc515?s=96&d=mm&r=g","contentUrl":"https:\/\/secure.gravatar.com\/avatar\/0d25a327c6e268d9730d9c0cbeeee0fea76f04c6cf9528c29e782ef324afc515?s=96&d=mm&r=g","caption":"Julien Lecourbe"},"url":"https:\/\/www.lawebradio.com\/news\/author\/la-redaction\/"}]}},"_links":{"self":[{"href":"https:\/\/www.lawebradio.com\/news\/wp-json\/wp\/v2\/posts\/6261","targetHints":{"allow":["GET"]}}],"collection":[{"href":"https:\/\/www.lawebradio.com\/news\/wp-json\/wp\/v2\/posts"}],"about":[{"href":"https:\/\/www.lawebradio.com\/news\/wp-json\/wp\/v2\/types\/post"}],"author":[{"embeddable":true,"href":"https:\/\/www.lawebradio.com\/news\/wp-json\/wp\/v2\/users\/3"}],"replies":[{"embeddable":true,"href":"https:\/\/www.lawebradio.com\/news\/wp-json\/wp\/v2\/comments?post=6261"}],"version-history":[{"count":2,"href":"https:\/\/www.lawebradio.com\/news\/wp-json\/wp\/v2\/posts\/6261\/revisions"}],"predecessor-version":[{"id":6265,"href":"https:\/\/www.lawebradio.com\/news\/wp-json\/wp\/v2\/posts\/6261\/revisions\/6265"}],"wp:featuredmedia":[{"embeddable":true,"href":"https:\/\/www.lawebradio.com\/news\/wp-json\/wp\/v2\/media\/6263"}],"wp:attachment":[{"href":"https:\/\/www.lawebradio.com\/news\/wp-json\/wp\/v2\/media?parent=6261"}],"wp:term":[{"taxonomy":"category","embeddable":true,"href":"https:\/\/www.lawebradio.com\/news\/wp-json\/wp\/v2\/categories?post=6261"},{"taxonomy":"post_tag","embeddable":true,"href":"https:\/\/www.lawebradio.com\/news\/wp-json\/wp\/v2\/tags?post=6261"}],"curies":[{"name":"wp","href":"https:\/\/api.w.org\/{rel}","templated":true}]}}