{"id":6239,"date":"2020-04-15T19:14:29","date_gmt":"2020-04-15T18:14:29","guid":{"rendered":"https:\/\/www.lawebradio.com\/news\/?p=6239"},"modified":"2020-04-15T19:15:26","modified_gmt":"2020-04-15T18:15:26","slug":"radioking-devoile-une-nouvelle-version-de-son-manager-radio","status":"publish","type":"post","link":"https:\/\/www.lawebradio.com\/news\/radioking-devoile-une-nouvelle-version-de-son-manager-radio\/","title":{"rendered":"RadioKing d\u00e9voile une nouvelle version de son Manager Radio !"},"content":{"rendered":"<p><strong>D\u00e8s aujourd\u2019hui, <a href=\"https:\/\/www.lawebradio.com\/news\/radioking-top-30-des-radios-digitales-en-fevrier-2020\/\">RadioKing<\/a> propose une nouvelle version de son Manager Radio apr\u00e8s de nombreux mois de d\u00e9veloppement.<br \/>\n<\/strong><\/p>\n<p>Le produit phare de RadioKing s\u2019offre une refonte compl\u00e8te pour ses 5 ans d&rsquo;exploitation. Le Manager Radio re\u00e7oit une mise \u00e0 jour de son interface qui am\u00e9liore l\u2019exp\u00e9rience utilisateur, offre de nouvelles fonctionnalit\u00e9s et facilite la programmation.<\/p>\n<p>La plus grande transformation concerne l\u2019une des fonctionnalit\u00e9s les plus essentielles de cet outil : la M\u00e9diath\u00e8que. Elle devient plus intelligente en \u00e9tant capable d\u2019\u00e9diter les points d&rsquo;encha\u00eenement d\u2019un titre avec plus de pr\u00e9cision, d\u2019analyser les BPMs d\u2019un titre automatiquement et de r\u00e9aliser des listes de lectures de qualit\u00e9 en quelques clics gr\u00e2ce \u00e0 une multitude de filtres dynamiques : Dur\u00e9e, Ann\u00e9e, encodage, BPM&#8230;<\/p>\n<p>La refonte de ce Manager Radio offre aussi de nouvelles perspectives pour optimiser prochainement d\u2019autres fonctions comme la planification ou encore les statistiques : <em>\u00ab Ce nouveau Manager Radio offre aujourd\u2019hui des performances in\u00e9gal\u00e9es, mais il sera capable de bien plus dans les prochains mois. L\u2019objectif de cette refonte est de le faire \u00e9voluer plus rapidement en fonction des attentes de nos utilisateurs. \u00bb<\/em> a d\u00e9clar\u00e9 Charles Depotter, CTO de RadioKing.<\/p>\n<p><a href=\"https:\/\/www.lawebradio.com\/news\/wp-content\/uploads\/2020\/04\/ima-dtge7452sdtge.jpg\"><img loading=\"lazy\" decoding=\"async\" class=\"alignnone size-full wp-image-6241\" src=\"https:\/\/www.lawebradio.com\/news\/wp-content\/uploads\/2020\/04\/ima-dtge7452sdtge.jpg\" alt=\"\" width=\"800\" height=\"437\" srcset=\"https:\/\/www.lawebradio.com\/news\/wp-content\/uploads\/2020\/04\/ima-dtge7452sdtge.jpg 800w, https:\/\/www.lawebradio.com\/news\/wp-content\/uploads\/2020\/04\/ima-dtge7452sdtge-300x164.jpg 300w, https:\/\/www.lawebradio.com\/news\/wp-content\/uploads\/2020\/04\/ima-dtge7452sdtge-150x82.jpg 150w, https:\/\/www.lawebradio.com\/news\/wp-content\/uploads\/2020\/04\/ima-dtge7452sdtge-768x420.jpg 768w\" sizes=\"auto, (max-width: 800px) 100vw, 800px\" \/><\/a><\/p>\n<p>L\u2019\u00e9quipe de RadioKing a aussi profit\u00e9 de cette nouvelle version pour revoir enti\u00e8rement son infrastructure de A \u00e0 Z. D\u00e9ploy\u00e9e sur de nouveaux serveurs, elle offre une puissance et des performances plus \u00e9lev\u00e9es, mais elle permettra surtout d\u2019ajouter prochainement de nouvelles options pour am\u00e9liorer le rendu et la qualit\u00e9 de diffusion des radios.<\/p>\n<p>Si vous souhaitez tester gratuitement cette nouvelle version du Manager Radio, RadioKing <em><a href=\"https:\/\/fr.radioking.com\/order-radio_demo\" target=\"_blank\" rel=\"noopener noreferrer\">propose une d\u00e9monstration gratuite et sans engagement de 7 jours<\/a><\/em>.<\/p>\n<p><strong>\u00c0 propos de RadioKing<\/strong><\/p>\n<p>RadioKing est la premi\u00e8re plateforme fran\u00e7aise pour cr\u00e9er et diffuser sa radio sur Internet. Cette solution propose aussi des services cl\u00e9 en main pour accompagner les radios dans leur d\u00e9veloppement digital (Site web, Application Mobile, Enceinte Connect\u00e9e, TV et Auto). Elle compte aujourd\u2019hui plus de 2 500 radios dans 120 pays. Toujours \u00e0 la recherche de nouveaux challenges, RadioKing imagine et d\u00e9veloppe de nouvelles solutions pour fa\u00e7onner la radio de demain.<\/p>\n","protected":false},"excerpt":{"rendered":"<p>D\u00e8s aujourd\u2019hui, RadioKing propose une nouvelle version de son Manager Radio apr\u00e8s de nombreux mois de d\u00e9veloppement. Le produit phare de RadioKing s\u2019offre une refonte compl\u00e8te pour ses 5 ans d&rsquo;exploitation. Le Manager Radio re\u00e7oit une mise \u00e0 jour de son interface qui am\u00e9liore l\u2019exp\u00e9rience utilisateur, offre de nouvelles fonctionnalit\u00e9s et facilite la programmation. La [&hellip;]<\/p>\n","protected":false},"author":3,"featured_media":6240,"comment_status":"closed","ping_status":"closed","sticky":false,"template":"","format":"standard","meta":{"_et_pb_use_builder":"","_et_pb_old_content":"","_et_gb_content_width":"","footnotes":""},"categories":[6],"tags":[269,860,762,659,58],"class_list":["post-6239","post","type-post","status-publish","format-standard","has-post-thumbnail","hentry","category-focus","tag-applications-mobiles","tag-radio-en-ligne","tag-radio-king","tag-radiomanager","tag-streaming-audio","et-has-post-format-content","et_post_format-et-post-format-standard"],"yoast_head":"<!-- This site is optimized with the Yoast SEO plugin v27.5 - https:\/\/yoast.com\/product\/yoast-seo-wordpress\/ -->\n<title>RadioKing d\u00e9voile une nouvelle version de son Manager Radio ! - Lawebradio.com - Actualit\u00e9s des radios digitales<\/title>\n<meta name=\"description\" content=\"Le Manager Radio re\u00e7oit une mise \u00e0 jour de son interface qui am\u00e9liore l\u2019exp\u00e9rience utilisateur, offre de nouvelles fonctionnalit\u00e9s et facilite la programmation.\" \/>\n<meta name=\"robots\" content=\"index, follow, max-snippet:-1, max-image-preview:large, max-video-preview:-1\" \/>\n<link rel=\"canonical\" href=\"https:\/\/www.lawebradio.com\/news\/radioking-devoile-une-nouvelle-version-de-son-manager-radio\/\" \/>\n<meta property=\"og:locale\" content=\"fr_FR\" \/>\n<meta property=\"og:type\" content=\"article\" \/>\n<meta property=\"og:title\" content=\"RadioKing d\u00e9voile une nouvelle version de son Manager Radio ! - Lawebradio.com - Actualit\u00e9s des radios digitales\" \/>\n<meta property=\"og:description\" content=\"Le Manager Radio re\u00e7oit une mise \u00e0 jour de son interface qui am\u00e9liore l\u2019exp\u00e9rience utilisateur, offre de nouvelles fonctionnalit\u00e9s et facilite la programmation.\" \/>\n<meta property=\"og:url\" content=\"https:\/\/www.lawebradio.com\/news\/radioking-devoile-une-nouvelle-version-de-son-manager-radio\/\" \/>\n<meta property=\"og:site_name\" content=\"Lawebradio.com - Actualit\u00e9s des radios digitales\" \/>\n<meta property=\"article:published_time\" content=\"2020-04-15T18:14:29+00:00\" \/>\n<meta property=\"article:modified_time\" content=\"2020-04-15T18:15:26+00:00\" \/>\n<meta property=\"og:image\" content=\"https:\/\/www.lawebradio.com\/news\/wp-content\/uploads\/2020\/04\/ima-dtge7452s.jpg\" \/>\n\t<meta property=\"og:image:width\" content=\"640\" \/>\n\t<meta property=\"og:image:height\" content=\"310\" \/>\n\t<meta property=\"og:image:type\" content=\"image\/jpeg\" \/>\n<meta name=\"author\" content=\"Julien Lecourbe\" \/>\n<meta name=\"twitter:label1\" content=\"\u00c9crit par\" \/>\n\t<meta name=\"twitter:data1\" content=\"Julien Lecourbe\" \/>\n\t<meta name=\"twitter:label2\" content=\"Dur\u00e9e de lecture estim\u00e9e\" \/>\n\t<meta name=\"twitter:data2\" content=\"2 minutes\" \/>\n<script type=\"application\/ld+json\" class=\"yoast-schema-graph\">{\"@context\":\"https:\\\/\\\/schema.org\",\"@graph\":[{\"@type\":\"Article\",\"@id\":\"https:\\\/\\\/www.lawebradio.com\\\/news\\\/radioking-devoile-une-nouvelle-version-de-son-manager-radio\\\/#article\",\"isPartOf\":{\"@id\":\"https:\\\/\\\/www.lawebradio.com\\\/news\\\/radioking-devoile-une-nouvelle-version-de-son-manager-radio\\\/\"},\"author\":{\"name\":\"Julien Lecourbe\",\"@id\":\"https:\\\/\\\/www.lawebradio.com\\\/news\\\/#\\\/schema\\\/person\\\/95fd11aee6e6cfe70a4b58b482103f1f\"},\"headline\":\"RadioKing d\u00e9voile une nouvelle version de son Manager Radio !\",\"datePublished\":\"2020-04-15T18:14:29+00:00\",\"dateModified\":\"2020-04-15T18:15:26+00:00\",\"mainEntityOfPage\":{\"@id\":\"https:\\\/\\\/www.lawebradio.com\\\/news\\\/radioking-devoile-une-nouvelle-version-de-son-manager-radio\\\/\"},\"wordCount\":383,\"publisher\":{\"@id\":\"https:\\\/\\\/www.lawebradio.com\\\/news\\\/#organization\"},\"image\":{\"@id\":\"https:\\\/\\\/www.lawebradio.com\\\/news\\\/radioking-devoile-une-nouvelle-version-de-son-manager-radio\\\/#primaryimage\"},\"thumbnailUrl\":\"https:\\\/\\\/www.lawebradio.com\\\/news\\\/wp-content\\\/uploads\\\/2020\\\/04\\\/ima-dtge7452s.jpg\",\"keywords\":[\"applications mobiles\",\"radio en ligne\",\"radio king\",\"radiomanager\",\"streaming audio\"],\"articleSection\":[\"Focus\"],\"inLanguage\":\"fr-FR\"},{\"@type\":\"WebPage\",\"@id\":\"https:\\\/\\\/www.lawebradio.com\\\/news\\\/radioking-devoile-une-nouvelle-version-de-son-manager-radio\\\/\",\"url\":\"https:\\\/\\\/www.lawebradio.com\\\/news\\\/radioking-devoile-une-nouvelle-version-de-son-manager-radio\\\/\",\"name\":\"RadioKing d\u00e9voile une nouvelle version de son Manager Radio ! - Lawebradio.com - Actualit\u00e9s des radios digitales\",\"isPartOf\":{\"@id\":\"https:\\\/\\\/www.lawebradio.com\\\/news\\\/#website\"},\"primaryImageOfPage\":{\"@id\":\"https:\\\/\\\/www.lawebradio.com\\\/news\\\/radioking-devoile-une-nouvelle-version-de-son-manager-radio\\\/#primaryimage\"},\"image\":{\"@id\":\"https:\\\/\\\/www.lawebradio.com\\\/news\\\/radioking-devoile-une-nouvelle-version-de-son-manager-radio\\\/#primaryimage\"},\"thumbnailUrl\":\"https:\\\/\\\/www.lawebradio.com\\\/news\\\/wp-content\\\/uploads\\\/2020\\\/04\\\/ima-dtge7452s.jpg\",\"datePublished\":\"2020-04-15T18:14:29+00:00\",\"dateModified\":\"2020-04-15T18:15:26+00:00\",\"description\":\"Le Manager Radio re\u00e7oit une mise \u00e0 jour de son interface qui am\u00e9liore l\u2019exp\u00e9rience utilisateur, offre de nouvelles fonctionnalit\u00e9s et facilite la programmation.\",\"inLanguage\":\"fr-FR\",\"potentialAction\":[{\"@type\":\"ReadAction\",\"target\":[\"https:\\\/\\\/www.lawebradio.com\\\/news\\\/radioking-devoile-une-nouvelle-version-de-son-manager-radio\\\/\"]}]},{\"@type\":\"ImageObject\",\"inLanguage\":\"fr-FR\",\"@id\":\"https:\\\/\\\/www.lawebradio.com\\\/news\\\/radioking-devoile-une-nouvelle-version-de-son-manager-radio\\\/#primaryimage\",\"url\":\"https:\\\/\\\/www.lawebradio.com\\\/news\\\/wp-content\\\/uploads\\\/2020\\\/04\\\/ima-dtge7452s.jpg\",\"contentUrl\":\"https:\\\/\\\/www.lawebradio.com\\\/news\\\/wp-content\\\/uploads\\\/2020\\\/04\\\/ima-dtge7452s.jpg\",\"width\":640,\"height\":310},{\"@type\":\"WebSite\",\"@id\":\"https:\\\/\\\/www.lawebradio.com\\\/news\\\/#website\",\"url\":\"https:\\\/\\\/www.lawebradio.com\\\/news\\\/\",\"name\":\"Lawebradio.com - Actualit\u00e9s des radios digitales\",\"description\":\"\",\"publisher\":{\"@id\":\"https:\\\/\\\/www.lawebradio.com\\\/news\\\/#organization\"},\"potentialAction\":[{\"@type\":\"SearchAction\",\"target\":{\"@type\":\"EntryPoint\",\"urlTemplate\":\"https:\\\/\\\/www.lawebradio.com\\\/news\\\/?s={search_term_string}\"},\"query-input\":{\"@type\":\"PropertyValueSpecification\",\"valueRequired\":true,\"valueName\":\"search_term_string\"}}],\"inLanguage\":\"fr-FR\"},{\"@type\":\"Organization\",\"@id\":\"https:\\\/\\\/www.lawebradio.com\\\/news\\\/#organization\",\"name\":\"Lawebradio.com - Actualit\u00e9s des radios digitales\",\"url\":\"https:\\\/\\\/www.lawebradio.com\\\/news\\\/\",\"logo\":{\"@type\":\"ImageObject\",\"inLanguage\":\"fr-FR\",\"@id\":\"https:\\\/\\\/www.lawebradio.com\\\/news\\\/#\\\/schema\\\/logo\\\/image\\\/\",\"url\":\"https:\\\/\\\/www.lawebradio.com\\\/news\\\/wp-content\\\/uploads\\\/2020\\\/10\\\/logo2020.png\",\"contentUrl\":\"https:\\\/\\\/www.lawebradio.com\\\/news\\\/wp-content\\\/uploads\\\/2020\\\/10\\\/logo2020.png\",\"width\":254,\"height\":43,\"caption\":\"Lawebradio.com - Actualit\u00e9s des radios digitales\"},\"image\":{\"@id\":\"https:\\\/\\\/www.lawebradio.com\\\/news\\\/#\\\/schema\\\/logo\\\/image\\\/\"}},{\"@type\":\"Person\",\"@id\":\"https:\\\/\\\/www.lawebradio.com\\\/news\\\/#\\\/schema\\\/person\\\/95fd11aee6e6cfe70a4b58b482103f1f\",\"name\":\"Julien Lecourbe\",\"image\":{\"@type\":\"ImageObject\",\"inLanguage\":\"fr-FR\",\"@id\":\"https:\\\/\\\/secure.gravatar.com\\\/avatar\\\/0d25a327c6e268d9730d9c0cbeeee0fea76f04c6cf9528c29e782ef324afc515?s=96&d=mm&r=g\",\"url\":\"https:\\\/\\\/secure.gravatar.com\\\/avatar\\\/0d25a327c6e268d9730d9c0cbeeee0fea76f04c6cf9528c29e782ef324afc515?s=96&d=mm&r=g\",\"contentUrl\":\"https:\\\/\\\/secure.gravatar.com\\\/avatar\\\/0d25a327c6e268d9730d9c0cbeeee0fea76f04c6cf9528c29e782ef324afc515?s=96&d=mm&r=g\",\"caption\":\"Julien Lecourbe\"},\"url\":\"https:\\\/\\\/www.lawebradio.com\\\/news\\\/author\\\/la-redaction\\\/\"}]}<\/script>\n<!-- \/ Yoast SEO plugin. -->","yoast_head_json":{"title":"RadioKing d\u00e9voile une nouvelle version de son Manager Radio ! - Lawebradio.com - Actualit\u00e9s des radios digitales","description":"Le Manager Radio re\u00e7oit une mise \u00e0 jour de son interface qui am\u00e9liore l\u2019exp\u00e9rience utilisateur, offre de nouvelles fonctionnalit\u00e9s et facilite la programmation.","robots":{"index":"index","follow":"follow","max-snippet":"max-snippet:-1","max-image-preview":"max-image-preview:large","max-video-preview":"max-video-preview:-1"},"canonical":"https:\/\/www.lawebradio.com\/news\/radioking-devoile-une-nouvelle-version-de-son-manager-radio\/","og_locale":"fr_FR","og_type":"article","og_title":"RadioKing d\u00e9voile une nouvelle version de son Manager Radio ! - Lawebradio.com - Actualit\u00e9s des radios digitales","og_description":"Le Manager Radio re\u00e7oit une mise \u00e0 jour de son interface qui am\u00e9liore l\u2019exp\u00e9rience utilisateur, offre de nouvelles fonctionnalit\u00e9s et facilite la programmation.","og_url":"https:\/\/www.lawebradio.com\/news\/radioking-devoile-une-nouvelle-version-de-son-manager-radio\/","og_site_name":"Lawebradio.com - Actualit\u00e9s des radios digitales","article_published_time":"2020-04-15T18:14:29+00:00","article_modified_time":"2020-04-15T18:15:26+00:00","og_image":[{"width":640,"height":310,"url":"https:\/\/www.lawebradio.com\/news\/wp-content\/uploads\/2020\/04\/ima-dtge7452s.jpg","type":"image\/jpeg"}],"author":"Julien Lecourbe","twitter_misc":{"\u00c9crit par":"Julien Lecourbe","Dur\u00e9e de lecture estim\u00e9e":"2 minutes"},"schema":{"@context":"https:\/\/schema.org","@graph":[{"@type":"Article","@id":"https:\/\/www.lawebradio.com\/news\/radioking-devoile-une-nouvelle-version-de-son-manager-radio\/#article","isPartOf":{"@id":"https:\/\/www.lawebradio.com\/news\/radioking-devoile-une-nouvelle-version-de-son-manager-radio\/"},"author":{"name":"Julien Lecourbe","@id":"https:\/\/www.lawebradio.com\/news\/#\/schema\/person\/95fd11aee6e6cfe70a4b58b482103f1f"},"headline":"RadioKing d\u00e9voile une nouvelle version de son Manager Radio !","datePublished":"2020-04-15T18:14:29+00:00","dateModified":"2020-04-15T18:15:26+00:00","mainEntityOfPage":{"@id":"https:\/\/www.lawebradio.com\/news\/radioking-devoile-une-nouvelle-version-de-son-manager-radio\/"},"wordCount":383,"publisher":{"@id":"https:\/\/www.lawebradio.com\/news\/#organization"},"image":{"@id":"https:\/\/www.lawebradio.com\/news\/radioking-devoile-une-nouvelle-version-de-son-manager-radio\/#primaryimage"},"thumbnailUrl":"https:\/\/www.lawebradio.com\/news\/wp-content\/uploads\/2020\/04\/ima-dtge7452s.jpg","keywords":["applications mobiles","radio en ligne","radio king","radiomanager","streaming audio"],"articleSection":["Focus"],"inLanguage":"fr-FR"},{"@type":"WebPage","@id":"https:\/\/www.lawebradio.com\/news\/radioking-devoile-une-nouvelle-version-de-son-manager-radio\/","url":"https:\/\/www.lawebradio.com\/news\/radioking-devoile-une-nouvelle-version-de-son-manager-radio\/","name":"RadioKing d\u00e9voile une nouvelle version de son Manager Radio ! - Lawebradio.com - Actualit\u00e9s des radios digitales","isPartOf":{"@id":"https:\/\/www.lawebradio.com\/news\/#website"},"primaryImageOfPage":{"@id":"https:\/\/www.lawebradio.com\/news\/radioking-devoile-une-nouvelle-version-de-son-manager-radio\/#primaryimage"},"image":{"@id":"https:\/\/www.lawebradio.com\/news\/radioking-devoile-une-nouvelle-version-de-son-manager-radio\/#primaryimage"},"thumbnailUrl":"https:\/\/www.lawebradio.com\/news\/wp-content\/uploads\/2020\/04\/ima-dtge7452s.jpg","datePublished":"2020-04-15T18:14:29+00:00","dateModified":"2020-04-15T18:15:26+00:00","description":"Le Manager Radio re\u00e7oit une mise \u00e0 jour de son interface qui am\u00e9liore l\u2019exp\u00e9rience utilisateur, offre de nouvelles fonctionnalit\u00e9s et facilite la programmation.","inLanguage":"fr-FR","potentialAction":[{"@type":"ReadAction","target":["https:\/\/www.lawebradio.com\/news\/radioking-devoile-une-nouvelle-version-de-son-manager-radio\/"]}]},{"@type":"ImageObject","inLanguage":"fr-FR","@id":"https:\/\/www.lawebradio.com\/news\/radioking-devoile-une-nouvelle-version-de-son-manager-radio\/#primaryimage","url":"https:\/\/www.lawebradio.com\/news\/wp-content\/uploads\/2020\/04\/ima-dtge7452s.jpg","contentUrl":"https:\/\/www.lawebradio.com\/news\/wp-content\/uploads\/2020\/04\/ima-dtge7452s.jpg","width":640,"height":310},{"@type":"WebSite","@id":"https:\/\/www.lawebradio.com\/news\/#website","url":"https:\/\/www.lawebradio.com\/news\/","name":"Lawebradio.com - Actualit\u00e9s des radios digitales","description":"","publisher":{"@id":"https:\/\/www.lawebradio.com\/news\/#organization"},"potentialAction":[{"@type":"SearchAction","target":{"@type":"EntryPoint","urlTemplate":"https:\/\/www.lawebradio.com\/news\/?s={search_term_string}"},"query-input":{"@type":"PropertyValueSpecification","valueRequired":true,"valueName":"search_term_string"}}],"inLanguage":"fr-FR"},{"@type":"Organization","@id":"https:\/\/www.lawebradio.com\/news\/#organization","name":"Lawebradio.com - Actualit\u00e9s des radios digitales","url":"https:\/\/www.lawebradio.com\/news\/","logo":{"@type":"ImageObject","inLanguage":"fr-FR","@id":"https:\/\/www.lawebradio.com\/news\/#\/schema\/logo\/image\/","url":"https:\/\/www.lawebradio.com\/news\/wp-content\/uploads\/2020\/10\/logo2020.png","contentUrl":"https:\/\/www.lawebradio.com\/news\/wp-content\/uploads\/2020\/10\/logo2020.png","width":254,"height":43,"caption":"Lawebradio.com - Actualit\u00e9s des radios digitales"},"image":{"@id":"https:\/\/www.lawebradio.com\/news\/#\/schema\/logo\/image\/"}},{"@type":"Person","@id":"https:\/\/www.lawebradio.com\/news\/#\/schema\/person\/95fd11aee6e6cfe70a4b58b482103f1f","name":"Julien Lecourbe","image":{"@type":"ImageObject","inLanguage":"fr-FR","@id":"https:\/\/secure.gravatar.com\/avatar\/0d25a327c6e268d9730d9c0cbeeee0fea76f04c6cf9528c29e782ef324afc515?s=96&d=mm&r=g","url":"https:\/\/secure.gravatar.com\/avatar\/0d25a327c6e268d9730d9c0cbeeee0fea76f04c6cf9528c29e782ef324afc515?s=96&d=mm&r=g","contentUrl":"https:\/\/secure.gravatar.com\/avatar\/0d25a327c6e268d9730d9c0cbeeee0fea76f04c6cf9528c29e782ef324afc515?s=96&d=mm&r=g","caption":"Julien Lecourbe"},"url":"https:\/\/www.lawebradio.com\/news\/author\/la-redaction\/"}]}},"_links":{"self":[{"href":"https:\/\/www.lawebradio.com\/news\/wp-json\/wp\/v2\/posts\/6239","targetHints":{"allow":["GET"]}}],"collection":[{"href":"https:\/\/www.lawebradio.com\/news\/wp-json\/wp\/v2\/posts"}],"about":[{"href":"https:\/\/www.lawebradio.com\/news\/wp-json\/wp\/v2\/types\/post"}],"author":[{"embeddable":true,"href":"https:\/\/www.lawebradio.com\/news\/wp-json\/wp\/v2\/users\/3"}],"replies":[{"embeddable":true,"href":"https:\/\/www.lawebradio.com\/news\/wp-json\/wp\/v2\/comments?post=6239"}],"version-history":[{"count":2,"href":"https:\/\/www.lawebradio.com\/news\/wp-json\/wp\/v2\/posts\/6239\/revisions"}],"predecessor-version":[{"id":6243,"href":"https:\/\/www.lawebradio.com\/news\/wp-json\/wp\/v2\/posts\/6239\/revisions\/6243"}],"wp:featuredmedia":[{"embeddable":true,"href":"https:\/\/www.lawebradio.com\/news\/wp-json\/wp\/v2\/media\/6240"}],"wp:attachment":[{"href":"https:\/\/www.lawebradio.com\/news\/wp-json\/wp\/v2\/media?parent=6239"}],"wp:term":[{"taxonomy":"category","embeddable":true,"href":"https:\/\/www.lawebradio.com\/news\/wp-json\/wp\/v2\/categories?post=6239"},{"taxonomy":"post_tag","embeddable":true,"href":"https:\/\/www.lawebradio.com\/news\/wp-json\/wp\/v2\/tags?post=6239"}],"curies":[{"name":"wp","href":"https:\/\/api.w.org\/{rel}","templated":true}]}}