{"id":6165,"date":"2020-02-03T15:19:19","date_gmt":"2020-02-03T14:19:19","guid":{"rendered":"https:\/\/www.lawebradio.com\/news\/?p=6165"},"modified":"2020-02-03T15:22:26","modified_gmt":"2020-02-03T14:22:26","slug":"public-sante-8eme-groupe-radio-de-france-selon-lacpm","status":"publish","type":"post","link":"https:\/\/www.lawebradio.com\/news\/public-sante-8eme-groupe-radio-de-france-selon-lacpm\/","title":{"rendered":"Public Sant\u00e9: 8\u00e8me groupe radio de France selon l\u2019ACPM"},"content":{"rendered":"<p><strong>La marque radio leader de l\u2019information sant\u00e9 et bien-\u00eatre, \u00e0 destination du grand public, maintient son positionnement f\u00e9minin CSP+ avec <a href=\"https:\/\/www.lawebradio.com\/docs\/01-2020\/statsfull-acpm-dec2019.pdf\" target=\"_blank\" rel=\"noopener noreferrer\">11.5% d&rsquo;audience en un mois<\/a>.<\/strong><\/p>\n<p>Diffus\u00e9es depuis 2006, les 9 stations de Radio Public Sant\u00e9 se sont progressivement ancr\u00e9es dans le paysage radiophonique, offrant un programme m\u00e9dical et scientifique de qualit\u00e9 \u00e0 toutes celles et ceux qui souhaitent s&rsquo;informer sur le secteur de la sant\u00e9 et du bien-\u00eatre.<\/p>\n<p>Replay News, la nouvelle radio d&rsquo;information g\u00e9n\u00e9raliste en continu trouve ses marques aupr\u00e8s d&rsquo;un auditoire captif essentiellement masculin avec <a href=\"https:\/\/www.lawebradio.com\/docs\/01-2020\/statsfull-acpm-dec2019.pdf\" target=\"_blank\" rel=\"noopener noreferrer\">7.03% d&rsquo;augmentation de son audience en d\u00e9cembre<\/a>. Avec une r\u00e9daction de 45 journalistes et sp\u00e9cialistes, Replay News propose un programme radio d&rsquo;information nationale et internationale en continu.<\/p>\n<p>Avec un succ\u00e8s d\u2019audience portant les marques du groupe au top 10 des radios fran\u00e7aises les plus \u00e9cout\u00e9es, Radio Public Sant\u00e9 a \u00e9t\u00e9 progressivement compl\u00e9t\u00e9e d\u2019un bouquet de stations th\u00e9matiques (Public Sant\u00e9 D\u00e9tente, Public Sant\u00e9 loisirs &amp; sport, Public Sant\u00e9 Nutri-conso, Public Sant\u00e9 S\u00e9niors, Public Sant\u00e9 Famille, Public Sant\u00e9 Sexo, Radio Bien-\u00eatre animal) une version anglophone de Radio Public Sant\u00e9 : Public Health Radio, et depuis septembre 2018 une radio d&rsquo;information g\u00e9n\u00e9raliste en continu: Replay News.<\/p>\n<p><a href=\"https:\/\/www.lawebradio.com\/news\/wp-content\/uploads\/2020\/02\/ima03-def8745-022020.jpg\"><img loading=\"lazy\" decoding=\"async\" class=\"alignnone size-full wp-image-6169\" src=\"https:\/\/www.lawebradio.com\/news\/wp-content\/uploads\/2020\/02\/ima03-def8745-022020.jpg\" alt=\"\" width=\"900\" height=\"399\" srcset=\"https:\/\/www.lawebradio.com\/news\/wp-content\/uploads\/2020\/02\/ima03-def8745-022020.jpg 900w, https:\/\/www.lawebradio.com\/news\/wp-content\/uploads\/2020\/02\/ima03-def8745-022020-300x133.jpg 300w, https:\/\/www.lawebradio.com\/news\/wp-content\/uploads\/2020\/02\/ima03-def8745-022020-150x67.jpg 150w, https:\/\/www.lawebradio.com\/news\/wp-content\/uploads\/2020\/02\/ima03-def8745-022020-768x340.jpg 768w\" sizes=\"auto, (max-width: 900px) 100vw, 900px\" \/><\/a><\/p>\n<p>Cr\u00e9\u00e9e en 2006 \u00e0 l\u2019initiative d\u2019Anthony Bourdain (ancien animateur d&rsquo;NRJ, Ch\u00e9rie FM, Nostalgie, RFM, MFM), Patrick Casties (ancien collaborateur chez RMC) et de G\u00e9rard Bardy (ancien directeur g\u00e9n\u00e9ral du G\u00e9n\u00e9raliste et directeur du MEDEC, \u00e9crivain), Radio Public Sant\u00e9 propose tout au long de ses programmes une information large, accessible \u00e0 tous et d\u00e9taill\u00e9e, sur les principaux th\u00e8mes qui font l\u2019actualit\u00e9 du secteur de la Sant\u00e9.<\/p>\n<p>De la pr\u00e9vention \u00e0 l\u2019\u00e9ducation \u00e0 la sant\u00e9 en passant notamment par la nutrition, la psychologie, la sexologie, la prise en charge des soins, la maternit\u00e9, les addictions, les effets de l\u2019environnement, le sport, le bien \u00eatre\u2026 les programmes d\u2019information de Radio Public Sant\u00e9, totalement r\u00e9alis\u00e9s sous le contr\u00f4le de m\u00e9decins, de pharmaciens, de scientifiques ou de professionnels param\u00e9dicaux (kin\u00e9s, infirmi\u00e8res\u2026), entendent donner largement la parole aux sp\u00e9cialistes : scientifiques, m\u00e9decins, associations de patients, services publics institutionnels, repr\u00e9sentants politiques, industries de la sant\u00e9\u2026<\/p>\n<p>\u2022 <a href=\"http:\/\/www.publicsante.com\" target=\"_blank\" rel=\"noopener noreferrer\">En savoir plus sur Radio Public Sant\u00e9<\/a><br \/>\n\u2022 <a href=\"https:\/\/www.lawebradio.com\/docs\/01-2020\/statsfull-acpm-dec2019.pdf\" target=\"_blank\" rel=\"noopener noreferrer\">Classement ACPM du mois de d\u00e9cembre 2019<\/a><\/p>\n","protected":false},"excerpt":{"rendered":"<p>La marque radio leader de l\u2019information sant\u00e9 et bien-\u00eatre, \u00e0 destination du grand public, maintient son positionnement f\u00e9minin CSP+ avec 11.5% d&rsquo;audience en un mois. Diffus\u00e9es depuis 2006, les 9 stations de Radio Public Sant\u00e9 se sont progressivement ancr\u00e9es dans le paysage radiophonique, offrant un programme m\u00e9dical et scientifique de qualit\u00e9 \u00e0 toutes celles et [&hellip;]<\/p>\n","protected":false},"author":3,"featured_media":6166,"comment_status":"closed","ping_status":"closed","sticky":false,"template":"","format":"standard","meta":{"_et_pb_use_builder":"","_et_pb_old_content":"","_et_gb_content_width":"","footnotes":""},"categories":[1],"tags":[200,1102,1107,44],"class_list":["post-6165","post","type-post","status-publish","format-standard","has-post-thumbnail","hentry","category-digital","tag-audience-digitale","tag-classement-acpm","tag-radio-public-sante","tag-webradios","et-has-post-format-content","et_post_format-et-post-format-standard"],"yoast_head":"<!-- This site is optimized with the Yoast SEO plugin v27.5 - https:\/\/yoast.com\/product\/yoast-seo-wordpress\/ -->\n<title>Public Sant\u00e9: 8\u00e8me groupe radio de France selon l\u2019ACPM - Lawebradio.com - Actualit\u00e9s des radios digitales<\/title>\n<meta name=\"description\" content=\"La marque radio leader de l\u2019information sant\u00e9 et bien-\u00eatre maintient son positionnement f\u00e9minin CSP+ avec 11.5% d&#039;audience en un mois.\" \/>\n<meta name=\"robots\" content=\"index, follow, max-snippet:-1, max-image-preview:large, max-video-preview:-1\" \/>\n<link rel=\"canonical\" href=\"https:\/\/www.lawebradio.com\/news\/public-sante-8eme-groupe-radio-de-france-selon-lacpm\/\" \/>\n<meta property=\"og:locale\" content=\"fr_FR\" \/>\n<meta property=\"og:type\" content=\"article\" \/>\n<meta property=\"og:title\" content=\"Public Sant\u00e9: 8\u00e8me groupe radio de France selon l\u2019ACPM - Lawebradio.com - Actualit\u00e9s des radios digitales\" \/>\n<meta property=\"og:description\" content=\"La marque radio leader de l\u2019information sant\u00e9 et bien-\u00eatre maintient son positionnement f\u00e9minin CSP+ avec 11.5% d&#039;audience en un mois.\" \/>\n<meta property=\"og:url\" content=\"https:\/\/www.lawebradio.com\/news\/public-sante-8eme-groupe-radio-de-france-selon-lacpm\/\" \/>\n<meta property=\"og:site_name\" content=\"Lawebradio.com - Actualit\u00e9s des radios digitales\" \/>\n<meta property=\"article:published_time\" content=\"2020-02-03T14:19:19+00:00\" \/>\n<meta property=\"article:modified_time\" content=\"2020-02-03T14:22:26+00:00\" \/>\n<meta property=\"og:image\" content=\"https:\/\/www.lawebradio.com\/news\/wp-content\/uploads\/2020\/02\/ima-def8745-022020.jpg\" \/>\n\t<meta property=\"og:image:width\" content=\"640\" \/>\n\t<meta property=\"og:image:height\" content=\"310\" \/>\n\t<meta property=\"og:image:type\" content=\"image\/jpeg\" \/>\n<meta name=\"author\" content=\"Julien Lecourbe\" \/>\n<meta name=\"twitter:label1\" content=\"\u00c9crit par\" \/>\n\t<meta name=\"twitter:data1\" content=\"Julien Lecourbe\" \/>\n\t<meta name=\"twitter:label2\" content=\"Dur\u00e9e de lecture estim\u00e9e\" \/>\n\t<meta name=\"twitter:data2\" content=\"2 minutes\" \/>\n<script type=\"application\/ld+json\" class=\"yoast-schema-graph\">{\"@context\":\"https:\\\/\\\/schema.org\",\"@graph\":[{\"@type\":\"Article\",\"@id\":\"https:\\\/\\\/www.lawebradio.com\\\/news\\\/public-sante-8eme-groupe-radio-de-france-selon-lacpm\\\/#article\",\"isPartOf\":{\"@id\":\"https:\\\/\\\/www.lawebradio.com\\\/news\\\/public-sante-8eme-groupe-radio-de-france-selon-lacpm\\\/\"},\"author\":{\"name\":\"Julien Lecourbe\",\"@id\":\"https:\\\/\\\/www.lawebradio.com\\\/news\\\/#\\\/schema\\\/person\\\/95fd11aee6e6cfe70a4b58b482103f1f\"},\"headline\":\"Public Sant\u00e9: 8\u00e8me groupe radio de France selon l\u2019ACPM\",\"datePublished\":\"2020-02-03T14:19:19+00:00\",\"dateModified\":\"2020-02-03T14:22:26+00:00\",\"mainEntityOfPage\":{\"@id\":\"https:\\\/\\\/www.lawebradio.com\\\/news\\\/public-sante-8eme-groupe-radio-de-france-selon-lacpm\\\/\"},\"wordCount\":407,\"publisher\":{\"@id\":\"https:\\\/\\\/www.lawebradio.com\\\/news\\\/#organization\"},\"image\":{\"@id\":\"https:\\\/\\\/www.lawebradio.com\\\/news\\\/public-sante-8eme-groupe-radio-de-france-selon-lacpm\\\/#primaryimage\"},\"thumbnailUrl\":\"https:\\\/\\\/www.lawebradio.com\\\/news\\\/wp-content\\\/uploads\\\/2020\\\/02\\\/ima-def8745-022020.jpg\",\"keywords\":[\"audience digitale\",\"classement ACPM\",\"radio public sante\",\"webradios\"],\"articleSection\":[\"Digital\"],\"inLanguage\":\"fr-FR\"},{\"@type\":\"WebPage\",\"@id\":\"https:\\\/\\\/www.lawebradio.com\\\/news\\\/public-sante-8eme-groupe-radio-de-france-selon-lacpm\\\/\",\"url\":\"https:\\\/\\\/www.lawebradio.com\\\/news\\\/public-sante-8eme-groupe-radio-de-france-selon-lacpm\\\/\",\"name\":\"Public Sant\u00e9: 8\u00e8me groupe radio de France selon l\u2019ACPM - Lawebradio.com - Actualit\u00e9s des radios digitales\",\"isPartOf\":{\"@id\":\"https:\\\/\\\/www.lawebradio.com\\\/news\\\/#website\"},\"primaryImageOfPage\":{\"@id\":\"https:\\\/\\\/www.lawebradio.com\\\/news\\\/public-sante-8eme-groupe-radio-de-france-selon-lacpm\\\/#primaryimage\"},\"image\":{\"@id\":\"https:\\\/\\\/www.lawebradio.com\\\/news\\\/public-sante-8eme-groupe-radio-de-france-selon-lacpm\\\/#primaryimage\"},\"thumbnailUrl\":\"https:\\\/\\\/www.lawebradio.com\\\/news\\\/wp-content\\\/uploads\\\/2020\\\/02\\\/ima-def8745-022020.jpg\",\"datePublished\":\"2020-02-03T14:19:19+00:00\",\"dateModified\":\"2020-02-03T14:22:26+00:00\",\"description\":\"La marque radio leader de l\u2019information sant\u00e9 et bien-\u00eatre maintient son positionnement f\u00e9minin CSP+ avec 11.5% d'audience en un mois.\",\"inLanguage\":\"fr-FR\",\"potentialAction\":[{\"@type\":\"ReadAction\",\"target\":[\"https:\\\/\\\/www.lawebradio.com\\\/news\\\/public-sante-8eme-groupe-radio-de-france-selon-lacpm\\\/\"]}]},{\"@type\":\"ImageObject\",\"inLanguage\":\"fr-FR\",\"@id\":\"https:\\\/\\\/www.lawebradio.com\\\/news\\\/public-sante-8eme-groupe-radio-de-france-selon-lacpm\\\/#primaryimage\",\"url\":\"https:\\\/\\\/www.lawebradio.com\\\/news\\\/wp-content\\\/uploads\\\/2020\\\/02\\\/ima-def8745-022020.jpg\",\"contentUrl\":\"https:\\\/\\\/www.lawebradio.com\\\/news\\\/wp-content\\\/uploads\\\/2020\\\/02\\\/ima-def8745-022020.jpg\",\"width\":640,\"height\":310},{\"@type\":\"WebSite\",\"@id\":\"https:\\\/\\\/www.lawebradio.com\\\/news\\\/#website\",\"url\":\"https:\\\/\\\/www.lawebradio.com\\\/news\\\/\",\"name\":\"Lawebradio.com - Actualit\u00e9s des radios digitales\",\"description\":\"\",\"publisher\":{\"@id\":\"https:\\\/\\\/www.lawebradio.com\\\/news\\\/#organization\"},\"potentialAction\":[{\"@type\":\"SearchAction\",\"target\":{\"@type\":\"EntryPoint\",\"urlTemplate\":\"https:\\\/\\\/www.lawebradio.com\\\/news\\\/?s={search_term_string}\"},\"query-input\":{\"@type\":\"PropertyValueSpecification\",\"valueRequired\":true,\"valueName\":\"search_term_string\"}}],\"inLanguage\":\"fr-FR\"},{\"@type\":\"Organization\",\"@id\":\"https:\\\/\\\/www.lawebradio.com\\\/news\\\/#organization\",\"name\":\"Lawebradio.com - Actualit\u00e9s des radios digitales\",\"url\":\"https:\\\/\\\/www.lawebradio.com\\\/news\\\/\",\"logo\":{\"@type\":\"ImageObject\",\"inLanguage\":\"fr-FR\",\"@id\":\"https:\\\/\\\/www.lawebradio.com\\\/news\\\/#\\\/schema\\\/logo\\\/image\\\/\",\"url\":\"https:\\\/\\\/www.lawebradio.com\\\/news\\\/wp-content\\\/uploads\\\/2020\\\/10\\\/logo2020.png\",\"contentUrl\":\"https:\\\/\\\/www.lawebradio.com\\\/news\\\/wp-content\\\/uploads\\\/2020\\\/10\\\/logo2020.png\",\"width\":254,\"height\":43,\"caption\":\"Lawebradio.com - Actualit\u00e9s des radios digitales\"},\"image\":{\"@id\":\"https:\\\/\\\/www.lawebradio.com\\\/news\\\/#\\\/schema\\\/logo\\\/image\\\/\"}},{\"@type\":\"Person\",\"@id\":\"https:\\\/\\\/www.lawebradio.com\\\/news\\\/#\\\/schema\\\/person\\\/95fd11aee6e6cfe70a4b58b482103f1f\",\"name\":\"Julien Lecourbe\",\"image\":{\"@type\":\"ImageObject\",\"inLanguage\":\"fr-FR\",\"@id\":\"https:\\\/\\\/secure.gravatar.com\\\/avatar\\\/0d25a327c6e268d9730d9c0cbeeee0fea76f04c6cf9528c29e782ef324afc515?s=96&d=mm&r=g\",\"url\":\"https:\\\/\\\/secure.gravatar.com\\\/avatar\\\/0d25a327c6e268d9730d9c0cbeeee0fea76f04c6cf9528c29e782ef324afc515?s=96&d=mm&r=g\",\"contentUrl\":\"https:\\\/\\\/secure.gravatar.com\\\/avatar\\\/0d25a327c6e268d9730d9c0cbeeee0fea76f04c6cf9528c29e782ef324afc515?s=96&d=mm&r=g\",\"caption\":\"Julien Lecourbe\"},\"url\":\"https:\\\/\\\/www.lawebradio.com\\\/news\\\/author\\\/la-redaction\\\/\"}]}<\/script>\n<!-- \/ Yoast SEO plugin. -->","yoast_head_json":{"title":"Public Sant\u00e9: 8\u00e8me groupe radio de France selon l\u2019ACPM - Lawebradio.com - Actualit\u00e9s des radios digitales","description":"La marque radio leader de l\u2019information sant\u00e9 et bien-\u00eatre maintient son positionnement f\u00e9minin CSP+ avec 11.5% d'audience en un mois.","robots":{"index":"index","follow":"follow","max-snippet":"max-snippet:-1","max-image-preview":"max-image-preview:large","max-video-preview":"max-video-preview:-1"},"canonical":"https:\/\/www.lawebradio.com\/news\/public-sante-8eme-groupe-radio-de-france-selon-lacpm\/","og_locale":"fr_FR","og_type":"article","og_title":"Public Sant\u00e9: 8\u00e8me groupe radio de France selon l\u2019ACPM - Lawebradio.com - Actualit\u00e9s des radios digitales","og_description":"La marque radio leader de l\u2019information sant\u00e9 et bien-\u00eatre maintient son positionnement f\u00e9minin CSP+ avec 11.5% d'audience en un mois.","og_url":"https:\/\/www.lawebradio.com\/news\/public-sante-8eme-groupe-radio-de-france-selon-lacpm\/","og_site_name":"Lawebradio.com - Actualit\u00e9s des radios digitales","article_published_time":"2020-02-03T14:19:19+00:00","article_modified_time":"2020-02-03T14:22:26+00:00","og_image":[{"width":640,"height":310,"url":"https:\/\/www.lawebradio.com\/news\/wp-content\/uploads\/2020\/02\/ima-def8745-022020.jpg","type":"image\/jpeg"}],"author":"Julien Lecourbe","twitter_misc":{"\u00c9crit par":"Julien Lecourbe","Dur\u00e9e de lecture estim\u00e9e":"2 minutes"},"schema":{"@context":"https:\/\/schema.org","@graph":[{"@type":"Article","@id":"https:\/\/www.lawebradio.com\/news\/public-sante-8eme-groupe-radio-de-france-selon-lacpm\/#article","isPartOf":{"@id":"https:\/\/www.lawebradio.com\/news\/public-sante-8eme-groupe-radio-de-france-selon-lacpm\/"},"author":{"name":"Julien Lecourbe","@id":"https:\/\/www.lawebradio.com\/news\/#\/schema\/person\/95fd11aee6e6cfe70a4b58b482103f1f"},"headline":"Public Sant\u00e9: 8\u00e8me groupe radio de France selon l\u2019ACPM","datePublished":"2020-02-03T14:19:19+00:00","dateModified":"2020-02-03T14:22:26+00:00","mainEntityOfPage":{"@id":"https:\/\/www.lawebradio.com\/news\/public-sante-8eme-groupe-radio-de-france-selon-lacpm\/"},"wordCount":407,"publisher":{"@id":"https:\/\/www.lawebradio.com\/news\/#organization"},"image":{"@id":"https:\/\/www.lawebradio.com\/news\/public-sante-8eme-groupe-radio-de-france-selon-lacpm\/#primaryimage"},"thumbnailUrl":"https:\/\/www.lawebradio.com\/news\/wp-content\/uploads\/2020\/02\/ima-def8745-022020.jpg","keywords":["audience digitale","classement ACPM","radio public sante","webradios"],"articleSection":["Digital"],"inLanguage":"fr-FR"},{"@type":"WebPage","@id":"https:\/\/www.lawebradio.com\/news\/public-sante-8eme-groupe-radio-de-france-selon-lacpm\/","url":"https:\/\/www.lawebradio.com\/news\/public-sante-8eme-groupe-radio-de-france-selon-lacpm\/","name":"Public Sant\u00e9: 8\u00e8me groupe radio de France selon l\u2019ACPM - Lawebradio.com - Actualit\u00e9s des radios digitales","isPartOf":{"@id":"https:\/\/www.lawebradio.com\/news\/#website"},"primaryImageOfPage":{"@id":"https:\/\/www.lawebradio.com\/news\/public-sante-8eme-groupe-radio-de-france-selon-lacpm\/#primaryimage"},"image":{"@id":"https:\/\/www.lawebradio.com\/news\/public-sante-8eme-groupe-radio-de-france-selon-lacpm\/#primaryimage"},"thumbnailUrl":"https:\/\/www.lawebradio.com\/news\/wp-content\/uploads\/2020\/02\/ima-def8745-022020.jpg","datePublished":"2020-02-03T14:19:19+00:00","dateModified":"2020-02-03T14:22:26+00:00","description":"La marque radio leader de l\u2019information sant\u00e9 et bien-\u00eatre maintient son positionnement f\u00e9minin CSP+ avec 11.5% d'audience en un mois.","inLanguage":"fr-FR","potentialAction":[{"@type":"ReadAction","target":["https:\/\/www.lawebradio.com\/news\/public-sante-8eme-groupe-radio-de-france-selon-lacpm\/"]}]},{"@type":"ImageObject","inLanguage":"fr-FR","@id":"https:\/\/www.lawebradio.com\/news\/public-sante-8eme-groupe-radio-de-france-selon-lacpm\/#primaryimage","url":"https:\/\/www.lawebradio.com\/news\/wp-content\/uploads\/2020\/02\/ima-def8745-022020.jpg","contentUrl":"https:\/\/www.lawebradio.com\/news\/wp-content\/uploads\/2020\/02\/ima-def8745-022020.jpg","width":640,"height":310},{"@type":"WebSite","@id":"https:\/\/www.lawebradio.com\/news\/#website","url":"https:\/\/www.lawebradio.com\/news\/","name":"Lawebradio.com - Actualit\u00e9s des radios digitales","description":"","publisher":{"@id":"https:\/\/www.lawebradio.com\/news\/#organization"},"potentialAction":[{"@type":"SearchAction","target":{"@type":"EntryPoint","urlTemplate":"https:\/\/www.lawebradio.com\/news\/?s={search_term_string}"},"query-input":{"@type":"PropertyValueSpecification","valueRequired":true,"valueName":"search_term_string"}}],"inLanguage":"fr-FR"},{"@type":"Organization","@id":"https:\/\/www.lawebradio.com\/news\/#organization","name":"Lawebradio.com - Actualit\u00e9s des radios digitales","url":"https:\/\/www.lawebradio.com\/news\/","logo":{"@type":"ImageObject","inLanguage":"fr-FR","@id":"https:\/\/www.lawebradio.com\/news\/#\/schema\/logo\/image\/","url":"https:\/\/www.lawebradio.com\/news\/wp-content\/uploads\/2020\/10\/logo2020.png","contentUrl":"https:\/\/www.lawebradio.com\/news\/wp-content\/uploads\/2020\/10\/logo2020.png","width":254,"height":43,"caption":"Lawebradio.com - Actualit\u00e9s des radios digitales"},"image":{"@id":"https:\/\/www.lawebradio.com\/news\/#\/schema\/logo\/image\/"}},{"@type":"Person","@id":"https:\/\/www.lawebradio.com\/news\/#\/schema\/person\/95fd11aee6e6cfe70a4b58b482103f1f","name":"Julien Lecourbe","image":{"@type":"ImageObject","inLanguage":"fr-FR","@id":"https:\/\/secure.gravatar.com\/avatar\/0d25a327c6e268d9730d9c0cbeeee0fea76f04c6cf9528c29e782ef324afc515?s=96&d=mm&r=g","url":"https:\/\/secure.gravatar.com\/avatar\/0d25a327c6e268d9730d9c0cbeeee0fea76f04c6cf9528c29e782ef324afc515?s=96&d=mm&r=g","contentUrl":"https:\/\/secure.gravatar.com\/avatar\/0d25a327c6e268d9730d9c0cbeeee0fea76f04c6cf9528c29e782ef324afc515?s=96&d=mm&r=g","caption":"Julien Lecourbe"},"url":"https:\/\/www.lawebradio.com\/news\/author\/la-redaction\/"}]}},"_links":{"self":[{"href":"https:\/\/www.lawebradio.com\/news\/wp-json\/wp\/v2\/posts\/6165","targetHints":{"allow":["GET"]}}],"collection":[{"href":"https:\/\/www.lawebradio.com\/news\/wp-json\/wp\/v2\/posts"}],"about":[{"href":"https:\/\/www.lawebradio.com\/news\/wp-json\/wp\/v2\/types\/post"}],"author":[{"embeddable":true,"href":"https:\/\/www.lawebradio.com\/news\/wp-json\/wp\/v2\/users\/3"}],"replies":[{"embeddable":true,"href":"https:\/\/www.lawebradio.com\/news\/wp-json\/wp\/v2\/comments?post=6165"}],"version-history":[{"count":2,"href":"https:\/\/www.lawebradio.com\/news\/wp-json\/wp\/v2\/posts\/6165\/revisions"}],"predecessor-version":[{"id":6170,"href":"https:\/\/www.lawebradio.com\/news\/wp-json\/wp\/v2\/posts\/6165\/revisions\/6170"}],"wp:featuredmedia":[{"embeddable":true,"href":"https:\/\/www.lawebradio.com\/news\/wp-json\/wp\/v2\/media\/6166"}],"wp:attachment":[{"href":"https:\/\/www.lawebradio.com\/news\/wp-json\/wp\/v2\/media?parent=6165"}],"wp:term":[{"taxonomy":"category","embeddable":true,"href":"https:\/\/www.lawebradio.com\/news\/wp-json\/wp\/v2\/categories?post=6165"},{"taxonomy":"post_tag","embeddable":true,"href":"https:\/\/www.lawebradio.com\/news\/wp-json\/wp\/v2\/tags?post=6165"}],"curies":[{"name":"wp","href":"https:\/\/api.w.org\/{rel}","templated":true}]}}