{"id":6151,"date":"2020-02-01T20:57:50","date_gmt":"2020-02-01T19:57:50","guid":{"rendered":"https:\/\/www.lawebradio.com\/news\/?p=6151"},"modified":"2026-02-01T19:13:53","modified_gmt":"2026-02-01T18:13:53","slug":"allo-la-planete-donne-la-parole-aux-voyageurs","status":"publish","type":"post","link":"https:\/\/www.lawebradio.com\/news\/allo-la-planete-donne-la-parole-aux-voyageurs\/","title":{"rendered":"All\u00f4 La Plan\u00e8te donne la parole aux voyageurs"},"content":{"rendered":"<p><strong>\u00ab\u00a0Une libre antenne, un comptoir des voyageurs, un lieu d\u2019\u00e9change, de tol\u00e9rance, de d\u00e9couverte, une soif d\u2019aventure\u00a0\u00bb.<\/strong><\/p>\n<p>De 2006 \u00e0 2014, les voyageurs ont racont\u00e9 leur p\u00e9riple extraordinaire dans l&rsquo;\u00e9mission mythique \u00ab\u00a0All\u00f4 La Plan\u00e8te\u00a0\u00bb pr\u00e9sent\u00e9e par Eric Lange sur France Inter. Ils ont partag\u00e9 leur quotidien d\u2019expatri\u00e9, ont t\u00e9moign\u00e9 de leur vie de baroudeur sans fronti\u00e8re ou ont demand\u00e9 de l\u2019aide \u00e0 d\u2019autres voyageurs.<\/p>\n<p>Dans le but de rendre disponible tous ces programmes originaux au plus grand nombre, St\u00e9phane Blaise, journaliste et ami d\u2019Eric, a su le convaincre de relancer son \u00e9mission en version digitale.<\/p>\n<p>La grille de programmes est ouverte \u00e0 toutes celles et ceux qui font ou veulent r\u00e9aliser des podcasts, lancer une \u00e9mission, parler d&rsquo;une th\u00e9matique qui leur est ch\u00e8re (voyager quand on est une femme seule, en camping-car, le voyage et le handicap, interviews de voyageurs, \u00e9cotourisme et animaux, le voyage \u00e9thique, histoires de p\u00e8lerins, les expats, le voyage int\u00e9rieur&#8230;).<\/p>\n<p><em>\u00ab\u00a0Nous sommes pr\u00e9sents sur des festivals (Mad Jacques, Forum des chemins p\u00e8lerins,\u2026). L\u2019id\u00e9e est d\u2019\u00e9tendre nos r\u00e9alisations avec plusieurs \u00e9missions (ap\u00e9ro-voyageurs, interviews,&#8230;) bien au-del\u00e0 des fronti\u00e8res ard\u00e9choises qui restent notre base. Actuellement, la radio ne poss\u00e8de pas de studio fixe mais un studio mobile pour cr\u00e9er plus facilement des \u00e9missions, r\u00e9aliser et diffuser en direct depuis des festivals pourrait \u00eatre am\u00e9nag\u00e9 dans un camping-car, par exemple. La radio 100% voyage prendra alors tout son sens.\u00a0\u00bb<\/em> assure St\u00e9phane.<\/p>\n<p>\u2022 <a href=\"https:\/\/podcast.ausha.co\/allo-la-planete\" target=\"_blank\" rel=\"noopener noreferrer\">Consultez tous les podcasts<\/a><\/p>\n<p>&nbsp;<br \/>\n<iframe loading=\"lazy\" src=\"https:\/\/www.youtube.com\/embed\/fjuYh6_lIak\" width=\"560\" height=\"315\" frameborder=\"0\" allowfullscreen=\"allowfullscreen\"><\/iframe><\/p>\n<p><strong>Eric Lange<\/strong><br \/>\nAnimateur radio, chroniqueur, journaliste\u2026Eric Lange travaille en radio depuis plus de trente ans. On l\u2019a crois\u00e9 \u00e0 Skyrock, Fun, RFM, Europe 2, Le Mouv, M\u00e9di 1 (Maroc), Radio Canada, France Inter\u2026 Toujours attir\u00e9 par les voyages, il a gagn\u00e9 son \u00ab travail id\u00e9al \u00bb \u00e0 la fin des ann\u00e9es 90 en sillonnant le monde pendant quatre ann\u00e9es et en racontant ses aventures quotidiennement \u00e0 l\u2019antenne de plusieurs radios. C\u2019est en rentrant de ce p\u00e9riple qu\u2019il imagine \u00ab All\u00f4 La Plan\u00e8te \u00bb, une libre antenne avec des auditeurs \u00e9parpill\u00e9s autour du monde, voyageurs, \u00e9tudiants, expatri\u00e9s, retrait\u00e9s, familles autours du monde\u2026 L\u2019aventure durera 10 ans, l\u2019\u00e9mission sera diffus\u00e9e sur Le Mouv, radio Canada, France O et France Inter.<\/p>\n<p><strong>St\u00e9phane Blaise<\/strong><br \/>\nJournaliste en presse \u00e9crite depuis 2002 pour un hebdomadaire du sud de la France, c&rsquo;est avec son \u00e2ne Marius qu&rsquo;il arpente les chemins de traverse hexagonaux pendant 10 ans avant de d\u00e9cider, en 2016, de tout vendre et de partir avec son compagnon pour une vie nomade sur les chemins de France et d&rsquo;Europe. C&rsquo;est par l&rsquo;interm\u00e9diaire de l&rsquo;\u00e9mission All\u00f4 la Plan\u00e8te que St\u00e9phane rencontre Eric qui l&rsquo;interviewe plusieurs fois par an \u00e0 l&rsquo;occasion de ses p\u00e9riples. Et c&rsquo;est \u00e0 l&rsquo;occasion d&rsquo;une rencontre, en janvier 2018 qu&rsquo;est \u00e9voqu\u00e9 le projet de lancer une webradio sur le voyage. Le projet germe sur les chemins et c&rsquo;est de retour \u00e0 la s\u00e9dentarit\u00e9, en Ard\u00e8che, qu&rsquo;il travaille sur sa mise en place avec Eric.<\/p>\n","protected":false},"excerpt":{"rendered":"<p>\u00ab\u00a0Une libre antenne, un comptoir des voyageurs, un lieu d\u2019\u00e9change, de tol\u00e9rance, de d\u00e9couverte, une soif d\u2019aventure\u00a0\u00bb. De 2006 \u00e0 2014, les voyageurs ont racont\u00e9 leur p\u00e9riple extraordinaire dans l&rsquo;\u00e9mission mythique \u00ab\u00a0All\u00f4 La Plan\u00e8te\u00a0\u00bb pr\u00e9sent\u00e9e par Eric Lange sur France Inter. Ils ont partag\u00e9 leur quotidien d\u2019expatri\u00e9, ont t\u00e9moign\u00e9 de leur vie de baroudeur sans [&hellip;]<\/p>\n","protected":false},"author":3,"featured_media":6152,"comment_status":"closed","ping_status":"closed","sticky":false,"template":"","format":"standard","meta":{"_et_pb_use_builder":"","_et_pb_old_content":"","_et_gb_content_width":"","footnotes":""},"categories":[6],"tags":[628,328,1105,44],"class_list":["post-6151","post","type-post","status-publish","format-standard","has-post-thumbnail","hentry","category-focus","tag-france-inter","tag-radio-digitale","tag-voyage","tag-webradios","et-has-post-format-content","et_post_format-et-post-format-standard"],"yoast_head":"<!-- This site is optimized with the Yoast SEO plugin v27.5 - https:\/\/yoast.com\/product\/yoast-seo-wordpress\/ -->\n<title>All\u00f4 La Plan\u00e8te donne la parole aux voyageurs - Lawebradio.com - Actualit\u00e9s des radios digitales<\/title>\n<meta name=\"description\" content=\"La radio All\u00f4 La Plan\u00e8te, c&#039;est une libre antenne, un comptoir des voyageurs, un lieu d\u2019\u00e9change, de tol\u00e9rance, de d\u00e9couverte, une soif d\u2019aventure.\" \/>\n<meta name=\"robots\" content=\"index, follow, max-snippet:-1, max-image-preview:large, max-video-preview:-1\" \/>\n<link rel=\"canonical\" href=\"https:\/\/www.lawebradio.com\/news\/allo-la-planete-donne-la-parole-aux-voyageurs\/\" \/>\n<meta property=\"og:locale\" content=\"fr_FR\" \/>\n<meta property=\"og:type\" content=\"article\" \/>\n<meta property=\"og:title\" content=\"All\u00f4 La Plan\u00e8te donne la parole aux voyageurs - Lawebradio.com - Actualit\u00e9s des radios digitales\" \/>\n<meta property=\"og:description\" content=\"La radio All\u00f4 La Plan\u00e8te, c&#039;est une libre antenne, un comptoir des voyageurs, un lieu d\u2019\u00e9change, de tol\u00e9rance, de d\u00e9couverte, une soif d\u2019aventure.\" \/>\n<meta property=\"og:url\" content=\"https:\/\/www.lawebradio.com\/news\/allo-la-planete-donne-la-parole-aux-voyageurs\/\" \/>\n<meta property=\"og:site_name\" content=\"Lawebradio.com - Actualit\u00e9s des radios digitales\" \/>\n<meta property=\"article:published_time\" content=\"2020-02-01T19:57:50+00:00\" \/>\n<meta property=\"article:modified_time\" content=\"2026-02-01T18:13:53+00:00\" \/>\n<meta property=\"og:image\" content=\"https:\/\/www.lawebradio.com\/news\/wp-content\/uploads\/2020\/02\/ima01-dtgre745-012020.jpg\" \/>\n\t<meta property=\"og:image:width\" content=\"640\" \/>\n\t<meta property=\"og:image:height\" content=\"310\" \/>\n\t<meta property=\"og:image:type\" content=\"image\/jpeg\" \/>\n<meta name=\"author\" content=\"Julien Lecourbe\" \/>\n<meta name=\"twitter:label1\" content=\"\u00c9crit par\" \/>\n\t<meta name=\"twitter:data1\" content=\"Julien Lecourbe\" \/>\n\t<meta name=\"twitter:label2\" content=\"Dur\u00e9e de lecture estim\u00e9e\" \/>\n\t<meta name=\"twitter:data2\" content=\"3 minutes\" \/>\n<script type=\"application\/ld+json\" class=\"yoast-schema-graph\">{\"@context\":\"https:\\\/\\\/schema.org\",\"@graph\":[{\"@type\":\"Article\",\"@id\":\"https:\\\/\\\/www.lawebradio.com\\\/news\\\/allo-la-planete-donne-la-parole-aux-voyageurs\\\/#article\",\"isPartOf\":{\"@id\":\"https:\\\/\\\/www.lawebradio.com\\\/news\\\/allo-la-planete-donne-la-parole-aux-voyageurs\\\/\"},\"author\":{\"name\":\"Julien Lecourbe\",\"@id\":\"https:\\\/\\\/www.lawebradio.com\\\/news\\\/#\\\/schema\\\/person\\\/95fd11aee6e6cfe70a4b58b482103f1f\"},\"headline\":\"All\u00f4 La Plan\u00e8te donne la parole aux voyageurs\",\"datePublished\":\"2020-02-01T19:57:50+00:00\",\"dateModified\":\"2026-02-01T18:13:53+00:00\",\"mainEntityOfPage\":{\"@id\":\"https:\\\/\\\/www.lawebradio.com\\\/news\\\/allo-la-planete-donne-la-parole-aux-voyageurs\\\/\"},\"wordCount\":537,\"publisher\":{\"@id\":\"https:\\\/\\\/www.lawebradio.com\\\/news\\\/#organization\"},\"image\":{\"@id\":\"https:\\\/\\\/www.lawebradio.com\\\/news\\\/allo-la-planete-donne-la-parole-aux-voyageurs\\\/#primaryimage\"},\"thumbnailUrl\":\"https:\\\/\\\/www.lawebradio.com\\\/news\\\/wp-content\\\/uploads\\\/2020\\\/02\\\/ima01-dtgre745-012020.jpg\",\"keywords\":[\"france inter\",\"radio digitale\",\"voyage\",\"webradios\"],\"articleSection\":[\"Focus\"],\"inLanguage\":\"fr-FR\"},{\"@type\":\"WebPage\",\"@id\":\"https:\\\/\\\/www.lawebradio.com\\\/news\\\/allo-la-planete-donne-la-parole-aux-voyageurs\\\/\",\"url\":\"https:\\\/\\\/www.lawebradio.com\\\/news\\\/allo-la-planete-donne-la-parole-aux-voyageurs\\\/\",\"name\":\"All\u00f4 La Plan\u00e8te donne la parole aux voyageurs - Lawebradio.com - Actualit\u00e9s des radios digitales\",\"isPartOf\":{\"@id\":\"https:\\\/\\\/www.lawebradio.com\\\/news\\\/#website\"},\"primaryImageOfPage\":{\"@id\":\"https:\\\/\\\/www.lawebradio.com\\\/news\\\/allo-la-planete-donne-la-parole-aux-voyageurs\\\/#primaryimage\"},\"image\":{\"@id\":\"https:\\\/\\\/www.lawebradio.com\\\/news\\\/allo-la-planete-donne-la-parole-aux-voyageurs\\\/#primaryimage\"},\"thumbnailUrl\":\"https:\\\/\\\/www.lawebradio.com\\\/news\\\/wp-content\\\/uploads\\\/2020\\\/02\\\/ima01-dtgre745-012020.jpg\",\"datePublished\":\"2020-02-01T19:57:50+00:00\",\"dateModified\":\"2026-02-01T18:13:53+00:00\",\"description\":\"La radio All\u00f4 La Plan\u00e8te, c'est une libre antenne, un comptoir des voyageurs, un lieu d\u2019\u00e9change, de tol\u00e9rance, de d\u00e9couverte, une soif d\u2019aventure.\",\"inLanguage\":\"fr-FR\",\"potentialAction\":[{\"@type\":\"ReadAction\",\"target\":[\"https:\\\/\\\/www.lawebradio.com\\\/news\\\/allo-la-planete-donne-la-parole-aux-voyageurs\\\/\"]}]},{\"@type\":\"ImageObject\",\"inLanguage\":\"fr-FR\",\"@id\":\"https:\\\/\\\/www.lawebradio.com\\\/news\\\/allo-la-planete-donne-la-parole-aux-voyageurs\\\/#primaryimage\",\"url\":\"https:\\\/\\\/www.lawebradio.com\\\/news\\\/wp-content\\\/uploads\\\/2020\\\/02\\\/ima01-dtgre745-012020.jpg\",\"contentUrl\":\"https:\\\/\\\/www.lawebradio.com\\\/news\\\/wp-content\\\/uploads\\\/2020\\\/02\\\/ima01-dtgre745-012020.jpg\",\"width\":640,\"height\":310},{\"@type\":\"WebSite\",\"@id\":\"https:\\\/\\\/www.lawebradio.com\\\/news\\\/#website\",\"url\":\"https:\\\/\\\/www.lawebradio.com\\\/news\\\/\",\"name\":\"Lawebradio.com - Actualit\u00e9s des radios digitales\",\"description\":\"\",\"publisher\":{\"@id\":\"https:\\\/\\\/www.lawebradio.com\\\/news\\\/#organization\"},\"potentialAction\":[{\"@type\":\"SearchAction\",\"target\":{\"@type\":\"EntryPoint\",\"urlTemplate\":\"https:\\\/\\\/www.lawebradio.com\\\/news\\\/?s={search_term_string}\"},\"query-input\":{\"@type\":\"PropertyValueSpecification\",\"valueRequired\":true,\"valueName\":\"search_term_string\"}}],\"inLanguage\":\"fr-FR\"},{\"@type\":\"Organization\",\"@id\":\"https:\\\/\\\/www.lawebradio.com\\\/news\\\/#organization\",\"name\":\"Lawebradio.com - Actualit\u00e9s des radios digitales\",\"url\":\"https:\\\/\\\/www.lawebradio.com\\\/news\\\/\",\"logo\":{\"@type\":\"ImageObject\",\"inLanguage\":\"fr-FR\",\"@id\":\"https:\\\/\\\/www.lawebradio.com\\\/news\\\/#\\\/schema\\\/logo\\\/image\\\/\",\"url\":\"https:\\\/\\\/www.lawebradio.com\\\/news\\\/wp-content\\\/uploads\\\/2020\\\/10\\\/logo2020.png\",\"contentUrl\":\"https:\\\/\\\/www.lawebradio.com\\\/news\\\/wp-content\\\/uploads\\\/2020\\\/10\\\/logo2020.png\",\"width\":254,\"height\":43,\"caption\":\"Lawebradio.com - Actualit\u00e9s des radios digitales\"},\"image\":{\"@id\":\"https:\\\/\\\/www.lawebradio.com\\\/news\\\/#\\\/schema\\\/logo\\\/image\\\/\"}},{\"@type\":\"Person\",\"@id\":\"https:\\\/\\\/www.lawebradio.com\\\/news\\\/#\\\/schema\\\/person\\\/95fd11aee6e6cfe70a4b58b482103f1f\",\"name\":\"Julien Lecourbe\",\"image\":{\"@type\":\"ImageObject\",\"inLanguage\":\"fr-FR\",\"@id\":\"https:\\\/\\\/secure.gravatar.com\\\/avatar\\\/0d25a327c6e268d9730d9c0cbeeee0fea76f04c6cf9528c29e782ef324afc515?s=96&d=mm&r=g\",\"url\":\"https:\\\/\\\/secure.gravatar.com\\\/avatar\\\/0d25a327c6e268d9730d9c0cbeeee0fea76f04c6cf9528c29e782ef324afc515?s=96&d=mm&r=g\",\"contentUrl\":\"https:\\\/\\\/secure.gravatar.com\\\/avatar\\\/0d25a327c6e268d9730d9c0cbeeee0fea76f04c6cf9528c29e782ef324afc515?s=96&d=mm&r=g\",\"caption\":\"Julien Lecourbe\"},\"url\":\"https:\\\/\\\/www.lawebradio.com\\\/news\\\/author\\\/la-redaction\\\/\"}]}<\/script>\n<!-- \/ Yoast SEO plugin. -->","yoast_head_json":{"title":"All\u00f4 La Plan\u00e8te donne la parole aux voyageurs - Lawebradio.com - Actualit\u00e9s des radios digitales","description":"La radio All\u00f4 La Plan\u00e8te, c'est une libre antenne, un comptoir des voyageurs, un lieu d\u2019\u00e9change, de tol\u00e9rance, de d\u00e9couverte, une soif d\u2019aventure.","robots":{"index":"index","follow":"follow","max-snippet":"max-snippet:-1","max-image-preview":"max-image-preview:large","max-video-preview":"max-video-preview:-1"},"canonical":"https:\/\/www.lawebradio.com\/news\/allo-la-planete-donne-la-parole-aux-voyageurs\/","og_locale":"fr_FR","og_type":"article","og_title":"All\u00f4 La Plan\u00e8te donne la parole aux voyageurs - Lawebradio.com - Actualit\u00e9s des radios digitales","og_description":"La radio All\u00f4 La Plan\u00e8te, c'est une libre antenne, un comptoir des voyageurs, un lieu d\u2019\u00e9change, de tol\u00e9rance, de d\u00e9couverte, une soif d\u2019aventure.","og_url":"https:\/\/www.lawebradio.com\/news\/allo-la-planete-donne-la-parole-aux-voyageurs\/","og_site_name":"Lawebradio.com - Actualit\u00e9s des radios digitales","article_published_time":"2020-02-01T19:57:50+00:00","article_modified_time":"2026-02-01T18:13:53+00:00","og_image":[{"width":640,"height":310,"url":"https:\/\/www.lawebradio.com\/news\/wp-content\/uploads\/2020\/02\/ima01-dtgre745-012020.jpg","type":"image\/jpeg"}],"author":"Julien Lecourbe","twitter_misc":{"\u00c9crit par":"Julien Lecourbe","Dur\u00e9e de lecture estim\u00e9e":"3 minutes"},"schema":{"@context":"https:\/\/schema.org","@graph":[{"@type":"Article","@id":"https:\/\/www.lawebradio.com\/news\/allo-la-planete-donne-la-parole-aux-voyageurs\/#article","isPartOf":{"@id":"https:\/\/www.lawebradio.com\/news\/allo-la-planete-donne-la-parole-aux-voyageurs\/"},"author":{"name":"Julien Lecourbe","@id":"https:\/\/www.lawebradio.com\/news\/#\/schema\/person\/95fd11aee6e6cfe70a4b58b482103f1f"},"headline":"All\u00f4 La Plan\u00e8te donne la parole aux voyageurs","datePublished":"2020-02-01T19:57:50+00:00","dateModified":"2026-02-01T18:13:53+00:00","mainEntityOfPage":{"@id":"https:\/\/www.lawebradio.com\/news\/allo-la-planete-donne-la-parole-aux-voyageurs\/"},"wordCount":537,"publisher":{"@id":"https:\/\/www.lawebradio.com\/news\/#organization"},"image":{"@id":"https:\/\/www.lawebradio.com\/news\/allo-la-planete-donne-la-parole-aux-voyageurs\/#primaryimage"},"thumbnailUrl":"https:\/\/www.lawebradio.com\/news\/wp-content\/uploads\/2020\/02\/ima01-dtgre745-012020.jpg","keywords":["france inter","radio digitale","voyage","webradios"],"articleSection":["Focus"],"inLanguage":"fr-FR"},{"@type":"WebPage","@id":"https:\/\/www.lawebradio.com\/news\/allo-la-planete-donne-la-parole-aux-voyageurs\/","url":"https:\/\/www.lawebradio.com\/news\/allo-la-planete-donne-la-parole-aux-voyageurs\/","name":"All\u00f4 La Plan\u00e8te donne la parole aux voyageurs - Lawebradio.com - Actualit\u00e9s des radios digitales","isPartOf":{"@id":"https:\/\/www.lawebradio.com\/news\/#website"},"primaryImageOfPage":{"@id":"https:\/\/www.lawebradio.com\/news\/allo-la-planete-donne-la-parole-aux-voyageurs\/#primaryimage"},"image":{"@id":"https:\/\/www.lawebradio.com\/news\/allo-la-planete-donne-la-parole-aux-voyageurs\/#primaryimage"},"thumbnailUrl":"https:\/\/www.lawebradio.com\/news\/wp-content\/uploads\/2020\/02\/ima01-dtgre745-012020.jpg","datePublished":"2020-02-01T19:57:50+00:00","dateModified":"2026-02-01T18:13:53+00:00","description":"La radio All\u00f4 La Plan\u00e8te, c'est une libre antenne, un comptoir des voyageurs, un lieu d\u2019\u00e9change, de tol\u00e9rance, de d\u00e9couverte, une soif d\u2019aventure.","inLanguage":"fr-FR","potentialAction":[{"@type":"ReadAction","target":["https:\/\/www.lawebradio.com\/news\/allo-la-planete-donne-la-parole-aux-voyageurs\/"]}]},{"@type":"ImageObject","inLanguage":"fr-FR","@id":"https:\/\/www.lawebradio.com\/news\/allo-la-planete-donne-la-parole-aux-voyageurs\/#primaryimage","url":"https:\/\/www.lawebradio.com\/news\/wp-content\/uploads\/2020\/02\/ima01-dtgre745-012020.jpg","contentUrl":"https:\/\/www.lawebradio.com\/news\/wp-content\/uploads\/2020\/02\/ima01-dtgre745-012020.jpg","width":640,"height":310},{"@type":"WebSite","@id":"https:\/\/www.lawebradio.com\/news\/#website","url":"https:\/\/www.lawebradio.com\/news\/","name":"Lawebradio.com - Actualit\u00e9s des radios digitales","description":"","publisher":{"@id":"https:\/\/www.lawebradio.com\/news\/#organization"},"potentialAction":[{"@type":"SearchAction","target":{"@type":"EntryPoint","urlTemplate":"https:\/\/www.lawebradio.com\/news\/?s={search_term_string}"},"query-input":{"@type":"PropertyValueSpecification","valueRequired":true,"valueName":"search_term_string"}}],"inLanguage":"fr-FR"},{"@type":"Organization","@id":"https:\/\/www.lawebradio.com\/news\/#organization","name":"Lawebradio.com - Actualit\u00e9s des radios digitales","url":"https:\/\/www.lawebradio.com\/news\/","logo":{"@type":"ImageObject","inLanguage":"fr-FR","@id":"https:\/\/www.lawebradio.com\/news\/#\/schema\/logo\/image\/","url":"https:\/\/www.lawebradio.com\/news\/wp-content\/uploads\/2020\/10\/logo2020.png","contentUrl":"https:\/\/www.lawebradio.com\/news\/wp-content\/uploads\/2020\/10\/logo2020.png","width":254,"height":43,"caption":"Lawebradio.com - Actualit\u00e9s des radios digitales"},"image":{"@id":"https:\/\/www.lawebradio.com\/news\/#\/schema\/logo\/image\/"}},{"@type":"Person","@id":"https:\/\/www.lawebradio.com\/news\/#\/schema\/person\/95fd11aee6e6cfe70a4b58b482103f1f","name":"Julien Lecourbe","image":{"@type":"ImageObject","inLanguage":"fr-FR","@id":"https:\/\/secure.gravatar.com\/avatar\/0d25a327c6e268d9730d9c0cbeeee0fea76f04c6cf9528c29e782ef324afc515?s=96&d=mm&r=g","url":"https:\/\/secure.gravatar.com\/avatar\/0d25a327c6e268d9730d9c0cbeeee0fea76f04c6cf9528c29e782ef324afc515?s=96&d=mm&r=g","contentUrl":"https:\/\/secure.gravatar.com\/avatar\/0d25a327c6e268d9730d9c0cbeeee0fea76f04c6cf9528c29e782ef324afc515?s=96&d=mm&r=g","caption":"Julien Lecourbe"},"url":"https:\/\/www.lawebradio.com\/news\/author\/la-redaction\/"}]}},"_links":{"self":[{"href":"https:\/\/www.lawebradio.com\/news\/wp-json\/wp\/v2\/posts\/6151","targetHints":{"allow":["GET"]}}],"collection":[{"href":"https:\/\/www.lawebradio.com\/news\/wp-json\/wp\/v2\/posts"}],"about":[{"href":"https:\/\/www.lawebradio.com\/news\/wp-json\/wp\/v2\/types\/post"}],"author":[{"embeddable":true,"href":"https:\/\/www.lawebradio.com\/news\/wp-json\/wp\/v2\/users\/3"}],"replies":[{"embeddable":true,"href":"https:\/\/www.lawebradio.com\/news\/wp-json\/wp\/v2\/comments?post=6151"}],"version-history":[{"count":6,"href":"https:\/\/www.lawebradio.com\/news\/wp-json\/wp\/v2\/posts\/6151\/revisions"}],"predecessor-version":[{"id":10900,"href":"https:\/\/www.lawebradio.com\/news\/wp-json\/wp\/v2\/posts\/6151\/revisions\/10900"}],"wp:featuredmedia":[{"embeddable":true,"href":"https:\/\/www.lawebradio.com\/news\/wp-json\/wp\/v2\/media\/6152"}],"wp:attachment":[{"href":"https:\/\/www.lawebradio.com\/news\/wp-json\/wp\/v2\/media?parent=6151"}],"wp:term":[{"taxonomy":"category","embeddable":true,"href":"https:\/\/www.lawebradio.com\/news\/wp-json\/wp\/v2\/categories?post=6151"},{"taxonomy":"post_tag","embeddable":true,"href":"https:\/\/www.lawebradio.com\/news\/wp-json\/wp\/v2\/tags?post=6151"}],"curies":[{"name":"wp","href":"https:\/\/api.w.org\/{rel}","templated":true}]}}