{"id":602,"date":"2014-10-05T15:19:18","date_gmt":"2014-10-05T14:19:18","guid":{"rendered":"http:\/\/www.lawebradio.com\/news\/?p=602"},"modified":"2015-02-27T10:49:49","modified_gmt":"2015-02-27T09:49:49","slug":"rediger-communique-presse-webradio","status":"publish","type":"post","link":"https:\/\/www.lawebradio.com\/news\/rediger-communique-presse-webradio\/","title":{"rendered":"R\u00e9diger un communiqu\u00e9 de presse pour sa webradio"},"content":{"rendered":"<p><strong>Un communiqu\u00e9 de presse est un texte court qui a pour but de pr\u00e9senter un produit ou un \u00e9v\u00e9nement. Le communiqu\u00e9 de presse est envoy\u00e9 aux journalistes et doit leur donner envie de r\u00e9diger un article plus complet \u00e0 leur fa\u00e7on.<\/strong><\/p>\n<p>En r\u00e8gle g\u00e9n\u00e9rale, les communiqu\u00e9s de presse sont \u00e9crits par des agences de communication ou des attach\u00e9s de presse. Mais, avec un peu de bon sens, vous pourrez sans aucun doute le faire tout seul.<\/p>\n<p><strong>Voici les principes \u00e0 respecter<\/strong><\/p>\n<p><strong>1. Un communiqu\u00e9 de presse doit \u00eatre li\u00e9 \u00e0 l&rsquo;actualit\u00e9<\/strong><br \/>\nUn journaliste accordera davantage d&rsquo;attention \u00e0 un communiqu\u00e9 de presse s&rsquo;il est en rapport avec l&rsquo;actualit\u00e9 du moment.Exemples :<\/p>\n<p>\u2022 Votre radio est consacr\u00e9e \u00e0 un club de foot ? Faites un communiqu\u00e9 au moment de la reprise du championnat ou lorsque votre \u00e9quipe est en finale d&rsquo;une comp\u00e9tition par exemple.<\/p>\n<p>\u2022 Votre radio est consacr\u00e9e \u00e0 l&rsquo;op\u00e9ra ? Sortez un communiqu\u00e9 au d\u00e9but de l&rsquo;\u00e9t\u00e9 lorsque les diff\u00e9rents festivals d&rsquo;op\u00e9ras commencent dans le sud de la France.<\/p>\n<p>Mais vous pouvez \u00e9galement cr\u00e9er vous-m\u00eames votre propre actualit\u00e9. Vous avez recrut\u00e9 un nouvel animateur ? Vous faites une \u00e9mission sp\u00e9ciale ? Votre grille des programmes a chang\u00e9 ? Faites-le savoir !!!<\/p>\n<p><strong>2. Un communiqu\u00e9 doit \u00eatre court, simple et sans faute d&rsquo;orthographe !<\/strong><br \/>\nVotre communiqu\u00e9 ne doit pas d\u00e9passer une trentaine de lignes et les phrases doivent \u00eatre courtes. Ne partez pas dans des constructions compliqu\u00e9es. Choisissez bien vos mots. Un simple encha\u00eenement sujet-verbe-compl\u00e9ment peut suffire.<br \/>\nSi aujourd&rsquo;hui, les lecteurs sont de moins en moins regardants sur l&rsquo;orthographe, les journalistes le sont toujours. Et ce sont eux qui vont lire votre communiqu\u00e9 ! La carri\u00e8re d&rsquo;un journaliste commence en effet souvent par des fonctions subalternes qui consistent \u00e0 relire des articles avant parution et \u00e0 en corriger les fautes de sens ou d&rsquo;orthographe. Soyez donc irr\u00e9prochables sur ce plan-l\u00e0. Un communiqu\u00e9 avec des fautes perdra toute cr\u00e9dibilit\u00e9.<\/p>\n<p><strong>3. Un communiqu\u00e9 doit r\u00e9pondre aux fameux cinq W<\/strong><br \/>\nCette r\u00e8gle tr\u00e8s connue dans le journalisme s&rsquo;applique \u00e9galement aux communiqu\u00e9s de presse. Les cinq W sont en anglais \u00ab\u00a0who did what, where and when, and why ?\u00a0\u00bb (qui a fait quoi, o\u00f9, quand et pourquoi ?).\u00a0 Avant de commencer, notez dans un coin les r\u00e9ponses \u00e0 ces cinq questions pour ne rien oublier au moment de r\u00e9diger votre texte.<\/p>\n<p><strong>4. Un communiqu\u00e9 doit donner des arguments convaincants<\/strong><br \/>\nSi le respect de la r\u00e8gle des cinq W est n\u00e9cessaire, il n&rsquo;est pas suffisant. Car, il va falloir y ajouter les arguments cens\u00e9s convaincre les journalistes de s&rsquo;int\u00e9resser \u00e0 votre radio. En gros, il va donc falloir dire pourquoi votre nouvelle grille, votre nouvelle \u00e9mission\u2026 valent le d\u00e9tour. Appuyez-vous sur ce que vous proposez d&rsquo;unique par rapport aux autres, sur ce qui fait votre diff\u00e9rence.<\/p>\n<p><strong>5. Un communiqu\u00e9 doit avoir un titre accrocheur<\/strong><br \/>\nComme n&rsquo;importe quel article de presse, un communiqu\u00e9 de presse doit avoir un titre accrocheur. Ce titre se trouvera dans la case \u00ab\u00a0Objet\u00a0\u00bb du mail que vous enverrez aux journaliste. Si l&rsquo;objet du mail est attractif, le journaliste aura envie de le lire. Faites un titre court dont le nom de la radio doit imp\u00e9rativement faire partie.<\/p>\n<p><strong>6. A qui envoyer votre communiqu\u00e9 ?<\/strong><br \/>\nIl faut cibler les m\u00e9dias et plus particuli\u00e8rement les journalistes qui sont susceptibles de parler de vous. Ne r\u00eavez pas, il ne suffit pas d&rsquo;envoyer votre communiqu\u00e9 \u00e0 David Pujadas pour avoir droit \u00e0 un passage au 20 heures de France 2. Il faut en priorit\u00e9 cibler les journalistes des m\u00e9dias de votre r\u00e9gion ainsi que ceux qui travaillent dans la presse sp\u00e9cialis\u00e9e (\u00e9crite ou Internet) qui parle de votre th\u00e9matique musicale.<\/p>\n<p><strong>Quels m\u00e9dias contacter ?<\/strong><\/p>\n<p><strong>&#8211; La presse quotidienne r\u00e9gionale &#8211;<\/strong><br \/>\nLa premi\u00e8re \u00e9tape est de contacter la presse g\u00e9n\u00e9raliste de votre r\u00e9gion (Ouest France, La Voix du Nord, Le Dauphin\u00e9, Le Progr\u00e8s, Sud Ouest, L&rsquo;Est R\u00e9publicain, La Provence, Var Matin\u2026). Les journaux de la PQR (presse quotidienne r\u00e9gionale) ont des agences dans presque toutes les villes.<\/p>\n<p><strong>&#8211; La t\u00e9l\u00e9vision r\u00e9gionale &#8211;<\/strong><br \/>\nSi vous avez pu obtenir un article dans la PQR, cela vous ouvrira d&rsquo;autres portes. La PQR poss\u00e8de en effet toujours aujourd&rsquo;hui une large audience. Vous allez donc recevoir peut-\u00eatre recevoir un coup de fil de la t\u00e9l\u00e9vision locale de votre ville, s&rsquo;il en existe une, voire du bureau r\u00e9gional de France 3. On parle l\u00e0 du sc\u00e9nario le plus favorable car, dans la plupart des cas, ce sera plut\u00f4t \u00e0 vous de faire la d\u00e9marche.<\/p>\n<p><strong>&#8211; Les m\u00e9dias sp\u00e9cialis\u00e9s &#8211;<\/strong><br \/>\nIl existe forc\u00e9ment un magazine d\u00e9di\u00e9 au style de musique que vous diffusez, qu&rsquo;il s&rsquo;agisse de musique classique, de rap ou de jazz. Ces magazines, souvent mensuels, seront particuli\u00e8rement sensibles \u00e0 votre proposition<\/p>\n<p><strong>&#8211; Les m\u00e9dias Internet &#8211;<\/strong><br \/>\nIls sont tr\u00e8s nombreux et leur audience est parfois confidentielle. Mais certains m\u00e9dias Internets et autres blogs musicaux ont un v\u00e9ritable r\u00f4le de leader d&rsquo;opinion.<\/p>\n<p>Etablissez une liste des m\u00e9dias qui sont susceptibles de parler de vous. L&rsquo;objectif, ensuite, est de d\u00e9terminer \u00e0 l&rsquo;int\u00e9rieur des r\u00e9dactions de chaque m\u00e9dia, quel journaliste peut \u00eatre int\u00e9ress\u00e9 par votre communiqu\u00e9. Evitez en effet d&rsquo;envoyer votre mail \u00e0 des adresses \u00ab\u00a0g\u00e9n\u00e9riques\u00a0\u00bb. Avant de faire votre mailing, contacter les r\u00e9dactions (le mieux est de le faire par t\u00e9l\u00e9phone) pour leur demander le nom et l&rsquo;adresse mail du journaliste \u00ab\u00a0m\u00e9dias\u00a0\u00bb ou \u00ab\u00a0radios\u00a0\u00bb. C&rsquo;est un peu long mais cela va vous permettre d&rsquo;\u00e9tablir une liste de journalistes vraiment concern\u00e9s par ce que vous allez leur envoyer.<\/p>\n<p>Article r\u00e9dig\u00e9 par Nicolas Goyet<\/p>\n","protected":false},"excerpt":{"rendered":"<p>Un communiqu\u00e9 de presse est un texte court qui a pour but de pr\u00e9senter un produit ou un \u00e9v\u00e9nement. Le communiqu\u00e9 de presse est envoy\u00e9 aux journalistes et doit leur donner envie de r\u00e9diger un article plus complet \u00e0 leur fa\u00e7on. En r\u00e8gle g\u00e9n\u00e9rale, les communiqu\u00e9s de presse sont \u00e9crits par des agences de communication [&hellip;]<\/p>\n","protected":false},"author":3,"featured_media":603,"comment_status":"closed","ping_status":"closed","sticky":false,"template":"","format":"standard","meta":{"_et_pb_use_builder":"","_et_pb_old_content":"","_et_gb_content_width":"","footnotes":""},"categories":[1],"tags":[172,173,171,170,175,174],"class_list":["post-602","post","type-post","status-publish","format-standard","has-post-thumbnail","hentry","category-digital","tag-attache-de-presse","tag-communication","tag-journalisme","tag-kit-presse","tag-promotion","tag-publication","et-has-post-format-content","et_post_format-et-post-format-standard"],"yoast_head":"<!-- This site is optimized with the Yoast SEO plugin v27.4 - https:\/\/yoast.com\/product\/yoast-seo-wordpress\/ -->\n<title>R\u00e9diger un communiqu\u00e9 de presse pour sa webradio - Lawebradio.com - Actualit\u00e9s des radios digitales<\/title>\n<meta name=\"description\" content=\"Le communiqu\u00e9 de presse cr\u00e9dibilise votre entreprise et permet de construire une communication sur le long terme en assurant une visibilit\u00e9 gratuite.\" \/>\n<meta name=\"robots\" content=\"index, follow, max-snippet:-1, max-image-preview:large, max-video-preview:-1\" \/>\n<link rel=\"canonical\" href=\"https:\/\/www.lawebradio.com\/news\/rediger-communique-presse-webradio\/\" \/>\n<meta property=\"og:locale\" content=\"fr_FR\" \/>\n<meta property=\"og:type\" content=\"article\" \/>\n<meta property=\"og:title\" content=\"R\u00e9diger un communiqu\u00e9 de presse pour sa webradio - Lawebradio.com - Actualit\u00e9s des radios digitales\" \/>\n<meta property=\"og:description\" content=\"Le communiqu\u00e9 de presse cr\u00e9dibilise votre entreprise et permet de construire une communication sur le long terme en assurant une visibilit\u00e9 gratuite.\" \/>\n<meta property=\"og:url\" content=\"https:\/\/www.lawebradio.com\/news\/rediger-communique-presse-webradio\/\" \/>\n<meta property=\"og:site_name\" content=\"Lawebradio.com - Actualit\u00e9s des radios digitales\" \/>\n<meta property=\"article:published_time\" content=\"2014-10-05T14:19:18+00:00\" \/>\n<meta property=\"article:modified_time\" content=\"2015-02-27T09:49:49+00:00\" \/>\n<meta property=\"og:image\" content=\"https:\/\/www.lawebradio.com\/news\/wp-content\/uploads\/2013\/11\/ima-kitpresse2013.jpg\" \/>\n\t<meta property=\"og:image:width\" content=\"642\" \/>\n\t<meta property=\"og:image:height\" content=\"310\" \/>\n\t<meta property=\"og:image:type\" content=\"image\/jpeg\" \/>\n<meta name=\"author\" content=\"Julien Lecourbe\" \/>\n<meta name=\"twitter:label1\" content=\"\u00c9crit par\" \/>\n\t<meta name=\"twitter:data1\" content=\"Julien Lecourbe\" \/>\n\t<meta name=\"twitter:label2\" content=\"Dur\u00e9e de lecture estim\u00e9e\" \/>\n\t<meta name=\"twitter:data2\" content=\"5 minutes\" \/>\n<script type=\"application\/ld+json\" class=\"yoast-schema-graph\">{\"@context\":\"https:\\\/\\\/schema.org\",\"@graph\":[{\"@type\":\"Article\",\"@id\":\"https:\\\/\\\/www.lawebradio.com\\\/news\\\/rediger-communique-presse-webradio\\\/#article\",\"isPartOf\":{\"@id\":\"https:\\\/\\\/www.lawebradio.com\\\/news\\\/rediger-communique-presse-webradio\\\/\"},\"author\":{\"name\":\"Julien Lecourbe\",\"@id\":\"https:\\\/\\\/www.lawebradio.com\\\/news\\\/#\\\/schema\\\/person\\\/95fd11aee6e6cfe70a4b58b482103f1f\"},\"headline\":\"R\u00e9diger un communiqu\u00e9 de presse pour sa webradio\",\"datePublished\":\"2014-10-05T14:19:18+00:00\",\"dateModified\":\"2015-02-27T09:49:49+00:00\",\"mainEntityOfPage\":{\"@id\":\"https:\\\/\\\/www.lawebradio.com\\\/news\\\/rediger-communique-presse-webradio\\\/\"},\"wordCount\":1003,\"publisher\":{\"@id\":\"https:\\\/\\\/www.lawebradio.com\\\/news\\\/#organization\"},\"image\":{\"@id\":\"https:\\\/\\\/www.lawebradio.com\\\/news\\\/rediger-communique-presse-webradio\\\/#primaryimage\"},\"thumbnailUrl\":\"https:\\\/\\\/www.lawebradio.com\\\/news\\\/wp-content\\\/uploads\\\/2013\\\/11\\\/ima-kitpresse2013.jpg\",\"keywords\":[\"attach\u00e9 de presse\",\"communication\",\"journalisme\",\"kit presse\",\"promotion\",\"publication\"],\"articleSection\":[\"Digital\"],\"inLanguage\":\"fr-FR\"},{\"@type\":\"WebPage\",\"@id\":\"https:\\\/\\\/www.lawebradio.com\\\/news\\\/rediger-communique-presse-webradio\\\/\",\"url\":\"https:\\\/\\\/www.lawebradio.com\\\/news\\\/rediger-communique-presse-webradio\\\/\",\"name\":\"R\u00e9diger un communiqu\u00e9 de presse pour sa webradio - Lawebradio.com - Actualit\u00e9s des radios digitales\",\"isPartOf\":{\"@id\":\"https:\\\/\\\/www.lawebradio.com\\\/news\\\/#website\"},\"primaryImageOfPage\":{\"@id\":\"https:\\\/\\\/www.lawebradio.com\\\/news\\\/rediger-communique-presse-webradio\\\/#primaryimage\"},\"image\":{\"@id\":\"https:\\\/\\\/www.lawebradio.com\\\/news\\\/rediger-communique-presse-webradio\\\/#primaryimage\"},\"thumbnailUrl\":\"https:\\\/\\\/www.lawebradio.com\\\/news\\\/wp-content\\\/uploads\\\/2013\\\/11\\\/ima-kitpresse2013.jpg\",\"datePublished\":\"2014-10-05T14:19:18+00:00\",\"dateModified\":\"2015-02-27T09:49:49+00:00\",\"description\":\"Le communiqu\u00e9 de presse cr\u00e9dibilise votre entreprise et permet de construire une communication sur le long terme en assurant une visibilit\u00e9 gratuite.\",\"inLanguage\":\"fr-FR\",\"potentialAction\":[{\"@type\":\"ReadAction\",\"target\":[\"https:\\\/\\\/www.lawebradio.com\\\/news\\\/rediger-communique-presse-webradio\\\/\"]}]},{\"@type\":\"ImageObject\",\"inLanguage\":\"fr-FR\",\"@id\":\"https:\\\/\\\/www.lawebradio.com\\\/news\\\/rediger-communique-presse-webradio\\\/#primaryimage\",\"url\":\"https:\\\/\\\/www.lawebradio.com\\\/news\\\/wp-content\\\/uploads\\\/2013\\\/11\\\/ima-kitpresse2013.jpg\",\"contentUrl\":\"https:\\\/\\\/www.lawebradio.com\\\/news\\\/wp-content\\\/uploads\\\/2013\\\/11\\\/ima-kitpresse2013.jpg\",\"width\":642,\"height\":310},{\"@type\":\"WebSite\",\"@id\":\"https:\\\/\\\/www.lawebradio.com\\\/news\\\/#website\",\"url\":\"https:\\\/\\\/www.lawebradio.com\\\/news\\\/\",\"name\":\"Lawebradio.com - Actualit\u00e9s des radios digitales\",\"description\":\"\",\"publisher\":{\"@id\":\"https:\\\/\\\/www.lawebradio.com\\\/news\\\/#organization\"},\"potentialAction\":[{\"@type\":\"SearchAction\",\"target\":{\"@type\":\"EntryPoint\",\"urlTemplate\":\"https:\\\/\\\/www.lawebradio.com\\\/news\\\/?s={search_term_string}\"},\"query-input\":{\"@type\":\"PropertyValueSpecification\",\"valueRequired\":true,\"valueName\":\"search_term_string\"}}],\"inLanguage\":\"fr-FR\"},{\"@type\":\"Organization\",\"@id\":\"https:\\\/\\\/www.lawebradio.com\\\/news\\\/#organization\",\"name\":\"Lawebradio.com - Actualit\u00e9s des radios digitales\",\"url\":\"https:\\\/\\\/www.lawebradio.com\\\/news\\\/\",\"logo\":{\"@type\":\"ImageObject\",\"inLanguage\":\"fr-FR\",\"@id\":\"https:\\\/\\\/www.lawebradio.com\\\/news\\\/#\\\/schema\\\/logo\\\/image\\\/\",\"url\":\"https:\\\/\\\/www.lawebradio.com\\\/news\\\/wp-content\\\/uploads\\\/2020\\\/10\\\/logo2020.png\",\"contentUrl\":\"https:\\\/\\\/www.lawebradio.com\\\/news\\\/wp-content\\\/uploads\\\/2020\\\/10\\\/logo2020.png\",\"width\":254,\"height\":43,\"caption\":\"Lawebradio.com - Actualit\u00e9s des radios digitales\"},\"image\":{\"@id\":\"https:\\\/\\\/www.lawebradio.com\\\/news\\\/#\\\/schema\\\/logo\\\/image\\\/\"}},{\"@type\":\"Person\",\"@id\":\"https:\\\/\\\/www.lawebradio.com\\\/news\\\/#\\\/schema\\\/person\\\/95fd11aee6e6cfe70a4b58b482103f1f\",\"name\":\"Julien Lecourbe\",\"image\":{\"@type\":\"ImageObject\",\"inLanguage\":\"fr-FR\",\"@id\":\"https:\\\/\\\/secure.gravatar.com\\\/avatar\\\/0d25a327c6e268d9730d9c0cbeeee0fea76f04c6cf9528c29e782ef324afc515?s=96&d=mm&r=g\",\"url\":\"https:\\\/\\\/secure.gravatar.com\\\/avatar\\\/0d25a327c6e268d9730d9c0cbeeee0fea76f04c6cf9528c29e782ef324afc515?s=96&d=mm&r=g\",\"contentUrl\":\"https:\\\/\\\/secure.gravatar.com\\\/avatar\\\/0d25a327c6e268d9730d9c0cbeeee0fea76f04c6cf9528c29e782ef324afc515?s=96&d=mm&r=g\",\"caption\":\"Julien Lecourbe\"},\"url\":\"https:\\\/\\\/www.lawebradio.com\\\/news\\\/author\\\/la-redaction\\\/\"}]}<\/script>\n<!-- \/ Yoast SEO plugin. -->","yoast_head_json":{"title":"R\u00e9diger un communiqu\u00e9 de presse pour sa webradio - Lawebradio.com - Actualit\u00e9s des radios digitales","description":"Le communiqu\u00e9 de presse cr\u00e9dibilise votre entreprise et permet de construire une communication sur le long terme en assurant une visibilit\u00e9 gratuite.","robots":{"index":"index","follow":"follow","max-snippet":"max-snippet:-1","max-image-preview":"max-image-preview:large","max-video-preview":"max-video-preview:-1"},"canonical":"https:\/\/www.lawebradio.com\/news\/rediger-communique-presse-webradio\/","og_locale":"fr_FR","og_type":"article","og_title":"R\u00e9diger un communiqu\u00e9 de presse pour sa webradio - Lawebradio.com - Actualit\u00e9s des radios digitales","og_description":"Le communiqu\u00e9 de presse cr\u00e9dibilise votre entreprise et permet de construire une communication sur le long terme en assurant une visibilit\u00e9 gratuite.","og_url":"https:\/\/www.lawebradio.com\/news\/rediger-communique-presse-webradio\/","og_site_name":"Lawebradio.com - Actualit\u00e9s des radios digitales","article_published_time":"2014-10-05T14:19:18+00:00","article_modified_time":"2015-02-27T09:49:49+00:00","og_image":[{"width":642,"height":310,"url":"https:\/\/www.lawebradio.com\/news\/wp-content\/uploads\/2013\/11\/ima-kitpresse2013.jpg","type":"image\/jpeg"}],"author":"Julien Lecourbe","twitter_misc":{"\u00c9crit par":"Julien Lecourbe","Dur\u00e9e de lecture estim\u00e9e":"5 minutes"},"schema":{"@context":"https:\/\/schema.org","@graph":[{"@type":"Article","@id":"https:\/\/www.lawebradio.com\/news\/rediger-communique-presse-webradio\/#article","isPartOf":{"@id":"https:\/\/www.lawebradio.com\/news\/rediger-communique-presse-webradio\/"},"author":{"name":"Julien Lecourbe","@id":"https:\/\/www.lawebradio.com\/news\/#\/schema\/person\/95fd11aee6e6cfe70a4b58b482103f1f"},"headline":"R\u00e9diger un communiqu\u00e9 de presse pour sa webradio","datePublished":"2014-10-05T14:19:18+00:00","dateModified":"2015-02-27T09:49:49+00:00","mainEntityOfPage":{"@id":"https:\/\/www.lawebradio.com\/news\/rediger-communique-presse-webradio\/"},"wordCount":1003,"publisher":{"@id":"https:\/\/www.lawebradio.com\/news\/#organization"},"image":{"@id":"https:\/\/www.lawebradio.com\/news\/rediger-communique-presse-webradio\/#primaryimage"},"thumbnailUrl":"https:\/\/www.lawebradio.com\/news\/wp-content\/uploads\/2013\/11\/ima-kitpresse2013.jpg","keywords":["attach\u00e9 de presse","communication","journalisme","kit presse","promotion","publication"],"articleSection":["Digital"],"inLanguage":"fr-FR"},{"@type":"WebPage","@id":"https:\/\/www.lawebradio.com\/news\/rediger-communique-presse-webradio\/","url":"https:\/\/www.lawebradio.com\/news\/rediger-communique-presse-webradio\/","name":"R\u00e9diger un communiqu\u00e9 de presse pour sa webradio - Lawebradio.com - Actualit\u00e9s des radios digitales","isPartOf":{"@id":"https:\/\/www.lawebradio.com\/news\/#website"},"primaryImageOfPage":{"@id":"https:\/\/www.lawebradio.com\/news\/rediger-communique-presse-webradio\/#primaryimage"},"image":{"@id":"https:\/\/www.lawebradio.com\/news\/rediger-communique-presse-webradio\/#primaryimage"},"thumbnailUrl":"https:\/\/www.lawebradio.com\/news\/wp-content\/uploads\/2013\/11\/ima-kitpresse2013.jpg","datePublished":"2014-10-05T14:19:18+00:00","dateModified":"2015-02-27T09:49:49+00:00","description":"Le communiqu\u00e9 de presse cr\u00e9dibilise votre entreprise et permet de construire une communication sur le long terme en assurant une visibilit\u00e9 gratuite.","inLanguage":"fr-FR","potentialAction":[{"@type":"ReadAction","target":["https:\/\/www.lawebradio.com\/news\/rediger-communique-presse-webradio\/"]}]},{"@type":"ImageObject","inLanguage":"fr-FR","@id":"https:\/\/www.lawebradio.com\/news\/rediger-communique-presse-webradio\/#primaryimage","url":"https:\/\/www.lawebradio.com\/news\/wp-content\/uploads\/2013\/11\/ima-kitpresse2013.jpg","contentUrl":"https:\/\/www.lawebradio.com\/news\/wp-content\/uploads\/2013\/11\/ima-kitpresse2013.jpg","width":642,"height":310},{"@type":"WebSite","@id":"https:\/\/www.lawebradio.com\/news\/#website","url":"https:\/\/www.lawebradio.com\/news\/","name":"Lawebradio.com - Actualit\u00e9s des radios digitales","description":"","publisher":{"@id":"https:\/\/www.lawebradio.com\/news\/#organization"},"potentialAction":[{"@type":"SearchAction","target":{"@type":"EntryPoint","urlTemplate":"https:\/\/www.lawebradio.com\/news\/?s={search_term_string}"},"query-input":{"@type":"PropertyValueSpecification","valueRequired":true,"valueName":"search_term_string"}}],"inLanguage":"fr-FR"},{"@type":"Organization","@id":"https:\/\/www.lawebradio.com\/news\/#organization","name":"Lawebradio.com - Actualit\u00e9s des radios digitales","url":"https:\/\/www.lawebradio.com\/news\/","logo":{"@type":"ImageObject","inLanguage":"fr-FR","@id":"https:\/\/www.lawebradio.com\/news\/#\/schema\/logo\/image\/","url":"https:\/\/www.lawebradio.com\/news\/wp-content\/uploads\/2020\/10\/logo2020.png","contentUrl":"https:\/\/www.lawebradio.com\/news\/wp-content\/uploads\/2020\/10\/logo2020.png","width":254,"height":43,"caption":"Lawebradio.com - Actualit\u00e9s des radios digitales"},"image":{"@id":"https:\/\/www.lawebradio.com\/news\/#\/schema\/logo\/image\/"}},{"@type":"Person","@id":"https:\/\/www.lawebradio.com\/news\/#\/schema\/person\/95fd11aee6e6cfe70a4b58b482103f1f","name":"Julien Lecourbe","image":{"@type":"ImageObject","inLanguage":"fr-FR","@id":"https:\/\/secure.gravatar.com\/avatar\/0d25a327c6e268d9730d9c0cbeeee0fea76f04c6cf9528c29e782ef324afc515?s=96&d=mm&r=g","url":"https:\/\/secure.gravatar.com\/avatar\/0d25a327c6e268d9730d9c0cbeeee0fea76f04c6cf9528c29e782ef324afc515?s=96&d=mm&r=g","contentUrl":"https:\/\/secure.gravatar.com\/avatar\/0d25a327c6e268d9730d9c0cbeeee0fea76f04c6cf9528c29e782ef324afc515?s=96&d=mm&r=g","caption":"Julien Lecourbe"},"url":"https:\/\/www.lawebradio.com\/news\/author\/la-redaction\/"}]}},"_links":{"self":[{"href":"https:\/\/www.lawebradio.com\/news\/wp-json\/wp\/v2\/posts\/602","targetHints":{"allow":["GET"]}}],"collection":[{"href":"https:\/\/www.lawebradio.com\/news\/wp-json\/wp\/v2\/posts"}],"about":[{"href":"https:\/\/www.lawebradio.com\/news\/wp-json\/wp\/v2\/types\/post"}],"author":[{"embeddable":true,"href":"https:\/\/www.lawebradio.com\/news\/wp-json\/wp\/v2\/users\/3"}],"replies":[{"embeddable":true,"href":"https:\/\/www.lawebradio.com\/news\/wp-json\/wp\/v2\/comments?post=602"}],"version-history":[{"count":8,"href":"https:\/\/www.lawebradio.com\/news\/wp-json\/wp\/v2\/posts\/602\/revisions"}],"predecessor-version":[{"id":2287,"href":"https:\/\/www.lawebradio.com\/news\/wp-json\/wp\/v2\/posts\/602\/revisions\/2287"}],"wp:featuredmedia":[{"embeddable":true,"href":"https:\/\/www.lawebradio.com\/news\/wp-json\/wp\/v2\/media\/603"}],"wp:attachment":[{"href":"https:\/\/www.lawebradio.com\/news\/wp-json\/wp\/v2\/media?parent=602"}],"wp:term":[{"taxonomy":"category","embeddable":true,"href":"https:\/\/www.lawebradio.com\/news\/wp-json\/wp\/v2\/categories?post=602"},{"taxonomy":"post_tag","embeddable":true,"href":"https:\/\/www.lawebradio.com\/news\/wp-json\/wp\/v2\/tags?post=602"}],"curies":[{"name":"wp","href":"https:\/\/api.w.org\/{rel}","templated":true}]}}