{"id":5997,"date":"2019-11-06T19:06:02","date_gmt":"2019-11-06T18:06:02","guid":{"rendered":"https:\/\/www.lawebradio.com\/news\/?p=5997"},"modified":"2021-08-03T10:21:06","modified_gmt":"2021-08-03T09:21:06","slug":"radioking-top-30-des-radios-digitales-en-octobre-2019","status":"publish","type":"post","link":"https:\/\/www.lawebradio.com\/news\/radioking-top-30-des-radios-digitales-en-octobre-2019\/","title":{"rendered":"RadioKing- TOP 30 des radios digitales en Octobre 2019"},"content":{"rendered":"<p><strong>D\u00e9couvrez le Hitparade des 30 radios digitales fran\u00e7aises les plus populaires sur <a href=\"https:\/\/www.radioking.com\/on\/aff.php?aff=521\" target=\"_blank\" rel=\"noopener noreferrer\">la plate-forme RadioKing<\/a> (h\u00e9bergeant plus de 2000 stations de radio) pour le mois d&rsquo;octobre 2019.<\/strong><\/p>\n<p>\u2022 La particularit\u00e9 de ce classement est de valoriser des programmes r\u00e9alis\u00e9s tr\u00e8s souvent par des amateurs d\u00e9sirant partager leurs go\u00fbts musicaux. Cela n&rsquo;exclut pas un certain professionnalisme dans l&rsquo;habillage et la qualit\u00e9 de l&rsquo;antenne. A ce propos, l&rsquo;\u00e9quipe de RadioKing est tr\u00e8s active au sein de son support d&rsquo;aide ainsi que sur les r\u00e9seaux sociaux et son blog pour renseigner et informer ses abonn\u00e9s aux multiples techniques de diffusion en ligne.<\/p>\n<p><a href=\"https:\/\/www.radioking.com\/on\/aff.php?aff=521\" target=\"_blank\" rel=\"noopener noreferrer\">Plus d&rsquo;infos sur la plate-forme <strong>RadioKing<\/strong><\/a><\/p>\n<p><a href=\"https:\/\/www.lawebradio.com\/news\/wp-content\/uploads\/2019\/11\/ima-top30-radioking-112019.png\"><img loading=\"lazy\" decoding=\"async\" class=\"alignnone size-full wp-image-5999\" src=\"https:\/\/www.lawebradio.com\/news\/wp-content\/uploads\/2019\/11\/ima-top30-radioking-112019.png\" alt=\"\" width=\"640\" height=\"2119\" srcset=\"https:\/\/www.lawebradio.com\/news\/wp-content\/uploads\/2019\/11\/ima-top30-radioking-112019.png 640w, https:\/\/www.lawebradio.com\/news\/wp-content\/uploads\/2019\/11\/ima-top30-radioking-112019-45x150.png 45w, https:\/\/www.lawebradio.com\/news\/wp-content\/uploads\/2019\/11\/ima-top30-radioking-112019-91x300.png 91w, https:\/\/www.lawebradio.com\/news\/wp-content\/uploads\/2019\/11\/ima-top30-radioking-112019-309x1024.png 309w\" sizes=\"auto, (max-width: 640px) 100vw, 640px\" \/><\/a><\/p>\n<p><strong>Cr\u00e9ez votre radio sur Internet !<\/strong><br \/>\n<strong>Profitez des 7 jours offerts pour cr\u00e9er votre radio facilement avec le Manager en ligne.<\/strong><br \/>\n\u2022 \u00c9coutez des centaines de vraies radios gratuitement. Partagez, suivez et participez avec des radios de tout genre et de tout horizons.<br \/>\n\u2022 Cr\u00e9er sa propre radio sur Internet est d\u00e9sormais un jeu d\u2019enfant avec RadioKing. Ajoutez vos musiques, planifiez et diffusez facilement !<br \/>\n\u2022 Augmentez la visibilit\u00e9 de votre radio sur Internet et sur mobile. Cr\u00e9ez une application, disposez de votre propre plus et bien plus encore !<\/p>\n<p><a href=\"https:\/\/www.radioking.com\/on\/aff.php?aff=521\" target=\"_blank\" rel=\"noopener noreferrer\">Plus d&rsquo;infos sur la plate-forme <strong>RadioKing<\/strong><\/a><\/p>\n<p><iframe loading=\"lazy\" src=\"https:\/\/www.youtube.com\/embed\/IjYQDGfujIo?controls=0\" width=\"560\" height=\"315\" frameborder=\"0\" allowfullscreen=\"allowfullscreen\"><\/iframe><\/p>\n","protected":false},"excerpt":{"rendered":"<p>D\u00e9couvrez le Hitparade des 30 radios digitales fran\u00e7aises les plus populaires sur la plate-forme RadioKing (h\u00e9bergeant plus de 2000 stations de radio) pour le mois d&rsquo;octobre 2019. \u2022 La particularit\u00e9 de ce classement est de valoriser des programmes r\u00e9alis\u00e9s tr\u00e8s souvent par des amateurs d\u00e9sirant partager leurs go\u00fbts musicaux. Cela n&rsquo;exclut pas un certain professionnalisme [&hellip;]<\/p>\n","protected":false},"author":3,"featured_media":5998,"comment_status":"closed","ping_status":"closed","sticky":false,"template":"","format":"standard","meta":{"_et_pb_use_builder":"","_et_pb_old_content":"","_et_gb_content_width":"","footnotes":""},"categories":[1],"tags":[577,269,763,214,44],"class_list":["post-5997","post","type-post","status-publish","format-standard","has-post-thumbnail","hentry","category-digital","tag-annuaire-webradios","tag-applications-mobiles","tag-plateforme-decoute","tag-radios-digitales","tag-webradios","et-has-post-format-content","et_post_format-et-post-format-standard"],"yoast_head":"<!-- This site is optimized with the Yoast SEO plugin v27.5 - https:\/\/yoast.com\/product\/yoast-seo-wordpress\/ -->\n<title>RadioKing- TOP 30 des radios digitales en Octobre 2019 - Lawebradio.com - Actualit\u00e9s des radios digitales<\/title>\n<meta name=\"description\" content=\"Voici le classement des 30 radios digitales fran\u00e7aises les plus diffus\u00e9es sur la plate-forme d&#039;h\u00e9bergement RadioKing pour le mois d&#039;Octobre 2019.\" \/>\n<meta name=\"robots\" content=\"index, follow, max-snippet:-1, max-image-preview:large, max-video-preview:-1\" \/>\n<link rel=\"canonical\" href=\"https:\/\/www.lawebradio.com\/news\/radioking-top-30-des-radios-digitales-en-octobre-2019\/\" \/>\n<meta property=\"og:locale\" content=\"fr_FR\" \/>\n<meta property=\"og:type\" content=\"article\" \/>\n<meta property=\"og:title\" content=\"RadioKing- TOP 30 des radios digitales en Octobre 2019 - Lawebradio.com - Actualit\u00e9s des radios digitales\" \/>\n<meta property=\"og:description\" content=\"Voici le classement des 30 radios digitales fran\u00e7aises les plus diffus\u00e9es sur la plate-forme d&#039;h\u00e9bergement RadioKing pour le mois d&#039;Octobre 2019.\" \/>\n<meta property=\"og:url\" content=\"https:\/\/www.lawebradio.com\/news\/radioking-top-30-des-radios-digitales-en-octobre-2019\/\" \/>\n<meta property=\"og:site_name\" content=\"Lawebradio.com - Actualit\u00e9s des radios digitales\" \/>\n<meta property=\"article:published_time\" content=\"2019-11-06T18:06:02+00:00\" \/>\n<meta property=\"article:modified_time\" content=\"2021-08-03T09:21:06+00:00\" \/>\n<meta property=\"og:image\" content=\"https:\/\/www.lawebradio.com\/news\/wp-content\/uploads\/2019\/11\/ima-dt54ere745s8-112019.jpg\" \/>\n\t<meta property=\"og:image:width\" content=\"640\" \/>\n\t<meta property=\"og:image:height\" content=\"310\" \/>\n\t<meta property=\"og:image:type\" content=\"image\/jpeg\" \/>\n<meta name=\"author\" content=\"Julien Lecourbe\" \/>\n<meta name=\"twitter:label1\" content=\"\u00c9crit par\" \/>\n\t<meta name=\"twitter:data1\" content=\"Julien Lecourbe\" \/>\n\t<meta name=\"twitter:label2\" content=\"Dur\u00e9e de lecture estim\u00e9e\" \/>\n\t<meta name=\"twitter:data2\" content=\"1 minute\" \/>\n<script type=\"application\/ld+json\" class=\"yoast-schema-graph\">{\"@context\":\"https:\\\/\\\/schema.org\",\"@graph\":[{\"@type\":\"Article\",\"@id\":\"https:\\\/\\\/www.lawebradio.com\\\/news\\\/radioking-top-30-des-radios-digitales-en-octobre-2019\\\/#article\",\"isPartOf\":{\"@id\":\"https:\\\/\\\/www.lawebradio.com\\\/news\\\/radioking-top-30-des-radios-digitales-en-octobre-2019\\\/\"},\"author\":{\"name\":\"Julien Lecourbe\",\"@id\":\"https:\\\/\\\/www.lawebradio.com\\\/news\\\/#\\\/schema\\\/person\\\/95fd11aee6e6cfe70a4b58b482103f1f\"},\"headline\":\"RadioKing- TOP 30 des radios digitales en Octobre 2019\",\"datePublished\":\"2019-11-06T18:06:02+00:00\",\"dateModified\":\"2021-08-03T09:21:06+00:00\",\"mainEntityOfPage\":{\"@id\":\"https:\\\/\\\/www.lawebradio.com\\\/news\\\/radioking-top-30-des-radios-digitales-en-octobre-2019\\\/\"},\"wordCount\":222,\"publisher\":{\"@id\":\"https:\\\/\\\/www.lawebradio.com\\\/news\\\/#organization\"},\"image\":{\"@id\":\"https:\\\/\\\/www.lawebradio.com\\\/news\\\/radioking-top-30-des-radios-digitales-en-octobre-2019\\\/#primaryimage\"},\"thumbnailUrl\":\"https:\\\/\\\/www.lawebradio.com\\\/news\\\/wp-content\\\/uploads\\\/2019\\\/11\\\/ima-dt54ere745s8-112019.jpg\",\"keywords\":[\"annuaire webradios\",\"applications mobiles\",\"plateforme d'\u00e9coute\",\"radios digitales\",\"webradios\"],\"articleSection\":[\"Digital\"],\"inLanguage\":\"fr-FR\"},{\"@type\":\"WebPage\",\"@id\":\"https:\\\/\\\/www.lawebradio.com\\\/news\\\/radioking-top-30-des-radios-digitales-en-octobre-2019\\\/\",\"url\":\"https:\\\/\\\/www.lawebradio.com\\\/news\\\/radioking-top-30-des-radios-digitales-en-octobre-2019\\\/\",\"name\":\"RadioKing- TOP 30 des radios digitales en Octobre 2019 - Lawebradio.com - Actualit\u00e9s des radios digitales\",\"isPartOf\":{\"@id\":\"https:\\\/\\\/www.lawebradio.com\\\/news\\\/#website\"},\"primaryImageOfPage\":{\"@id\":\"https:\\\/\\\/www.lawebradio.com\\\/news\\\/radioking-top-30-des-radios-digitales-en-octobre-2019\\\/#primaryimage\"},\"image\":{\"@id\":\"https:\\\/\\\/www.lawebradio.com\\\/news\\\/radioking-top-30-des-radios-digitales-en-octobre-2019\\\/#primaryimage\"},\"thumbnailUrl\":\"https:\\\/\\\/www.lawebradio.com\\\/news\\\/wp-content\\\/uploads\\\/2019\\\/11\\\/ima-dt54ere745s8-112019.jpg\",\"datePublished\":\"2019-11-06T18:06:02+00:00\",\"dateModified\":\"2021-08-03T09:21:06+00:00\",\"description\":\"Voici le classement des 30 radios digitales fran\u00e7aises les plus diffus\u00e9es sur la plate-forme d'h\u00e9bergement RadioKing pour le mois d'Octobre 2019.\",\"inLanguage\":\"fr-FR\",\"potentialAction\":[{\"@type\":\"ReadAction\",\"target\":[\"https:\\\/\\\/www.lawebradio.com\\\/news\\\/radioking-top-30-des-radios-digitales-en-octobre-2019\\\/\"]}]},{\"@type\":\"ImageObject\",\"inLanguage\":\"fr-FR\",\"@id\":\"https:\\\/\\\/www.lawebradio.com\\\/news\\\/radioking-top-30-des-radios-digitales-en-octobre-2019\\\/#primaryimage\",\"url\":\"https:\\\/\\\/www.lawebradio.com\\\/news\\\/wp-content\\\/uploads\\\/2019\\\/11\\\/ima-dt54ere745s8-112019.jpg\",\"contentUrl\":\"https:\\\/\\\/www.lawebradio.com\\\/news\\\/wp-content\\\/uploads\\\/2019\\\/11\\\/ima-dt54ere745s8-112019.jpg\",\"width\":640,\"height\":310},{\"@type\":\"WebSite\",\"@id\":\"https:\\\/\\\/www.lawebradio.com\\\/news\\\/#website\",\"url\":\"https:\\\/\\\/www.lawebradio.com\\\/news\\\/\",\"name\":\"Lawebradio.com - Actualit\u00e9s des radios digitales\",\"description\":\"\",\"publisher\":{\"@id\":\"https:\\\/\\\/www.lawebradio.com\\\/news\\\/#organization\"},\"potentialAction\":[{\"@type\":\"SearchAction\",\"target\":{\"@type\":\"EntryPoint\",\"urlTemplate\":\"https:\\\/\\\/www.lawebradio.com\\\/news\\\/?s={search_term_string}\"},\"query-input\":{\"@type\":\"PropertyValueSpecification\",\"valueRequired\":true,\"valueName\":\"search_term_string\"}}],\"inLanguage\":\"fr-FR\"},{\"@type\":\"Organization\",\"@id\":\"https:\\\/\\\/www.lawebradio.com\\\/news\\\/#organization\",\"name\":\"Lawebradio.com - Actualit\u00e9s des radios digitales\",\"url\":\"https:\\\/\\\/www.lawebradio.com\\\/news\\\/\",\"logo\":{\"@type\":\"ImageObject\",\"inLanguage\":\"fr-FR\",\"@id\":\"https:\\\/\\\/www.lawebradio.com\\\/news\\\/#\\\/schema\\\/logo\\\/image\\\/\",\"url\":\"https:\\\/\\\/www.lawebradio.com\\\/news\\\/wp-content\\\/uploads\\\/2020\\\/10\\\/logo2020.png\",\"contentUrl\":\"https:\\\/\\\/www.lawebradio.com\\\/news\\\/wp-content\\\/uploads\\\/2020\\\/10\\\/logo2020.png\",\"width\":254,\"height\":43,\"caption\":\"Lawebradio.com - Actualit\u00e9s des radios digitales\"},\"image\":{\"@id\":\"https:\\\/\\\/www.lawebradio.com\\\/news\\\/#\\\/schema\\\/logo\\\/image\\\/\"}},{\"@type\":\"Person\",\"@id\":\"https:\\\/\\\/www.lawebradio.com\\\/news\\\/#\\\/schema\\\/person\\\/95fd11aee6e6cfe70a4b58b482103f1f\",\"name\":\"Julien Lecourbe\",\"image\":{\"@type\":\"ImageObject\",\"inLanguage\":\"fr-FR\",\"@id\":\"https:\\\/\\\/secure.gravatar.com\\\/avatar\\\/0d25a327c6e268d9730d9c0cbeeee0fea76f04c6cf9528c29e782ef324afc515?s=96&d=mm&r=g\",\"url\":\"https:\\\/\\\/secure.gravatar.com\\\/avatar\\\/0d25a327c6e268d9730d9c0cbeeee0fea76f04c6cf9528c29e782ef324afc515?s=96&d=mm&r=g\",\"contentUrl\":\"https:\\\/\\\/secure.gravatar.com\\\/avatar\\\/0d25a327c6e268d9730d9c0cbeeee0fea76f04c6cf9528c29e782ef324afc515?s=96&d=mm&r=g\",\"caption\":\"Julien Lecourbe\"},\"url\":\"https:\\\/\\\/www.lawebradio.com\\\/news\\\/author\\\/la-redaction\\\/\"}]}<\/script>\n<!-- \/ Yoast SEO plugin. -->","yoast_head_json":{"title":"RadioKing- TOP 30 des radios digitales en Octobre 2019 - Lawebradio.com - Actualit\u00e9s des radios digitales","description":"Voici le classement des 30 radios digitales fran\u00e7aises les plus diffus\u00e9es sur la plate-forme d'h\u00e9bergement RadioKing pour le mois d'Octobre 2019.","robots":{"index":"index","follow":"follow","max-snippet":"max-snippet:-1","max-image-preview":"max-image-preview:large","max-video-preview":"max-video-preview:-1"},"canonical":"https:\/\/www.lawebradio.com\/news\/radioking-top-30-des-radios-digitales-en-octobre-2019\/","og_locale":"fr_FR","og_type":"article","og_title":"RadioKing- TOP 30 des radios digitales en Octobre 2019 - Lawebradio.com - Actualit\u00e9s des radios digitales","og_description":"Voici le classement des 30 radios digitales fran\u00e7aises les plus diffus\u00e9es sur la plate-forme d'h\u00e9bergement RadioKing pour le mois d'Octobre 2019.","og_url":"https:\/\/www.lawebradio.com\/news\/radioking-top-30-des-radios-digitales-en-octobre-2019\/","og_site_name":"Lawebradio.com - Actualit\u00e9s des radios digitales","article_published_time":"2019-11-06T18:06:02+00:00","article_modified_time":"2021-08-03T09:21:06+00:00","og_image":[{"width":640,"height":310,"url":"https:\/\/www.lawebradio.com\/news\/wp-content\/uploads\/2019\/11\/ima-dt54ere745s8-112019.jpg","type":"image\/jpeg"}],"author":"Julien Lecourbe","twitter_misc":{"\u00c9crit par":"Julien Lecourbe","Dur\u00e9e de lecture estim\u00e9e":"1 minute"},"schema":{"@context":"https:\/\/schema.org","@graph":[{"@type":"Article","@id":"https:\/\/www.lawebradio.com\/news\/radioking-top-30-des-radios-digitales-en-octobre-2019\/#article","isPartOf":{"@id":"https:\/\/www.lawebradio.com\/news\/radioking-top-30-des-radios-digitales-en-octobre-2019\/"},"author":{"name":"Julien Lecourbe","@id":"https:\/\/www.lawebradio.com\/news\/#\/schema\/person\/95fd11aee6e6cfe70a4b58b482103f1f"},"headline":"RadioKing- TOP 30 des radios digitales en Octobre 2019","datePublished":"2019-11-06T18:06:02+00:00","dateModified":"2021-08-03T09:21:06+00:00","mainEntityOfPage":{"@id":"https:\/\/www.lawebradio.com\/news\/radioking-top-30-des-radios-digitales-en-octobre-2019\/"},"wordCount":222,"publisher":{"@id":"https:\/\/www.lawebradio.com\/news\/#organization"},"image":{"@id":"https:\/\/www.lawebradio.com\/news\/radioking-top-30-des-radios-digitales-en-octobre-2019\/#primaryimage"},"thumbnailUrl":"https:\/\/www.lawebradio.com\/news\/wp-content\/uploads\/2019\/11\/ima-dt54ere745s8-112019.jpg","keywords":["annuaire webradios","applications mobiles","plateforme d'\u00e9coute","radios digitales","webradios"],"articleSection":["Digital"],"inLanguage":"fr-FR"},{"@type":"WebPage","@id":"https:\/\/www.lawebradio.com\/news\/radioking-top-30-des-radios-digitales-en-octobre-2019\/","url":"https:\/\/www.lawebradio.com\/news\/radioking-top-30-des-radios-digitales-en-octobre-2019\/","name":"RadioKing- TOP 30 des radios digitales en Octobre 2019 - Lawebradio.com - Actualit\u00e9s des radios digitales","isPartOf":{"@id":"https:\/\/www.lawebradio.com\/news\/#website"},"primaryImageOfPage":{"@id":"https:\/\/www.lawebradio.com\/news\/radioking-top-30-des-radios-digitales-en-octobre-2019\/#primaryimage"},"image":{"@id":"https:\/\/www.lawebradio.com\/news\/radioking-top-30-des-radios-digitales-en-octobre-2019\/#primaryimage"},"thumbnailUrl":"https:\/\/www.lawebradio.com\/news\/wp-content\/uploads\/2019\/11\/ima-dt54ere745s8-112019.jpg","datePublished":"2019-11-06T18:06:02+00:00","dateModified":"2021-08-03T09:21:06+00:00","description":"Voici le classement des 30 radios digitales fran\u00e7aises les plus diffus\u00e9es sur la plate-forme d'h\u00e9bergement RadioKing pour le mois d'Octobre 2019.","inLanguage":"fr-FR","potentialAction":[{"@type":"ReadAction","target":["https:\/\/www.lawebradio.com\/news\/radioking-top-30-des-radios-digitales-en-octobre-2019\/"]}]},{"@type":"ImageObject","inLanguage":"fr-FR","@id":"https:\/\/www.lawebradio.com\/news\/radioking-top-30-des-radios-digitales-en-octobre-2019\/#primaryimage","url":"https:\/\/www.lawebradio.com\/news\/wp-content\/uploads\/2019\/11\/ima-dt54ere745s8-112019.jpg","contentUrl":"https:\/\/www.lawebradio.com\/news\/wp-content\/uploads\/2019\/11\/ima-dt54ere745s8-112019.jpg","width":640,"height":310},{"@type":"WebSite","@id":"https:\/\/www.lawebradio.com\/news\/#website","url":"https:\/\/www.lawebradio.com\/news\/","name":"Lawebradio.com - Actualit\u00e9s des radios digitales","description":"","publisher":{"@id":"https:\/\/www.lawebradio.com\/news\/#organization"},"potentialAction":[{"@type":"SearchAction","target":{"@type":"EntryPoint","urlTemplate":"https:\/\/www.lawebradio.com\/news\/?s={search_term_string}"},"query-input":{"@type":"PropertyValueSpecification","valueRequired":true,"valueName":"search_term_string"}}],"inLanguage":"fr-FR"},{"@type":"Organization","@id":"https:\/\/www.lawebradio.com\/news\/#organization","name":"Lawebradio.com - Actualit\u00e9s des radios digitales","url":"https:\/\/www.lawebradio.com\/news\/","logo":{"@type":"ImageObject","inLanguage":"fr-FR","@id":"https:\/\/www.lawebradio.com\/news\/#\/schema\/logo\/image\/","url":"https:\/\/www.lawebradio.com\/news\/wp-content\/uploads\/2020\/10\/logo2020.png","contentUrl":"https:\/\/www.lawebradio.com\/news\/wp-content\/uploads\/2020\/10\/logo2020.png","width":254,"height":43,"caption":"Lawebradio.com - Actualit\u00e9s des radios digitales"},"image":{"@id":"https:\/\/www.lawebradio.com\/news\/#\/schema\/logo\/image\/"}},{"@type":"Person","@id":"https:\/\/www.lawebradio.com\/news\/#\/schema\/person\/95fd11aee6e6cfe70a4b58b482103f1f","name":"Julien Lecourbe","image":{"@type":"ImageObject","inLanguage":"fr-FR","@id":"https:\/\/secure.gravatar.com\/avatar\/0d25a327c6e268d9730d9c0cbeeee0fea76f04c6cf9528c29e782ef324afc515?s=96&d=mm&r=g","url":"https:\/\/secure.gravatar.com\/avatar\/0d25a327c6e268d9730d9c0cbeeee0fea76f04c6cf9528c29e782ef324afc515?s=96&d=mm&r=g","contentUrl":"https:\/\/secure.gravatar.com\/avatar\/0d25a327c6e268d9730d9c0cbeeee0fea76f04c6cf9528c29e782ef324afc515?s=96&d=mm&r=g","caption":"Julien Lecourbe"},"url":"https:\/\/www.lawebradio.com\/news\/author\/la-redaction\/"}]}},"_links":{"self":[{"href":"https:\/\/www.lawebradio.com\/news\/wp-json\/wp\/v2\/posts\/5997","targetHints":{"allow":["GET"]}}],"collection":[{"href":"https:\/\/www.lawebradio.com\/news\/wp-json\/wp\/v2\/posts"}],"about":[{"href":"https:\/\/www.lawebradio.com\/news\/wp-json\/wp\/v2\/types\/post"}],"author":[{"embeddable":true,"href":"https:\/\/www.lawebradio.com\/news\/wp-json\/wp\/v2\/users\/3"}],"replies":[{"embeddable":true,"href":"https:\/\/www.lawebradio.com\/news\/wp-json\/wp\/v2\/comments?post=5997"}],"version-history":[{"count":1,"href":"https:\/\/www.lawebradio.com\/news\/wp-json\/wp\/v2\/posts\/5997\/revisions"}],"predecessor-version":[{"id":6000,"href":"https:\/\/www.lawebradio.com\/news\/wp-json\/wp\/v2\/posts\/5997\/revisions\/6000"}],"wp:featuredmedia":[{"embeddable":true,"href":"https:\/\/www.lawebradio.com\/news\/wp-json\/wp\/v2\/media\/5998"}],"wp:attachment":[{"href":"https:\/\/www.lawebradio.com\/news\/wp-json\/wp\/v2\/media?parent=5997"}],"wp:term":[{"taxonomy":"category","embeddable":true,"href":"https:\/\/www.lawebradio.com\/news\/wp-json\/wp\/v2\/categories?post=5997"},{"taxonomy":"post_tag","embeddable":true,"href":"https:\/\/www.lawebradio.com\/news\/wp-json\/wp\/v2\/tags?post=5997"}],"curies":[{"name":"wp","href":"https:\/\/api.w.org\/{rel}","templated":true}]}}