{"id":5984,"date":"2019-11-06T12:19:21","date_gmt":"2019-11-06T11:19:21","guid":{"rendered":"https:\/\/www.lawebradio.com\/news\/?p=5984"},"modified":"2019-11-06T12:21:44","modified_gmt":"2019-11-06T11:21:44","slug":"ecoutez-la-radio-digitale-de-jaymax-vi","status":"publish","type":"post","link":"https:\/\/www.lawebradio.com\/news\/ecoutez-la-radio-digitale-de-jaymax-vi\/","title":{"rendered":"Ecoutez la playlist de JayMax VI"},"content":{"rendered":"<p><strong>Avec 1,4 millions d\u2019abonn\u00e9s sur Facebook, plus de 1,2 millions sur Youtube et plus de 900 000 abonn\u00e9s sur Instagram, Jason Diakiadi Malenda (JayMax VI), \u00e2g\u00e9 de 25 ans, est l\u2019un des plus grands influenceurs de sa g\u00e9n\u00e9ration.<\/strong><\/p>\n<p>Humoriste Youtubeur \u00e0 l\u2019origine et passionn\u00e9 de musique, il se lance comme un d\u00e9fi dans l\u2019univers musical. Il chante et interpr\u00e8te notamment \u201cBye Bye\u201d, \u201cBolingo\u201d et son clip \u201cMarier\u201d a d\u00e9j\u00e0 r\u00e9alis\u00e9 plus de 800.000 vues sur Youtube.<br \/>\nL&rsquo;aventure d&rsquo;entertainer a commenc\u00e9 pour lui sur le site Vine avec des vid\u00e9os tr\u00e8s courtes d&rsquo;un format de 6 secondes max. Des vid\u00e9os et sketchs qui parlent \u00e0 sa g\u00e9n\u00e9ration.<br \/>\nDans le cadre d&rsquo;un partenariat avec NRJ, JAYMAX prend le contr\u00f4le de sa radio digitale pour programmer ses titres pr\u00e9f\u00e9r\u00e9s.<\/p>\n<p>\u2022 <a href=\"https:\/\/www.nrj.fr\/webradios?radioid=1426\" target=\"_blank\" rel=\"noopener noreferrer\">\u00c9coutez la radio digitale NRJ BY JAYMAX VI<\/a><\/p>\n<p><iframe loading=\"lazy\" src=\"https:\/\/www.youtube.com\/embed\/kzB6yccSERw\" width=\"560\" height=\"315\" frameborder=\"0\" allowfullscreen=\"allowfullscreen\"><\/iframe><\/p>\n","protected":false},"excerpt":{"rendered":"<p>Avec 1,4 millions d\u2019abonn\u00e9s sur Facebook, plus de 1,2 millions sur Youtube et plus de 900 000 abonn\u00e9s sur Instagram, Jason Diakiadi Malenda (JayMax VI), \u00e2g\u00e9 de 25 ans, est l\u2019un des plus grands influenceurs de sa g\u00e9n\u00e9ration. Humoriste Youtubeur \u00e0 l\u2019origine et passionn\u00e9 de musique, il se lance comme un d\u00e9fi dans l\u2019univers musical. [&hellip;]<\/p>\n","protected":false},"author":3,"featured_media":5985,"comment_status":"closed","ping_status":"closed","sticky":false,"template":"","format":"standard","meta":{"_et_pb_use_builder":"","_et_pb_old_content":"","_et_gb_content_width":"","footnotes":""},"categories":[6],"tags":[37,214,44],"class_list":["post-5984","post","type-post","status-publish","format-standard","has-post-thumbnail","hentry","category-focus","tag-groupe-nrj","tag-radios-digitales","tag-webradios","et-has-post-format-content","et_post_format-et-post-format-standard"],"yoast_head":"<!-- This site is optimized with the Yoast SEO plugin v27.5 - https:\/\/yoast.com\/product\/yoast-seo-wordpress\/ -->\n<title>Ecoutez la playlist de JayMax VI - Lawebradio.com - Actualit\u00e9s des radios digitales<\/title>\n<meta name=\"description\" content=\"Dans le cadre d&#039;un partenariat avec NRJ, JAYMAX prend le contr\u00f4le de sa radio digitale pour programmer ses titres pr\u00e9f\u00e9r\u00e9s.\" \/>\n<meta name=\"robots\" content=\"index, follow, max-snippet:-1, max-image-preview:large, max-video-preview:-1\" \/>\n<link rel=\"canonical\" href=\"https:\/\/www.lawebradio.com\/news\/ecoutez-la-radio-digitale-de-jaymax-vi\/\" \/>\n<meta property=\"og:locale\" content=\"fr_FR\" \/>\n<meta property=\"og:type\" content=\"article\" \/>\n<meta property=\"og:title\" content=\"Ecoutez la playlist de JayMax VI - Lawebradio.com - Actualit\u00e9s des radios digitales\" \/>\n<meta property=\"og:description\" content=\"Dans le cadre d&#039;un partenariat avec NRJ, JAYMAX prend le contr\u00f4le de sa radio digitale pour programmer ses titres pr\u00e9f\u00e9r\u00e9s.\" \/>\n<meta property=\"og:url\" content=\"https:\/\/www.lawebradio.com\/news\/ecoutez-la-radio-digitale-de-jaymax-vi\/\" \/>\n<meta property=\"og:site_name\" content=\"Lawebradio.com - Actualit\u00e9s des radios digitales\" \/>\n<meta property=\"article:published_time\" content=\"2019-11-06T11:19:21+00:00\" \/>\n<meta property=\"article:modified_time\" content=\"2019-11-06T11:21:44+00:00\" \/>\n<meta property=\"og:image\" content=\"https:\/\/www.lawebradio.com\/news\/wp-content\/uploads\/2019\/11\/ima-jaymaxvi-112019.jpg\" \/>\n\t<meta property=\"og:image:width\" content=\"640\" \/>\n\t<meta property=\"og:image:height\" content=\"310\" \/>\n\t<meta property=\"og:image:type\" content=\"image\/jpeg\" \/>\n<meta name=\"author\" content=\"Julien Lecourbe\" \/>\n<meta name=\"twitter:label1\" content=\"\u00c9crit par\" \/>\n\t<meta name=\"twitter:data1\" content=\"Julien Lecourbe\" \/>\n\t<meta name=\"twitter:label2\" content=\"Dur\u00e9e de lecture estim\u00e9e\" \/>\n\t<meta name=\"twitter:data2\" content=\"1 minute\" \/>\n<script type=\"application\/ld+json\" class=\"yoast-schema-graph\">{\"@context\":\"https:\\\/\\\/schema.org\",\"@graph\":[{\"@type\":\"Article\",\"@id\":\"https:\\\/\\\/www.lawebradio.com\\\/news\\\/ecoutez-la-radio-digitale-de-jaymax-vi\\\/#article\",\"isPartOf\":{\"@id\":\"https:\\\/\\\/www.lawebradio.com\\\/news\\\/ecoutez-la-radio-digitale-de-jaymax-vi\\\/\"},\"author\":{\"name\":\"Julien Lecourbe\",\"@id\":\"https:\\\/\\\/www.lawebradio.com\\\/news\\\/#\\\/schema\\\/person\\\/95fd11aee6e6cfe70a4b58b482103f1f\"},\"headline\":\"Ecoutez la playlist de JayMax VI\",\"datePublished\":\"2019-11-06T11:19:21+00:00\",\"dateModified\":\"2019-11-06T11:21:44+00:00\",\"mainEntityOfPage\":{\"@id\":\"https:\\\/\\\/www.lawebradio.com\\\/news\\\/ecoutez-la-radio-digitale-de-jaymax-vi\\\/\"},\"wordCount\":156,\"publisher\":{\"@id\":\"https:\\\/\\\/www.lawebradio.com\\\/news\\\/#organization\"},\"image\":{\"@id\":\"https:\\\/\\\/www.lawebradio.com\\\/news\\\/ecoutez-la-radio-digitale-de-jaymax-vi\\\/#primaryimage\"},\"thumbnailUrl\":\"https:\\\/\\\/www.lawebradio.com\\\/news\\\/wp-content\\\/uploads\\\/2019\\\/11\\\/ima-jaymaxvi-112019.jpg\",\"keywords\":[\"groupe NRJ\",\"radios digitales\",\"webradios\"],\"articleSection\":[\"Focus\"],\"inLanguage\":\"fr-FR\"},{\"@type\":\"WebPage\",\"@id\":\"https:\\\/\\\/www.lawebradio.com\\\/news\\\/ecoutez-la-radio-digitale-de-jaymax-vi\\\/\",\"url\":\"https:\\\/\\\/www.lawebradio.com\\\/news\\\/ecoutez-la-radio-digitale-de-jaymax-vi\\\/\",\"name\":\"Ecoutez la playlist de JayMax VI - Lawebradio.com - Actualit\u00e9s des radios digitales\",\"isPartOf\":{\"@id\":\"https:\\\/\\\/www.lawebradio.com\\\/news\\\/#website\"},\"primaryImageOfPage\":{\"@id\":\"https:\\\/\\\/www.lawebradio.com\\\/news\\\/ecoutez-la-radio-digitale-de-jaymax-vi\\\/#primaryimage\"},\"image\":{\"@id\":\"https:\\\/\\\/www.lawebradio.com\\\/news\\\/ecoutez-la-radio-digitale-de-jaymax-vi\\\/#primaryimage\"},\"thumbnailUrl\":\"https:\\\/\\\/www.lawebradio.com\\\/news\\\/wp-content\\\/uploads\\\/2019\\\/11\\\/ima-jaymaxvi-112019.jpg\",\"datePublished\":\"2019-11-06T11:19:21+00:00\",\"dateModified\":\"2019-11-06T11:21:44+00:00\",\"description\":\"Dans le cadre d'un partenariat avec NRJ, JAYMAX prend le contr\u00f4le de sa radio digitale pour programmer ses titres pr\u00e9f\u00e9r\u00e9s.\",\"inLanguage\":\"fr-FR\",\"potentialAction\":[{\"@type\":\"ReadAction\",\"target\":[\"https:\\\/\\\/www.lawebradio.com\\\/news\\\/ecoutez-la-radio-digitale-de-jaymax-vi\\\/\"]}]},{\"@type\":\"ImageObject\",\"inLanguage\":\"fr-FR\",\"@id\":\"https:\\\/\\\/www.lawebradio.com\\\/news\\\/ecoutez-la-radio-digitale-de-jaymax-vi\\\/#primaryimage\",\"url\":\"https:\\\/\\\/www.lawebradio.com\\\/news\\\/wp-content\\\/uploads\\\/2019\\\/11\\\/ima-jaymaxvi-112019.jpg\",\"contentUrl\":\"https:\\\/\\\/www.lawebradio.com\\\/news\\\/wp-content\\\/uploads\\\/2019\\\/11\\\/ima-jaymaxvi-112019.jpg\",\"width\":640,\"height\":310},{\"@type\":\"WebSite\",\"@id\":\"https:\\\/\\\/www.lawebradio.com\\\/news\\\/#website\",\"url\":\"https:\\\/\\\/www.lawebradio.com\\\/news\\\/\",\"name\":\"Lawebradio.com - Actualit\u00e9s des radios digitales\",\"description\":\"\",\"publisher\":{\"@id\":\"https:\\\/\\\/www.lawebradio.com\\\/news\\\/#organization\"},\"potentialAction\":[{\"@type\":\"SearchAction\",\"target\":{\"@type\":\"EntryPoint\",\"urlTemplate\":\"https:\\\/\\\/www.lawebradio.com\\\/news\\\/?s={search_term_string}\"},\"query-input\":{\"@type\":\"PropertyValueSpecification\",\"valueRequired\":true,\"valueName\":\"search_term_string\"}}],\"inLanguage\":\"fr-FR\"},{\"@type\":\"Organization\",\"@id\":\"https:\\\/\\\/www.lawebradio.com\\\/news\\\/#organization\",\"name\":\"Lawebradio.com - Actualit\u00e9s des radios digitales\",\"url\":\"https:\\\/\\\/www.lawebradio.com\\\/news\\\/\",\"logo\":{\"@type\":\"ImageObject\",\"inLanguage\":\"fr-FR\",\"@id\":\"https:\\\/\\\/www.lawebradio.com\\\/news\\\/#\\\/schema\\\/logo\\\/image\\\/\",\"url\":\"https:\\\/\\\/www.lawebradio.com\\\/news\\\/wp-content\\\/uploads\\\/2020\\\/10\\\/logo2020.png\",\"contentUrl\":\"https:\\\/\\\/www.lawebradio.com\\\/news\\\/wp-content\\\/uploads\\\/2020\\\/10\\\/logo2020.png\",\"width\":254,\"height\":43,\"caption\":\"Lawebradio.com - Actualit\u00e9s des radios digitales\"},\"image\":{\"@id\":\"https:\\\/\\\/www.lawebradio.com\\\/news\\\/#\\\/schema\\\/logo\\\/image\\\/\"}},{\"@type\":\"Person\",\"@id\":\"https:\\\/\\\/www.lawebradio.com\\\/news\\\/#\\\/schema\\\/person\\\/95fd11aee6e6cfe70a4b58b482103f1f\",\"name\":\"Julien Lecourbe\",\"image\":{\"@type\":\"ImageObject\",\"inLanguage\":\"fr-FR\",\"@id\":\"https:\\\/\\\/secure.gravatar.com\\\/avatar\\\/0d25a327c6e268d9730d9c0cbeeee0fea76f04c6cf9528c29e782ef324afc515?s=96&d=mm&r=g\",\"url\":\"https:\\\/\\\/secure.gravatar.com\\\/avatar\\\/0d25a327c6e268d9730d9c0cbeeee0fea76f04c6cf9528c29e782ef324afc515?s=96&d=mm&r=g\",\"contentUrl\":\"https:\\\/\\\/secure.gravatar.com\\\/avatar\\\/0d25a327c6e268d9730d9c0cbeeee0fea76f04c6cf9528c29e782ef324afc515?s=96&d=mm&r=g\",\"caption\":\"Julien Lecourbe\"},\"url\":\"https:\\\/\\\/www.lawebradio.com\\\/news\\\/author\\\/la-redaction\\\/\"}]}<\/script>\n<!-- \/ Yoast SEO plugin. -->","yoast_head_json":{"title":"Ecoutez la playlist de JayMax VI - Lawebradio.com - Actualit\u00e9s des radios digitales","description":"Dans le cadre d'un partenariat avec NRJ, JAYMAX prend le contr\u00f4le de sa radio digitale pour programmer ses titres pr\u00e9f\u00e9r\u00e9s.","robots":{"index":"index","follow":"follow","max-snippet":"max-snippet:-1","max-image-preview":"max-image-preview:large","max-video-preview":"max-video-preview:-1"},"canonical":"https:\/\/www.lawebradio.com\/news\/ecoutez-la-radio-digitale-de-jaymax-vi\/","og_locale":"fr_FR","og_type":"article","og_title":"Ecoutez la playlist de JayMax VI - Lawebradio.com - Actualit\u00e9s des radios digitales","og_description":"Dans le cadre d'un partenariat avec NRJ, JAYMAX prend le contr\u00f4le de sa radio digitale pour programmer ses titres pr\u00e9f\u00e9r\u00e9s.","og_url":"https:\/\/www.lawebradio.com\/news\/ecoutez-la-radio-digitale-de-jaymax-vi\/","og_site_name":"Lawebradio.com - Actualit\u00e9s des radios digitales","article_published_time":"2019-11-06T11:19:21+00:00","article_modified_time":"2019-11-06T11:21:44+00:00","og_image":[{"width":640,"height":310,"url":"https:\/\/www.lawebradio.com\/news\/wp-content\/uploads\/2019\/11\/ima-jaymaxvi-112019.jpg","type":"image\/jpeg"}],"author":"Julien Lecourbe","twitter_misc":{"\u00c9crit par":"Julien Lecourbe","Dur\u00e9e de lecture estim\u00e9e":"1 minute"},"schema":{"@context":"https:\/\/schema.org","@graph":[{"@type":"Article","@id":"https:\/\/www.lawebradio.com\/news\/ecoutez-la-radio-digitale-de-jaymax-vi\/#article","isPartOf":{"@id":"https:\/\/www.lawebradio.com\/news\/ecoutez-la-radio-digitale-de-jaymax-vi\/"},"author":{"name":"Julien Lecourbe","@id":"https:\/\/www.lawebradio.com\/news\/#\/schema\/person\/95fd11aee6e6cfe70a4b58b482103f1f"},"headline":"Ecoutez la playlist de JayMax VI","datePublished":"2019-11-06T11:19:21+00:00","dateModified":"2019-11-06T11:21:44+00:00","mainEntityOfPage":{"@id":"https:\/\/www.lawebradio.com\/news\/ecoutez-la-radio-digitale-de-jaymax-vi\/"},"wordCount":156,"publisher":{"@id":"https:\/\/www.lawebradio.com\/news\/#organization"},"image":{"@id":"https:\/\/www.lawebradio.com\/news\/ecoutez-la-radio-digitale-de-jaymax-vi\/#primaryimage"},"thumbnailUrl":"https:\/\/www.lawebradio.com\/news\/wp-content\/uploads\/2019\/11\/ima-jaymaxvi-112019.jpg","keywords":["groupe NRJ","radios digitales","webradios"],"articleSection":["Focus"],"inLanguage":"fr-FR"},{"@type":"WebPage","@id":"https:\/\/www.lawebradio.com\/news\/ecoutez-la-radio-digitale-de-jaymax-vi\/","url":"https:\/\/www.lawebradio.com\/news\/ecoutez-la-radio-digitale-de-jaymax-vi\/","name":"Ecoutez la playlist de JayMax VI - Lawebradio.com - Actualit\u00e9s des radios digitales","isPartOf":{"@id":"https:\/\/www.lawebradio.com\/news\/#website"},"primaryImageOfPage":{"@id":"https:\/\/www.lawebradio.com\/news\/ecoutez-la-radio-digitale-de-jaymax-vi\/#primaryimage"},"image":{"@id":"https:\/\/www.lawebradio.com\/news\/ecoutez-la-radio-digitale-de-jaymax-vi\/#primaryimage"},"thumbnailUrl":"https:\/\/www.lawebradio.com\/news\/wp-content\/uploads\/2019\/11\/ima-jaymaxvi-112019.jpg","datePublished":"2019-11-06T11:19:21+00:00","dateModified":"2019-11-06T11:21:44+00:00","description":"Dans le cadre d'un partenariat avec NRJ, JAYMAX prend le contr\u00f4le de sa radio digitale pour programmer ses titres pr\u00e9f\u00e9r\u00e9s.","inLanguage":"fr-FR","potentialAction":[{"@type":"ReadAction","target":["https:\/\/www.lawebradio.com\/news\/ecoutez-la-radio-digitale-de-jaymax-vi\/"]}]},{"@type":"ImageObject","inLanguage":"fr-FR","@id":"https:\/\/www.lawebradio.com\/news\/ecoutez-la-radio-digitale-de-jaymax-vi\/#primaryimage","url":"https:\/\/www.lawebradio.com\/news\/wp-content\/uploads\/2019\/11\/ima-jaymaxvi-112019.jpg","contentUrl":"https:\/\/www.lawebradio.com\/news\/wp-content\/uploads\/2019\/11\/ima-jaymaxvi-112019.jpg","width":640,"height":310},{"@type":"WebSite","@id":"https:\/\/www.lawebradio.com\/news\/#website","url":"https:\/\/www.lawebradio.com\/news\/","name":"Lawebradio.com - Actualit\u00e9s des radios digitales","description":"","publisher":{"@id":"https:\/\/www.lawebradio.com\/news\/#organization"},"potentialAction":[{"@type":"SearchAction","target":{"@type":"EntryPoint","urlTemplate":"https:\/\/www.lawebradio.com\/news\/?s={search_term_string}"},"query-input":{"@type":"PropertyValueSpecification","valueRequired":true,"valueName":"search_term_string"}}],"inLanguage":"fr-FR"},{"@type":"Organization","@id":"https:\/\/www.lawebradio.com\/news\/#organization","name":"Lawebradio.com - Actualit\u00e9s des radios digitales","url":"https:\/\/www.lawebradio.com\/news\/","logo":{"@type":"ImageObject","inLanguage":"fr-FR","@id":"https:\/\/www.lawebradio.com\/news\/#\/schema\/logo\/image\/","url":"https:\/\/www.lawebradio.com\/news\/wp-content\/uploads\/2020\/10\/logo2020.png","contentUrl":"https:\/\/www.lawebradio.com\/news\/wp-content\/uploads\/2020\/10\/logo2020.png","width":254,"height":43,"caption":"Lawebradio.com - Actualit\u00e9s des radios digitales"},"image":{"@id":"https:\/\/www.lawebradio.com\/news\/#\/schema\/logo\/image\/"}},{"@type":"Person","@id":"https:\/\/www.lawebradio.com\/news\/#\/schema\/person\/95fd11aee6e6cfe70a4b58b482103f1f","name":"Julien Lecourbe","image":{"@type":"ImageObject","inLanguage":"fr-FR","@id":"https:\/\/secure.gravatar.com\/avatar\/0d25a327c6e268d9730d9c0cbeeee0fea76f04c6cf9528c29e782ef324afc515?s=96&d=mm&r=g","url":"https:\/\/secure.gravatar.com\/avatar\/0d25a327c6e268d9730d9c0cbeeee0fea76f04c6cf9528c29e782ef324afc515?s=96&d=mm&r=g","contentUrl":"https:\/\/secure.gravatar.com\/avatar\/0d25a327c6e268d9730d9c0cbeeee0fea76f04c6cf9528c29e782ef324afc515?s=96&d=mm&r=g","caption":"Julien Lecourbe"},"url":"https:\/\/www.lawebradio.com\/news\/author\/la-redaction\/"}]}},"_links":{"self":[{"href":"https:\/\/www.lawebradio.com\/news\/wp-json\/wp\/v2\/posts\/5984","targetHints":{"allow":["GET"]}}],"collection":[{"href":"https:\/\/www.lawebradio.com\/news\/wp-json\/wp\/v2\/posts"}],"about":[{"href":"https:\/\/www.lawebradio.com\/news\/wp-json\/wp\/v2\/types\/post"}],"author":[{"embeddable":true,"href":"https:\/\/www.lawebradio.com\/news\/wp-json\/wp\/v2\/users\/3"}],"replies":[{"embeddable":true,"href":"https:\/\/www.lawebradio.com\/news\/wp-json\/wp\/v2\/comments?post=5984"}],"version-history":[{"count":2,"href":"https:\/\/www.lawebradio.com\/news\/wp-json\/wp\/v2\/posts\/5984\/revisions"}],"predecessor-version":[{"id":5987,"href":"https:\/\/www.lawebradio.com\/news\/wp-json\/wp\/v2\/posts\/5984\/revisions\/5987"}],"wp:featuredmedia":[{"embeddable":true,"href":"https:\/\/www.lawebradio.com\/news\/wp-json\/wp\/v2\/media\/5985"}],"wp:attachment":[{"href":"https:\/\/www.lawebradio.com\/news\/wp-json\/wp\/v2\/media?parent=5984"}],"wp:term":[{"taxonomy":"category","embeddable":true,"href":"https:\/\/www.lawebradio.com\/news\/wp-json\/wp\/v2\/categories?post=5984"},{"taxonomy":"post_tag","embeddable":true,"href":"https:\/\/www.lawebradio.com\/news\/wp-json\/wp\/v2\/tags?post=5984"}],"curies":[{"name":"wp","href":"https:\/\/api.w.org\/{rel}","templated":true}]}}