{"id":5830,"date":"2019-07-04T18:20:34","date_gmt":"2019-07-04T17:20:34","guid":{"rendered":"https:\/\/www.lawebradio.com\/news\/?p=5830"},"modified":"2019-07-04T18:20:34","modified_gmt":"2019-07-04T17:20:34","slug":"mytuner-top-30-des-radios-digitales-en-juin-2019","status":"publish","type":"post","link":"https:\/\/www.lawebradio.com\/news\/mytuner-top-30-des-radios-digitales-en-juin-2019\/","title":{"rendered":"myTuner &#8211; TOP 30 des radios digitales en Juin 2019"},"content":{"rendered":"<p><strong>Voici le classement des 30 radios digitales fran\u00e7aises les plus diffus\u00e9es sur <a href=\"https:\/\/mytuner-radio.com\/radio\/country\/france-stations\" target=\"_blank\" rel=\"noopener noreferrer\">la plate-forme myTuner<\/a> (rassemblant plus de 50 000 stations de radio dans le monde et 20 millions de podcasts en provenance de plus de 200 pays) pour le mois de Juin 2019.<\/strong><\/p>\n<p>\u2022 Les principales radios FM fran\u00e7aises diffusant en digital tiennent les premi\u00e8res places de ce palmar\u00e8s tandis que nos 3 radios digitales \u00ab\u00a0PURE-PLAYERS\u00a0\u00bb ( <a href=\"http:\/\/www.abc-lounge.com\/fr\/\">ABC Lounge<\/a>, <a href=\"http:\/\/www.nrj.fr\/\" target=\"_blank\" rel=\"noopener noreferrer\">NRJ Hits<\/a> et <a href=\"http:\/\/www.jazzradio.fr\/\" target=\"_blank\" rel=\"noopener noreferrer\">Jazz Radio Classic Jazz<\/a>) conservent leur position, signe que les auditeurs ont pris leurs habitudes d&rsquo;\u00e9coute.<\/p>\n<p><a href=\"https:\/\/mytuner-radio.com\/radio\/country\/france-stations\" target=\"_blank\" rel=\"noopener noreferrer\">Plus d&rsquo;infos sur la plate-forme <strong>mytuner-radio.com<\/strong><\/a><\/p>\n<p><a href=\"https:\/\/www.lawebradio.com\/news\/wp-content\/uploads\/2019\/07\/ima-top30-mytuner-072019.png\"><img loading=\"lazy\" decoding=\"async\" class=\"alignnone wp-image-5832 size-full\" title=\"myTuner - TOP 30 des radios digitales en Juin 2019\" src=\"https:\/\/www.lawebradio.com\/news\/wp-content\/uploads\/2019\/07\/ima-top30-mytuner-072019.png\" alt=\"myTuner - TOP 30 des radios digitales en Juin 2019\" width=\"665\" height=\"1214\" srcset=\"https:\/\/www.lawebradio.com\/news\/wp-content\/uploads\/2019\/07\/ima-top30-mytuner-072019.png 665w, https:\/\/www.lawebradio.com\/news\/wp-content\/uploads\/2019\/07\/ima-top30-mytuner-072019-82x150.png 82w, https:\/\/www.lawebradio.com\/news\/wp-content\/uploads\/2019\/07\/ima-top30-mytuner-072019-164x300.png 164w, https:\/\/www.lawebradio.com\/news\/wp-content\/uploads\/2019\/07\/ima-top30-mytuner-072019-561x1024.png 561w, https:\/\/www.lawebradio.com\/news\/wp-content\/uploads\/2019\/07\/ima-top30-mytuner-072019-1x1.png 1w\" sizes=\"auto, (max-width: 665px) 100vw, 665px\" \/><\/a><\/p>\n","protected":false},"excerpt":{"rendered":"<p>Voici le classement des 30 radios digitales fran\u00e7aises les plus diffus\u00e9es sur la plate-forme myTuner (rassemblant plus de 50 000 stations de radio dans le monde et 20 millions de podcasts en provenance de plus de 200 pays) pour le mois de Juin 2019. \u2022 Les principales radios FM fran\u00e7aises diffusant en digital tiennent les [&hellip;]<\/p>\n","protected":false},"author":3,"featured_media":5831,"comment_status":"closed","ping_status":"closed","sticky":false,"template":"","format":"standard","meta":{"_et_pb_use_builder":"","_et_pb_old_content":"","_et_gb_content_width":"","footnotes":""},"categories":[1],"tags":[577,269,763,214,44],"class_list":["post-5830","post","type-post","status-publish","format-standard","has-post-thumbnail","hentry","category-digital","tag-annuaire-webradios","tag-applications-mobiles","tag-plateforme-decoute","tag-radios-digitales","tag-webradios","et-has-post-format-content","et_post_format-et-post-format-standard"],"yoast_head":"<!-- This site is optimized with the Yoast SEO plugin v27.5 - https:\/\/yoast.com\/product\/yoast-seo-wordpress\/ -->\n<title>myTuner - TOP 30 des radios digitales en Juin 2019 - Lawebradio.com - Actualit\u00e9s des radios digitales<\/title>\n<meta name=\"description\" content=\"Voici le classement des 30 radios digitales fran\u00e7aises les plus diffus\u00e9es sur la plate-forme myTuner pour le mois de Juin 2019.\" \/>\n<meta name=\"robots\" content=\"index, follow, max-snippet:-1, max-image-preview:large, max-video-preview:-1\" \/>\n<link rel=\"canonical\" href=\"https:\/\/www.lawebradio.com\/news\/mytuner-top-30-des-radios-digitales-en-juin-2019\/\" \/>\n<meta property=\"og:locale\" content=\"fr_FR\" \/>\n<meta property=\"og:type\" content=\"article\" \/>\n<meta property=\"og:title\" content=\"myTuner - TOP 30 des radios digitales en Juin 2019 - Lawebradio.com - Actualit\u00e9s des radios digitales\" \/>\n<meta property=\"og:description\" content=\"Voici le classement des 30 radios digitales fran\u00e7aises les plus diffus\u00e9es sur la plate-forme myTuner pour le mois de Juin 2019.\" \/>\n<meta property=\"og:url\" content=\"https:\/\/www.lawebradio.com\/news\/mytuner-top-30-des-radios-digitales-en-juin-2019\/\" \/>\n<meta property=\"og:site_name\" content=\"Lawebradio.com - Actualit\u00e9s des radios digitales\" \/>\n<meta property=\"article:published_time\" content=\"2019-07-04T17:20:34+00:00\" \/>\n<meta property=\"og:image\" content=\"https:\/\/www.lawebradio.com\/news\/wp-content\/uploads\/2019\/07\/ima01-top30-mytuner-072019.png\" \/>\n\t<meta property=\"og:image:width\" content=\"640\" \/>\n\t<meta property=\"og:image:height\" content=\"310\" \/>\n\t<meta property=\"og:image:type\" content=\"image\/png\" \/>\n<meta name=\"author\" content=\"Julien Lecourbe\" \/>\n<meta name=\"twitter:label1\" content=\"\u00c9crit par\" \/>\n\t<meta name=\"twitter:data1\" content=\"Julien Lecourbe\" \/>\n<script type=\"application\/ld+json\" class=\"yoast-schema-graph\">{\"@context\":\"https:\\\/\\\/schema.org\",\"@graph\":[{\"@type\":\"Article\",\"@id\":\"https:\\\/\\\/www.lawebradio.com\\\/news\\\/mytuner-top-30-des-radios-digitales-en-juin-2019\\\/#article\",\"isPartOf\":{\"@id\":\"https:\\\/\\\/www.lawebradio.com\\\/news\\\/mytuner-top-30-des-radios-digitales-en-juin-2019\\\/\"},\"author\":{\"name\":\"Julien Lecourbe\",\"@id\":\"https:\\\/\\\/www.lawebradio.com\\\/news\\\/#\\\/schema\\\/person\\\/95fd11aee6e6cfe70a4b58b482103f1f\"},\"headline\":\"myTuner &#8211; TOP 30 des radios digitales en Juin 2019\",\"datePublished\":\"2019-07-04T17:20:34+00:00\",\"mainEntityOfPage\":{\"@id\":\"https:\\\/\\\/www.lawebradio.com\\\/news\\\/mytuner-top-30-des-radios-digitales-en-juin-2019\\\/\"},\"wordCount\":102,\"publisher\":{\"@id\":\"https:\\\/\\\/www.lawebradio.com\\\/news\\\/#organization\"},\"image\":{\"@id\":\"https:\\\/\\\/www.lawebradio.com\\\/news\\\/mytuner-top-30-des-radios-digitales-en-juin-2019\\\/#primaryimage\"},\"thumbnailUrl\":\"https:\\\/\\\/www.lawebradio.com\\\/news\\\/wp-content\\\/uploads\\\/2019\\\/07\\\/ima01-top30-mytuner-072019.png\",\"keywords\":[\"annuaire webradios\",\"applications mobiles\",\"plateforme d'\u00e9coute\",\"radios digitales\",\"webradios\"],\"articleSection\":[\"Digital\"],\"inLanguage\":\"fr-FR\"},{\"@type\":\"WebPage\",\"@id\":\"https:\\\/\\\/www.lawebradio.com\\\/news\\\/mytuner-top-30-des-radios-digitales-en-juin-2019\\\/\",\"url\":\"https:\\\/\\\/www.lawebradio.com\\\/news\\\/mytuner-top-30-des-radios-digitales-en-juin-2019\\\/\",\"name\":\"myTuner - TOP 30 des radios digitales en Juin 2019 - Lawebradio.com - Actualit\u00e9s des radios digitales\",\"isPartOf\":{\"@id\":\"https:\\\/\\\/www.lawebradio.com\\\/news\\\/#website\"},\"primaryImageOfPage\":{\"@id\":\"https:\\\/\\\/www.lawebradio.com\\\/news\\\/mytuner-top-30-des-radios-digitales-en-juin-2019\\\/#primaryimage\"},\"image\":{\"@id\":\"https:\\\/\\\/www.lawebradio.com\\\/news\\\/mytuner-top-30-des-radios-digitales-en-juin-2019\\\/#primaryimage\"},\"thumbnailUrl\":\"https:\\\/\\\/www.lawebradio.com\\\/news\\\/wp-content\\\/uploads\\\/2019\\\/07\\\/ima01-top30-mytuner-072019.png\",\"datePublished\":\"2019-07-04T17:20:34+00:00\",\"description\":\"Voici le classement des 30 radios digitales fran\u00e7aises les plus diffus\u00e9es sur la plate-forme myTuner pour le mois de Juin 2019.\",\"inLanguage\":\"fr-FR\",\"potentialAction\":[{\"@type\":\"ReadAction\",\"target\":[\"https:\\\/\\\/www.lawebradio.com\\\/news\\\/mytuner-top-30-des-radios-digitales-en-juin-2019\\\/\"]}]},{\"@type\":\"ImageObject\",\"inLanguage\":\"fr-FR\",\"@id\":\"https:\\\/\\\/www.lawebradio.com\\\/news\\\/mytuner-top-30-des-radios-digitales-en-juin-2019\\\/#primaryimage\",\"url\":\"https:\\\/\\\/www.lawebradio.com\\\/news\\\/wp-content\\\/uploads\\\/2019\\\/07\\\/ima01-top30-mytuner-072019.png\",\"contentUrl\":\"https:\\\/\\\/www.lawebradio.com\\\/news\\\/wp-content\\\/uploads\\\/2019\\\/07\\\/ima01-top30-mytuner-072019.png\",\"width\":640,\"height\":310},{\"@type\":\"WebSite\",\"@id\":\"https:\\\/\\\/www.lawebradio.com\\\/news\\\/#website\",\"url\":\"https:\\\/\\\/www.lawebradio.com\\\/news\\\/\",\"name\":\"Lawebradio.com - Actualit\u00e9s des radios digitales\",\"description\":\"\",\"publisher\":{\"@id\":\"https:\\\/\\\/www.lawebradio.com\\\/news\\\/#organization\"},\"potentialAction\":[{\"@type\":\"SearchAction\",\"target\":{\"@type\":\"EntryPoint\",\"urlTemplate\":\"https:\\\/\\\/www.lawebradio.com\\\/news\\\/?s={search_term_string}\"},\"query-input\":{\"@type\":\"PropertyValueSpecification\",\"valueRequired\":true,\"valueName\":\"search_term_string\"}}],\"inLanguage\":\"fr-FR\"},{\"@type\":\"Organization\",\"@id\":\"https:\\\/\\\/www.lawebradio.com\\\/news\\\/#organization\",\"name\":\"Lawebradio.com - Actualit\u00e9s des radios digitales\",\"url\":\"https:\\\/\\\/www.lawebradio.com\\\/news\\\/\",\"logo\":{\"@type\":\"ImageObject\",\"inLanguage\":\"fr-FR\",\"@id\":\"https:\\\/\\\/www.lawebradio.com\\\/news\\\/#\\\/schema\\\/logo\\\/image\\\/\",\"url\":\"https:\\\/\\\/www.lawebradio.com\\\/news\\\/wp-content\\\/uploads\\\/2020\\\/10\\\/logo2020.png\",\"contentUrl\":\"https:\\\/\\\/www.lawebradio.com\\\/news\\\/wp-content\\\/uploads\\\/2020\\\/10\\\/logo2020.png\",\"width\":254,\"height\":43,\"caption\":\"Lawebradio.com - Actualit\u00e9s des radios digitales\"},\"image\":{\"@id\":\"https:\\\/\\\/www.lawebradio.com\\\/news\\\/#\\\/schema\\\/logo\\\/image\\\/\"}},{\"@type\":\"Person\",\"@id\":\"https:\\\/\\\/www.lawebradio.com\\\/news\\\/#\\\/schema\\\/person\\\/95fd11aee6e6cfe70a4b58b482103f1f\",\"name\":\"Julien Lecourbe\",\"image\":{\"@type\":\"ImageObject\",\"inLanguage\":\"fr-FR\",\"@id\":\"https:\\\/\\\/secure.gravatar.com\\\/avatar\\\/0d25a327c6e268d9730d9c0cbeeee0fea76f04c6cf9528c29e782ef324afc515?s=96&d=mm&r=g\",\"url\":\"https:\\\/\\\/secure.gravatar.com\\\/avatar\\\/0d25a327c6e268d9730d9c0cbeeee0fea76f04c6cf9528c29e782ef324afc515?s=96&d=mm&r=g\",\"contentUrl\":\"https:\\\/\\\/secure.gravatar.com\\\/avatar\\\/0d25a327c6e268d9730d9c0cbeeee0fea76f04c6cf9528c29e782ef324afc515?s=96&d=mm&r=g\",\"caption\":\"Julien Lecourbe\"},\"url\":\"https:\\\/\\\/www.lawebradio.com\\\/news\\\/author\\\/la-redaction\\\/\"}]}<\/script>\n<!-- \/ Yoast SEO plugin. -->","yoast_head_json":{"title":"myTuner - TOP 30 des radios digitales en Juin 2019 - Lawebradio.com - Actualit\u00e9s des radios digitales","description":"Voici le classement des 30 radios digitales fran\u00e7aises les plus diffus\u00e9es sur la plate-forme myTuner pour le mois de Juin 2019.","robots":{"index":"index","follow":"follow","max-snippet":"max-snippet:-1","max-image-preview":"max-image-preview:large","max-video-preview":"max-video-preview:-1"},"canonical":"https:\/\/www.lawebradio.com\/news\/mytuner-top-30-des-radios-digitales-en-juin-2019\/","og_locale":"fr_FR","og_type":"article","og_title":"myTuner - TOP 30 des radios digitales en Juin 2019 - Lawebradio.com - Actualit\u00e9s des radios digitales","og_description":"Voici le classement des 30 radios digitales fran\u00e7aises les plus diffus\u00e9es sur la plate-forme myTuner pour le mois de Juin 2019.","og_url":"https:\/\/www.lawebradio.com\/news\/mytuner-top-30-des-radios-digitales-en-juin-2019\/","og_site_name":"Lawebradio.com - Actualit\u00e9s des radios digitales","article_published_time":"2019-07-04T17:20:34+00:00","og_image":[{"width":640,"height":310,"url":"https:\/\/www.lawebradio.com\/news\/wp-content\/uploads\/2019\/07\/ima01-top30-mytuner-072019.png","type":"image\/png"}],"author":"Julien Lecourbe","twitter_misc":{"\u00c9crit par":"Julien Lecourbe"},"schema":{"@context":"https:\/\/schema.org","@graph":[{"@type":"Article","@id":"https:\/\/www.lawebradio.com\/news\/mytuner-top-30-des-radios-digitales-en-juin-2019\/#article","isPartOf":{"@id":"https:\/\/www.lawebradio.com\/news\/mytuner-top-30-des-radios-digitales-en-juin-2019\/"},"author":{"name":"Julien Lecourbe","@id":"https:\/\/www.lawebradio.com\/news\/#\/schema\/person\/95fd11aee6e6cfe70a4b58b482103f1f"},"headline":"myTuner &#8211; TOP 30 des radios digitales en Juin 2019","datePublished":"2019-07-04T17:20:34+00:00","mainEntityOfPage":{"@id":"https:\/\/www.lawebradio.com\/news\/mytuner-top-30-des-radios-digitales-en-juin-2019\/"},"wordCount":102,"publisher":{"@id":"https:\/\/www.lawebradio.com\/news\/#organization"},"image":{"@id":"https:\/\/www.lawebradio.com\/news\/mytuner-top-30-des-radios-digitales-en-juin-2019\/#primaryimage"},"thumbnailUrl":"https:\/\/www.lawebradio.com\/news\/wp-content\/uploads\/2019\/07\/ima01-top30-mytuner-072019.png","keywords":["annuaire webradios","applications mobiles","plateforme d'\u00e9coute","radios digitales","webradios"],"articleSection":["Digital"],"inLanguage":"fr-FR"},{"@type":"WebPage","@id":"https:\/\/www.lawebradio.com\/news\/mytuner-top-30-des-radios-digitales-en-juin-2019\/","url":"https:\/\/www.lawebradio.com\/news\/mytuner-top-30-des-radios-digitales-en-juin-2019\/","name":"myTuner - TOP 30 des radios digitales en Juin 2019 - Lawebradio.com - Actualit\u00e9s des radios digitales","isPartOf":{"@id":"https:\/\/www.lawebradio.com\/news\/#website"},"primaryImageOfPage":{"@id":"https:\/\/www.lawebradio.com\/news\/mytuner-top-30-des-radios-digitales-en-juin-2019\/#primaryimage"},"image":{"@id":"https:\/\/www.lawebradio.com\/news\/mytuner-top-30-des-radios-digitales-en-juin-2019\/#primaryimage"},"thumbnailUrl":"https:\/\/www.lawebradio.com\/news\/wp-content\/uploads\/2019\/07\/ima01-top30-mytuner-072019.png","datePublished":"2019-07-04T17:20:34+00:00","description":"Voici le classement des 30 radios digitales fran\u00e7aises les plus diffus\u00e9es sur la plate-forme myTuner pour le mois de Juin 2019.","inLanguage":"fr-FR","potentialAction":[{"@type":"ReadAction","target":["https:\/\/www.lawebradio.com\/news\/mytuner-top-30-des-radios-digitales-en-juin-2019\/"]}]},{"@type":"ImageObject","inLanguage":"fr-FR","@id":"https:\/\/www.lawebradio.com\/news\/mytuner-top-30-des-radios-digitales-en-juin-2019\/#primaryimage","url":"https:\/\/www.lawebradio.com\/news\/wp-content\/uploads\/2019\/07\/ima01-top30-mytuner-072019.png","contentUrl":"https:\/\/www.lawebradio.com\/news\/wp-content\/uploads\/2019\/07\/ima01-top30-mytuner-072019.png","width":640,"height":310},{"@type":"WebSite","@id":"https:\/\/www.lawebradio.com\/news\/#website","url":"https:\/\/www.lawebradio.com\/news\/","name":"Lawebradio.com - Actualit\u00e9s des radios digitales","description":"","publisher":{"@id":"https:\/\/www.lawebradio.com\/news\/#organization"},"potentialAction":[{"@type":"SearchAction","target":{"@type":"EntryPoint","urlTemplate":"https:\/\/www.lawebradio.com\/news\/?s={search_term_string}"},"query-input":{"@type":"PropertyValueSpecification","valueRequired":true,"valueName":"search_term_string"}}],"inLanguage":"fr-FR"},{"@type":"Organization","@id":"https:\/\/www.lawebradio.com\/news\/#organization","name":"Lawebradio.com - Actualit\u00e9s des radios digitales","url":"https:\/\/www.lawebradio.com\/news\/","logo":{"@type":"ImageObject","inLanguage":"fr-FR","@id":"https:\/\/www.lawebradio.com\/news\/#\/schema\/logo\/image\/","url":"https:\/\/www.lawebradio.com\/news\/wp-content\/uploads\/2020\/10\/logo2020.png","contentUrl":"https:\/\/www.lawebradio.com\/news\/wp-content\/uploads\/2020\/10\/logo2020.png","width":254,"height":43,"caption":"Lawebradio.com - Actualit\u00e9s des radios digitales"},"image":{"@id":"https:\/\/www.lawebradio.com\/news\/#\/schema\/logo\/image\/"}},{"@type":"Person","@id":"https:\/\/www.lawebradio.com\/news\/#\/schema\/person\/95fd11aee6e6cfe70a4b58b482103f1f","name":"Julien Lecourbe","image":{"@type":"ImageObject","inLanguage":"fr-FR","@id":"https:\/\/secure.gravatar.com\/avatar\/0d25a327c6e268d9730d9c0cbeeee0fea76f04c6cf9528c29e782ef324afc515?s=96&d=mm&r=g","url":"https:\/\/secure.gravatar.com\/avatar\/0d25a327c6e268d9730d9c0cbeeee0fea76f04c6cf9528c29e782ef324afc515?s=96&d=mm&r=g","contentUrl":"https:\/\/secure.gravatar.com\/avatar\/0d25a327c6e268d9730d9c0cbeeee0fea76f04c6cf9528c29e782ef324afc515?s=96&d=mm&r=g","caption":"Julien Lecourbe"},"url":"https:\/\/www.lawebradio.com\/news\/author\/la-redaction\/"}]}},"_links":{"self":[{"href":"https:\/\/www.lawebradio.com\/news\/wp-json\/wp\/v2\/posts\/5830","targetHints":{"allow":["GET"]}}],"collection":[{"href":"https:\/\/www.lawebradio.com\/news\/wp-json\/wp\/v2\/posts"}],"about":[{"href":"https:\/\/www.lawebradio.com\/news\/wp-json\/wp\/v2\/types\/post"}],"author":[{"embeddable":true,"href":"https:\/\/www.lawebradio.com\/news\/wp-json\/wp\/v2\/users\/3"}],"replies":[{"embeddable":true,"href":"https:\/\/www.lawebradio.com\/news\/wp-json\/wp\/v2\/comments?post=5830"}],"version-history":[{"count":1,"href":"https:\/\/www.lawebradio.com\/news\/wp-json\/wp\/v2\/posts\/5830\/revisions"}],"predecessor-version":[{"id":5833,"href":"https:\/\/www.lawebradio.com\/news\/wp-json\/wp\/v2\/posts\/5830\/revisions\/5833"}],"wp:featuredmedia":[{"embeddable":true,"href":"https:\/\/www.lawebradio.com\/news\/wp-json\/wp\/v2\/media\/5831"}],"wp:attachment":[{"href":"https:\/\/www.lawebradio.com\/news\/wp-json\/wp\/v2\/media?parent=5830"}],"wp:term":[{"taxonomy":"category","embeddable":true,"href":"https:\/\/www.lawebradio.com\/news\/wp-json\/wp\/v2\/categories?post=5830"},{"taxonomy":"post_tag","embeddable":true,"href":"https:\/\/www.lawebradio.com\/news\/wp-json\/wp\/v2\/tags?post=5830"}],"curies":[{"name":"wp","href":"https:\/\/api.w.org\/{rel}","templated":true}]}}