{"id":5668,"date":"2019-03-19T20:48:45","date_gmt":"2019-03-19T19:48:45","guid":{"rendered":"https:\/\/www.lawebradio.com\/news\/?p=5668"},"modified":"2019-03-20T09:52:46","modified_gmt":"2019-03-20T08:52:46","slug":"acpm-classement-des-radios-digitales-en-fevrier-2019","status":"publish","type":"post","link":"https:\/\/www.lawebradio.com\/news\/acpm-classement-des-radios-digitales-en-fevrier-2019\/","title":{"rendered":"ACPM &#8211; Classement des radios digitales en F\u00e9vrier 2019"},"content":{"rendered":"<p><strong>Voici le rapport d\u2019audience des webradios pure-players et radios FM diffus\u00e9es sur Internet pour le mois de F\u00e9vrier 2019 publi\u00e9 et certifi\u00e9 par l\u2019<a href=\"https:\/\/www.lawebradio.com\/news\/best-of-mensuel-radios-numeriques-les-ecoutees\/\">OJD ACPM<\/a> (Alliance pour les chiffres de la Presse et des M\u00e9dias).<\/strong><\/p>\n<p>A noter que l\u2019\u00e9coute de la radio par les canaux digitaux a progress\u00e9 de 8% en un an.<\/p>\n<p><strong>Top 3 du mois de F\u00e9vrier 2019<\/strong><br \/>\n\u2022 TOP 3 des Ecoutes Actives en France des 30 premi\u00e8res marques de radios digitales fran\u00e7aises \u00ab\u00a0PURE-PLAYERS\u00a0\u00bb : <a href=\"http:\/\/www.radiomeuh.com\/\" target=\"_blank\" rel=\"noopener\">Radio Meuh<\/a>, <a href=\"hhttp:\/\/www.hotmixradio.fr\/\" target=\"_blank\" rel=\"noopener\">Hotmixradio<\/a>, <a href=\"http:\/\/www.djamradio.com\/\" target=\"_blank\" rel=\"noopener\">Djam Radio<\/a>.<br \/>\n\u2022 TOP 3 des Ecoutes Actives en France des 30 premi\u00e8res marques de radios FM diffusant en ligne : <a href=\"https:\/\/www.franceinter.fr\/\" target=\"_blank\" rel=\"noopener\">France Inter<\/a>, <a href=\"http:\/\/rmc.bfmtv.com\/\" target=\"_blank\" rel=\"noopener\">RMC<\/a>, <a href=\"http:\/\/www.nrj.fr\/\" target=\"_blank\" rel=\"noopener\">NRJ<\/a><br \/>\n\u2022 TOP 3 des Ecoutes Actives dans le monde des 30 premi\u00e8res marques de radios FM diffusant en ligne : <a href=\"http:\/\/www.nrj.fr\/\" target=\"_blank\" rel=\"noopener\">NRJ<\/a>, <a href=\"https:\/\/www.franceinter.fr\/\" target=\"_blank\" rel=\"noopener\">France Inter<\/a>, <a href=\"http:\/\/rmc.bfmtv.com\/\" target=\"_blank\" rel=\"noopener\">RMC<\/a>.<\/p>\n<p><a href=\"https:\/\/www.lawebradio.com\/news\/wp-content\/uploads\/2019\/03\/acpm-classement-des-radios-digitales-en-fevrier-2019.png\"><img loading=\"lazy\" decoding=\"async\" class=\"alignnone size-full wp-image-5669\" src=\"https:\/\/www.lawebradio.com\/news\/wp-content\/uploads\/2019\/03\/acpm-classement-des-radios-digitales-en-fevrier-2019.png\" alt=\"\" width=\"1160\" height=\"925\" srcset=\"https:\/\/www.lawebradio.com\/news\/wp-content\/uploads\/2019\/03\/acpm-classement-des-radios-digitales-en-fevrier-2019.png 1160w, https:\/\/www.lawebradio.com\/news\/wp-content\/uploads\/2019\/03\/acpm-classement-des-radios-digitales-en-fevrier-2019-150x120.png 150w, https:\/\/www.lawebradio.com\/news\/wp-content\/uploads\/2019\/03\/acpm-classement-des-radios-digitales-en-fevrier-2019-300x239.png 300w, https:\/\/www.lawebradio.com\/news\/wp-content\/uploads\/2019\/03\/acpm-classement-des-radios-digitales-en-fevrier-2019-768x612.png 768w, https:\/\/www.lawebradio.com\/news\/wp-content\/uploads\/2019\/03\/acpm-classement-des-radios-digitales-en-fevrier-2019-1024x817.png 1024w, https:\/\/www.lawebradio.com\/news\/wp-content\/uploads\/2019\/03\/acpm-classement-des-radios-digitales-en-fevrier-2019-1x1.png 1w\" sizes=\"auto, (max-width: 1160px) 100vw, 1160px\" \/><\/a><\/p>\n<p>\u2022 Consultez le classement au format PDF des audiences des webradios et radios digitales du mois de <strong><a href=\"https:\/\/www.lawebradio.com\/docs\/03-2019\/stats-acpm-fev2019.pdf\" target=\"_blank\" rel=\"noopener noreferrer\"><span style=\"text-decoration: underline;\">F\u00e9vrier 2019<\/span><\/a><\/strong> de l\u2019ACPM. Vous trouverez 3 tableaux comportant respectivement les chiffres de diffusion class\u00e9s, dans le premier par Marques, dans le deuxi\u00e8me par Groupes et r\u00e9seaux et enfin dans le troisi\u00e8me par Webradios seules.<\/p>\n","protected":false},"excerpt":{"rendered":"<p>Voici le rapport d\u2019audience des webradios pure-players et radios FM diffus\u00e9es sur Internet pour le mois de F\u00e9vrier 2019 publi\u00e9 et certifi\u00e9 par l\u2019OJD ACPM (Alliance pour les chiffres de la Presse et des M\u00e9dias). A noter que l\u2019\u00e9coute de la radio par les canaux digitaux a progress\u00e9 de 8% en un an. Top 3 [&hellip;]<\/p>\n","protected":false},"author":3,"featured_media":5670,"comment_status":"closed","ping_status":"closed","sticky":false,"template":"","format":"standard","meta":{"_et_pb_use_builder":"","_et_pb_old_content":"","_et_gb_content_width":"","footnotes":""},"categories":[863],"tags":[957,200,98,467,151,201,956],"class_list":["post-5668","post","type-post","status-publish","format-standard","has-post-thumbnail","hentry","category-classement","tag-alliance-pour-les-chiffres-de-la-presse-et-des-medias","tag-audience-digitale","tag-audience-internet-mobile","tag-certification-daudience","tag-classement","tag-classement-ojd","tag-ojd-acpm","et-has-post-format-content","et_post_format-et-post-format-standard"],"yoast_head":"<!-- This site is optimized with the Yoast SEO plugin v27.5 - https:\/\/yoast.com\/product\/yoast-seo-wordpress\/ -->\n<title>ACPM - Classement des radios digitales en F\u00e9vrier 2019 - Lawebradio.com - Actualit\u00e9s des radios digitales<\/title>\n<meta name=\"description\" content=\"Rapports d\u2019audience et classement mensuel des webradios, radios digitales fran\u00e7aises certifi\u00e9s par l\u2019ACPM en F\u00e9vrier 2019.\" \/>\n<meta name=\"robots\" content=\"index, follow, max-snippet:-1, max-image-preview:large, max-video-preview:-1\" \/>\n<link rel=\"canonical\" href=\"https:\/\/www.lawebradio.com\/news\/acpm-classement-des-radios-digitales-en-fevrier-2019\/\" \/>\n<meta property=\"og:locale\" content=\"fr_FR\" \/>\n<meta property=\"og:type\" content=\"article\" \/>\n<meta property=\"og:title\" content=\"ACPM - Classement des radios digitales en F\u00e9vrier 2019 - Lawebradio.com - Actualit\u00e9s des radios digitales\" \/>\n<meta property=\"og:description\" content=\"Rapports d\u2019audience et classement mensuel des webradios, radios digitales fran\u00e7aises certifi\u00e9s par l\u2019ACPM en F\u00e9vrier 2019.\" \/>\n<meta property=\"og:url\" content=\"https:\/\/www.lawebradio.com\/news\/acpm-classement-des-radios-digitales-en-fevrier-2019\/\" \/>\n<meta property=\"og:site_name\" content=\"Lawebradio.com - Actualit\u00e9s des radios digitales\" \/>\n<meta property=\"article:published_time\" content=\"2019-03-19T19:48:45+00:00\" \/>\n<meta property=\"article:modified_time\" content=\"2019-03-20T08:52:46+00:00\" \/>\n<meta property=\"og:image\" content=\"https:\/\/www.lawebradio.com\/news\/wp-content\/uploads\/2019\/03\/ima-top3-acpm-OJD-fev2019.jpg\" \/>\n\t<meta property=\"og:image:width\" content=\"642\" \/>\n\t<meta property=\"og:image:height\" content=\"290\" \/>\n\t<meta property=\"og:image:type\" content=\"image\/jpeg\" \/>\n<meta name=\"author\" content=\"Julien Lecourbe\" \/>\n<meta name=\"twitter:label1\" content=\"\u00c9crit par\" \/>\n\t<meta name=\"twitter:data1\" content=\"Julien Lecourbe\" \/>\n\t<meta name=\"twitter:label2\" content=\"Dur\u00e9e de lecture estim\u00e9e\" \/>\n\t<meta name=\"twitter:data2\" content=\"1 minute\" \/>\n<script type=\"application\/ld+json\" class=\"yoast-schema-graph\">{\"@context\":\"https:\\\/\\\/schema.org\",\"@graph\":[{\"@type\":\"Article\",\"@id\":\"https:\\\/\\\/www.lawebradio.com\\\/news\\\/acpm-classement-des-radios-digitales-en-fevrier-2019\\\/#article\",\"isPartOf\":{\"@id\":\"https:\\\/\\\/www.lawebradio.com\\\/news\\\/acpm-classement-des-radios-digitales-en-fevrier-2019\\\/\"},\"author\":{\"name\":\"Julien Lecourbe\",\"@id\":\"https:\\\/\\\/www.lawebradio.com\\\/news\\\/#\\\/schema\\\/person\\\/95fd11aee6e6cfe70a4b58b482103f1f\"},\"headline\":\"ACPM &#8211; Classement des radios digitales en F\u00e9vrier 2019\",\"datePublished\":\"2019-03-19T19:48:45+00:00\",\"dateModified\":\"2019-03-20T08:52:46+00:00\",\"mainEntityOfPage\":{\"@id\":\"https:\\\/\\\/www.lawebradio.com\\\/news\\\/acpm-classement-des-radios-digitales-en-fevrier-2019\\\/\"},\"wordCount\":189,\"publisher\":{\"@id\":\"https:\\\/\\\/www.lawebradio.com\\\/news\\\/#organization\"},\"image\":{\"@id\":\"https:\\\/\\\/www.lawebradio.com\\\/news\\\/acpm-classement-des-radios-digitales-en-fevrier-2019\\\/#primaryimage\"},\"thumbnailUrl\":\"https:\\\/\\\/www.lawebradio.com\\\/news\\\/wp-content\\\/uploads\\\/2019\\\/03\\\/ima-top3-acpm-OJD-fev2019.jpg\",\"keywords\":[\"Alliance pour les chiffres de la Presse et des M\u00e9dias\",\"audience digitale\",\"audience internet mobile\",\"certification d'audience\",\"Classement\",\"classement OJD\",\"OJD ACPM\"],\"articleSection\":[\"Classement mensuel des webradios et radios digitales - OJD ACPM\"],\"inLanguage\":\"fr-FR\"},{\"@type\":\"WebPage\",\"@id\":\"https:\\\/\\\/www.lawebradio.com\\\/news\\\/acpm-classement-des-radios-digitales-en-fevrier-2019\\\/\",\"url\":\"https:\\\/\\\/www.lawebradio.com\\\/news\\\/acpm-classement-des-radios-digitales-en-fevrier-2019\\\/\",\"name\":\"ACPM - Classement des radios digitales en F\u00e9vrier 2019 - Lawebradio.com - Actualit\u00e9s des radios digitales\",\"isPartOf\":{\"@id\":\"https:\\\/\\\/www.lawebradio.com\\\/news\\\/#website\"},\"primaryImageOfPage\":{\"@id\":\"https:\\\/\\\/www.lawebradio.com\\\/news\\\/acpm-classement-des-radios-digitales-en-fevrier-2019\\\/#primaryimage\"},\"image\":{\"@id\":\"https:\\\/\\\/www.lawebradio.com\\\/news\\\/acpm-classement-des-radios-digitales-en-fevrier-2019\\\/#primaryimage\"},\"thumbnailUrl\":\"https:\\\/\\\/www.lawebradio.com\\\/news\\\/wp-content\\\/uploads\\\/2019\\\/03\\\/ima-top3-acpm-OJD-fev2019.jpg\",\"datePublished\":\"2019-03-19T19:48:45+00:00\",\"dateModified\":\"2019-03-20T08:52:46+00:00\",\"description\":\"Rapports d\u2019audience et classement mensuel des webradios, radios digitales fran\u00e7aises certifi\u00e9s par l\u2019ACPM en F\u00e9vrier 2019.\",\"inLanguage\":\"fr-FR\",\"potentialAction\":[{\"@type\":\"ReadAction\",\"target\":[\"https:\\\/\\\/www.lawebradio.com\\\/news\\\/acpm-classement-des-radios-digitales-en-fevrier-2019\\\/\"]}]},{\"@type\":\"ImageObject\",\"inLanguage\":\"fr-FR\",\"@id\":\"https:\\\/\\\/www.lawebradio.com\\\/news\\\/acpm-classement-des-radios-digitales-en-fevrier-2019\\\/#primaryimage\",\"url\":\"https:\\\/\\\/www.lawebradio.com\\\/news\\\/wp-content\\\/uploads\\\/2019\\\/03\\\/ima-top3-acpm-OJD-fev2019.jpg\",\"contentUrl\":\"https:\\\/\\\/www.lawebradio.com\\\/news\\\/wp-content\\\/uploads\\\/2019\\\/03\\\/ima-top3-acpm-OJD-fev2019.jpg\",\"width\":642,\"height\":290},{\"@type\":\"WebSite\",\"@id\":\"https:\\\/\\\/www.lawebradio.com\\\/news\\\/#website\",\"url\":\"https:\\\/\\\/www.lawebradio.com\\\/news\\\/\",\"name\":\"Lawebradio.com - Actualit\u00e9s des radios digitales\",\"description\":\"\",\"publisher\":{\"@id\":\"https:\\\/\\\/www.lawebradio.com\\\/news\\\/#organization\"},\"potentialAction\":[{\"@type\":\"SearchAction\",\"target\":{\"@type\":\"EntryPoint\",\"urlTemplate\":\"https:\\\/\\\/www.lawebradio.com\\\/news\\\/?s={search_term_string}\"},\"query-input\":{\"@type\":\"PropertyValueSpecification\",\"valueRequired\":true,\"valueName\":\"search_term_string\"}}],\"inLanguage\":\"fr-FR\"},{\"@type\":\"Organization\",\"@id\":\"https:\\\/\\\/www.lawebradio.com\\\/news\\\/#organization\",\"name\":\"Lawebradio.com - Actualit\u00e9s des radios digitales\",\"url\":\"https:\\\/\\\/www.lawebradio.com\\\/news\\\/\",\"logo\":{\"@type\":\"ImageObject\",\"inLanguage\":\"fr-FR\",\"@id\":\"https:\\\/\\\/www.lawebradio.com\\\/news\\\/#\\\/schema\\\/logo\\\/image\\\/\",\"url\":\"https:\\\/\\\/www.lawebradio.com\\\/news\\\/wp-content\\\/uploads\\\/2020\\\/10\\\/logo2020.png\",\"contentUrl\":\"https:\\\/\\\/www.lawebradio.com\\\/news\\\/wp-content\\\/uploads\\\/2020\\\/10\\\/logo2020.png\",\"width\":254,\"height\":43,\"caption\":\"Lawebradio.com - Actualit\u00e9s des radios digitales\"},\"image\":{\"@id\":\"https:\\\/\\\/www.lawebradio.com\\\/news\\\/#\\\/schema\\\/logo\\\/image\\\/\"}},{\"@type\":\"Person\",\"@id\":\"https:\\\/\\\/www.lawebradio.com\\\/news\\\/#\\\/schema\\\/person\\\/95fd11aee6e6cfe70a4b58b482103f1f\",\"name\":\"Julien Lecourbe\",\"image\":{\"@type\":\"ImageObject\",\"inLanguage\":\"fr-FR\",\"@id\":\"https:\\\/\\\/secure.gravatar.com\\\/avatar\\\/0d25a327c6e268d9730d9c0cbeeee0fea76f04c6cf9528c29e782ef324afc515?s=96&d=mm&r=g\",\"url\":\"https:\\\/\\\/secure.gravatar.com\\\/avatar\\\/0d25a327c6e268d9730d9c0cbeeee0fea76f04c6cf9528c29e782ef324afc515?s=96&d=mm&r=g\",\"contentUrl\":\"https:\\\/\\\/secure.gravatar.com\\\/avatar\\\/0d25a327c6e268d9730d9c0cbeeee0fea76f04c6cf9528c29e782ef324afc515?s=96&d=mm&r=g\",\"caption\":\"Julien Lecourbe\"},\"url\":\"https:\\\/\\\/www.lawebradio.com\\\/news\\\/author\\\/la-redaction\\\/\"}]}<\/script>\n<!-- \/ Yoast SEO plugin. -->","yoast_head_json":{"title":"ACPM - Classement des radios digitales en F\u00e9vrier 2019 - Lawebradio.com - Actualit\u00e9s des radios digitales","description":"Rapports d\u2019audience et classement mensuel des webradios, radios digitales fran\u00e7aises certifi\u00e9s par l\u2019ACPM en F\u00e9vrier 2019.","robots":{"index":"index","follow":"follow","max-snippet":"max-snippet:-1","max-image-preview":"max-image-preview:large","max-video-preview":"max-video-preview:-1"},"canonical":"https:\/\/www.lawebradio.com\/news\/acpm-classement-des-radios-digitales-en-fevrier-2019\/","og_locale":"fr_FR","og_type":"article","og_title":"ACPM - Classement des radios digitales en F\u00e9vrier 2019 - Lawebradio.com - Actualit\u00e9s des radios digitales","og_description":"Rapports d\u2019audience et classement mensuel des webradios, radios digitales fran\u00e7aises certifi\u00e9s par l\u2019ACPM en F\u00e9vrier 2019.","og_url":"https:\/\/www.lawebradio.com\/news\/acpm-classement-des-radios-digitales-en-fevrier-2019\/","og_site_name":"Lawebradio.com - Actualit\u00e9s des radios digitales","article_published_time":"2019-03-19T19:48:45+00:00","article_modified_time":"2019-03-20T08:52:46+00:00","og_image":[{"width":642,"height":290,"url":"https:\/\/www.lawebradio.com\/news\/wp-content\/uploads\/2019\/03\/ima-top3-acpm-OJD-fev2019.jpg","type":"image\/jpeg"}],"author":"Julien Lecourbe","twitter_misc":{"\u00c9crit par":"Julien Lecourbe","Dur\u00e9e de lecture estim\u00e9e":"1 minute"},"schema":{"@context":"https:\/\/schema.org","@graph":[{"@type":"Article","@id":"https:\/\/www.lawebradio.com\/news\/acpm-classement-des-radios-digitales-en-fevrier-2019\/#article","isPartOf":{"@id":"https:\/\/www.lawebradio.com\/news\/acpm-classement-des-radios-digitales-en-fevrier-2019\/"},"author":{"name":"Julien Lecourbe","@id":"https:\/\/www.lawebradio.com\/news\/#\/schema\/person\/95fd11aee6e6cfe70a4b58b482103f1f"},"headline":"ACPM &#8211; Classement des radios digitales en F\u00e9vrier 2019","datePublished":"2019-03-19T19:48:45+00:00","dateModified":"2019-03-20T08:52:46+00:00","mainEntityOfPage":{"@id":"https:\/\/www.lawebradio.com\/news\/acpm-classement-des-radios-digitales-en-fevrier-2019\/"},"wordCount":189,"publisher":{"@id":"https:\/\/www.lawebradio.com\/news\/#organization"},"image":{"@id":"https:\/\/www.lawebradio.com\/news\/acpm-classement-des-radios-digitales-en-fevrier-2019\/#primaryimage"},"thumbnailUrl":"https:\/\/www.lawebradio.com\/news\/wp-content\/uploads\/2019\/03\/ima-top3-acpm-OJD-fev2019.jpg","keywords":["Alliance pour les chiffres de la Presse et des M\u00e9dias","audience digitale","audience internet mobile","certification d'audience","Classement","classement OJD","OJD ACPM"],"articleSection":["Classement mensuel des webradios et radios digitales - OJD ACPM"],"inLanguage":"fr-FR"},{"@type":"WebPage","@id":"https:\/\/www.lawebradio.com\/news\/acpm-classement-des-radios-digitales-en-fevrier-2019\/","url":"https:\/\/www.lawebradio.com\/news\/acpm-classement-des-radios-digitales-en-fevrier-2019\/","name":"ACPM - Classement des radios digitales en F\u00e9vrier 2019 - Lawebradio.com - Actualit\u00e9s des radios digitales","isPartOf":{"@id":"https:\/\/www.lawebradio.com\/news\/#website"},"primaryImageOfPage":{"@id":"https:\/\/www.lawebradio.com\/news\/acpm-classement-des-radios-digitales-en-fevrier-2019\/#primaryimage"},"image":{"@id":"https:\/\/www.lawebradio.com\/news\/acpm-classement-des-radios-digitales-en-fevrier-2019\/#primaryimage"},"thumbnailUrl":"https:\/\/www.lawebradio.com\/news\/wp-content\/uploads\/2019\/03\/ima-top3-acpm-OJD-fev2019.jpg","datePublished":"2019-03-19T19:48:45+00:00","dateModified":"2019-03-20T08:52:46+00:00","description":"Rapports d\u2019audience et classement mensuel des webradios, radios digitales fran\u00e7aises certifi\u00e9s par l\u2019ACPM en F\u00e9vrier 2019.","inLanguage":"fr-FR","potentialAction":[{"@type":"ReadAction","target":["https:\/\/www.lawebradio.com\/news\/acpm-classement-des-radios-digitales-en-fevrier-2019\/"]}]},{"@type":"ImageObject","inLanguage":"fr-FR","@id":"https:\/\/www.lawebradio.com\/news\/acpm-classement-des-radios-digitales-en-fevrier-2019\/#primaryimage","url":"https:\/\/www.lawebradio.com\/news\/wp-content\/uploads\/2019\/03\/ima-top3-acpm-OJD-fev2019.jpg","contentUrl":"https:\/\/www.lawebradio.com\/news\/wp-content\/uploads\/2019\/03\/ima-top3-acpm-OJD-fev2019.jpg","width":642,"height":290},{"@type":"WebSite","@id":"https:\/\/www.lawebradio.com\/news\/#website","url":"https:\/\/www.lawebradio.com\/news\/","name":"Lawebradio.com - Actualit\u00e9s des radios digitales","description":"","publisher":{"@id":"https:\/\/www.lawebradio.com\/news\/#organization"},"potentialAction":[{"@type":"SearchAction","target":{"@type":"EntryPoint","urlTemplate":"https:\/\/www.lawebradio.com\/news\/?s={search_term_string}"},"query-input":{"@type":"PropertyValueSpecification","valueRequired":true,"valueName":"search_term_string"}}],"inLanguage":"fr-FR"},{"@type":"Organization","@id":"https:\/\/www.lawebradio.com\/news\/#organization","name":"Lawebradio.com - Actualit\u00e9s des radios digitales","url":"https:\/\/www.lawebradio.com\/news\/","logo":{"@type":"ImageObject","inLanguage":"fr-FR","@id":"https:\/\/www.lawebradio.com\/news\/#\/schema\/logo\/image\/","url":"https:\/\/www.lawebradio.com\/news\/wp-content\/uploads\/2020\/10\/logo2020.png","contentUrl":"https:\/\/www.lawebradio.com\/news\/wp-content\/uploads\/2020\/10\/logo2020.png","width":254,"height":43,"caption":"Lawebradio.com - Actualit\u00e9s des radios digitales"},"image":{"@id":"https:\/\/www.lawebradio.com\/news\/#\/schema\/logo\/image\/"}},{"@type":"Person","@id":"https:\/\/www.lawebradio.com\/news\/#\/schema\/person\/95fd11aee6e6cfe70a4b58b482103f1f","name":"Julien Lecourbe","image":{"@type":"ImageObject","inLanguage":"fr-FR","@id":"https:\/\/secure.gravatar.com\/avatar\/0d25a327c6e268d9730d9c0cbeeee0fea76f04c6cf9528c29e782ef324afc515?s=96&d=mm&r=g","url":"https:\/\/secure.gravatar.com\/avatar\/0d25a327c6e268d9730d9c0cbeeee0fea76f04c6cf9528c29e782ef324afc515?s=96&d=mm&r=g","contentUrl":"https:\/\/secure.gravatar.com\/avatar\/0d25a327c6e268d9730d9c0cbeeee0fea76f04c6cf9528c29e782ef324afc515?s=96&d=mm&r=g","caption":"Julien Lecourbe"},"url":"https:\/\/www.lawebradio.com\/news\/author\/la-redaction\/"}]}},"_links":{"self":[{"href":"https:\/\/www.lawebradio.com\/news\/wp-json\/wp\/v2\/posts\/5668","targetHints":{"allow":["GET"]}}],"collection":[{"href":"https:\/\/www.lawebradio.com\/news\/wp-json\/wp\/v2\/posts"}],"about":[{"href":"https:\/\/www.lawebradio.com\/news\/wp-json\/wp\/v2\/types\/post"}],"author":[{"embeddable":true,"href":"https:\/\/www.lawebradio.com\/news\/wp-json\/wp\/v2\/users\/3"}],"replies":[{"embeddable":true,"href":"https:\/\/www.lawebradio.com\/news\/wp-json\/wp\/v2\/comments?post=5668"}],"version-history":[{"count":4,"href":"https:\/\/www.lawebradio.com\/news\/wp-json\/wp\/v2\/posts\/5668\/revisions"}],"predecessor-version":[{"id":5676,"href":"https:\/\/www.lawebradio.com\/news\/wp-json\/wp\/v2\/posts\/5668\/revisions\/5676"}],"wp:featuredmedia":[{"embeddable":true,"href":"https:\/\/www.lawebradio.com\/news\/wp-json\/wp\/v2\/media\/5670"}],"wp:attachment":[{"href":"https:\/\/www.lawebradio.com\/news\/wp-json\/wp\/v2\/media?parent=5668"}],"wp:term":[{"taxonomy":"category","embeddable":true,"href":"https:\/\/www.lawebradio.com\/news\/wp-json\/wp\/v2\/categories?post=5668"},{"taxonomy":"post_tag","embeddable":true,"href":"https:\/\/www.lawebradio.com\/news\/wp-json\/wp\/v2\/tags?post=5668"}],"curies":[{"name":"wp","href":"https:\/\/api.w.org\/{rel}","templated":true}]}}