{"id":5647,"date":"2019-02-11T22:15:11","date_gmt":"2019-02-11T21:15:11","guid":{"rendered":"https:\/\/www.lawebradio.com\/news\/?p=5647"},"modified":"2019-02-11T22:15:11","modified_gmt":"2019-02-11T21:15:11","slug":"lactivite-publicitaire-sur-la-radio-digitale-en-2018-avec-kantar-media","status":"publish","type":"post","link":"https:\/\/www.lawebradio.com\/news\/lactivite-publicitaire-sur-la-radio-digitale-en-2018-avec-kantar-media\/","title":{"rendered":"L\u2019activit\u00e9 publicitaire sur la radio digitale en 2018 avec Kantar Media"},"content":{"rendered":"<p><strong>Le Barom\u00e8tre de l\u2019Audio Digital r\u00e9alis\u00e9 par Kantar Media concernant l&rsquo;ann\u00e9e 2018 en partenariat avec les r\u00e9gies NRJ Global, Deezer, Spotify et TargetSpot, pr\u00e9sente l\u2019activit\u00e9 publicitaire sur les webradios et plateformes de Streaming musical.<br \/>\n<\/strong><\/p>\n<p>Ce rapport r\u00e9v\u00e8le une augmentation de l\u2019activit\u00e9 avec 1203 milliard d\u2019impressions servies soit +12% par rapport \u00e0 la m\u00eame p\u00e9riode de 2017.<\/p>\n<p>Les 4 plus fortes hausses sectorielles sont la Distribution (36%), l&rsquo;Automobile (12%), Les T\u00e9l\u00e9coms (9%), Le Tourisme et la Restauration (9%).<\/p>\n<p>Top 5 des annonceurs (2019 vs 2018) : Bouygues Telecom, Intersport, Intermarch\u00e9, SFR et Citro\u00ebn.<\/p>\n<p><a href=\"https:\/\/www.lawebradio.com\/news\/wp-content\/uploads\/2019\/02\/ima-dtge745-022019.jpg\"><img loading=\"lazy\" decoding=\"async\" class=\"alignnone wp-image-5649 size-full\" title=\"L\u2019activit\u00e9 publicitaire sur la radio digitale en 2018 avec Kantar Media\" src=\"https:\/\/www.lawebradio.com\/news\/wp-content\/uploads\/2019\/02\/ima-dtge745-022019.jpg\" alt=\"L\u2019activit\u00e9 publicitaire sur la radio digitale en 2018 avec Kantar Media\" width=\"1200\" height=\"3744\" srcset=\"https:\/\/www.lawebradio.com\/news\/wp-content\/uploads\/2019\/02\/ima-dtge745-022019.jpg 1200w, https:\/\/www.lawebradio.com\/news\/wp-content\/uploads\/2019\/02\/ima-dtge745-022019-48x150.jpg 48w, https:\/\/www.lawebradio.com\/news\/wp-content\/uploads\/2019\/02\/ima-dtge745-022019-96x300.jpg 96w, https:\/\/www.lawebradio.com\/news\/wp-content\/uploads\/2019\/02\/ima-dtge745-022019-768x2396.jpg 768w, https:\/\/www.lawebradio.com\/news\/wp-content\/uploads\/2019\/02\/ima-dtge745-022019-328x1024.jpg 328w\" sizes=\"auto, (max-width: 1200px) 100vw, 1200px\" \/><\/a><\/p>\n","protected":false},"excerpt":{"rendered":"<div class=\"post-excerpt\"><p>Le Barom\u00e8tre de l\u2019Audio Digital r\u00e9alis\u00e9 par Kantar Media concernant l&rsquo;ann\u00e9e 2018 en partenariat avec les r\u00e9gies NRJ Global,<\/p>\n<\/div>","protected":false},"author":3,"featured_media":5648,"comment_status":"closed","ping_status":"closed","sticky":false,"template":"","format":"standard","meta":{"footnotes":""},"categories":[1],"tags":[685,158,682,75,953,375,790,160,337],"class_list":["post-5647","post","type-post","status-publish","format-standard","has-post-thumbnail","hentry","category-digital","tag-barometre-radio-2-0","tag-deezer","tag-kantar-media-ad-intelligence","tag-nrj","tag-publicite-sur-internet","tag-pubs-radios","tag-regie-publicitaire","tag-spotify","tag-targetspot"],"yoast_head":"<!-- This site is optimized with the Yoast SEO plugin v28.4 - https:\/\/yoast.com\/product\/yoast-seo-wordpress\/ -->\n<title>L\u2019activit\u00e9 publicitaire sur la radio digitale en 2018 avec Kantar Media - Lawebradio.com - Actualit\u00e9s des radios digitales<\/title>\n<meta name=\"description\" content=\"Le rapport Kantar Media r\u00e9v\u00e8le une augmentation de l\u2019activit\u00e9 avec 1203 milliard d\u2019impressions servies soit +12% par rapport \u00e0 la m\u00eame p\u00e9riode de 2017.\" \/>\n<meta name=\"robots\" content=\"index, follow, max-snippet:-1, max-image-preview:large, max-video-preview:-1\" \/>\n<link rel=\"canonical\" href=\"https:\/\/www.lawebradio.com\/news\/lactivite-publicitaire-sur-la-radio-digitale-en-2018-avec-kantar-media\/\" \/>\n<meta property=\"og:locale\" content=\"fr_FR\" \/>\n<meta property=\"og:type\" content=\"article\" \/>\n<meta property=\"og:title\" content=\"L\u2019activit\u00e9 publicitaire sur la radio digitale en 2018 avec Kantar Media - Lawebradio.com - Actualit\u00e9s des radios digitales\" \/>\n<meta property=\"og:description\" content=\"Le rapport Kantar Media r\u00e9v\u00e8le une augmentation de l\u2019activit\u00e9 avec 1203 milliard d\u2019impressions servies soit +12% par rapport \u00e0 la m\u00eame p\u00e9riode de 2017.\" \/>\n<meta property=\"og:url\" content=\"https:\/\/www.lawebradio.com\/news\/lactivite-publicitaire-sur-la-radio-digitale-en-2018-avec-kantar-media\/\" \/>\n<meta property=\"og:site_name\" content=\"Lawebradio.com - Actualit\u00e9s des radios digitales\" \/>\n<meta property=\"article:published_time\" content=\"2019-02-11T21:15:11+00:00\" \/>\n<meta property=\"og:image\" content=\"https:\/\/www.lawebradio.com\/news\/wp-content\/uploads\/2019\/02\/ima-ujrhgs745-022019.jpg\" \/>\n\t<meta property=\"og:image:width\" content=\"640\" \/>\n\t<meta property=\"og:image:height\" content=\"310\" \/>\n\t<meta property=\"og:image:type\" content=\"image\/jpeg\" \/>\n<meta name=\"author\" content=\"Julien Lecourbe\" \/>\n<meta name=\"twitter:label1\" content=\"\u00c9crit par\" \/>\n\t<meta name=\"twitter:data1\" content=\"Julien Lecourbe\" \/>\n<script type=\"application\/ld+json\" class=\"yoast-schema-graph\">{\"@context\":\"https:\\\/\\\/schema.org\",\"@graph\":[{\"@type\":\"Article\",\"@id\":\"https:\\\/\\\/www.lawebradio.com\\\/news\\\/lactivite-publicitaire-sur-la-radio-digitale-en-2018-avec-kantar-media\\\/#article\",\"isPartOf\":{\"@id\":\"https:\\\/\\\/www.lawebradio.com\\\/news\\\/lactivite-publicitaire-sur-la-radio-digitale-en-2018-avec-kantar-media\\\/\"},\"author\":{\"name\":\"Julien Lecourbe\",\"@id\":\"https:\\\/\\\/www.lawebradio.com\\\/news\\\/#\\\/schema\\\/person\\\/95fd11aee6e6cfe70a4b58b482103f1f\"},\"headline\":\"L\u2019activit\u00e9 publicitaire sur la radio digitale en 2018 avec Kantar Media\",\"datePublished\":\"2019-02-11T21:15:11+00:00\",\"mainEntityOfPage\":{\"@id\":\"https:\\\/\\\/www.lawebradio.com\\\/news\\\/lactivite-publicitaire-sur-la-radio-digitale-en-2018-avec-kantar-media\\\/\"},\"wordCount\":107,\"publisher\":{\"@id\":\"https:\\\/\\\/www.lawebradio.com\\\/news\\\/#organization\"},\"image\":{\"@id\":\"https:\\\/\\\/www.lawebradio.com\\\/news\\\/lactivite-publicitaire-sur-la-radio-digitale-en-2018-avec-kantar-media\\\/#primaryimage\"},\"thumbnailUrl\":\"https:\\\/\\\/www.lawebradio.com\\\/news\\\/wp-content\\\/uploads\\\/2019\\\/02\\\/ima-ujrhgs745-022019.jpg\",\"keywords\":[\"Barom\u00e8tre Radio 2.0\",\"deezer\",\"Kantar Media Ad Intelligence\",\"NRJ\",\"publicit\u00e9 sur internet\",\"pubs radios\",\"r\u00e9gie publicitaire\",\"Spotify\",\"Targetspot\"],\"articleSection\":[\"Digital\"],\"inLanguage\":\"fr-FR\"},{\"@type\":\"WebPage\",\"@id\":\"https:\\\/\\\/www.lawebradio.com\\\/news\\\/lactivite-publicitaire-sur-la-radio-digitale-en-2018-avec-kantar-media\\\/\",\"url\":\"https:\\\/\\\/www.lawebradio.com\\\/news\\\/lactivite-publicitaire-sur-la-radio-digitale-en-2018-avec-kantar-media\\\/\",\"name\":\"L\u2019activit\u00e9 publicitaire sur la radio digitale en 2018 avec Kantar Media - Lawebradio.com - Actualit\u00e9s des radios digitales\",\"isPartOf\":{\"@id\":\"https:\\\/\\\/www.lawebradio.com\\\/news\\\/#website\"},\"primaryImageOfPage\":{\"@id\":\"https:\\\/\\\/www.lawebradio.com\\\/news\\\/lactivite-publicitaire-sur-la-radio-digitale-en-2018-avec-kantar-media\\\/#primaryimage\"},\"image\":{\"@id\":\"https:\\\/\\\/www.lawebradio.com\\\/news\\\/lactivite-publicitaire-sur-la-radio-digitale-en-2018-avec-kantar-media\\\/#primaryimage\"},\"thumbnailUrl\":\"https:\\\/\\\/www.lawebradio.com\\\/news\\\/wp-content\\\/uploads\\\/2019\\\/02\\\/ima-ujrhgs745-022019.jpg\",\"datePublished\":\"2019-02-11T21:15:11+00:00\",\"description\":\"Le rapport Kantar Media r\u00e9v\u00e8le une augmentation de l\u2019activit\u00e9 avec 1203 milliard d\u2019impressions servies soit +12% par rapport \u00e0 la m\u00eame p\u00e9riode de 2017.\",\"inLanguage\":\"fr-FR\",\"potentialAction\":[{\"@type\":\"ReadAction\",\"target\":[\"https:\\\/\\\/www.lawebradio.com\\\/news\\\/lactivite-publicitaire-sur-la-radio-digitale-en-2018-avec-kantar-media\\\/\"]}]},{\"@type\":\"ImageObject\",\"inLanguage\":\"fr-FR\",\"@id\":\"https:\\\/\\\/www.lawebradio.com\\\/news\\\/lactivite-publicitaire-sur-la-radio-digitale-en-2018-avec-kantar-media\\\/#primaryimage\",\"url\":\"https:\\\/\\\/www.lawebradio.com\\\/news\\\/wp-content\\\/uploads\\\/2019\\\/02\\\/ima-ujrhgs745-022019.jpg\",\"contentUrl\":\"https:\\\/\\\/www.lawebradio.com\\\/news\\\/wp-content\\\/uploads\\\/2019\\\/02\\\/ima-ujrhgs745-022019.jpg\",\"width\":640,\"height\":310},{\"@type\":\"WebSite\",\"@id\":\"https:\\\/\\\/www.lawebradio.com\\\/news\\\/#website\",\"url\":\"https:\\\/\\\/www.lawebradio.com\\\/news\\\/\",\"name\":\"Lawebradio.com - Actualit\u00e9s des radios digitales\",\"description\":\"\",\"publisher\":{\"@id\":\"https:\\\/\\\/www.lawebradio.com\\\/news\\\/#organization\"},\"potentialAction\":[{\"@type\":\"SearchAction\",\"target\":{\"@type\":\"EntryPoint\",\"urlTemplate\":\"https:\\\/\\\/www.lawebradio.com\\\/news\\\/?s={search_term_string}\"},\"query-input\":{\"@type\":\"PropertyValueSpecification\",\"valueRequired\":true,\"valueName\":\"search_term_string\"}}],\"inLanguage\":\"fr-FR\"},{\"@type\":\"Organization\",\"@id\":\"https:\\\/\\\/www.lawebradio.com\\\/news\\\/#organization\",\"name\":\"Lawebradio.com - Actualit\u00e9s des radios digitales\",\"url\":\"https:\\\/\\\/www.lawebradio.com\\\/news\\\/\",\"logo\":{\"@type\":\"ImageObject\",\"inLanguage\":\"fr-FR\",\"@id\":\"https:\\\/\\\/www.lawebradio.com\\\/news\\\/#\\\/schema\\\/logo\\\/image\\\/\",\"url\":\"https:\\\/\\\/www.lawebradio.com\\\/news\\\/wp-content\\\/uploads\\\/2020\\\/10\\\/logo2020.png\",\"contentUrl\":\"https:\\\/\\\/www.lawebradio.com\\\/news\\\/wp-content\\\/uploads\\\/2020\\\/10\\\/logo2020.png\",\"width\":254,\"height\":43,\"caption\":\"Lawebradio.com - Actualit\u00e9s des radios digitales\"},\"image\":{\"@id\":\"https:\\\/\\\/www.lawebradio.com\\\/news\\\/#\\\/schema\\\/logo\\\/image\\\/\"}},{\"@type\":\"Person\",\"@id\":\"https:\\\/\\\/www.lawebradio.com\\\/news\\\/#\\\/schema\\\/person\\\/95fd11aee6e6cfe70a4b58b482103f1f\",\"name\":\"Julien Lecourbe\",\"image\":{\"@type\":\"ImageObject\",\"inLanguage\":\"fr-FR\",\"@id\":\"https:\\\/\\\/secure.gravatar.com\\\/avatar\\\/0d25a327c6e268d9730d9c0cbeeee0fea76f04c6cf9528c29e782ef324afc515?s=96&d=mm&r=g\",\"url\":\"https:\\\/\\\/secure.gravatar.com\\\/avatar\\\/0d25a327c6e268d9730d9c0cbeeee0fea76f04c6cf9528c29e782ef324afc515?s=96&d=mm&r=g\",\"contentUrl\":\"https:\\\/\\\/secure.gravatar.com\\\/avatar\\\/0d25a327c6e268d9730d9c0cbeeee0fea76f04c6cf9528c29e782ef324afc515?s=96&d=mm&r=g\",\"caption\":\"Julien Lecourbe\"},\"url\":\"https:\\\/\\\/www.lawebradio.com\\\/news\\\/author\\\/la-redaction\\\/\"}]}<\/script>\n<!-- \/ Yoast SEO plugin. -->","yoast_head_json":{"title":"L\u2019activit\u00e9 publicitaire sur la radio digitale en 2018 avec Kantar Media - Lawebradio.com - Actualit\u00e9s des radios digitales","description":"Le rapport Kantar Media r\u00e9v\u00e8le une augmentation de l\u2019activit\u00e9 avec 1203 milliard d\u2019impressions servies soit +12% par rapport \u00e0 la m\u00eame p\u00e9riode de 2017.","robots":{"index":"index","follow":"follow","max-snippet":"max-snippet:-1","max-image-preview":"max-image-preview:large","max-video-preview":"max-video-preview:-1"},"canonical":"https:\/\/www.lawebradio.com\/news\/lactivite-publicitaire-sur-la-radio-digitale-en-2018-avec-kantar-media\/","og_locale":"fr_FR","og_type":"article","og_title":"L\u2019activit\u00e9 publicitaire sur la radio digitale en 2018 avec Kantar Media - Lawebradio.com - Actualit\u00e9s des radios digitales","og_description":"Le rapport Kantar Media r\u00e9v\u00e8le une augmentation de l\u2019activit\u00e9 avec 1203 milliard d\u2019impressions servies soit +12% par rapport \u00e0 la m\u00eame p\u00e9riode de 2017.","og_url":"https:\/\/www.lawebradio.com\/news\/lactivite-publicitaire-sur-la-radio-digitale-en-2018-avec-kantar-media\/","og_site_name":"Lawebradio.com - Actualit\u00e9s des radios digitales","article_published_time":"2019-02-11T21:15:11+00:00","og_image":[{"width":640,"height":310,"url":"https:\/\/www.lawebradio.com\/news\/wp-content\/uploads\/2019\/02\/ima-ujrhgs745-022019.jpg","type":"image\/jpeg"}],"author":"Julien Lecourbe","twitter_misc":{"\u00c9crit par":"Julien Lecourbe"},"schema":{"@context":"https:\/\/schema.org","@graph":[{"@type":"Article","@id":"https:\/\/www.lawebradio.com\/news\/lactivite-publicitaire-sur-la-radio-digitale-en-2018-avec-kantar-media\/#article","isPartOf":{"@id":"https:\/\/www.lawebradio.com\/news\/lactivite-publicitaire-sur-la-radio-digitale-en-2018-avec-kantar-media\/"},"author":{"name":"Julien Lecourbe","@id":"https:\/\/www.lawebradio.com\/news\/#\/schema\/person\/95fd11aee6e6cfe70a4b58b482103f1f"},"headline":"L\u2019activit\u00e9 publicitaire sur la radio digitale en 2018 avec Kantar Media","datePublished":"2019-02-11T21:15:11+00:00","mainEntityOfPage":{"@id":"https:\/\/www.lawebradio.com\/news\/lactivite-publicitaire-sur-la-radio-digitale-en-2018-avec-kantar-media\/"},"wordCount":107,"publisher":{"@id":"https:\/\/www.lawebradio.com\/news\/#organization"},"image":{"@id":"https:\/\/www.lawebradio.com\/news\/lactivite-publicitaire-sur-la-radio-digitale-en-2018-avec-kantar-media\/#primaryimage"},"thumbnailUrl":"https:\/\/www.lawebradio.com\/news\/wp-content\/uploads\/2019\/02\/ima-ujrhgs745-022019.jpg","keywords":["Barom\u00e8tre Radio 2.0","deezer","Kantar Media Ad Intelligence","NRJ","publicit\u00e9 sur internet","pubs radios","r\u00e9gie publicitaire","Spotify","Targetspot"],"articleSection":["Digital"],"inLanguage":"fr-FR"},{"@type":"WebPage","@id":"https:\/\/www.lawebradio.com\/news\/lactivite-publicitaire-sur-la-radio-digitale-en-2018-avec-kantar-media\/","url":"https:\/\/www.lawebradio.com\/news\/lactivite-publicitaire-sur-la-radio-digitale-en-2018-avec-kantar-media\/","name":"L\u2019activit\u00e9 publicitaire sur la radio digitale en 2018 avec Kantar Media - Lawebradio.com - Actualit\u00e9s des radios digitales","isPartOf":{"@id":"https:\/\/www.lawebradio.com\/news\/#website"},"primaryImageOfPage":{"@id":"https:\/\/www.lawebradio.com\/news\/lactivite-publicitaire-sur-la-radio-digitale-en-2018-avec-kantar-media\/#primaryimage"},"image":{"@id":"https:\/\/www.lawebradio.com\/news\/lactivite-publicitaire-sur-la-radio-digitale-en-2018-avec-kantar-media\/#primaryimage"},"thumbnailUrl":"https:\/\/www.lawebradio.com\/news\/wp-content\/uploads\/2019\/02\/ima-ujrhgs745-022019.jpg","datePublished":"2019-02-11T21:15:11+00:00","description":"Le rapport Kantar Media r\u00e9v\u00e8le une augmentation de l\u2019activit\u00e9 avec 1203 milliard d\u2019impressions servies soit +12% par rapport \u00e0 la m\u00eame p\u00e9riode de 2017.","inLanguage":"fr-FR","potentialAction":[{"@type":"ReadAction","target":["https:\/\/www.lawebradio.com\/news\/lactivite-publicitaire-sur-la-radio-digitale-en-2018-avec-kantar-media\/"]}]},{"@type":"ImageObject","inLanguage":"fr-FR","@id":"https:\/\/www.lawebradio.com\/news\/lactivite-publicitaire-sur-la-radio-digitale-en-2018-avec-kantar-media\/#primaryimage","url":"https:\/\/www.lawebradio.com\/news\/wp-content\/uploads\/2019\/02\/ima-ujrhgs745-022019.jpg","contentUrl":"https:\/\/www.lawebradio.com\/news\/wp-content\/uploads\/2019\/02\/ima-ujrhgs745-022019.jpg","width":640,"height":310},{"@type":"WebSite","@id":"https:\/\/www.lawebradio.com\/news\/#website","url":"https:\/\/www.lawebradio.com\/news\/","name":"Lawebradio.com - Actualit\u00e9s des radios digitales","description":"","publisher":{"@id":"https:\/\/www.lawebradio.com\/news\/#organization"},"potentialAction":[{"@type":"SearchAction","target":{"@type":"EntryPoint","urlTemplate":"https:\/\/www.lawebradio.com\/news\/?s={search_term_string}"},"query-input":{"@type":"PropertyValueSpecification","valueRequired":true,"valueName":"search_term_string"}}],"inLanguage":"fr-FR"},{"@type":"Organization","@id":"https:\/\/www.lawebradio.com\/news\/#organization","name":"Lawebradio.com - Actualit\u00e9s des radios digitales","url":"https:\/\/www.lawebradio.com\/news\/","logo":{"@type":"ImageObject","inLanguage":"fr-FR","@id":"https:\/\/www.lawebradio.com\/news\/#\/schema\/logo\/image\/","url":"https:\/\/www.lawebradio.com\/news\/wp-content\/uploads\/2020\/10\/logo2020.png","contentUrl":"https:\/\/www.lawebradio.com\/news\/wp-content\/uploads\/2020\/10\/logo2020.png","width":254,"height":43,"caption":"Lawebradio.com - Actualit\u00e9s des radios digitales"},"image":{"@id":"https:\/\/www.lawebradio.com\/news\/#\/schema\/logo\/image\/"}},{"@type":"Person","@id":"https:\/\/www.lawebradio.com\/news\/#\/schema\/person\/95fd11aee6e6cfe70a4b58b482103f1f","name":"Julien Lecourbe","image":{"@type":"ImageObject","inLanguage":"fr-FR","@id":"https:\/\/secure.gravatar.com\/avatar\/0d25a327c6e268d9730d9c0cbeeee0fea76f04c6cf9528c29e782ef324afc515?s=96&d=mm&r=g","url":"https:\/\/secure.gravatar.com\/avatar\/0d25a327c6e268d9730d9c0cbeeee0fea76f04c6cf9528c29e782ef324afc515?s=96&d=mm&r=g","contentUrl":"https:\/\/secure.gravatar.com\/avatar\/0d25a327c6e268d9730d9c0cbeeee0fea76f04c6cf9528c29e782ef324afc515?s=96&d=mm&r=g","caption":"Julien Lecourbe"},"url":"https:\/\/www.lawebradio.com\/news\/author\/la-redaction\/"}]}},"_links":{"self":[{"href":"https:\/\/www.lawebradio.com\/news\/wp-json\/wp\/v2\/posts\/5647","targetHints":{"allow":["GET"]}}],"collection":[{"href":"https:\/\/www.lawebradio.com\/news\/wp-json\/wp\/v2\/posts"}],"about":[{"href":"https:\/\/www.lawebradio.com\/news\/wp-json\/wp\/v2\/types\/post"}],"author":[{"embeddable":true,"href":"https:\/\/www.lawebradio.com\/news\/wp-json\/wp\/v2\/users\/3"}],"replies":[{"embeddable":true,"href":"https:\/\/www.lawebradio.com\/news\/wp-json\/wp\/v2\/comments?post=5647"}],"version-history":[{"count":1,"href":"https:\/\/www.lawebradio.com\/news\/wp-json\/wp\/v2\/posts\/5647\/revisions"}],"predecessor-version":[{"id":5650,"href":"https:\/\/www.lawebradio.com\/news\/wp-json\/wp\/v2\/posts\/5647\/revisions\/5650"}],"wp:featuredmedia":[{"embeddable":true,"href":"https:\/\/www.lawebradio.com\/news\/wp-json\/wp\/v2\/media\/5648"}],"wp:attachment":[{"href":"https:\/\/www.lawebradio.com\/news\/wp-json\/wp\/v2\/media?parent=5647"}],"wp:term":[{"taxonomy":"category","embeddable":true,"href":"https:\/\/www.lawebradio.com\/news\/wp-json\/wp\/v2\/categories?post=5647"},{"taxonomy":"post_tag","embeddable":true,"href":"https:\/\/www.lawebradio.com\/news\/wp-json\/wp\/v2\/tags?post=5647"}],"curies":[{"name":"wp","href":"https:\/\/api.w.org\/{rel}","templated":true}]}}