{"id":5620,"date":"2019-01-24T16:27:37","date_gmt":"2019-01-24T15:27:37","guid":{"rendered":"https:\/\/www.lawebradio.com\/news\/?p=5620"},"modified":"2019-02-01T21:52:18","modified_gmt":"2019-02-01T20:52:18","slug":"waze-integre-desormais-un-lecteur-audio","status":"publish","type":"post","link":"https:\/\/www.lawebradio.com\/news\/waze-integre-desormais-un-lecteur-audio\/","title":{"rendered":"Waze int\u00e8gre d\u00e9sormais un lecteur audio"},"content":{"rendered":"<p><strong>L&rsquo;entreprise californienne propose un lecteur audio, le\u00a0Waze Audio Player, dans son application permettant \u00e0 l&rsquo;utilisateur d\u2019\u00e9couter des playlists musicales issues de Spotify, Apple Music et Google Play Music en toute simplicit\u00e9.<\/strong><\/p>\n<p>L&rsquo;utilisateur a l&rsquo;opportunit\u00e9 de lancer n&rsquo;importe quel morceau directement \u00e0 partir de l&rsquo;application, lui \u00e9vitant ainsi de quitter le service pour g\u00e9rer son ambiance sonore. Objectif\u00a0: Am\u00e9liorer l&rsquo;exp\u00e9rience utilisateur tout en garantissant la s\u00e9curit\u00e9 du conducteur.<\/p>\n<p>De nombreux partenaires audio comme Pandora, Deezer, iHeart Radio, NPR One, Scribd, Stitcher, Spotify et TuneIn, sont ou seront disponibles au cours de l\u2019ann\u00e9e dans le but de proposer une offre toujours plus \u00e9toff\u00e9e. Il vous suffira de mettre \u00e0 jour les applications suscit\u00e9es, puis de les synchroniser avec Waze.<\/p>\n<p><img loading=\"lazy\" decoding=\"async\" class=\"aligncenter wp-image-5621 size-full\" src=\"https:\/\/www.lawebradio.com\/news\/wp-content\/uploads\/2019\/01\/anim-waze112018.gif\" alt=\"Waze int\u00e8gre d\u00e9sormais un lecteur audio\" width=\"900\" height=\"900\" \/><\/p>\n","protected":false},"excerpt":{"rendered":"<p>L&rsquo;entreprise californienne propose un lecteur audio, le\u00a0Waze Audio Player, dans son application permettant \u00e0 l&rsquo;utilisateur d\u2019\u00e9couter des playlists musicales issues de Spotify, Apple Music et Google Play Music en toute simplicit\u00e9. L&rsquo;utilisateur a l&rsquo;opportunit\u00e9 de lancer n&rsquo;importe quel morceau directement \u00e0 partir de l&rsquo;application, lui \u00e9vitant ainsi de quitter le service pour g\u00e9rer son ambiance [&hellip;]<\/p>\n","protected":false},"author":3,"featured_media":5622,"comment_status":"closed","ping_status":"closed","sticky":false,"template":"","format":"standard","meta":{"_et_pb_use_builder":"","_et_pb_old_content":"","_et_gb_content_width":"","footnotes":""},"categories":[6],"tags":[269,158,160,519,1098],"class_list":["post-5620","post","type-post","status-publish","format-standard","has-post-thumbnail","hentry","category-focus","tag-applications-mobiles","tag-deezer","tag-spotify","tag-tunein","tag-waze","et-has-post-format-content","et_post_format-et-post-format-standard"],"yoast_head":"<!-- This site is optimized with the Yoast SEO plugin v27.5 - https:\/\/yoast.com\/product\/yoast-seo-wordpress\/ -->\n<title>Waze int\u00e8gre d\u00e9sormais un lecteur audio - Lawebradio.com - Actualit\u00e9s des radios digitales<\/title>\n<meta name=\"description\" content=\"Lancez n&#039;importe quel morceau directement \u00e0 partir de l&#039;application Waze et ne quittez plus le service pour g\u00e9rer votre ambiance sonore.\" \/>\n<meta name=\"robots\" content=\"index, follow, max-snippet:-1, max-image-preview:large, max-video-preview:-1\" \/>\n<link rel=\"canonical\" href=\"https:\/\/www.lawebradio.com\/news\/waze-integre-desormais-un-lecteur-audio\/\" \/>\n<meta property=\"og:locale\" content=\"fr_FR\" \/>\n<meta property=\"og:type\" content=\"article\" \/>\n<meta property=\"og:title\" content=\"Waze int\u00e8gre d\u00e9sormais un lecteur audio - Lawebradio.com - Actualit\u00e9s des radios digitales\" \/>\n<meta property=\"og:description\" content=\"Lancez n&#039;importe quel morceau directement \u00e0 partir de l&#039;application Waze et ne quittez plus le service pour g\u00e9rer votre ambiance sonore.\" \/>\n<meta property=\"og:url\" content=\"https:\/\/www.lawebradio.com\/news\/waze-integre-desormais-un-lecteur-audio\/\" \/>\n<meta property=\"og:site_name\" content=\"Lawebradio.com - Actualit\u00e9s des radios digitales\" \/>\n<meta property=\"article:published_time\" content=\"2019-01-24T15:27:37+00:00\" \/>\n<meta property=\"article:modified_time\" content=\"2019-02-01T20:52:18+00:00\" \/>\n<meta property=\"og:image\" content=\"https:\/\/www.lawebradio.com\/news\/wp-content\/uploads\/2019\/01\/ima-waze-music-radios.jpg\" \/>\n\t<meta property=\"og:image:width\" content=\"640\" \/>\n\t<meta property=\"og:image:height\" content=\"310\" \/>\n\t<meta property=\"og:image:type\" content=\"image\/jpeg\" \/>\n<meta name=\"author\" content=\"Julien Lecourbe\" \/>\n<meta name=\"twitter:label1\" content=\"\u00c9crit par\" \/>\n\t<meta name=\"twitter:data1\" content=\"Julien Lecourbe\" \/>\n\t<meta name=\"twitter:label2\" content=\"Dur\u00e9e de lecture estim\u00e9e\" \/>\n\t<meta name=\"twitter:data2\" content=\"1 minute\" \/>\n<script type=\"application\/ld+json\" class=\"yoast-schema-graph\">{\"@context\":\"https:\\\/\\\/schema.org\",\"@graph\":[{\"@type\":\"Article\",\"@id\":\"https:\\\/\\\/www.lawebradio.com\\\/news\\\/waze-integre-desormais-un-lecteur-audio\\\/#article\",\"isPartOf\":{\"@id\":\"https:\\\/\\\/www.lawebradio.com\\\/news\\\/waze-integre-desormais-un-lecteur-audio\\\/\"},\"author\":{\"name\":\"Julien Lecourbe\",\"@id\":\"https:\\\/\\\/www.lawebradio.com\\\/news\\\/#\\\/schema\\\/person\\\/95fd11aee6e6cfe70a4b58b482103f1f\"},\"headline\":\"Waze int\u00e8gre d\u00e9sormais un lecteur audio\",\"datePublished\":\"2019-01-24T15:27:37+00:00\",\"dateModified\":\"2019-02-01T20:52:18+00:00\",\"mainEntityOfPage\":{\"@id\":\"https:\\\/\\\/www.lawebradio.com\\\/news\\\/waze-integre-desormais-un-lecteur-audio\\\/\"},\"wordCount\":139,\"publisher\":{\"@id\":\"https:\\\/\\\/www.lawebradio.com\\\/news\\\/#organization\"},\"image\":{\"@id\":\"https:\\\/\\\/www.lawebradio.com\\\/news\\\/waze-integre-desormais-un-lecteur-audio\\\/#primaryimage\"},\"thumbnailUrl\":\"https:\\\/\\\/www.lawebradio.com\\\/news\\\/wp-content\\\/uploads\\\/2019\\\/01\\\/ima-waze-music-radios.jpg\",\"keywords\":[\"applications mobiles\",\"deezer\",\"Spotify\",\"TuneIn\",\"waze\"],\"articleSection\":[\"Focus\"],\"inLanguage\":\"fr-FR\"},{\"@type\":\"WebPage\",\"@id\":\"https:\\\/\\\/www.lawebradio.com\\\/news\\\/waze-integre-desormais-un-lecteur-audio\\\/\",\"url\":\"https:\\\/\\\/www.lawebradio.com\\\/news\\\/waze-integre-desormais-un-lecteur-audio\\\/\",\"name\":\"Waze int\u00e8gre d\u00e9sormais un lecteur audio - Lawebradio.com - Actualit\u00e9s des radios digitales\",\"isPartOf\":{\"@id\":\"https:\\\/\\\/www.lawebradio.com\\\/news\\\/#website\"},\"primaryImageOfPage\":{\"@id\":\"https:\\\/\\\/www.lawebradio.com\\\/news\\\/waze-integre-desormais-un-lecteur-audio\\\/#primaryimage\"},\"image\":{\"@id\":\"https:\\\/\\\/www.lawebradio.com\\\/news\\\/waze-integre-desormais-un-lecteur-audio\\\/#primaryimage\"},\"thumbnailUrl\":\"https:\\\/\\\/www.lawebradio.com\\\/news\\\/wp-content\\\/uploads\\\/2019\\\/01\\\/ima-waze-music-radios.jpg\",\"datePublished\":\"2019-01-24T15:27:37+00:00\",\"dateModified\":\"2019-02-01T20:52:18+00:00\",\"description\":\"Lancez n'importe quel morceau directement \u00e0 partir de l'application Waze et ne quittez plus le service pour g\u00e9rer votre ambiance sonore.\",\"inLanguage\":\"fr-FR\",\"potentialAction\":[{\"@type\":\"ReadAction\",\"target\":[\"https:\\\/\\\/www.lawebradio.com\\\/news\\\/waze-integre-desormais-un-lecteur-audio\\\/\"]}]},{\"@type\":\"ImageObject\",\"inLanguage\":\"fr-FR\",\"@id\":\"https:\\\/\\\/www.lawebradio.com\\\/news\\\/waze-integre-desormais-un-lecteur-audio\\\/#primaryimage\",\"url\":\"https:\\\/\\\/www.lawebradio.com\\\/news\\\/wp-content\\\/uploads\\\/2019\\\/01\\\/ima-waze-music-radios.jpg\",\"contentUrl\":\"https:\\\/\\\/www.lawebradio.com\\\/news\\\/wp-content\\\/uploads\\\/2019\\\/01\\\/ima-waze-music-radios.jpg\",\"width\":640,\"height\":310},{\"@type\":\"WebSite\",\"@id\":\"https:\\\/\\\/www.lawebradio.com\\\/news\\\/#website\",\"url\":\"https:\\\/\\\/www.lawebradio.com\\\/news\\\/\",\"name\":\"Lawebradio.com - Actualit\u00e9s des radios digitales\",\"description\":\"\",\"publisher\":{\"@id\":\"https:\\\/\\\/www.lawebradio.com\\\/news\\\/#organization\"},\"potentialAction\":[{\"@type\":\"SearchAction\",\"target\":{\"@type\":\"EntryPoint\",\"urlTemplate\":\"https:\\\/\\\/www.lawebradio.com\\\/news\\\/?s={search_term_string}\"},\"query-input\":{\"@type\":\"PropertyValueSpecification\",\"valueRequired\":true,\"valueName\":\"search_term_string\"}}],\"inLanguage\":\"fr-FR\"},{\"@type\":\"Organization\",\"@id\":\"https:\\\/\\\/www.lawebradio.com\\\/news\\\/#organization\",\"name\":\"Lawebradio.com - Actualit\u00e9s des radios digitales\",\"url\":\"https:\\\/\\\/www.lawebradio.com\\\/news\\\/\",\"logo\":{\"@type\":\"ImageObject\",\"inLanguage\":\"fr-FR\",\"@id\":\"https:\\\/\\\/www.lawebradio.com\\\/news\\\/#\\\/schema\\\/logo\\\/image\\\/\",\"url\":\"https:\\\/\\\/www.lawebradio.com\\\/news\\\/wp-content\\\/uploads\\\/2020\\\/10\\\/logo2020.png\",\"contentUrl\":\"https:\\\/\\\/www.lawebradio.com\\\/news\\\/wp-content\\\/uploads\\\/2020\\\/10\\\/logo2020.png\",\"width\":254,\"height\":43,\"caption\":\"Lawebradio.com - Actualit\u00e9s des radios digitales\"},\"image\":{\"@id\":\"https:\\\/\\\/www.lawebradio.com\\\/news\\\/#\\\/schema\\\/logo\\\/image\\\/\"}},{\"@type\":\"Person\",\"@id\":\"https:\\\/\\\/www.lawebradio.com\\\/news\\\/#\\\/schema\\\/person\\\/95fd11aee6e6cfe70a4b58b482103f1f\",\"name\":\"Julien Lecourbe\",\"image\":{\"@type\":\"ImageObject\",\"inLanguage\":\"fr-FR\",\"@id\":\"https:\\\/\\\/secure.gravatar.com\\\/avatar\\\/0d25a327c6e268d9730d9c0cbeeee0fea76f04c6cf9528c29e782ef324afc515?s=96&d=mm&r=g\",\"url\":\"https:\\\/\\\/secure.gravatar.com\\\/avatar\\\/0d25a327c6e268d9730d9c0cbeeee0fea76f04c6cf9528c29e782ef324afc515?s=96&d=mm&r=g\",\"contentUrl\":\"https:\\\/\\\/secure.gravatar.com\\\/avatar\\\/0d25a327c6e268d9730d9c0cbeeee0fea76f04c6cf9528c29e782ef324afc515?s=96&d=mm&r=g\",\"caption\":\"Julien Lecourbe\"},\"url\":\"https:\\\/\\\/www.lawebradio.com\\\/news\\\/author\\\/la-redaction\\\/\"}]}<\/script>\n<!-- \/ Yoast SEO plugin. -->","yoast_head_json":{"title":"Waze int\u00e8gre d\u00e9sormais un lecteur audio - Lawebradio.com - Actualit\u00e9s des radios digitales","description":"Lancez n'importe quel morceau directement \u00e0 partir de l'application Waze et ne quittez plus le service pour g\u00e9rer votre ambiance sonore.","robots":{"index":"index","follow":"follow","max-snippet":"max-snippet:-1","max-image-preview":"max-image-preview:large","max-video-preview":"max-video-preview:-1"},"canonical":"https:\/\/www.lawebradio.com\/news\/waze-integre-desormais-un-lecteur-audio\/","og_locale":"fr_FR","og_type":"article","og_title":"Waze int\u00e8gre d\u00e9sormais un lecteur audio - Lawebradio.com - Actualit\u00e9s des radios digitales","og_description":"Lancez n'importe quel morceau directement \u00e0 partir de l'application Waze et ne quittez plus le service pour g\u00e9rer votre ambiance sonore.","og_url":"https:\/\/www.lawebradio.com\/news\/waze-integre-desormais-un-lecteur-audio\/","og_site_name":"Lawebradio.com - Actualit\u00e9s des radios digitales","article_published_time":"2019-01-24T15:27:37+00:00","article_modified_time":"2019-02-01T20:52:18+00:00","og_image":[{"width":640,"height":310,"url":"https:\/\/www.lawebradio.com\/news\/wp-content\/uploads\/2019\/01\/ima-waze-music-radios.jpg","type":"image\/jpeg"}],"author":"Julien Lecourbe","twitter_misc":{"\u00c9crit par":"Julien Lecourbe","Dur\u00e9e de lecture estim\u00e9e":"1 minute"},"schema":{"@context":"https:\/\/schema.org","@graph":[{"@type":"Article","@id":"https:\/\/www.lawebradio.com\/news\/waze-integre-desormais-un-lecteur-audio\/#article","isPartOf":{"@id":"https:\/\/www.lawebradio.com\/news\/waze-integre-desormais-un-lecteur-audio\/"},"author":{"name":"Julien Lecourbe","@id":"https:\/\/www.lawebradio.com\/news\/#\/schema\/person\/95fd11aee6e6cfe70a4b58b482103f1f"},"headline":"Waze int\u00e8gre d\u00e9sormais un lecteur audio","datePublished":"2019-01-24T15:27:37+00:00","dateModified":"2019-02-01T20:52:18+00:00","mainEntityOfPage":{"@id":"https:\/\/www.lawebradio.com\/news\/waze-integre-desormais-un-lecteur-audio\/"},"wordCount":139,"publisher":{"@id":"https:\/\/www.lawebradio.com\/news\/#organization"},"image":{"@id":"https:\/\/www.lawebradio.com\/news\/waze-integre-desormais-un-lecteur-audio\/#primaryimage"},"thumbnailUrl":"https:\/\/www.lawebradio.com\/news\/wp-content\/uploads\/2019\/01\/ima-waze-music-radios.jpg","keywords":["applications mobiles","deezer","Spotify","TuneIn","waze"],"articleSection":["Focus"],"inLanguage":"fr-FR"},{"@type":"WebPage","@id":"https:\/\/www.lawebradio.com\/news\/waze-integre-desormais-un-lecteur-audio\/","url":"https:\/\/www.lawebradio.com\/news\/waze-integre-desormais-un-lecteur-audio\/","name":"Waze int\u00e8gre d\u00e9sormais un lecteur audio - Lawebradio.com - Actualit\u00e9s des radios digitales","isPartOf":{"@id":"https:\/\/www.lawebradio.com\/news\/#website"},"primaryImageOfPage":{"@id":"https:\/\/www.lawebradio.com\/news\/waze-integre-desormais-un-lecteur-audio\/#primaryimage"},"image":{"@id":"https:\/\/www.lawebradio.com\/news\/waze-integre-desormais-un-lecteur-audio\/#primaryimage"},"thumbnailUrl":"https:\/\/www.lawebradio.com\/news\/wp-content\/uploads\/2019\/01\/ima-waze-music-radios.jpg","datePublished":"2019-01-24T15:27:37+00:00","dateModified":"2019-02-01T20:52:18+00:00","description":"Lancez n'importe quel morceau directement \u00e0 partir de l'application Waze et ne quittez plus le service pour g\u00e9rer votre ambiance sonore.","inLanguage":"fr-FR","potentialAction":[{"@type":"ReadAction","target":["https:\/\/www.lawebradio.com\/news\/waze-integre-desormais-un-lecteur-audio\/"]}]},{"@type":"ImageObject","inLanguage":"fr-FR","@id":"https:\/\/www.lawebradio.com\/news\/waze-integre-desormais-un-lecteur-audio\/#primaryimage","url":"https:\/\/www.lawebradio.com\/news\/wp-content\/uploads\/2019\/01\/ima-waze-music-radios.jpg","contentUrl":"https:\/\/www.lawebradio.com\/news\/wp-content\/uploads\/2019\/01\/ima-waze-music-radios.jpg","width":640,"height":310},{"@type":"WebSite","@id":"https:\/\/www.lawebradio.com\/news\/#website","url":"https:\/\/www.lawebradio.com\/news\/","name":"Lawebradio.com - Actualit\u00e9s des radios digitales","description":"","publisher":{"@id":"https:\/\/www.lawebradio.com\/news\/#organization"},"potentialAction":[{"@type":"SearchAction","target":{"@type":"EntryPoint","urlTemplate":"https:\/\/www.lawebradio.com\/news\/?s={search_term_string}"},"query-input":{"@type":"PropertyValueSpecification","valueRequired":true,"valueName":"search_term_string"}}],"inLanguage":"fr-FR"},{"@type":"Organization","@id":"https:\/\/www.lawebradio.com\/news\/#organization","name":"Lawebradio.com - Actualit\u00e9s des radios digitales","url":"https:\/\/www.lawebradio.com\/news\/","logo":{"@type":"ImageObject","inLanguage":"fr-FR","@id":"https:\/\/www.lawebradio.com\/news\/#\/schema\/logo\/image\/","url":"https:\/\/www.lawebradio.com\/news\/wp-content\/uploads\/2020\/10\/logo2020.png","contentUrl":"https:\/\/www.lawebradio.com\/news\/wp-content\/uploads\/2020\/10\/logo2020.png","width":254,"height":43,"caption":"Lawebradio.com - Actualit\u00e9s des radios digitales"},"image":{"@id":"https:\/\/www.lawebradio.com\/news\/#\/schema\/logo\/image\/"}},{"@type":"Person","@id":"https:\/\/www.lawebradio.com\/news\/#\/schema\/person\/95fd11aee6e6cfe70a4b58b482103f1f","name":"Julien Lecourbe","image":{"@type":"ImageObject","inLanguage":"fr-FR","@id":"https:\/\/secure.gravatar.com\/avatar\/0d25a327c6e268d9730d9c0cbeeee0fea76f04c6cf9528c29e782ef324afc515?s=96&d=mm&r=g","url":"https:\/\/secure.gravatar.com\/avatar\/0d25a327c6e268d9730d9c0cbeeee0fea76f04c6cf9528c29e782ef324afc515?s=96&d=mm&r=g","contentUrl":"https:\/\/secure.gravatar.com\/avatar\/0d25a327c6e268d9730d9c0cbeeee0fea76f04c6cf9528c29e782ef324afc515?s=96&d=mm&r=g","caption":"Julien Lecourbe"},"url":"https:\/\/www.lawebradio.com\/news\/author\/la-redaction\/"}]}},"_links":{"self":[{"href":"https:\/\/www.lawebradio.com\/news\/wp-json\/wp\/v2\/posts\/5620","targetHints":{"allow":["GET"]}}],"collection":[{"href":"https:\/\/www.lawebradio.com\/news\/wp-json\/wp\/v2\/posts"}],"about":[{"href":"https:\/\/www.lawebradio.com\/news\/wp-json\/wp\/v2\/types\/post"}],"author":[{"embeddable":true,"href":"https:\/\/www.lawebradio.com\/news\/wp-json\/wp\/v2\/users\/3"}],"replies":[{"embeddable":true,"href":"https:\/\/www.lawebradio.com\/news\/wp-json\/wp\/v2\/comments?post=5620"}],"version-history":[{"count":2,"href":"https:\/\/www.lawebradio.com\/news\/wp-json\/wp\/v2\/posts\/5620\/revisions"}],"predecessor-version":[{"id":5624,"href":"https:\/\/www.lawebradio.com\/news\/wp-json\/wp\/v2\/posts\/5620\/revisions\/5624"}],"wp:featuredmedia":[{"embeddable":true,"href":"https:\/\/www.lawebradio.com\/news\/wp-json\/wp\/v2\/media\/5622"}],"wp:attachment":[{"href":"https:\/\/www.lawebradio.com\/news\/wp-json\/wp\/v2\/media?parent=5620"}],"wp:term":[{"taxonomy":"category","embeddable":true,"href":"https:\/\/www.lawebradio.com\/news\/wp-json\/wp\/v2\/categories?post=5620"},{"taxonomy":"post_tag","embeddable":true,"href":"https:\/\/www.lawebradio.com\/news\/wp-json\/wp\/v2\/tags?post=5620"}],"curies":[{"name":"wp","href":"https:\/\/api.w.org\/{rel}","templated":true}]}}