{"id":5366,"date":"2018-02-15T23:17:01","date_gmt":"2018-02-15T22:17:01","guid":{"rendered":"https:\/\/www.lawebradio.com\/news\/?p=5366"},"modified":"2018-02-15T23:17:01","modified_gmt":"2018-02-15T22:17:01","slug":"25-des-internautes-ecoutent-une-radio-digitale","status":"publish","type":"post","link":"https:\/\/www.lawebradio.com\/news\/25-des-internautes-ecoutent-une-radio-digitale\/","title":{"rendered":"25% des internautes \u00e9coutent une radio digitale"},"content":{"rendered":"<p><strong>Selon le dernier rapport de l&rsquo;institut M\u00e9diam\u00e9trie r\u00e9alis\u00e9 au troisi\u00e8me trimestre 2017, ce sont plus de 25% des internautes qui utilisent un service de radio digitale. La situation d&rsquo;\u00e9coute s&rsquo;effectue \u00e0 59% en dehors du domicile et \u00e0 42% durant un d\u00e9placement.<\/strong><\/p>\n<p>3,4 millions d&rsquo;individus \u00e9coutent la radio sur un smartphone chaque jour avec une moyenne de 1h44 par auditeur. Le m\u00e9dia a gagn\u00e9 1,2 points d&rsquo;audience sur les supports multim\u00e9dia en 3 ans (soit une croissance de 11%). Pr\u00e8s de 20% des 13-19 ans \u00e9coutent la radio sur un smartphone chaque jour en semaine. La consommation de la radio sur les supports multim\u00e9dia est plus fragment\u00e9e que sur les postes d\u00e9di\u00e9s \u00e0 la radio.<\/p>\n<p><a href=\"https:\/\/www.lawebradio.com\/news\/wp-content\/uploads\/2018\/02\/ima-radio-digitale01-022018.png\"><img loading=\"lazy\" decoding=\"async\" class=\"alignnone wp-image-5359 size-full\" src=\"https:\/\/www.lawebradio.com\/news\/wp-content\/uploads\/2018\/02\/ima-radio-digitale01-022018.png\" alt=\"\" width=\"1094\" height=\"614\" srcset=\"https:\/\/www.lawebradio.com\/news\/wp-content\/uploads\/2018\/02\/ima-radio-digitale01-022018.png 1094w, https:\/\/www.lawebradio.com\/news\/wp-content\/uploads\/2018\/02\/ima-radio-digitale01-022018-150x84.png 150w, https:\/\/www.lawebradio.com\/news\/wp-content\/uploads\/2018\/02\/ima-radio-digitale01-022018-300x168.png 300w, https:\/\/www.lawebradio.com\/news\/wp-content\/uploads\/2018\/02\/ima-radio-digitale01-022018-768x431.png 768w, https:\/\/www.lawebradio.com\/news\/wp-content\/uploads\/2018\/02\/ima-radio-digitale01-022018-1024x575.png 1024w, https:\/\/www.lawebradio.com\/news\/wp-content\/uploads\/2018\/02\/ima-radio-digitale01-022018-1x1.png 1w\" sizes=\"auto, (max-width: 1094px) 100vw, 1094px\" \/><\/a> <a href=\"https:\/\/www.lawebradio.com\/news\/wp-content\/uploads\/2018\/02\/ima-radio-digitale02-022018.png\"><img loading=\"lazy\" decoding=\"async\" class=\"alignnone wp-image-5360 size-full\" src=\"https:\/\/www.lawebradio.com\/news\/wp-content\/uploads\/2018\/02\/ima-radio-digitale02-022018.png\" alt=\"\" width=\"1093\" height=\"614\" srcset=\"https:\/\/www.lawebradio.com\/news\/wp-content\/uploads\/2018\/02\/ima-radio-digitale02-022018.png 1093w, https:\/\/www.lawebradio.com\/news\/wp-content\/uploads\/2018\/02\/ima-radio-digitale02-022018-150x84.png 150w, https:\/\/www.lawebradio.com\/news\/wp-content\/uploads\/2018\/02\/ima-radio-digitale02-022018-300x169.png 300w, https:\/\/www.lawebradio.com\/news\/wp-content\/uploads\/2018\/02\/ima-radio-digitale02-022018-768x431.png 768w, https:\/\/www.lawebradio.com\/news\/wp-content\/uploads\/2018\/02\/ima-radio-digitale02-022018-1024x575.png 1024w, https:\/\/www.lawebradio.com\/news\/wp-content\/uploads\/2018\/02\/ima-radio-digitale02-022018-1x1.png 1w\" sizes=\"auto, (max-width: 1093px) 100vw, 1093px\" \/><\/a> <a href=\"https:\/\/www.lawebradio.com\/news\/wp-content\/uploads\/2018\/02\/ima-radio-digitale03-022018.png\"><img loading=\"lazy\" decoding=\"async\" class=\"alignnone wp-image-5361 size-full\" src=\"https:\/\/www.lawebradio.com\/news\/wp-content\/uploads\/2018\/02\/ima-radio-digitale03-022018.png\" alt=\"\" width=\"1093\" height=\"614\" srcset=\"https:\/\/www.lawebradio.com\/news\/wp-content\/uploads\/2018\/02\/ima-radio-digitale03-022018.png 1093w, https:\/\/www.lawebradio.com\/news\/wp-content\/uploads\/2018\/02\/ima-radio-digitale03-022018-150x84.png 150w, https:\/\/www.lawebradio.com\/news\/wp-content\/uploads\/2018\/02\/ima-radio-digitale03-022018-300x169.png 300w, https:\/\/www.lawebradio.com\/news\/wp-content\/uploads\/2018\/02\/ima-radio-digitale03-022018-768x431.png 768w, https:\/\/www.lawebradio.com\/news\/wp-content\/uploads\/2018\/02\/ima-radio-digitale03-022018-1024x575.png 1024w, https:\/\/www.lawebradio.com\/news\/wp-content\/uploads\/2018\/02\/ima-radio-digitale03-022018-1x1.png 1w\" sizes=\"auto, (max-width: 1093px) 100vw, 1093px\" \/><\/a> <a href=\"https:\/\/www.lawebradio.com\/news\/wp-content\/uploads\/2018\/02\/ima-radio-digitale04-022018.png\"><img loading=\"lazy\" decoding=\"async\" class=\"alignnone wp-image-5362 size-full\" src=\"https:\/\/www.lawebradio.com\/news\/wp-content\/uploads\/2018\/02\/ima-radio-digitale04-022018.png\" alt=\"\" width=\"1094\" height=\"614\" srcset=\"https:\/\/www.lawebradio.com\/news\/wp-content\/uploads\/2018\/02\/ima-radio-digitale04-022018.png 1094w, https:\/\/www.lawebradio.com\/news\/wp-content\/uploads\/2018\/02\/ima-radio-digitale04-022018-150x84.png 150w, https:\/\/www.lawebradio.com\/news\/wp-content\/uploads\/2018\/02\/ima-radio-digitale04-022018-300x168.png 300w, https:\/\/www.lawebradio.com\/news\/wp-content\/uploads\/2018\/02\/ima-radio-digitale04-022018-768x431.png 768w, https:\/\/www.lawebradio.com\/news\/wp-content\/uploads\/2018\/02\/ima-radio-digitale04-022018-1024x575.png 1024w, https:\/\/www.lawebradio.com\/news\/wp-content\/uploads\/2018\/02\/ima-radio-digitale04-022018-1x1.png 1w\" sizes=\"auto, (max-width: 1094px) 100vw, 1094px\" \/><\/a> <a href=\"https:\/\/www.lawebradio.com\/news\/wp-content\/uploads\/2018\/02\/ima-radio-digitale05-022018.png\"><img loading=\"lazy\" decoding=\"async\" class=\"alignnone wp-image-5363 size-full\" src=\"https:\/\/www.lawebradio.com\/news\/wp-content\/uploads\/2018\/02\/ima-radio-digitale05-022018.png\" alt=\"\" width=\"1094\" height=\"614\" srcset=\"https:\/\/www.lawebradio.com\/news\/wp-content\/uploads\/2018\/02\/ima-radio-digitale05-022018.png 1094w, https:\/\/www.lawebradio.com\/news\/wp-content\/uploads\/2018\/02\/ima-radio-digitale05-022018-150x84.png 150w, https:\/\/www.lawebradio.com\/news\/wp-content\/uploads\/2018\/02\/ima-radio-digitale05-022018-300x168.png 300w, https:\/\/www.lawebradio.com\/news\/wp-content\/uploads\/2018\/02\/ima-radio-digitale05-022018-768x431.png 768w, https:\/\/www.lawebradio.com\/news\/wp-content\/uploads\/2018\/02\/ima-radio-digitale05-022018-1024x575.png 1024w, https:\/\/www.lawebradio.com\/news\/wp-content\/uploads\/2018\/02\/ima-radio-digitale05-022018-1x1.png 1w\" sizes=\"auto, (max-width: 1094px) 100vw, 1094px\" \/><\/a><\/p>\n","protected":false},"excerpt":{"rendered":"<p>Selon le dernier rapport de l&rsquo;institut M\u00e9diam\u00e9trie r\u00e9alis\u00e9 au troisi\u00e8me trimestre 2017, ce sont plus de 25% des internautes qui utilisent un service de radio digitale. La situation d&rsquo;\u00e9coute s&rsquo;effectue \u00e0 59% en dehors du domicile et \u00e0 42% durant un d\u00e9placement. 3,4 millions d&rsquo;individus \u00e9coutent la radio sur un smartphone chaque jour avec une [&hellip;]<\/p>\n","protected":false},"author":3,"featured_media":5364,"comment_status":"closed","ping_status":"closed","sticky":false,"template":"","format":"standard","meta":{"_et_pb_use_builder":"","_et_pb_old_content":"","_et_gb_content_width":"","footnotes":""},"categories":[1],"tags":[30,328,38,499],"class_list":["post-5366","post","type-post","status-publish","format-standard","has-post-thumbnail","hentry","category-digital","tag-mediametrie","tag-radio-digitale","tag-rapport-daudience","tag-sondage","et-has-post-format-content","et_post_format-et-post-format-standard"],"yoast_head":"<!-- This site is optimized with the Yoast SEO plugin v27.5 - https:\/\/yoast.com\/product\/yoast-seo-wordpress\/ -->\n<title>25% des internautes \u00e9coutent une radio digitale - Lawebradio.com - Actualit\u00e9s des radios digitales<\/title>\n<meta name=\"description\" content=\"3,4 millions d&#039;individus \u00e9coutent une radio digitale sur un smartphone chaque jour avec une moyenne de 1h44 par auditeur.\" \/>\n<meta name=\"robots\" content=\"index, follow, max-snippet:-1, max-image-preview:large, max-video-preview:-1\" \/>\n<link rel=\"canonical\" href=\"https:\/\/www.lawebradio.com\/news\/25-des-internautes-ecoutent-une-radio-digitale\/\" \/>\n<meta property=\"og:locale\" content=\"fr_FR\" \/>\n<meta property=\"og:type\" content=\"article\" \/>\n<meta property=\"og:title\" content=\"25% des internautes \u00e9coutent une radio digitale - Lawebradio.com - Actualit\u00e9s des radios digitales\" \/>\n<meta property=\"og:description\" content=\"3,4 millions d&#039;individus \u00e9coutent une radio digitale sur un smartphone chaque jour avec une moyenne de 1h44 par auditeur.\" \/>\n<meta property=\"og:url\" content=\"https:\/\/www.lawebradio.com\/news\/25-des-internautes-ecoutent-une-radio-digitale\/\" \/>\n<meta property=\"og:site_name\" content=\"Lawebradio.com - Actualit\u00e9s des radios digitales\" \/>\n<meta property=\"article:published_time\" content=\"2018-02-15T22:17:01+00:00\" \/>\n<meta property=\"og:image\" content=\"https:\/\/www.lawebradio.com\/news\/wp-content\/uploads\/2018\/02\/ima-radio022018.jpg\" \/>\n\t<meta property=\"og:image:width\" content=\"680\" \/>\n\t<meta property=\"og:image:height\" content=\"310\" \/>\n\t<meta property=\"og:image:type\" content=\"image\/jpeg\" \/>\n<meta name=\"author\" content=\"Julien Lecourbe\" \/>\n<meta name=\"twitter:label1\" content=\"\u00c9crit par\" \/>\n\t<meta name=\"twitter:data1\" content=\"Julien Lecourbe\" \/>\n\t<meta name=\"twitter:label2\" content=\"Dur\u00e9e de lecture estim\u00e9e\" \/>\n\t<meta name=\"twitter:data2\" content=\"1 minute\" \/>\n<script type=\"application\/ld+json\" class=\"yoast-schema-graph\">{\"@context\":\"https:\\\/\\\/schema.org\",\"@graph\":[{\"@type\":\"Article\",\"@id\":\"https:\\\/\\\/www.lawebradio.com\\\/news\\\/25-des-internautes-ecoutent-une-radio-digitale\\\/#article\",\"isPartOf\":{\"@id\":\"https:\\\/\\\/www.lawebradio.com\\\/news\\\/25-des-internautes-ecoutent-une-radio-digitale\\\/\"},\"author\":{\"name\":\"Julien Lecourbe\",\"@id\":\"https:\\\/\\\/www.lawebradio.com\\\/news\\\/#\\\/schema\\\/person\\\/95fd11aee6e6cfe70a4b58b482103f1f\"},\"headline\":\"25% des internautes \u00e9coutent une radio digitale\",\"datePublished\":\"2018-02-15T22:17:01+00:00\",\"mainEntityOfPage\":{\"@id\":\"https:\\\/\\\/www.lawebradio.com\\\/news\\\/25-des-internautes-ecoutent-une-radio-digitale\\\/\"},\"wordCount\":126,\"publisher\":{\"@id\":\"https:\\\/\\\/www.lawebradio.com\\\/news\\\/#organization\"},\"image\":{\"@id\":\"https:\\\/\\\/www.lawebradio.com\\\/news\\\/25-des-internautes-ecoutent-une-radio-digitale\\\/#primaryimage\"},\"thumbnailUrl\":\"https:\\\/\\\/www.lawebradio.com\\\/news\\\/wp-content\\\/uploads\\\/2018\\\/02\\\/ima-radio022018.jpg\",\"keywords\":[\"m\u00e9diam\u00e9trie\",\"radio digitale\",\"rapport d'audience\",\"sondage\"],\"articleSection\":[\"Digital\"],\"inLanguage\":\"fr-FR\"},{\"@type\":\"WebPage\",\"@id\":\"https:\\\/\\\/www.lawebradio.com\\\/news\\\/25-des-internautes-ecoutent-une-radio-digitale\\\/\",\"url\":\"https:\\\/\\\/www.lawebradio.com\\\/news\\\/25-des-internautes-ecoutent-une-radio-digitale\\\/\",\"name\":\"25% des internautes \u00e9coutent une radio digitale - Lawebradio.com - Actualit\u00e9s des radios digitales\",\"isPartOf\":{\"@id\":\"https:\\\/\\\/www.lawebradio.com\\\/news\\\/#website\"},\"primaryImageOfPage\":{\"@id\":\"https:\\\/\\\/www.lawebradio.com\\\/news\\\/25-des-internautes-ecoutent-une-radio-digitale\\\/#primaryimage\"},\"image\":{\"@id\":\"https:\\\/\\\/www.lawebradio.com\\\/news\\\/25-des-internautes-ecoutent-une-radio-digitale\\\/#primaryimage\"},\"thumbnailUrl\":\"https:\\\/\\\/www.lawebradio.com\\\/news\\\/wp-content\\\/uploads\\\/2018\\\/02\\\/ima-radio022018.jpg\",\"datePublished\":\"2018-02-15T22:17:01+00:00\",\"description\":\"3,4 millions d'individus \u00e9coutent une radio digitale sur un smartphone chaque jour avec une moyenne de 1h44 par auditeur.\",\"inLanguage\":\"fr-FR\",\"potentialAction\":[{\"@type\":\"ReadAction\",\"target\":[\"https:\\\/\\\/www.lawebradio.com\\\/news\\\/25-des-internautes-ecoutent-une-radio-digitale\\\/\"]}]},{\"@type\":\"ImageObject\",\"inLanguage\":\"fr-FR\",\"@id\":\"https:\\\/\\\/www.lawebradio.com\\\/news\\\/25-des-internautes-ecoutent-une-radio-digitale\\\/#primaryimage\",\"url\":\"https:\\\/\\\/www.lawebradio.com\\\/news\\\/wp-content\\\/uploads\\\/2018\\\/02\\\/ima-radio022018.jpg\",\"contentUrl\":\"https:\\\/\\\/www.lawebradio.com\\\/news\\\/wp-content\\\/uploads\\\/2018\\\/02\\\/ima-radio022018.jpg\",\"width\":680,\"height\":310},{\"@type\":\"WebSite\",\"@id\":\"https:\\\/\\\/www.lawebradio.com\\\/news\\\/#website\",\"url\":\"https:\\\/\\\/www.lawebradio.com\\\/news\\\/\",\"name\":\"Lawebradio.com - Actualit\u00e9s des radios digitales\",\"description\":\"\",\"publisher\":{\"@id\":\"https:\\\/\\\/www.lawebradio.com\\\/news\\\/#organization\"},\"potentialAction\":[{\"@type\":\"SearchAction\",\"target\":{\"@type\":\"EntryPoint\",\"urlTemplate\":\"https:\\\/\\\/www.lawebradio.com\\\/news\\\/?s={search_term_string}\"},\"query-input\":{\"@type\":\"PropertyValueSpecification\",\"valueRequired\":true,\"valueName\":\"search_term_string\"}}],\"inLanguage\":\"fr-FR\"},{\"@type\":\"Organization\",\"@id\":\"https:\\\/\\\/www.lawebradio.com\\\/news\\\/#organization\",\"name\":\"Lawebradio.com - Actualit\u00e9s des radios digitales\",\"url\":\"https:\\\/\\\/www.lawebradio.com\\\/news\\\/\",\"logo\":{\"@type\":\"ImageObject\",\"inLanguage\":\"fr-FR\",\"@id\":\"https:\\\/\\\/www.lawebradio.com\\\/news\\\/#\\\/schema\\\/logo\\\/image\\\/\",\"url\":\"https:\\\/\\\/www.lawebradio.com\\\/news\\\/wp-content\\\/uploads\\\/2020\\\/10\\\/logo2020.png\",\"contentUrl\":\"https:\\\/\\\/www.lawebradio.com\\\/news\\\/wp-content\\\/uploads\\\/2020\\\/10\\\/logo2020.png\",\"width\":254,\"height\":43,\"caption\":\"Lawebradio.com - Actualit\u00e9s des radios digitales\"},\"image\":{\"@id\":\"https:\\\/\\\/www.lawebradio.com\\\/news\\\/#\\\/schema\\\/logo\\\/image\\\/\"}},{\"@type\":\"Person\",\"@id\":\"https:\\\/\\\/www.lawebradio.com\\\/news\\\/#\\\/schema\\\/person\\\/95fd11aee6e6cfe70a4b58b482103f1f\",\"name\":\"Julien Lecourbe\",\"image\":{\"@type\":\"ImageObject\",\"inLanguage\":\"fr-FR\",\"@id\":\"https:\\\/\\\/secure.gravatar.com\\\/avatar\\\/0d25a327c6e268d9730d9c0cbeeee0fea76f04c6cf9528c29e782ef324afc515?s=96&d=mm&r=g\",\"url\":\"https:\\\/\\\/secure.gravatar.com\\\/avatar\\\/0d25a327c6e268d9730d9c0cbeeee0fea76f04c6cf9528c29e782ef324afc515?s=96&d=mm&r=g\",\"contentUrl\":\"https:\\\/\\\/secure.gravatar.com\\\/avatar\\\/0d25a327c6e268d9730d9c0cbeeee0fea76f04c6cf9528c29e782ef324afc515?s=96&d=mm&r=g\",\"caption\":\"Julien Lecourbe\"},\"url\":\"https:\\\/\\\/www.lawebradio.com\\\/news\\\/author\\\/la-redaction\\\/\"}]}<\/script>\n<!-- \/ Yoast SEO plugin. -->","yoast_head_json":{"title":"25% des internautes \u00e9coutent une radio digitale - Lawebradio.com - Actualit\u00e9s des radios digitales","description":"3,4 millions d'individus \u00e9coutent une radio digitale sur un smartphone chaque jour avec une moyenne de 1h44 par auditeur.","robots":{"index":"index","follow":"follow","max-snippet":"max-snippet:-1","max-image-preview":"max-image-preview:large","max-video-preview":"max-video-preview:-1"},"canonical":"https:\/\/www.lawebradio.com\/news\/25-des-internautes-ecoutent-une-radio-digitale\/","og_locale":"fr_FR","og_type":"article","og_title":"25% des internautes \u00e9coutent une radio digitale - Lawebradio.com - Actualit\u00e9s des radios digitales","og_description":"3,4 millions d'individus \u00e9coutent une radio digitale sur un smartphone chaque jour avec une moyenne de 1h44 par auditeur.","og_url":"https:\/\/www.lawebradio.com\/news\/25-des-internautes-ecoutent-une-radio-digitale\/","og_site_name":"Lawebradio.com - Actualit\u00e9s des radios digitales","article_published_time":"2018-02-15T22:17:01+00:00","og_image":[{"width":680,"height":310,"url":"https:\/\/www.lawebradio.com\/news\/wp-content\/uploads\/2018\/02\/ima-radio022018.jpg","type":"image\/jpeg"}],"author":"Julien Lecourbe","twitter_misc":{"\u00c9crit par":"Julien Lecourbe","Dur\u00e9e de lecture estim\u00e9e":"1 minute"},"schema":{"@context":"https:\/\/schema.org","@graph":[{"@type":"Article","@id":"https:\/\/www.lawebradio.com\/news\/25-des-internautes-ecoutent-une-radio-digitale\/#article","isPartOf":{"@id":"https:\/\/www.lawebradio.com\/news\/25-des-internautes-ecoutent-une-radio-digitale\/"},"author":{"name":"Julien Lecourbe","@id":"https:\/\/www.lawebradio.com\/news\/#\/schema\/person\/95fd11aee6e6cfe70a4b58b482103f1f"},"headline":"25% des internautes \u00e9coutent une radio digitale","datePublished":"2018-02-15T22:17:01+00:00","mainEntityOfPage":{"@id":"https:\/\/www.lawebradio.com\/news\/25-des-internautes-ecoutent-une-radio-digitale\/"},"wordCount":126,"publisher":{"@id":"https:\/\/www.lawebradio.com\/news\/#organization"},"image":{"@id":"https:\/\/www.lawebradio.com\/news\/25-des-internautes-ecoutent-une-radio-digitale\/#primaryimage"},"thumbnailUrl":"https:\/\/www.lawebradio.com\/news\/wp-content\/uploads\/2018\/02\/ima-radio022018.jpg","keywords":["m\u00e9diam\u00e9trie","radio digitale","rapport d'audience","sondage"],"articleSection":["Digital"],"inLanguage":"fr-FR"},{"@type":"WebPage","@id":"https:\/\/www.lawebradio.com\/news\/25-des-internautes-ecoutent-une-radio-digitale\/","url":"https:\/\/www.lawebradio.com\/news\/25-des-internautes-ecoutent-une-radio-digitale\/","name":"25% des internautes \u00e9coutent une radio digitale - Lawebradio.com - Actualit\u00e9s des radios digitales","isPartOf":{"@id":"https:\/\/www.lawebradio.com\/news\/#website"},"primaryImageOfPage":{"@id":"https:\/\/www.lawebradio.com\/news\/25-des-internautes-ecoutent-une-radio-digitale\/#primaryimage"},"image":{"@id":"https:\/\/www.lawebradio.com\/news\/25-des-internautes-ecoutent-une-radio-digitale\/#primaryimage"},"thumbnailUrl":"https:\/\/www.lawebradio.com\/news\/wp-content\/uploads\/2018\/02\/ima-radio022018.jpg","datePublished":"2018-02-15T22:17:01+00:00","description":"3,4 millions d'individus \u00e9coutent une radio digitale sur un smartphone chaque jour avec une moyenne de 1h44 par auditeur.","inLanguage":"fr-FR","potentialAction":[{"@type":"ReadAction","target":["https:\/\/www.lawebradio.com\/news\/25-des-internautes-ecoutent-une-radio-digitale\/"]}]},{"@type":"ImageObject","inLanguage":"fr-FR","@id":"https:\/\/www.lawebradio.com\/news\/25-des-internautes-ecoutent-une-radio-digitale\/#primaryimage","url":"https:\/\/www.lawebradio.com\/news\/wp-content\/uploads\/2018\/02\/ima-radio022018.jpg","contentUrl":"https:\/\/www.lawebradio.com\/news\/wp-content\/uploads\/2018\/02\/ima-radio022018.jpg","width":680,"height":310},{"@type":"WebSite","@id":"https:\/\/www.lawebradio.com\/news\/#website","url":"https:\/\/www.lawebradio.com\/news\/","name":"Lawebradio.com - Actualit\u00e9s des radios digitales","description":"","publisher":{"@id":"https:\/\/www.lawebradio.com\/news\/#organization"},"potentialAction":[{"@type":"SearchAction","target":{"@type":"EntryPoint","urlTemplate":"https:\/\/www.lawebradio.com\/news\/?s={search_term_string}"},"query-input":{"@type":"PropertyValueSpecification","valueRequired":true,"valueName":"search_term_string"}}],"inLanguage":"fr-FR"},{"@type":"Organization","@id":"https:\/\/www.lawebradio.com\/news\/#organization","name":"Lawebradio.com - Actualit\u00e9s des radios digitales","url":"https:\/\/www.lawebradio.com\/news\/","logo":{"@type":"ImageObject","inLanguage":"fr-FR","@id":"https:\/\/www.lawebradio.com\/news\/#\/schema\/logo\/image\/","url":"https:\/\/www.lawebradio.com\/news\/wp-content\/uploads\/2020\/10\/logo2020.png","contentUrl":"https:\/\/www.lawebradio.com\/news\/wp-content\/uploads\/2020\/10\/logo2020.png","width":254,"height":43,"caption":"Lawebradio.com - Actualit\u00e9s des radios digitales"},"image":{"@id":"https:\/\/www.lawebradio.com\/news\/#\/schema\/logo\/image\/"}},{"@type":"Person","@id":"https:\/\/www.lawebradio.com\/news\/#\/schema\/person\/95fd11aee6e6cfe70a4b58b482103f1f","name":"Julien Lecourbe","image":{"@type":"ImageObject","inLanguage":"fr-FR","@id":"https:\/\/secure.gravatar.com\/avatar\/0d25a327c6e268d9730d9c0cbeeee0fea76f04c6cf9528c29e782ef324afc515?s=96&d=mm&r=g","url":"https:\/\/secure.gravatar.com\/avatar\/0d25a327c6e268d9730d9c0cbeeee0fea76f04c6cf9528c29e782ef324afc515?s=96&d=mm&r=g","contentUrl":"https:\/\/secure.gravatar.com\/avatar\/0d25a327c6e268d9730d9c0cbeeee0fea76f04c6cf9528c29e782ef324afc515?s=96&d=mm&r=g","caption":"Julien Lecourbe"},"url":"https:\/\/www.lawebradio.com\/news\/author\/la-redaction\/"}]}},"_links":{"self":[{"href":"https:\/\/www.lawebradio.com\/news\/wp-json\/wp\/v2\/posts\/5366","targetHints":{"allow":["GET"]}}],"collection":[{"href":"https:\/\/www.lawebradio.com\/news\/wp-json\/wp\/v2\/posts"}],"about":[{"href":"https:\/\/www.lawebradio.com\/news\/wp-json\/wp\/v2\/types\/post"}],"author":[{"embeddable":true,"href":"https:\/\/www.lawebradio.com\/news\/wp-json\/wp\/v2\/users\/3"}],"replies":[{"embeddable":true,"href":"https:\/\/www.lawebradio.com\/news\/wp-json\/wp\/v2\/comments?post=5366"}],"version-history":[{"count":1,"href":"https:\/\/www.lawebradio.com\/news\/wp-json\/wp\/v2\/posts\/5366\/revisions"}],"predecessor-version":[{"id":5367,"href":"https:\/\/www.lawebradio.com\/news\/wp-json\/wp\/v2\/posts\/5366\/revisions\/5367"}],"wp:featuredmedia":[{"embeddable":true,"href":"https:\/\/www.lawebradio.com\/news\/wp-json\/wp\/v2\/media\/5364"}],"wp:attachment":[{"href":"https:\/\/www.lawebradio.com\/news\/wp-json\/wp\/v2\/media?parent=5366"}],"wp:term":[{"taxonomy":"category","embeddable":true,"href":"https:\/\/www.lawebradio.com\/news\/wp-json\/wp\/v2\/categories?post=5366"},{"taxonomy":"post_tag","embeddable":true,"href":"https:\/\/www.lawebradio.com\/news\/wp-json\/wp\/v2\/tags?post=5366"}],"curies":[{"name":"wp","href":"https:\/\/api.w.org\/{rel}","templated":true}]}}