{"id":531,"date":"2013-11-15T12:15:59","date_gmt":"2013-11-15T11:15:59","guid":{"rendered":"http:\/\/www.lawebradio.com\/news\/?p=531"},"modified":"2013-11-16T11:22:51","modified_gmt":"2013-11-16T10:22:51","slug":"radionomy-se-mobilise-handicap-international","status":"publish","type":"post","link":"https:\/\/www.lawebradio.com\/news\/radionomy-se-mobilise-handicap-international\/","title":{"rendered":"Radionomy se mobilise face \u00e0 la catastrophe aux Philippines"},"content":{"rendered":"<p><strong>Forte des 7.000 radios en ligne h\u00e9berg\u00e9es sur sa plate-forme de streaming audio assurant plus de 45 millions d\u2019heures d\u2019\u00e9coute par mois,<\/strong> la soci\u00e9t\u00e9 Radionomy se mobilise face \u00e0 la l&rsquo;ampleur de la catastrophe suite au passage du Typhon Hayian aux Philippines en diffusant une campagne d\u2019Urgence d\u2019appel aux dons pilot\u00e9e par Handicap International.<\/p>\n<p><strong>Radionomy est un service global gratuit qui permet aux passionn\u00e9s de radio<\/strong> du monde entier de cr\u00e9er leur propre radio en ligne. La plate-forme novatrice Radionomy fournit \u00e0 ses membres tous les outils n\u00e9cessaires pour diffuser, promouvoir et mon\u00e9tiser leur propre radio gratuitement. La plate-forme dispose d&rsquo;une grande vari\u00e9t\u00e9 de radios musicales et th\u00e9matiques \u00e0 d\u00e9couvrir et \u00e0 \u00e9couter. <a href=\"http:\/\/www.radionomy.com \" target=\"_blank\">www.radionomy.com <\/a><\/p>\n<p><strong>Handicap International est une association de solidarit\u00e9 internationale ind\u00e9pendante<\/strong>, qui intervient dans les situations de pauvret\u00e9 et d&rsquo;exclusion, de conflits et de catastrophes. \u0152uvrant aux c\u00f4t\u00e9s des personnes handicap\u00e9es et vuln\u00e9rables, elle agit et t\u00e9moigne pour r\u00e9pondre \u00e0 leurs besoins essentiels et am\u00e9liorer leurs conditions de vie. Elle s&rsquo;engage \u00e0 promouvoir le respect de leur dignit\u00e9 et de leurs droits fondamentaux. Depuis sa cr\u00e9ation en 1982, Handicap International a mis en place des programmes de d\u00e9veloppement dans plus de 60 pays et intervient dans de nombreuses situations d&rsquo;urgence. Le r\u00e9seau de 8 associations nationales (Allemagne, Belgique, Canada, Etats-Unis, France, Luxembourg, Royaume-Uni et Suisse) \u0153uvre de mani\u00e8re constante \u00e0 la mobilisation des ressources, \u00e0 la cogestion des projets et au rayonnement des principes et actions de l&rsquo;organisation. <a href=\"http:\/\/www.handicap-international.fr\/\" target=\"_blank\">http:\/\/www.handicap-international.fr\/<\/a><\/p>\n","protected":false},"excerpt":{"rendered":"<p>Forte des 7.000 radios en ligne h\u00e9berg\u00e9es sur sa plate-forme de streaming audio assurant plus de 45 millions d\u2019heures d\u2019\u00e9coute par mois, la soci\u00e9t\u00e9 Radionomy se mobilise face \u00e0 la l&rsquo;ampleur de la catastrophe suite au passage du Typhon Hayian aux Philippines en diffusant une campagne d\u2019Urgence d\u2019appel aux dons pilot\u00e9e par Handicap International. Radionomy [&hellip;]<\/p>\n","protected":false},"author":3,"featured_media":532,"comment_status":"closed","ping_status":"closed","sticky":false,"template":"","format":"standard","meta":{"_et_pb_use_builder":"","_et_pb_old_content":"","_et_gb_content_width":"","footnotes":""},"categories":[12],"tags":[136,135,15,134,44],"class_list":["post-531","post","type-post","status-publish","format-standard","has-post-thumbnail","hentry","category-revue","tag-appel-aux-dons","tag-handicap-international","tag-radionomy","tag-typhon-hayian","tag-webradios","et-has-post-format-content","et_post_format-et-post-format-standard"],"yoast_head":"<!-- This site is optimized with the Yoast SEO plugin v27.5 - https:\/\/yoast.com\/product\/yoast-seo-wordpress\/ -->\n<title>Radionomy se mobilise face \u00e0 la catastrophe aux Philippines - Lawebradio.com - Actualit\u00e9s des radios digitales<\/title>\n<meta name=\"description\" content=\"Radionomy se mobilise face \u00e0 la l&#039;ampleur de la catastrophe suite au passage du Typhon Hayian aux Philippines en diffusant une campagne d\u2019appel aux dons\" \/>\n<meta name=\"robots\" content=\"index, follow, max-snippet:-1, max-image-preview:large, max-video-preview:-1\" \/>\n<link rel=\"canonical\" href=\"https:\/\/www.lawebradio.com\/news\/radionomy-se-mobilise-handicap-international\/\" \/>\n<meta property=\"og:locale\" content=\"fr_FR\" \/>\n<meta property=\"og:type\" content=\"article\" \/>\n<meta property=\"og:title\" content=\"Radionomy se mobilise face \u00e0 la catastrophe aux Philippines - Lawebradio.com - Actualit\u00e9s des radios digitales\" \/>\n<meta property=\"og:description\" content=\"Radionomy se mobilise face \u00e0 la l&#039;ampleur de la catastrophe suite au passage du Typhon Hayian aux Philippines en diffusant une campagne d\u2019appel aux dons\" \/>\n<meta property=\"og:url\" content=\"https:\/\/www.lawebradio.com\/news\/radionomy-se-mobilise-handicap-international\/\" \/>\n<meta property=\"og:site_name\" content=\"Lawebradio.com - Actualit\u00e9s des radios digitales\" \/>\n<meta property=\"article:published_time\" content=\"2013-11-15T11:15:59+00:00\" \/>\n<meta property=\"article:modified_time\" content=\"2013-11-16T10:22:51+00:00\" \/>\n<meta property=\"og:image\" content=\"https:\/\/www.lawebradio.com\/news\/wp-content\/uploads\/2013\/11\/ima-radionomy-handicap2013.jpg\" \/>\n\t<meta property=\"og:image:width\" content=\"642\" \/>\n\t<meta property=\"og:image:height\" content=\"310\" \/>\n\t<meta property=\"og:image:type\" content=\"image\/jpeg\" \/>\n<meta name=\"author\" content=\"Julien Lecourbe\" \/>\n<meta name=\"twitter:label1\" content=\"\u00c9crit par\" \/>\n\t<meta name=\"twitter:data1\" content=\"Julien Lecourbe\" \/>\n\t<meta name=\"twitter:label2\" content=\"Dur\u00e9e de lecture estim\u00e9e\" \/>\n\t<meta name=\"twitter:data2\" content=\"1 minute\" \/>\n<script type=\"application\/ld+json\" class=\"yoast-schema-graph\">{\"@context\":\"https:\\\/\\\/schema.org\",\"@graph\":[{\"@type\":\"Article\",\"@id\":\"https:\\\/\\\/www.lawebradio.com\\\/news\\\/radionomy-se-mobilise-handicap-international\\\/#article\",\"isPartOf\":{\"@id\":\"https:\\\/\\\/www.lawebradio.com\\\/news\\\/radionomy-se-mobilise-handicap-international\\\/\"},\"author\":{\"name\":\"Julien Lecourbe\",\"@id\":\"https:\\\/\\\/www.lawebradio.com\\\/news\\\/#\\\/schema\\\/person\\\/95fd11aee6e6cfe70a4b58b482103f1f\"},\"headline\":\"Radionomy se mobilise face \u00e0 la catastrophe aux Philippines\",\"datePublished\":\"2013-11-15T11:15:59+00:00\",\"dateModified\":\"2013-11-16T10:22:51+00:00\",\"mainEntityOfPage\":{\"@id\":\"https:\\\/\\\/www.lawebradio.com\\\/news\\\/radionomy-se-mobilise-handicap-international\\\/\"},\"wordCount\":274,\"publisher\":{\"@id\":\"https:\\\/\\\/www.lawebradio.com\\\/news\\\/#organization\"},\"image\":{\"@id\":\"https:\\\/\\\/www.lawebradio.com\\\/news\\\/radionomy-se-mobilise-handicap-international\\\/#primaryimage\"},\"thumbnailUrl\":\"https:\\\/\\\/www.lawebradio.com\\\/news\\\/wp-content\\\/uploads\\\/2013\\\/11\\\/ima-radionomy-handicap2013.jpg\",\"keywords\":[\"appel aux dons\",\"handicap international\",\"radionomy\",\"Typhon Hayian\",\"webradios\"],\"articleSection\":[\"Revue de Presse\"],\"inLanguage\":\"fr-FR\"},{\"@type\":\"WebPage\",\"@id\":\"https:\\\/\\\/www.lawebradio.com\\\/news\\\/radionomy-se-mobilise-handicap-international\\\/\",\"url\":\"https:\\\/\\\/www.lawebradio.com\\\/news\\\/radionomy-se-mobilise-handicap-international\\\/\",\"name\":\"Radionomy se mobilise face \u00e0 la catastrophe aux Philippines - Lawebradio.com - Actualit\u00e9s des radios digitales\",\"isPartOf\":{\"@id\":\"https:\\\/\\\/www.lawebradio.com\\\/news\\\/#website\"},\"primaryImageOfPage\":{\"@id\":\"https:\\\/\\\/www.lawebradio.com\\\/news\\\/radionomy-se-mobilise-handicap-international\\\/#primaryimage\"},\"image\":{\"@id\":\"https:\\\/\\\/www.lawebradio.com\\\/news\\\/radionomy-se-mobilise-handicap-international\\\/#primaryimage\"},\"thumbnailUrl\":\"https:\\\/\\\/www.lawebradio.com\\\/news\\\/wp-content\\\/uploads\\\/2013\\\/11\\\/ima-radionomy-handicap2013.jpg\",\"datePublished\":\"2013-11-15T11:15:59+00:00\",\"dateModified\":\"2013-11-16T10:22:51+00:00\",\"description\":\"Radionomy se mobilise face \u00e0 la l'ampleur de la catastrophe suite au passage du Typhon Hayian aux Philippines en diffusant une campagne d\u2019appel aux dons\",\"inLanguage\":\"fr-FR\",\"potentialAction\":[{\"@type\":\"ReadAction\",\"target\":[\"https:\\\/\\\/www.lawebradio.com\\\/news\\\/radionomy-se-mobilise-handicap-international\\\/\"]}]},{\"@type\":\"ImageObject\",\"inLanguage\":\"fr-FR\",\"@id\":\"https:\\\/\\\/www.lawebradio.com\\\/news\\\/radionomy-se-mobilise-handicap-international\\\/#primaryimage\",\"url\":\"https:\\\/\\\/www.lawebradio.com\\\/news\\\/wp-content\\\/uploads\\\/2013\\\/11\\\/ima-radionomy-handicap2013.jpg\",\"contentUrl\":\"https:\\\/\\\/www.lawebradio.com\\\/news\\\/wp-content\\\/uploads\\\/2013\\\/11\\\/ima-radionomy-handicap2013.jpg\",\"width\":642,\"height\":310},{\"@type\":\"WebSite\",\"@id\":\"https:\\\/\\\/www.lawebradio.com\\\/news\\\/#website\",\"url\":\"https:\\\/\\\/www.lawebradio.com\\\/news\\\/\",\"name\":\"Lawebradio.com - Actualit\u00e9s des radios digitales\",\"description\":\"\",\"publisher\":{\"@id\":\"https:\\\/\\\/www.lawebradio.com\\\/news\\\/#organization\"},\"potentialAction\":[{\"@type\":\"SearchAction\",\"target\":{\"@type\":\"EntryPoint\",\"urlTemplate\":\"https:\\\/\\\/www.lawebradio.com\\\/news\\\/?s={search_term_string}\"},\"query-input\":{\"@type\":\"PropertyValueSpecification\",\"valueRequired\":true,\"valueName\":\"search_term_string\"}}],\"inLanguage\":\"fr-FR\"},{\"@type\":\"Organization\",\"@id\":\"https:\\\/\\\/www.lawebradio.com\\\/news\\\/#organization\",\"name\":\"Lawebradio.com - Actualit\u00e9s des radios digitales\",\"url\":\"https:\\\/\\\/www.lawebradio.com\\\/news\\\/\",\"logo\":{\"@type\":\"ImageObject\",\"inLanguage\":\"fr-FR\",\"@id\":\"https:\\\/\\\/www.lawebradio.com\\\/news\\\/#\\\/schema\\\/logo\\\/image\\\/\",\"url\":\"https:\\\/\\\/www.lawebradio.com\\\/news\\\/wp-content\\\/uploads\\\/2020\\\/10\\\/logo2020.png\",\"contentUrl\":\"https:\\\/\\\/www.lawebradio.com\\\/news\\\/wp-content\\\/uploads\\\/2020\\\/10\\\/logo2020.png\",\"width\":254,\"height\":43,\"caption\":\"Lawebradio.com - Actualit\u00e9s des radios digitales\"},\"image\":{\"@id\":\"https:\\\/\\\/www.lawebradio.com\\\/news\\\/#\\\/schema\\\/logo\\\/image\\\/\"}},{\"@type\":\"Person\",\"@id\":\"https:\\\/\\\/www.lawebradio.com\\\/news\\\/#\\\/schema\\\/person\\\/95fd11aee6e6cfe70a4b58b482103f1f\",\"name\":\"Julien Lecourbe\",\"image\":{\"@type\":\"ImageObject\",\"inLanguage\":\"fr-FR\",\"@id\":\"https:\\\/\\\/secure.gravatar.com\\\/avatar\\\/0d25a327c6e268d9730d9c0cbeeee0fea76f04c6cf9528c29e782ef324afc515?s=96&d=mm&r=g\",\"url\":\"https:\\\/\\\/secure.gravatar.com\\\/avatar\\\/0d25a327c6e268d9730d9c0cbeeee0fea76f04c6cf9528c29e782ef324afc515?s=96&d=mm&r=g\",\"contentUrl\":\"https:\\\/\\\/secure.gravatar.com\\\/avatar\\\/0d25a327c6e268d9730d9c0cbeeee0fea76f04c6cf9528c29e782ef324afc515?s=96&d=mm&r=g\",\"caption\":\"Julien Lecourbe\"},\"url\":\"https:\\\/\\\/www.lawebradio.com\\\/news\\\/author\\\/la-redaction\\\/\"}]}<\/script>\n<!-- \/ Yoast SEO plugin. -->","yoast_head_json":{"title":"Radionomy se mobilise face \u00e0 la catastrophe aux Philippines - Lawebradio.com - Actualit\u00e9s des radios digitales","description":"Radionomy se mobilise face \u00e0 la l'ampleur de la catastrophe suite au passage du Typhon Hayian aux Philippines en diffusant une campagne d\u2019appel aux dons","robots":{"index":"index","follow":"follow","max-snippet":"max-snippet:-1","max-image-preview":"max-image-preview:large","max-video-preview":"max-video-preview:-1"},"canonical":"https:\/\/www.lawebradio.com\/news\/radionomy-se-mobilise-handicap-international\/","og_locale":"fr_FR","og_type":"article","og_title":"Radionomy se mobilise face \u00e0 la catastrophe aux Philippines - Lawebradio.com - Actualit\u00e9s des radios digitales","og_description":"Radionomy se mobilise face \u00e0 la l'ampleur de la catastrophe suite au passage du Typhon Hayian aux Philippines en diffusant une campagne d\u2019appel aux dons","og_url":"https:\/\/www.lawebradio.com\/news\/radionomy-se-mobilise-handicap-international\/","og_site_name":"Lawebradio.com - Actualit\u00e9s des radios digitales","article_published_time":"2013-11-15T11:15:59+00:00","article_modified_time":"2013-11-16T10:22:51+00:00","og_image":[{"width":642,"height":310,"url":"https:\/\/www.lawebradio.com\/news\/wp-content\/uploads\/2013\/11\/ima-radionomy-handicap2013.jpg","type":"image\/jpeg"}],"author":"Julien Lecourbe","twitter_misc":{"\u00c9crit par":"Julien Lecourbe","Dur\u00e9e de lecture estim\u00e9e":"1 minute"},"schema":{"@context":"https:\/\/schema.org","@graph":[{"@type":"Article","@id":"https:\/\/www.lawebradio.com\/news\/radionomy-se-mobilise-handicap-international\/#article","isPartOf":{"@id":"https:\/\/www.lawebradio.com\/news\/radionomy-se-mobilise-handicap-international\/"},"author":{"name":"Julien Lecourbe","@id":"https:\/\/www.lawebradio.com\/news\/#\/schema\/person\/95fd11aee6e6cfe70a4b58b482103f1f"},"headline":"Radionomy se mobilise face \u00e0 la catastrophe aux Philippines","datePublished":"2013-11-15T11:15:59+00:00","dateModified":"2013-11-16T10:22:51+00:00","mainEntityOfPage":{"@id":"https:\/\/www.lawebradio.com\/news\/radionomy-se-mobilise-handicap-international\/"},"wordCount":274,"publisher":{"@id":"https:\/\/www.lawebradio.com\/news\/#organization"},"image":{"@id":"https:\/\/www.lawebradio.com\/news\/radionomy-se-mobilise-handicap-international\/#primaryimage"},"thumbnailUrl":"https:\/\/www.lawebradio.com\/news\/wp-content\/uploads\/2013\/11\/ima-radionomy-handicap2013.jpg","keywords":["appel aux dons","handicap international","radionomy","Typhon Hayian","webradios"],"articleSection":["Revue de Presse"],"inLanguage":"fr-FR"},{"@type":"WebPage","@id":"https:\/\/www.lawebradio.com\/news\/radionomy-se-mobilise-handicap-international\/","url":"https:\/\/www.lawebradio.com\/news\/radionomy-se-mobilise-handicap-international\/","name":"Radionomy se mobilise face \u00e0 la catastrophe aux Philippines - Lawebradio.com - Actualit\u00e9s des radios digitales","isPartOf":{"@id":"https:\/\/www.lawebradio.com\/news\/#website"},"primaryImageOfPage":{"@id":"https:\/\/www.lawebradio.com\/news\/radionomy-se-mobilise-handicap-international\/#primaryimage"},"image":{"@id":"https:\/\/www.lawebradio.com\/news\/radionomy-se-mobilise-handicap-international\/#primaryimage"},"thumbnailUrl":"https:\/\/www.lawebradio.com\/news\/wp-content\/uploads\/2013\/11\/ima-radionomy-handicap2013.jpg","datePublished":"2013-11-15T11:15:59+00:00","dateModified":"2013-11-16T10:22:51+00:00","description":"Radionomy se mobilise face \u00e0 la l'ampleur de la catastrophe suite au passage du Typhon Hayian aux Philippines en diffusant une campagne d\u2019appel aux dons","inLanguage":"fr-FR","potentialAction":[{"@type":"ReadAction","target":["https:\/\/www.lawebradio.com\/news\/radionomy-se-mobilise-handicap-international\/"]}]},{"@type":"ImageObject","inLanguage":"fr-FR","@id":"https:\/\/www.lawebradio.com\/news\/radionomy-se-mobilise-handicap-international\/#primaryimage","url":"https:\/\/www.lawebradio.com\/news\/wp-content\/uploads\/2013\/11\/ima-radionomy-handicap2013.jpg","contentUrl":"https:\/\/www.lawebradio.com\/news\/wp-content\/uploads\/2013\/11\/ima-radionomy-handicap2013.jpg","width":642,"height":310},{"@type":"WebSite","@id":"https:\/\/www.lawebradio.com\/news\/#website","url":"https:\/\/www.lawebradio.com\/news\/","name":"Lawebradio.com - Actualit\u00e9s des radios digitales","description":"","publisher":{"@id":"https:\/\/www.lawebradio.com\/news\/#organization"},"potentialAction":[{"@type":"SearchAction","target":{"@type":"EntryPoint","urlTemplate":"https:\/\/www.lawebradio.com\/news\/?s={search_term_string}"},"query-input":{"@type":"PropertyValueSpecification","valueRequired":true,"valueName":"search_term_string"}}],"inLanguage":"fr-FR"},{"@type":"Organization","@id":"https:\/\/www.lawebradio.com\/news\/#organization","name":"Lawebradio.com - Actualit\u00e9s des radios digitales","url":"https:\/\/www.lawebradio.com\/news\/","logo":{"@type":"ImageObject","inLanguage":"fr-FR","@id":"https:\/\/www.lawebradio.com\/news\/#\/schema\/logo\/image\/","url":"https:\/\/www.lawebradio.com\/news\/wp-content\/uploads\/2020\/10\/logo2020.png","contentUrl":"https:\/\/www.lawebradio.com\/news\/wp-content\/uploads\/2020\/10\/logo2020.png","width":254,"height":43,"caption":"Lawebradio.com - Actualit\u00e9s des radios digitales"},"image":{"@id":"https:\/\/www.lawebradio.com\/news\/#\/schema\/logo\/image\/"}},{"@type":"Person","@id":"https:\/\/www.lawebradio.com\/news\/#\/schema\/person\/95fd11aee6e6cfe70a4b58b482103f1f","name":"Julien Lecourbe","image":{"@type":"ImageObject","inLanguage":"fr-FR","@id":"https:\/\/secure.gravatar.com\/avatar\/0d25a327c6e268d9730d9c0cbeeee0fea76f04c6cf9528c29e782ef324afc515?s=96&d=mm&r=g","url":"https:\/\/secure.gravatar.com\/avatar\/0d25a327c6e268d9730d9c0cbeeee0fea76f04c6cf9528c29e782ef324afc515?s=96&d=mm&r=g","contentUrl":"https:\/\/secure.gravatar.com\/avatar\/0d25a327c6e268d9730d9c0cbeeee0fea76f04c6cf9528c29e782ef324afc515?s=96&d=mm&r=g","caption":"Julien Lecourbe"},"url":"https:\/\/www.lawebradio.com\/news\/author\/la-redaction\/"}]}},"_links":{"self":[{"href":"https:\/\/www.lawebradio.com\/news\/wp-json\/wp\/v2\/posts\/531","targetHints":{"allow":["GET"]}}],"collection":[{"href":"https:\/\/www.lawebradio.com\/news\/wp-json\/wp\/v2\/posts"}],"about":[{"href":"https:\/\/www.lawebradio.com\/news\/wp-json\/wp\/v2\/types\/post"}],"author":[{"embeddable":true,"href":"https:\/\/www.lawebradio.com\/news\/wp-json\/wp\/v2\/users\/3"}],"replies":[{"embeddable":true,"href":"https:\/\/www.lawebradio.com\/news\/wp-json\/wp\/v2\/comments?post=531"}],"version-history":[{"count":4,"href":"https:\/\/www.lawebradio.com\/news\/wp-json\/wp\/v2\/posts\/531\/revisions"}],"predecessor-version":[{"id":536,"href":"https:\/\/www.lawebradio.com\/news\/wp-json\/wp\/v2\/posts\/531\/revisions\/536"}],"wp:featuredmedia":[{"embeddable":true,"href":"https:\/\/www.lawebradio.com\/news\/wp-json\/wp\/v2\/media\/532"}],"wp:attachment":[{"href":"https:\/\/www.lawebradio.com\/news\/wp-json\/wp\/v2\/media?parent=531"}],"wp:term":[{"taxonomy":"category","embeddable":true,"href":"https:\/\/www.lawebradio.com\/news\/wp-json\/wp\/v2\/categories?post=531"},{"taxonomy":"post_tag","embeddable":true,"href":"https:\/\/www.lawebradio.com\/news\/wp-json\/wp\/v2\/tags?post=531"}],"curies":[{"name":"wp","href":"https:\/\/api.w.org\/{rel}","templated":true}]}}