{"id":5299,"date":"2017-12-21T13:55:51","date_gmt":"2017-12-21T12:55:51","guid":{"rendered":"https:\/\/www.lawebradio.com\/news\/?p=5299"},"modified":"2017-12-21T13:55:51","modified_gmt":"2017-12-21T12:55:51","slug":"2-francais-3-ecoutent-de-laudio-digital","status":"publish","type":"post","link":"https:\/\/www.lawebradio.com\/news\/2-francais-3-ecoutent-de-laudio-digital\/","title":{"rendered":"2 Fran\u00e7ais sur 3 \u00e9coutent de l\u2019audio digital"},"content":{"rendered":"<p><strong>Une \u00e9tude men\u00e9e en septembre 2017 aupr\u00e8s de 2 011 personnes de 13 \u00e0 64 ans, par le p\u00f4le Audio d&rsquo;Havas Group (France) et l&rsquo;Institut CSA, montre que 66% des Fran\u00e7ais \u00e9coutent l&rsquo;audio digital.<\/strong><\/p>\n<p>Cette enqu\u00eate effectu\u00e9e aupr\u00e8s de 2011 personnes de 13 \u00e0 64 ans, r\u00e9v\u00e8le que 81% de l&rsquo;\u00e9chantillon \u00e9coutent la radio de mani\u00e8re classique (79%) et par Internet (38%).<br \/>\nIls sont 49% \u00e0 \u00e9couter de la musique en streaming, 20% des podcasts, 21% des radios digitales.<\/p>\n<p>A noter que les contenus audio et la musique accompagnent les moments du quotidien, pendant le m\u00e9nage (64%), en cuisinant (54%), dans la salle de bain (41%) et en faisant du sport (37%).<\/p>\n<p>6 groupes de Fran\u00e7ais ont \u00e9t\u00e9 d\u00e9finis selon les contenus et les modes de consommation utilis\u00e9s :<\/p>\n<p><strong>1 &#8211; Les Radio Ga Ga (32%) :<\/strong> Ag\u00e9s de 35 \u00e0 49 ans, les supports traditionnels comme la radio et la TV demeurent leurs principaux modes d\u2019acc\u00e8s \u00e0 la musique au quotidien.<br \/>\nIls sont proches de la moyenne des Fran\u00e7ais en termes d\u2019\u00e9quipements et d&rsquo;usages.<\/p>\n<p><strong>2 &#8211; Les Neo Radio Digital (21%) :<\/strong> Citadins de moins de 35 ans accros de musique au quotidien en streaming avec leur smartphone.<\/p>\n<p><strong>3 &#8211; Les Radiostatic (20%) :<\/strong> Ag\u00e9s, ils \u00e9coutent la radio de mani\u00e8re passive en voiture ou chez eux sur un poste de radio.<\/p>\n<p><strong>4 &#8211; Les Audio Addict (10%) :<\/strong> Auditeurs de moins de 35 ans multi-\u00e9quip\u00e9es et toujours connect\u00e9es qui \u00e9coutent de la musique et des contenus audio via de multiples moyens digitaux.<\/p>\n<p><strong>5 &#8211; Les Enjoy the Silence (9%) :<\/strong> Cat\u00e9gorie souvent inactive, tr\u00e8s peu \u00e9quip\u00e9e et tr\u00e8s peu sensible \u00e0 la musique ou \u00e0 tout autre contenu audio.<\/p>\n<p><strong>6 &#8211; Les Audiodigital Native :<\/strong> Adolescents consommant de la musique en streaming sur leur smartphone partout et tout le temps.<\/p>\n<p><a href=\"https:\/\/www.lawebradio.com\/news\/wp-content\/uploads\/2017\/12\/ima-audio-digital-122017.jpg\"><img loading=\"lazy\" decoding=\"async\" class=\"alignnone wp-image-5300 size-full\" src=\"https:\/\/www.lawebradio.com\/news\/wp-content\/uploads\/2017\/12\/ima-audio-digital-122017.jpg\" alt=\"Une \u00e9tude men\u00e9e par le p\u00f4le Audio d'Havas Group (France) et l'Institut CSA, montre que 66% des Fran\u00e7ais \u00e9coutent l'audio digital.\" width=\"1000\" height=\"883\" srcset=\"https:\/\/www.lawebradio.com\/news\/wp-content\/uploads\/2017\/12\/ima-audio-digital-122017.jpg 1000w, https:\/\/www.lawebradio.com\/news\/wp-content\/uploads\/2017\/12\/ima-audio-digital-122017-150x132.jpg 150w, https:\/\/www.lawebradio.com\/news\/wp-content\/uploads\/2017\/12\/ima-audio-digital-122017-300x265.jpg 300w, https:\/\/www.lawebradio.com\/news\/wp-content\/uploads\/2017\/12\/ima-audio-digital-122017-768x678.jpg 768w, https:\/\/www.lawebradio.com\/news\/wp-content\/uploads\/2017\/12\/ima-audio-digital-122017-1x1.jpg 1w\" sizes=\"auto, (max-width: 1000px) 100vw, 1000px\" \/><\/a><\/p>\n","protected":false},"excerpt":{"rendered":"<p>Une \u00e9tude men\u00e9e en septembre 2017 aupr\u00e8s de 2 011 personnes de 13 \u00e0 64 ans, par le p\u00f4le Audio d&rsquo;Havas Group (France) et l&rsquo;Institut CSA, montre que 66% des Fran\u00e7ais \u00e9coutent l&rsquo;audio digital. Cette enqu\u00eate effectu\u00e9e aupr\u00e8s de 2011 personnes de 13 \u00e0 64 ans, r\u00e9v\u00e8le que 81% de l&rsquo;\u00e9chantillon \u00e9coutent la radio de [&hellip;]<\/p>\n","protected":false},"author":3,"featured_media":5301,"comment_status":"closed","ping_status":"closed","sticky":false,"template":"","format":"standard","meta":{"_et_pb_use_builder":"","_et_pb_old_content":"","_et_gb_content_width":"","footnotes":""},"categories":[1],"tags":[200,98,188,214,58],"class_list":["post-5299","post","type-post","status-publish","format-standard","has-post-thumbnail","hentry","category-digital","tag-audience-digitale","tag-audience-internet-mobile","tag-csa","tag-radios-digitales","tag-streaming-audio","et-has-post-format-content","et_post_format-et-post-format-standard"],"yoast_head":"<!-- This site is optimized with the Yoast SEO plugin v27.5 - https:\/\/yoast.com\/product\/yoast-seo-wordpress\/ -->\n<title>2 Fran\u00e7ais sur 3 \u00e9coutent de l\u2019audio digital - Lawebradio.com - Actualit\u00e9s des radios digitales<\/title>\n<meta name=\"description\" content=\"Une \u00e9tude men\u00e9e par le p\u00f4le Audio d&#039;Havas Group (France) et l&#039;Institut CSA, montre que 66% des Fran\u00e7ais \u00e9coutent l&#039;audio digital.\" \/>\n<meta name=\"robots\" content=\"index, follow, max-snippet:-1, max-image-preview:large, max-video-preview:-1\" \/>\n<link rel=\"canonical\" href=\"https:\/\/www.lawebradio.com\/news\/2-francais-3-ecoutent-de-laudio-digital\/\" \/>\n<meta property=\"og:locale\" content=\"fr_FR\" \/>\n<meta property=\"og:type\" content=\"article\" \/>\n<meta property=\"og:title\" content=\"2 Fran\u00e7ais sur 3 \u00e9coutent de l\u2019audio digital - Lawebradio.com - Actualit\u00e9s des radios digitales\" \/>\n<meta property=\"og:description\" content=\"Une \u00e9tude men\u00e9e par le p\u00f4le Audio d&#039;Havas Group (France) et l&#039;Institut CSA, montre que 66% des Fran\u00e7ais \u00e9coutent l&#039;audio digital.\" \/>\n<meta property=\"og:url\" content=\"https:\/\/www.lawebradio.com\/news\/2-francais-3-ecoutent-de-laudio-digital\/\" \/>\n<meta property=\"og:site_name\" content=\"Lawebradio.com - Actualit\u00e9s des radios digitales\" \/>\n<meta property=\"article:published_time\" content=\"2017-12-21T12:55:51+00:00\" \/>\n<meta property=\"og:image\" content=\"https:\/\/www.lawebradio.com\/news\/wp-content\/uploads\/2017\/12\/ima01-audio-digital-122017.jpg\" \/>\n\t<meta property=\"og:image:width\" content=\"640\" \/>\n\t<meta property=\"og:image:height\" content=\"310\" \/>\n\t<meta property=\"og:image:type\" content=\"image\/jpeg\" \/>\n<meta name=\"author\" content=\"Julien Lecourbe\" \/>\n<meta name=\"twitter:label1\" content=\"\u00c9crit par\" \/>\n\t<meta name=\"twitter:data1\" content=\"Julien Lecourbe\" \/>\n\t<meta name=\"twitter:label2\" content=\"Dur\u00e9e de lecture estim\u00e9e\" \/>\n\t<meta name=\"twitter:data2\" content=\"1 minute\" \/>\n<script type=\"application\/ld+json\" class=\"yoast-schema-graph\">{\"@context\":\"https:\\\/\\\/schema.org\",\"@graph\":[{\"@type\":\"Article\",\"@id\":\"https:\\\/\\\/www.lawebradio.com\\\/news\\\/2-francais-3-ecoutent-de-laudio-digital\\\/#article\",\"isPartOf\":{\"@id\":\"https:\\\/\\\/www.lawebradio.com\\\/news\\\/2-francais-3-ecoutent-de-laudio-digital\\\/\"},\"author\":{\"name\":\"Julien Lecourbe\",\"@id\":\"https:\\\/\\\/www.lawebradio.com\\\/news\\\/#\\\/schema\\\/person\\\/95fd11aee6e6cfe70a4b58b482103f1f\"},\"headline\":\"2 Fran\u00e7ais sur 3 \u00e9coutent de l\u2019audio digital\",\"datePublished\":\"2017-12-21T12:55:51+00:00\",\"mainEntityOfPage\":{\"@id\":\"https:\\\/\\\/www.lawebradio.com\\\/news\\\/2-francais-3-ecoutent-de-laudio-digital\\\/\"},\"wordCount\":294,\"publisher\":{\"@id\":\"https:\\\/\\\/www.lawebradio.com\\\/news\\\/#organization\"},\"image\":{\"@id\":\"https:\\\/\\\/www.lawebradio.com\\\/news\\\/2-francais-3-ecoutent-de-laudio-digital\\\/#primaryimage\"},\"thumbnailUrl\":\"https:\\\/\\\/www.lawebradio.com\\\/news\\\/wp-content\\\/uploads\\\/2017\\\/12\\\/ima01-audio-digital-122017.jpg\",\"keywords\":[\"audience digitale\",\"audience internet mobile\",\"CSA\",\"radios digitales\",\"streaming audio\"],\"articleSection\":[\"Digital\"],\"inLanguage\":\"fr-FR\"},{\"@type\":\"WebPage\",\"@id\":\"https:\\\/\\\/www.lawebradio.com\\\/news\\\/2-francais-3-ecoutent-de-laudio-digital\\\/\",\"url\":\"https:\\\/\\\/www.lawebradio.com\\\/news\\\/2-francais-3-ecoutent-de-laudio-digital\\\/\",\"name\":\"2 Fran\u00e7ais sur 3 \u00e9coutent de l\u2019audio digital - Lawebradio.com - Actualit\u00e9s des radios digitales\",\"isPartOf\":{\"@id\":\"https:\\\/\\\/www.lawebradio.com\\\/news\\\/#website\"},\"primaryImageOfPage\":{\"@id\":\"https:\\\/\\\/www.lawebradio.com\\\/news\\\/2-francais-3-ecoutent-de-laudio-digital\\\/#primaryimage\"},\"image\":{\"@id\":\"https:\\\/\\\/www.lawebradio.com\\\/news\\\/2-francais-3-ecoutent-de-laudio-digital\\\/#primaryimage\"},\"thumbnailUrl\":\"https:\\\/\\\/www.lawebradio.com\\\/news\\\/wp-content\\\/uploads\\\/2017\\\/12\\\/ima01-audio-digital-122017.jpg\",\"datePublished\":\"2017-12-21T12:55:51+00:00\",\"description\":\"Une \u00e9tude men\u00e9e par le p\u00f4le Audio d'Havas Group (France) et l'Institut CSA, montre que 66% des Fran\u00e7ais \u00e9coutent l'audio digital.\",\"inLanguage\":\"fr-FR\",\"potentialAction\":[{\"@type\":\"ReadAction\",\"target\":[\"https:\\\/\\\/www.lawebradio.com\\\/news\\\/2-francais-3-ecoutent-de-laudio-digital\\\/\"]}]},{\"@type\":\"ImageObject\",\"inLanguage\":\"fr-FR\",\"@id\":\"https:\\\/\\\/www.lawebradio.com\\\/news\\\/2-francais-3-ecoutent-de-laudio-digital\\\/#primaryimage\",\"url\":\"https:\\\/\\\/www.lawebradio.com\\\/news\\\/wp-content\\\/uploads\\\/2017\\\/12\\\/ima01-audio-digital-122017.jpg\",\"contentUrl\":\"https:\\\/\\\/www.lawebradio.com\\\/news\\\/wp-content\\\/uploads\\\/2017\\\/12\\\/ima01-audio-digital-122017.jpg\",\"width\":640,\"height\":310},{\"@type\":\"WebSite\",\"@id\":\"https:\\\/\\\/www.lawebradio.com\\\/news\\\/#website\",\"url\":\"https:\\\/\\\/www.lawebradio.com\\\/news\\\/\",\"name\":\"Lawebradio.com - Actualit\u00e9s des radios digitales\",\"description\":\"\",\"publisher\":{\"@id\":\"https:\\\/\\\/www.lawebradio.com\\\/news\\\/#organization\"},\"potentialAction\":[{\"@type\":\"SearchAction\",\"target\":{\"@type\":\"EntryPoint\",\"urlTemplate\":\"https:\\\/\\\/www.lawebradio.com\\\/news\\\/?s={search_term_string}\"},\"query-input\":{\"@type\":\"PropertyValueSpecification\",\"valueRequired\":true,\"valueName\":\"search_term_string\"}}],\"inLanguage\":\"fr-FR\"},{\"@type\":\"Organization\",\"@id\":\"https:\\\/\\\/www.lawebradio.com\\\/news\\\/#organization\",\"name\":\"Lawebradio.com - Actualit\u00e9s des radios digitales\",\"url\":\"https:\\\/\\\/www.lawebradio.com\\\/news\\\/\",\"logo\":{\"@type\":\"ImageObject\",\"inLanguage\":\"fr-FR\",\"@id\":\"https:\\\/\\\/www.lawebradio.com\\\/news\\\/#\\\/schema\\\/logo\\\/image\\\/\",\"url\":\"https:\\\/\\\/www.lawebradio.com\\\/news\\\/wp-content\\\/uploads\\\/2020\\\/10\\\/logo2020.png\",\"contentUrl\":\"https:\\\/\\\/www.lawebradio.com\\\/news\\\/wp-content\\\/uploads\\\/2020\\\/10\\\/logo2020.png\",\"width\":254,\"height\":43,\"caption\":\"Lawebradio.com - Actualit\u00e9s des radios digitales\"},\"image\":{\"@id\":\"https:\\\/\\\/www.lawebradio.com\\\/news\\\/#\\\/schema\\\/logo\\\/image\\\/\"}},{\"@type\":\"Person\",\"@id\":\"https:\\\/\\\/www.lawebradio.com\\\/news\\\/#\\\/schema\\\/person\\\/95fd11aee6e6cfe70a4b58b482103f1f\",\"name\":\"Julien Lecourbe\",\"image\":{\"@type\":\"ImageObject\",\"inLanguage\":\"fr-FR\",\"@id\":\"https:\\\/\\\/secure.gravatar.com\\\/avatar\\\/0d25a327c6e268d9730d9c0cbeeee0fea76f04c6cf9528c29e782ef324afc515?s=96&d=mm&r=g\",\"url\":\"https:\\\/\\\/secure.gravatar.com\\\/avatar\\\/0d25a327c6e268d9730d9c0cbeeee0fea76f04c6cf9528c29e782ef324afc515?s=96&d=mm&r=g\",\"contentUrl\":\"https:\\\/\\\/secure.gravatar.com\\\/avatar\\\/0d25a327c6e268d9730d9c0cbeeee0fea76f04c6cf9528c29e782ef324afc515?s=96&d=mm&r=g\",\"caption\":\"Julien Lecourbe\"},\"url\":\"https:\\\/\\\/www.lawebradio.com\\\/news\\\/author\\\/la-redaction\\\/\"}]}<\/script>\n<!-- \/ Yoast SEO plugin. -->","yoast_head_json":{"title":"2 Fran\u00e7ais sur 3 \u00e9coutent de l\u2019audio digital - Lawebradio.com - Actualit\u00e9s des radios digitales","description":"Une \u00e9tude men\u00e9e par le p\u00f4le Audio d'Havas Group (France) et l'Institut CSA, montre que 66% des Fran\u00e7ais \u00e9coutent l'audio digital.","robots":{"index":"index","follow":"follow","max-snippet":"max-snippet:-1","max-image-preview":"max-image-preview:large","max-video-preview":"max-video-preview:-1"},"canonical":"https:\/\/www.lawebradio.com\/news\/2-francais-3-ecoutent-de-laudio-digital\/","og_locale":"fr_FR","og_type":"article","og_title":"2 Fran\u00e7ais sur 3 \u00e9coutent de l\u2019audio digital - Lawebradio.com - Actualit\u00e9s des radios digitales","og_description":"Une \u00e9tude men\u00e9e par le p\u00f4le Audio d'Havas Group (France) et l'Institut CSA, montre que 66% des Fran\u00e7ais \u00e9coutent l'audio digital.","og_url":"https:\/\/www.lawebradio.com\/news\/2-francais-3-ecoutent-de-laudio-digital\/","og_site_name":"Lawebradio.com - Actualit\u00e9s des radios digitales","article_published_time":"2017-12-21T12:55:51+00:00","og_image":[{"width":640,"height":310,"url":"https:\/\/www.lawebradio.com\/news\/wp-content\/uploads\/2017\/12\/ima01-audio-digital-122017.jpg","type":"image\/jpeg"}],"author":"Julien Lecourbe","twitter_misc":{"\u00c9crit par":"Julien Lecourbe","Dur\u00e9e de lecture estim\u00e9e":"1 minute"},"schema":{"@context":"https:\/\/schema.org","@graph":[{"@type":"Article","@id":"https:\/\/www.lawebradio.com\/news\/2-francais-3-ecoutent-de-laudio-digital\/#article","isPartOf":{"@id":"https:\/\/www.lawebradio.com\/news\/2-francais-3-ecoutent-de-laudio-digital\/"},"author":{"name":"Julien Lecourbe","@id":"https:\/\/www.lawebradio.com\/news\/#\/schema\/person\/95fd11aee6e6cfe70a4b58b482103f1f"},"headline":"2 Fran\u00e7ais sur 3 \u00e9coutent de l\u2019audio digital","datePublished":"2017-12-21T12:55:51+00:00","mainEntityOfPage":{"@id":"https:\/\/www.lawebradio.com\/news\/2-francais-3-ecoutent-de-laudio-digital\/"},"wordCount":294,"publisher":{"@id":"https:\/\/www.lawebradio.com\/news\/#organization"},"image":{"@id":"https:\/\/www.lawebradio.com\/news\/2-francais-3-ecoutent-de-laudio-digital\/#primaryimage"},"thumbnailUrl":"https:\/\/www.lawebradio.com\/news\/wp-content\/uploads\/2017\/12\/ima01-audio-digital-122017.jpg","keywords":["audience digitale","audience internet mobile","CSA","radios digitales","streaming audio"],"articleSection":["Digital"],"inLanguage":"fr-FR"},{"@type":"WebPage","@id":"https:\/\/www.lawebradio.com\/news\/2-francais-3-ecoutent-de-laudio-digital\/","url":"https:\/\/www.lawebradio.com\/news\/2-francais-3-ecoutent-de-laudio-digital\/","name":"2 Fran\u00e7ais sur 3 \u00e9coutent de l\u2019audio digital - Lawebradio.com - Actualit\u00e9s des radios digitales","isPartOf":{"@id":"https:\/\/www.lawebradio.com\/news\/#website"},"primaryImageOfPage":{"@id":"https:\/\/www.lawebradio.com\/news\/2-francais-3-ecoutent-de-laudio-digital\/#primaryimage"},"image":{"@id":"https:\/\/www.lawebradio.com\/news\/2-francais-3-ecoutent-de-laudio-digital\/#primaryimage"},"thumbnailUrl":"https:\/\/www.lawebradio.com\/news\/wp-content\/uploads\/2017\/12\/ima01-audio-digital-122017.jpg","datePublished":"2017-12-21T12:55:51+00:00","description":"Une \u00e9tude men\u00e9e par le p\u00f4le Audio d'Havas Group (France) et l'Institut CSA, montre que 66% des Fran\u00e7ais \u00e9coutent l'audio digital.","inLanguage":"fr-FR","potentialAction":[{"@type":"ReadAction","target":["https:\/\/www.lawebradio.com\/news\/2-francais-3-ecoutent-de-laudio-digital\/"]}]},{"@type":"ImageObject","inLanguage":"fr-FR","@id":"https:\/\/www.lawebradio.com\/news\/2-francais-3-ecoutent-de-laudio-digital\/#primaryimage","url":"https:\/\/www.lawebradio.com\/news\/wp-content\/uploads\/2017\/12\/ima01-audio-digital-122017.jpg","contentUrl":"https:\/\/www.lawebradio.com\/news\/wp-content\/uploads\/2017\/12\/ima01-audio-digital-122017.jpg","width":640,"height":310},{"@type":"WebSite","@id":"https:\/\/www.lawebradio.com\/news\/#website","url":"https:\/\/www.lawebradio.com\/news\/","name":"Lawebradio.com - Actualit\u00e9s des radios digitales","description":"","publisher":{"@id":"https:\/\/www.lawebradio.com\/news\/#organization"},"potentialAction":[{"@type":"SearchAction","target":{"@type":"EntryPoint","urlTemplate":"https:\/\/www.lawebradio.com\/news\/?s={search_term_string}"},"query-input":{"@type":"PropertyValueSpecification","valueRequired":true,"valueName":"search_term_string"}}],"inLanguage":"fr-FR"},{"@type":"Organization","@id":"https:\/\/www.lawebradio.com\/news\/#organization","name":"Lawebradio.com - Actualit\u00e9s des radios digitales","url":"https:\/\/www.lawebradio.com\/news\/","logo":{"@type":"ImageObject","inLanguage":"fr-FR","@id":"https:\/\/www.lawebradio.com\/news\/#\/schema\/logo\/image\/","url":"https:\/\/www.lawebradio.com\/news\/wp-content\/uploads\/2020\/10\/logo2020.png","contentUrl":"https:\/\/www.lawebradio.com\/news\/wp-content\/uploads\/2020\/10\/logo2020.png","width":254,"height":43,"caption":"Lawebradio.com - Actualit\u00e9s des radios digitales"},"image":{"@id":"https:\/\/www.lawebradio.com\/news\/#\/schema\/logo\/image\/"}},{"@type":"Person","@id":"https:\/\/www.lawebradio.com\/news\/#\/schema\/person\/95fd11aee6e6cfe70a4b58b482103f1f","name":"Julien Lecourbe","image":{"@type":"ImageObject","inLanguage":"fr-FR","@id":"https:\/\/secure.gravatar.com\/avatar\/0d25a327c6e268d9730d9c0cbeeee0fea76f04c6cf9528c29e782ef324afc515?s=96&d=mm&r=g","url":"https:\/\/secure.gravatar.com\/avatar\/0d25a327c6e268d9730d9c0cbeeee0fea76f04c6cf9528c29e782ef324afc515?s=96&d=mm&r=g","contentUrl":"https:\/\/secure.gravatar.com\/avatar\/0d25a327c6e268d9730d9c0cbeeee0fea76f04c6cf9528c29e782ef324afc515?s=96&d=mm&r=g","caption":"Julien Lecourbe"},"url":"https:\/\/www.lawebradio.com\/news\/author\/la-redaction\/"}]}},"_links":{"self":[{"href":"https:\/\/www.lawebradio.com\/news\/wp-json\/wp\/v2\/posts\/5299","targetHints":{"allow":["GET"]}}],"collection":[{"href":"https:\/\/www.lawebradio.com\/news\/wp-json\/wp\/v2\/posts"}],"about":[{"href":"https:\/\/www.lawebradio.com\/news\/wp-json\/wp\/v2\/types\/post"}],"author":[{"embeddable":true,"href":"https:\/\/www.lawebradio.com\/news\/wp-json\/wp\/v2\/users\/3"}],"replies":[{"embeddable":true,"href":"https:\/\/www.lawebradio.com\/news\/wp-json\/wp\/v2\/comments?post=5299"}],"version-history":[{"count":1,"href":"https:\/\/www.lawebradio.com\/news\/wp-json\/wp\/v2\/posts\/5299\/revisions"}],"predecessor-version":[{"id":5302,"href":"https:\/\/www.lawebradio.com\/news\/wp-json\/wp\/v2\/posts\/5299\/revisions\/5302"}],"wp:featuredmedia":[{"embeddable":true,"href":"https:\/\/www.lawebradio.com\/news\/wp-json\/wp\/v2\/media\/5301"}],"wp:attachment":[{"href":"https:\/\/www.lawebradio.com\/news\/wp-json\/wp\/v2\/media?parent=5299"}],"wp:term":[{"taxonomy":"category","embeddable":true,"href":"https:\/\/www.lawebradio.com\/news\/wp-json\/wp\/v2\/categories?post=5299"},{"taxonomy":"post_tag","embeddable":true,"href":"https:\/\/www.lawebradio.com\/news\/wp-json\/wp\/v2\/tags?post=5299"}],"curies":[{"name":"wp","href":"https:\/\/api.w.org\/{rel}","templated":true}]}}