{"id":525,"date":"2013-11-14T23:02:42","date_gmt":"2013-11-14T22:02:42","guid":{"rendered":"http:\/\/www.lawebradio.com\/news\/?p=525"},"modified":"2013-11-14T23:05:36","modified_gmt":"2013-11-14T22:05:36","slug":"stereochic-radio-digitale-pop-electro","status":"publish","type":"post","link":"https:\/\/www.lawebradio.com\/news\/stereochic-radio-digitale-pop-electro\/","title":{"rendered":"St\u00e9r\u00e9oChic, la radio digitale Pop &#038; Electro"},"content":{"rendered":"<p><strong>St\u00e9r\u00e9oChic est une webradio cr\u00e9\u00e9e il y a 6 ans dans la r\u00e9gion Nord Pas de Calais par une bande de passionn\u00e9s de musique et pilot\u00e9e par Gauthier SEYS.<\/strong> Elle diffuse une programmation Pop et Electro que l&rsquo;on peut \u00e9couter sur le Net, les smarphones via iTunes, Google Play et les box des fournisseurs d\u2019acc\u00e8s comme Free.<\/p>\n<p><strong>Interview de Gauthier SEYS, Directeur d\u2019antenne :<\/strong><br \/>\n&#8211; \u00ab\u00a0J&rsquo;ai commenc\u00e9 \u00e0 faire de la radio \u00e0 l\u2019\u00e2ge de 16 ans dans les radios locales, puis mon parcours s&rsquo;est poursuivit chez Galaxie, \u00e0 Europe 2 de 94 \u00e0 98 o\u00f9 j&rsquo;ai \u00e9t\u00e9 animateur, responsable des programmes puis directeur r\u00e9gional. Apr\u00e8s un passage dans le Net en qualit\u00e9 de Directeur G\u00e9n\u00e9ral d&rsquo;une start-up puis g\u00e9rant d&rsquo;une Webagency, j&rsquo;ai repris le chemin de la radio r\u00e9gionale en prenant la direction de la communication de Contact, la radio enjoy jusqu&rsquo;\u00e0 la fin 2012.\u00a0\u00bb<\/p>\n<p><strong>Quel est le format de votre radio ?<\/strong><br \/>\n&#8211; \u00ab\u00a0St\u00e9r\u00e9oChic est vraiment proche d&rsquo;une radio libre des ann\u00e9es 80 avec l&rsquo;apport de la technologie num\u00e9rique qui donne une dimension nettement plus professionnelle aux programmes et aux outils de communication. Nous proposons des \u00e9missions th\u00e9matiques, des chroniques ainsi que des mixs r\u00e9alis\u00e9s par des DJs r\u00e9sidents. Nous organisons r\u00e9guli\u00e8rement des \u00e9missions sp\u00e9ciales et des soir\u00e9es dans les clubs les plus prestigieux de la r\u00e9gion (r\u00e9cemment la Nuit\u00a0St\u00e9r\u00e9oChic au Magazine Club de Lille). Enfin, nous r\u00e9alisons des enregistrements \u00e9v\u00e9nementiels chaque mois sur Lille et sur Arras dans l\u2019\u00e9mission Ap\u00e9roChic. Nous invitons toutes celles et ceux qui font la dynamique culturelle de la r\u00e9gion Nord Pas de Calais.\u00a0\u00bb<\/p>\n<p><strong>Quelle est votre audience ?<\/strong><br \/>\n&#8211; \u00ab\u00a0Avec 5600 Fans sur Facebook et une moyenne de 1000 lancement du flux audio chaque jour, soit 4000 auditeurs par jour,\u00a0St\u00e9r\u00e9oChic se place dans le peloton de t\u00eate des radios num\u00e9riques du Nord-Est de la France.\u00a0\u00bb<\/p>\n<p><strong>Quels sont les moyens dont vous disposez pour assurer votre pr\u00e9sence ?<\/strong><br \/>\n&#8211; \u00ab\u00a0Mon r\u00e9seau professionnel nous a permis de d\u00e9velopper de solides partenariats. Plusieurs entreprises contribuent \u00e0 la promotion et \u00e0 l\u2019animation de\u00a0St\u00e9r\u00e9oChic dans la fourniture de services et de mat\u00e9riels en \u00e9change publicitaire. Par exemple, <span style=\"text-decoration: underline;\"><a href=\"http:\/\/www.slsgroup.fr\/\" target=\"_blank\">SLS Group<\/a><\/span> assure l&rsquo;installation des studios mobiles lors de nos d\u00e9placements tandis que <span style=\"text-decoration: underline;\"><a href=\"https:\/\/www.facebook.com\/pages\/Neoprint\/155582411125029\" target=\"_blank\">NeoPrint<\/a><\/span> et <span style=\"text-decoration: underline;\"><a href=\"http:\/\/www.flyer.fr\/\" target=\"_blank\">Flyer.fr<\/a><\/span> sp\u00e9cialis\u00e9s dans l\u2019impression num\u00e9rique, r\u00e9alisent nos outils de promotion et autres documents de communication.\u00a0\u00bb<\/p>\n<p><strong>Comment envisagez-vous le futur ?<\/strong><br \/>\n&#8211; \u00ab\u00a0St\u00e9r\u00e9oChic a toutes les capacit\u00e9s pour devenir un m\u00e9dia audio incontournable sur la place Lilloise avec son format g\u00e9n\u00e9raliste et ses animateurs toniques et tr\u00e8s motiv\u00e9s. Cette association, \u00e0 but non lucratif pour le moment, a vocation de devenir une v\u00e9ritable radio commerciale. Nous restons \u00e0 l&rsquo;affut de toutes les opportunit\u00e9s.\u00a0\u00bb<\/p>\n<p>Article r\u00e9dig\u00e9 par Julien Lecourbe<\/p>\n<p><a href=\"http:\/\/www.stereochic.fr\" target=\"_blank\">\u2022 Consultez le site de la webradio St\u00e9r\u00e9ochic<\/a><\/p>\n","protected":false},"excerpt":{"rendered":"<p>St\u00e9r\u00e9oChic est une webradio cr\u00e9\u00e9e il y a 6 ans dans la r\u00e9gion Nord Pas de Calais par une bande de passionn\u00e9s de musique et pilot\u00e9e par Gauthier SEYS. Elle diffuse une programmation Pop et Electro que l&rsquo;on peut \u00e9couter sur le Net, les smarphones via iTunes, Google Play et les box des fournisseurs d\u2019acc\u00e8s [&hellip;]<\/p>\n","protected":false},"author":3,"featured_media":526,"comment_status":"closed","ping_status":"closed","sticky":false,"template":"","format":"standard","meta":{"_et_pb_use_builder":"","_et_pb_old_content":"","_et_gb_content_width":"","footnotes":""},"categories":[6],"tags":[130,132,131,133,59,129],"class_list":["post-525","post","type-post","status-publish","format-standard","has-post-thumbnail","hentry","category-focus","tag-arras","tag-contact-radio","tag-gauthier-seys","tag-radio-enjoy","tag-radio-internet","tag-webradio-lille","et-has-post-format-content","et_post_format-et-post-format-standard"],"yoast_head":"<!-- This site is optimized with the Yoast SEO plugin v27.5 - https:\/\/yoast.com\/product\/yoast-seo-wordpress\/ -->\n<title>St\u00e9r\u00e9oChic, la radio digitale Pop &amp; Electro - Lawebradio.com - Actualit\u00e9s des radios digitales<\/title>\n<meta name=\"description\" content=\"Cette webradio propose des \u00e9missions th\u00e9matiques, des chroniques ainsi que des mix r\u00e9alis\u00e9s par des DJs r\u00e9sidents.\" \/>\n<meta name=\"robots\" content=\"index, follow, max-snippet:-1, max-image-preview:large, max-video-preview:-1\" \/>\n<link rel=\"canonical\" href=\"https:\/\/www.lawebradio.com\/news\/stereochic-radio-digitale-pop-electro\/\" \/>\n<meta property=\"og:locale\" content=\"fr_FR\" \/>\n<meta property=\"og:type\" content=\"article\" \/>\n<meta property=\"og:title\" content=\"St\u00e9r\u00e9oChic, la radio digitale Pop &amp; Electro - Lawebradio.com - Actualit\u00e9s des radios digitales\" \/>\n<meta property=\"og:description\" content=\"Cette webradio propose des \u00e9missions th\u00e9matiques, des chroniques ainsi que des mix r\u00e9alis\u00e9s par des DJs r\u00e9sidents.\" \/>\n<meta property=\"og:url\" content=\"https:\/\/www.lawebradio.com\/news\/stereochic-radio-digitale-pop-electro\/\" \/>\n<meta property=\"og:site_name\" content=\"Lawebradio.com - Actualit\u00e9s des radios digitales\" \/>\n<meta property=\"article:published_time\" content=\"2013-11-14T22:02:42+00:00\" \/>\n<meta property=\"article:modified_time\" content=\"2013-11-14T22:05:36+00:00\" \/>\n<meta property=\"og:image\" content=\"https:\/\/www.lawebradio.com\/news\/wp-content\/uploads\/2013\/11\/ima-stereochic2013.jpg\" \/>\n\t<meta property=\"og:image:width\" content=\"642\" \/>\n\t<meta property=\"og:image:height\" content=\"310\" \/>\n\t<meta property=\"og:image:type\" content=\"image\/jpeg\" \/>\n<meta name=\"author\" content=\"Julien Lecourbe\" \/>\n<meta name=\"twitter:label1\" content=\"\u00c9crit par\" \/>\n\t<meta name=\"twitter:data1\" content=\"Julien Lecourbe\" \/>\n\t<meta name=\"twitter:label2\" content=\"Dur\u00e9e de lecture estim\u00e9e\" \/>\n\t<meta name=\"twitter:data2\" content=\"2 minutes\" \/>\n<script type=\"application\/ld+json\" class=\"yoast-schema-graph\">{\"@context\":\"https:\\\/\\\/schema.org\",\"@graph\":[{\"@type\":\"Article\",\"@id\":\"https:\\\/\\\/www.lawebradio.com\\\/news\\\/stereochic-radio-digitale-pop-electro\\\/#article\",\"isPartOf\":{\"@id\":\"https:\\\/\\\/www.lawebradio.com\\\/news\\\/stereochic-radio-digitale-pop-electro\\\/\"},\"author\":{\"name\":\"Julien Lecourbe\",\"@id\":\"https:\\\/\\\/www.lawebradio.com\\\/news\\\/#\\\/schema\\\/person\\\/95fd11aee6e6cfe70a4b58b482103f1f\"},\"headline\":\"St\u00e9r\u00e9oChic, la radio digitale Pop &#038; Electro\",\"datePublished\":\"2013-11-14T22:02:42+00:00\",\"dateModified\":\"2013-11-14T22:05:36+00:00\",\"mainEntityOfPage\":{\"@id\":\"https:\\\/\\\/www.lawebradio.com\\\/news\\\/stereochic-radio-digitale-pop-electro\\\/\"},\"wordCount\":516,\"publisher\":{\"@id\":\"https:\\\/\\\/www.lawebradio.com\\\/news\\\/#organization\"},\"image\":{\"@id\":\"https:\\\/\\\/www.lawebradio.com\\\/news\\\/stereochic-radio-digitale-pop-electro\\\/#primaryimage\"},\"thumbnailUrl\":\"https:\\\/\\\/www.lawebradio.com\\\/news\\\/wp-content\\\/uploads\\\/2013\\\/11\\\/ima-stereochic2013.jpg\",\"keywords\":[\"Arras\",\"contact radio\",\"Gauthier SEYS\",\"radio enjoy\",\"radio Internet\",\"webradio lille\"],\"articleSection\":[\"Focus\"],\"inLanguage\":\"fr-FR\"},{\"@type\":\"WebPage\",\"@id\":\"https:\\\/\\\/www.lawebradio.com\\\/news\\\/stereochic-radio-digitale-pop-electro\\\/\",\"url\":\"https:\\\/\\\/www.lawebradio.com\\\/news\\\/stereochic-radio-digitale-pop-electro\\\/\",\"name\":\"St\u00e9r\u00e9oChic, la radio digitale Pop & Electro - Lawebradio.com - Actualit\u00e9s des radios digitales\",\"isPartOf\":{\"@id\":\"https:\\\/\\\/www.lawebradio.com\\\/news\\\/#website\"},\"primaryImageOfPage\":{\"@id\":\"https:\\\/\\\/www.lawebradio.com\\\/news\\\/stereochic-radio-digitale-pop-electro\\\/#primaryimage\"},\"image\":{\"@id\":\"https:\\\/\\\/www.lawebradio.com\\\/news\\\/stereochic-radio-digitale-pop-electro\\\/#primaryimage\"},\"thumbnailUrl\":\"https:\\\/\\\/www.lawebradio.com\\\/news\\\/wp-content\\\/uploads\\\/2013\\\/11\\\/ima-stereochic2013.jpg\",\"datePublished\":\"2013-11-14T22:02:42+00:00\",\"dateModified\":\"2013-11-14T22:05:36+00:00\",\"description\":\"Cette webradio propose des \u00e9missions th\u00e9matiques, des chroniques ainsi que des mix r\u00e9alis\u00e9s par des DJs r\u00e9sidents.\",\"inLanguage\":\"fr-FR\",\"potentialAction\":[{\"@type\":\"ReadAction\",\"target\":[\"https:\\\/\\\/www.lawebradio.com\\\/news\\\/stereochic-radio-digitale-pop-electro\\\/\"]}]},{\"@type\":\"ImageObject\",\"inLanguage\":\"fr-FR\",\"@id\":\"https:\\\/\\\/www.lawebradio.com\\\/news\\\/stereochic-radio-digitale-pop-electro\\\/#primaryimage\",\"url\":\"https:\\\/\\\/www.lawebradio.com\\\/news\\\/wp-content\\\/uploads\\\/2013\\\/11\\\/ima-stereochic2013.jpg\",\"contentUrl\":\"https:\\\/\\\/www.lawebradio.com\\\/news\\\/wp-content\\\/uploads\\\/2013\\\/11\\\/ima-stereochic2013.jpg\",\"width\":642,\"height\":310},{\"@type\":\"WebSite\",\"@id\":\"https:\\\/\\\/www.lawebradio.com\\\/news\\\/#website\",\"url\":\"https:\\\/\\\/www.lawebradio.com\\\/news\\\/\",\"name\":\"Lawebradio.com - Actualit\u00e9s des radios digitales\",\"description\":\"\",\"publisher\":{\"@id\":\"https:\\\/\\\/www.lawebradio.com\\\/news\\\/#organization\"},\"potentialAction\":[{\"@type\":\"SearchAction\",\"target\":{\"@type\":\"EntryPoint\",\"urlTemplate\":\"https:\\\/\\\/www.lawebradio.com\\\/news\\\/?s={search_term_string}\"},\"query-input\":{\"@type\":\"PropertyValueSpecification\",\"valueRequired\":true,\"valueName\":\"search_term_string\"}}],\"inLanguage\":\"fr-FR\"},{\"@type\":\"Organization\",\"@id\":\"https:\\\/\\\/www.lawebradio.com\\\/news\\\/#organization\",\"name\":\"Lawebradio.com - Actualit\u00e9s des radios digitales\",\"url\":\"https:\\\/\\\/www.lawebradio.com\\\/news\\\/\",\"logo\":{\"@type\":\"ImageObject\",\"inLanguage\":\"fr-FR\",\"@id\":\"https:\\\/\\\/www.lawebradio.com\\\/news\\\/#\\\/schema\\\/logo\\\/image\\\/\",\"url\":\"https:\\\/\\\/www.lawebradio.com\\\/news\\\/wp-content\\\/uploads\\\/2020\\\/10\\\/logo2020.png\",\"contentUrl\":\"https:\\\/\\\/www.lawebradio.com\\\/news\\\/wp-content\\\/uploads\\\/2020\\\/10\\\/logo2020.png\",\"width\":254,\"height\":43,\"caption\":\"Lawebradio.com - Actualit\u00e9s des radios digitales\"},\"image\":{\"@id\":\"https:\\\/\\\/www.lawebradio.com\\\/news\\\/#\\\/schema\\\/logo\\\/image\\\/\"}},{\"@type\":\"Person\",\"@id\":\"https:\\\/\\\/www.lawebradio.com\\\/news\\\/#\\\/schema\\\/person\\\/95fd11aee6e6cfe70a4b58b482103f1f\",\"name\":\"Julien Lecourbe\",\"image\":{\"@type\":\"ImageObject\",\"inLanguage\":\"fr-FR\",\"@id\":\"https:\\\/\\\/secure.gravatar.com\\\/avatar\\\/0d25a327c6e268d9730d9c0cbeeee0fea76f04c6cf9528c29e782ef324afc515?s=96&d=mm&r=g\",\"url\":\"https:\\\/\\\/secure.gravatar.com\\\/avatar\\\/0d25a327c6e268d9730d9c0cbeeee0fea76f04c6cf9528c29e782ef324afc515?s=96&d=mm&r=g\",\"contentUrl\":\"https:\\\/\\\/secure.gravatar.com\\\/avatar\\\/0d25a327c6e268d9730d9c0cbeeee0fea76f04c6cf9528c29e782ef324afc515?s=96&d=mm&r=g\",\"caption\":\"Julien Lecourbe\"},\"url\":\"https:\\\/\\\/www.lawebradio.com\\\/news\\\/author\\\/la-redaction\\\/\"}]}<\/script>\n<!-- \/ Yoast SEO plugin. -->","yoast_head_json":{"title":"St\u00e9r\u00e9oChic, la radio digitale Pop & Electro - Lawebradio.com - Actualit\u00e9s des radios digitales","description":"Cette webradio propose des \u00e9missions th\u00e9matiques, des chroniques ainsi que des mix r\u00e9alis\u00e9s par des DJs r\u00e9sidents.","robots":{"index":"index","follow":"follow","max-snippet":"max-snippet:-1","max-image-preview":"max-image-preview:large","max-video-preview":"max-video-preview:-1"},"canonical":"https:\/\/www.lawebradio.com\/news\/stereochic-radio-digitale-pop-electro\/","og_locale":"fr_FR","og_type":"article","og_title":"St\u00e9r\u00e9oChic, la radio digitale Pop & Electro - Lawebradio.com - Actualit\u00e9s des radios digitales","og_description":"Cette webradio propose des \u00e9missions th\u00e9matiques, des chroniques ainsi que des mix r\u00e9alis\u00e9s par des DJs r\u00e9sidents.","og_url":"https:\/\/www.lawebradio.com\/news\/stereochic-radio-digitale-pop-electro\/","og_site_name":"Lawebradio.com - Actualit\u00e9s des radios digitales","article_published_time":"2013-11-14T22:02:42+00:00","article_modified_time":"2013-11-14T22:05:36+00:00","og_image":[{"width":642,"height":310,"url":"https:\/\/www.lawebradio.com\/news\/wp-content\/uploads\/2013\/11\/ima-stereochic2013.jpg","type":"image\/jpeg"}],"author":"Julien Lecourbe","twitter_misc":{"\u00c9crit par":"Julien Lecourbe","Dur\u00e9e de lecture estim\u00e9e":"2 minutes"},"schema":{"@context":"https:\/\/schema.org","@graph":[{"@type":"Article","@id":"https:\/\/www.lawebradio.com\/news\/stereochic-radio-digitale-pop-electro\/#article","isPartOf":{"@id":"https:\/\/www.lawebradio.com\/news\/stereochic-radio-digitale-pop-electro\/"},"author":{"name":"Julien Lecourbe","@id":"https:\/\/www.lawebradio.com\/news\/#\/schema\/person\/95fd11aee6e6cfe70a4b58b482103f1f"},"headline":"St\u00e9r\u00e9oChic, la radio digitale Pop &#038; Electro","datePublished":"2013-11-14T22:02:42+00:00","dateModified":"2013-11-14T22:05:36+00:00","mainEntityOfPage":{"@id":"https:\/\/www.lawebradio.com\/news\/stereochic-radio-digitale-pop-electro\/"},"wordCount":516,"publisher":{"@id":"https:\/\/www.lawebradio.com\/news\/#organization"},"image":{"@id":"https:\/\/www.lawebradio.com\/news\/stereochic-radio-digitale-pop-electro\/#primaryimage"},"thumbnailUrl":"https:\/\/www.lawebradio.com\/news\/wp-content\/uploads\/2013\/11\/ima-stereochic2013.jpg","keywords":["Arras","contact radio","Gauthier SEYS","radio enjoy","radio Internet","webradio lille"],"articleSection":["Focus"],"inLanguage":"fr-FR"},{"@type":"WebPage","@id":"https:\/\/www.lawebradio.com\/news\/stereochic-radio-digitale-pop-electro\/","url":"https:\/\/www.lawebradio.com\/news\/stereochic-radio-digitale-pop-electro\/","name":"St\u00e9r\u00e9oChic, la radio digitale Pop & Electro - Lawebradio.com - Actualit\u00e9s des radios digitales","isPartOf":{"@id":"https:\/\/www.lawebradio.com\/news\/#website"},"primaryImageOfPage":{"@id":"https:\/\/www.lawebradio.com\/news\/stereochic-radio-digitale-pop-electro\/#primaryimage"},"image":{"@id":"https:\/\/www.lawebradio.com\/news\/stereochic-radio-digitale-pop-electro\/#primaryimage"},"thumbnailUrl":"https:\/\/www.lawebradio.com\/news\/wp-content\/uploads\/2013\/11\/ima-stereochic2013.jpg","datePublished":"2013-11-14T22:02:42+00:00","dateModified":"2013-11-14T22:05:36+00:00","description":"Cette webradio propose des \u00e9missions th\u00e9matiques, des chroniques ainsi que des mix r\u00e9alis\u00e9s par des DJs r\u00e9sidents.","inLanguage":"fr-FR","potentialAction":[{"@type":"ReadAction","target":["https:\/\/www.lawebradio.com\/news\/stereochic-radio-digitale-pop-electro\/"]}]},{"@type":"ImageObject","inLanguage":"fr-FR","@id":"https:\/\/www.lawebradio.com\/news\/stereochic-radio-digitale-pop-electro\/#primaryimage","url":"https:\/\/www.lawebradio.com\/news\/wp-content\/uploads\/2013\/11\/ima-stereochic2013.jpg","contentUrl":"https:\/\/www.lawebradio.com\/news\/wp-content\/uploads\/2013\/11\/ima-stereochic2013.jpg","width":642,"height":310},{"@type":"WebSite","@id":"https:\/\/www.lawebradio.com\/news\/#website","url":"https:\/\/www.lawebradio.com\/news\/","name":"Lawebradio.com - Actualit\u00e9s des radios digitales","description":"","publisher":{"@id":"https:\/\/www.lawebradio.com\/news\/#organization"},"potentialAction":[{"@type":"SearchAction","target":{"@type":"EntryPoint","urlTemplate":"https:\/\/www.lawebradio.com\/news\/?s={search_term_string}"},"query-input":{"@type":"PropertyValueSpecification","valueRequired":true,"valueName":"search_term_string"}}],"inLanguage":"fr-FR"},{"@type":"Organization","@id":"https:\/\/www.lawebradio.com\/news\/#organization","name":"Lawebradio.com - Actualit\u00e9s des radios digitales","url":"https:\/\/www.lawebradio.com\/news\/","logo":{"@type":"ImageObject","inLanguage":"fr-FR","@id":"https:\/\/www.lawebradio.com\/news\/#\/schema\/logo\/image\/","url":"https:\/\/www.lawebradio.com\/news\/wp-content\/uploads\/2020\/10\/logo2020.png","contentUrl":"https:\/\/www.lawebradio.com\/news\/wp-content\/uploads\/2020\/10\/logo2020.png","width":254,"height":43,"caption":"Lawebradio.com - Actualit\u00e9s des radios digitales"},"image":{"@id":"https:\/\/www.lawebradio.com\/news\/#\/schema\/logo\/image\/"}},{"@type":"Person","@id":"https:\/\/www.lawebradio.com\/news\/#\/schema\/person\/95fd11aee6e6cfe70a4b58b482103f1f","name":"Julien Lecourbe","image":{"@type":"ImageObject","inLanguage":"fr-FR","@id":"https:\/\/secure.gravatar.com\/avatar\/0d25a327c6e268d9730d9c0cbeeee0fea76f04c6cf9528c29e782ef324afc515?s=96&d=mm&r=g","url":"https:\/\/secure.gravatar.com\/avatar\/0d25a327c6e268d9730d9c0cbeeee0fea76f04c6cf9528c29e782ef324afc515?s=96&d=mm&r=g","contentUrl":"https:\/\/secure.gravatar.com\/avatar\/0d25a327c6e268d9730d9c0cbeeee0fea76f04c6cf9528c29e782ef324afc515?s=96&d=mm&r=g","caption":"Julien Lecourbe"},"url":"https:\/\/www.lawebradio.com\/news\/author\/la-redaction\/"}]}},"_links":{"self":[{"href":"https:\/\/www.lawebradio.com\/news\/wp-json\/wp\/v2\/posts\/525","targetHints":{"allow":["GET"]}}],"collection":[{"href":"https:\/\/www.lawebradio.com\/news\/wp-json\/wp\/v2\/posts"}],"about":[{"href":"https:\/\/www.lawebradio.com\/news\/wp-json\/wp\/v2\/types\/post"}],"author":[{"embeddable":true,"href":"https:\/\/www.lawebradio.com\/news\/wp-json\/wp\/v2\/users\/3"}],"replies":[{"embeddable":true,"href":"https:\/\/www.lawebradio.com\/news\/wp-json\/wp\/v2\/comments?post=525"}],"version-history":[{"count":4,"href":"https:\/\/www.lawebradio.com\/news\/wp-json\/wp\/v2\/posts\/525\/revisions"}],"predecessor-version":[{"id":530,"href":"https:\/\/www.lawebradio.com\/news\/wp-json\/wp\/v2\/posts\/525\/revisions\/530"}],"wp:featuredmedia":[{"embeddable":true,"href":"https:\/\/www.lawebradio.com\/news\/wp-json\/wp\/v2\/media\/526"}],"wp:attachment":[{"href":"https:\/\/www.lawebradio.com\/news\/wp-json\/wp\/v2\/media?parent=525"}],"wp:term":[{"taxonomy":"category","embeddable":true,"href":"https:\/\/www.lawebradio.com\/news\/wp-json\/wp\/v2\/categories?post=525"},{"taxonomy":"post_tag","embeddable":true,"href":"https:\/\/www.lawebradio.com\/news\/wp-json\/wp\/v2\/tags?post=525"}],"curies":[{"name":"wp","href":"https:\/\/api.w.org\/{rel}","templated":true}]}}