{"id":5116,"date":"2017-09-19T09:01:59","date_gmt":"2017-09-19T08:01:59","guid":{"rendered":"http:\/\/www.lawebradio.com\/news\/?p=5116"},"modified":"2017-09-19T09:01:59","modified_gmt":"2017-09-19T08:01:59","slug":"la-nouvelle-extension-radio-vendue-a-prix-dor","status":"publish","type":"post","link":"https:\/\/www.lawebradio.com\/news\/la-nouvelle-extension-radio-vendue-a-prix-dor\/","title":{"rendered":"La nouvelle extension .radio vendue \u00e0 prix d&rsquo;or !"},"content":{"rendered":"<p><strong>Voici l&rsquo;argument de vente que la tr\u00e8s officielle Union Europ\u00e9enne de Radio-T\u00e9l\u00e9vision (UER) a imagin\u00e9 pour promouvoir la nouvelle extension \u00ab\u00a0.radio\u00a0\u00bb destin\u00e9e aux radios hertziennes et digitales du monde entier, \u00e0 pr\u00e9sent disponible \u00e0 la r\u00e9servation jusqu&rsquo;au 31 octobre 2017 :<\/strong><\/p>\n<p><em>\u00ab\u00a0Si vous travaillez pour la radio, choisir un domaine internet peut \u00eatre \u00e9pineux. Bien sur, il y a les .com, .org ou .net mais y a t&rsquo;il un espace en ligne qui repr\u00e9sente plus pr\u00e9cisemment ce que je fais ?<\/em><br \/>\n<em>Heureusement, maintenant, il y a l&rsquo;extension \u00ab\u00a0.radio\u00a0\u00bb. C&rsquo;est le nouveau domaine destin\u00e9 aux radiodiffuseurs, radios internet, personnes travaillant dans l&rsquo;industrie de la radio, fournisseurs, et m\u00eame aux radios amateurs&#8230;<\/em><\/p>\n<p><em>A un prix raisonnable et dans un cadre r\u00e9glement\u00e9, vous serez donc prot\u00e9g\u00e9 des sp\u00e9culateurs et du cyber squatting&#8230; et vous pourrez rejoindre la belle communaut\u00e9 des 65.000 radios hertziennes et des 60.000 webradios dans le monde&#8230;\u00a0\u00bb<\/em><\/p>\n<p>Mais voil\u00e0&#8230; quand on souhaite effectuer la r\u00e9servation en ligne du futur nom de domaine de sa radio digitale&#8230; quel que soit le bureau d&rsquo;enregistrement ayant l&rsquo;agr\u00e9ment&#8230; le montant annuel de ce ticket d&rsquo;entr\u00e9e est vendu pour la modique somme de : 220 euros !<br \/>\nVous avez bien lu&#8230; 220 euros&#8230; \u00e0 renouveler obligatoirement chaque ann\u00e9e !!!\u00a0\u00bb<\/p>\n<p><a href=\"http:\/\/www.lawebradio.com\/news\/wp-content\/uploads\/2017\/09\/ima-domaine-radio092017.jpg\"><img loading=\"lazy\" decoding=\"async\" class=\"aligncenter wp-image-5117 size-full\" src=\"http:\/\/www.lawebradio.com\/news\/wp-content\/uploads\/2017\/09\/ima-domaine-radio092017.jpg\" alt=\"Avec un abonnement annuel de 220 euros, il semblerait que la nouvelle extension .radio ne soit pas accessible au plus grand nombre des webradios...\" width=\"1019\" height=\"530\" srcset=\"https:\/\/www.lawebradio.com\/news\/wp-content\/uploads\/2017\/09\/ima-domaine-radio092017.jpg 1019w, https:\/\/www.lawebradio.com\/news\/wp-content\/uploads\/2017\/09\/ima-domaine-radio092017-150x78.jpg 150w, https:\/\/www.lawebradio.com\/news\/wp-content\/uploads\/2017\/09\/ima-domaine-radio092017-300x156.jpg 300w, https:\/\/www.lawebradio.com\/news\/wp-content\/uploads\/2017\/09\/ima-domaine-radio092017-768x399.jpg 768w, https:\/\/www.lawebradio.com\/news\/wp-content\/uploads\/2017\/09\/ima-domaine-radio092017-500x261.jpg 500w, https:\/\/www.lawebradio.com\/news\/wp-content\/uploads\/2017\/09\/ima-domaine-radio092017-1x1.jpg 1w\" sizes=\"auto, (max-width: 1019px) 100vw, 1019px\" \/><\/a><\/p>\n<p>C&rsquo;est bien simple, m\u00eame l&rsquo;extension \u00ab\u00a0.sex\u00a0\u00bb, tr\u00e8s pris\u00e9e par le business \u00ab\u00a0rose\u00a0\u00bb et g\u00e9n\u00e9ratrice d&rsquo;audience dont le prix annuel est fix\u00e9 \u00e0 107 euros, reste bien inf\u00e9rieur \u00e0 celui demand\u00e9 par la tr\u00e8s officielle Union Europ\u00e9enne de Radio-T\u00e9l\u00e9vision (UER), situ\u00e9e \u00e0 Gen\u00e8ve.<\/p>\n<p>Sachant que la grande majorit\u00e9 des webradios peinent \u00e0 trouver un mod\u00e8le \u00e9conomique viable, il semblerait que cette extension soit plut\u00f4t r\u00e9serv\u00e9e \u00e0 une minorit\u00e9 de nantis.<\/p>\n<p>Heureusement qu&rsquo;il est pr\u00e9cis\u00e9 dans la pr\u00e9sentation de ce produit que le \u00ab\u00a0prix reste raisonnable\u00a0\u00bb et que nous serons \u00ab\u00a0prot\u00e9g\u00e9s\u00a0\u00bb des&#8230; sp\u00e9culateurs !!! <em>(Voir la vid\u00e9o ci-dessous)<\/em><\/p>\n<p>\u2022 <a href=\"http:\/\/www.lawebradio.com\/news\/lextension-radio-sera-lancee-fin-janvier-2017\/\">Autre article sur ce sujet<\/a><br \/>\n\u2022 <a href=\"http:\/\/www.nic.radio\" target=\"_blank\" rel=\"noopener\">Pour en savoir plus sur le TLD \u00ab\u00a0.radio\u00a0\u00bb<\/a><br \/>\n\u2022 <a href=\"http:\/\/www.register.radio\/\" target=\"_blank\" rel=\"noopener\">Pour effectuer la r\u00e9servation de votre domaine \u00ab\u00a0.radio\u00a0\u00bb<\/a><\/p>\n<p><iframe loading=\"lazy\" src=\"https:\/\/www.youtube.com\/embed\/wzUcXlZWr6A?rel=0&amp;showinfo=0\" width=\"640\" height=\"360\" frameborder=\"0\" allowfullscreen=\"allowfullscreen\"><\/iframe><\/p>\n","protected":false},"excerpt":{"rendered":"<p>Voici l&rsquo;argument de vente que la tr\u00e8s officielle Union Europ\u00e9enne de Radio-T\u00e9l\u00e9vision (UER) a imagin\u00e9 pour promouvoir la nouvelle extension \u00ab\u00a0.radio\u00a0\u00bb destin\u00e9e aux radios hertziennes et digitales du monde entier, \u00e0 pr\u00e9sent disponible \u00e0 la r\u00e9servation jusqu&rsquo;au 31 octobre 2017 : \u00ab\u00a0Si vous travaillez pour la radio, choisir un domaine internet peut \u00eatre \u00e9pineux. Bien [&hellip;]<\/p>\n","protected":false},"author":3,"featured_media":5118,"comment_status":"closed","ping_status":"closed","sticky":false,"template":"","format":"standard","meta":{"_et_pb_use_builder":"","_et_pb_old_content":"","_et_gb_content_width":"","footnotes":""},"categories":[6],"tags":[1083],"class_list":["post-5116","post","type-post","status-publish","format-standard","has-post-thumbnail","hentry","category-focus","tag-nom-de-domaine","et-has-post-format-content","et_post_format-et-post-format-standard"],"yoast_head":"<!-- This site is optimized with the Yoast SEO plugin v27.5 - https:\/\/yoast.com\/product\/yoast-seo-wordpress\/ -->\n<title>La nouvelle extension .radio vendue \u00e0 prix d&#039;or ! - Lawebradio.com - Actualit\u00e9s des radios digitales<\/title>\n<meta name=\"description\" content=\"Avec un abonnement annuel de 220 euros, il semblerait que la nouvelle extension .radio ne soit pas accessible au plus grand nombre des webradios...\" \/>\n<meta name=\"robots\" content=\"index, follow, max-snippet:-1, max-image-preview:large, max-video-preview:-1\" \/>\n<link rel=\"canonical\" href=\"https:\/\/www.lawebradio.com\/news\/la-nouvelle-extension-radio-vendue-a-prix-dor\/\" \/>\n<meta property=\"og:locale\" content=\"fr_FR\" \/>\n<meta property=\"og:type\" content=\"article\" \/>\n<meta property=\"og:title\" content=\"La nouvelle extension .radio vendue \u00e0 prix d&#039;or ! - Lawebradio.com - Actualit\u00e9s des radios digitales\" \/>\n<meta property=\"og:description\" content=\"Avec un abonnement annuel de 220 euros, il semblerait que la nouvelle extension .radio ne soit pas accessible au plus grand nombre des webradios...\" \/>\n<meta property=\"og:url\" content=\"https:\/\/www.lawebradio.com\/news\/la-nouvelle-extension-radio-vendue-a-prix-dor\/\" \/>\n<meta property=\"og:site_name\" content=\"Lawebradio.com - Actualit\u00e9s des radios digitales\" \/>\n<meta property=\"article:published_time\" content=\"2017-09-19T08:01:59+00:00\" \/>\n<meta property=\"og:image\" content=\"https:\/\/www.lawebradio.com\/news\/wp-content\/uploads\/2017\/09\/ima-radio092017.jpg\" \/>\n\t<meta property=\"og:image:width\" content=\"640\" \/>\n\t<meta property=\"og:image:height\" content=\"310\" \/>\n\t<meta property=\"og:image:type\" content=\"image\/jpeg\" \/>\n<meta name=\"author\" content=\"Julien Lecourbe\" \/>\n<meta name=\"twitter:label1\" content=\"\u00c9crit par\" \/>\n\t<meta name=\"twitter:data1\" content=\"Julien Lecourbe\" \/>\n\t<meta name=\"twitter:label2\" content=\"Dur\u00e9e de lecture estim\u00e9e\" \/>\n\t<meta name=\"twitter:data2\" content=\"2 minutes\" \/>\n<script type=\"application\/ld+json\" class=\"yoast-schema-graph\">{\"@context\":\"https:\\\/\\\/schema.org\",\"@graph\":[{\"@type\":\"Article\",\"@id\":\"https:\\\/\\\/www.lawebradio.com\\\/news\\\/la-nouvelle-extension-radio-vendue-a-prix-dor\\\/#article\",\"isPartOf\":{\"@id\":\"https:\\\/\\\/www.lawebradio.com\\\/news\\\/la-nouvelle-extension-radio-vendue-a-prix-dor\\\/\"},\"author\":{\"name\":\"Julien Lecourbe\",\"@id\":\"https:\\\/\\\/www.lawebradio.com\\\/news\\\/#\\\/schema\\\/person\\\/95fd11aee6e6cfe70a4b58b482103f1f\"},\"headline\":\"La nouvelle extension .radio vendue \u00e0 prix d&rsquo;or !\",\"datePublished\":\"2017-09-19T08:01:59+00:00\",\"mainEntityOfPage\":{\"@id\":\"https:\\\/\\\/www.lawebradio.com\\\/news\\\/la-nouvelle-extension-radio-vendue-a-prix-dor\\\/\"},\"wordCount\":361,\"publisher\":{\"@id\":\"https:\\\/\\\/www.lawebradio.com\\\/news\\\/#organization\"},\"image\":{\"@id\":\"https:\\\/\\\/www.lawebradio.com\\\/news\\\/la-nouvelle-extension-radio-vendue-a-prix-dor\\\/#primaryimage\"},\"thumbnailUrl\":\"https:\\\/\\\/www.lawebradio.com\\\/news\\\/wp-content\\\/uploads\\\/2017\\\/09\\\/ima-radio092017.jpg\",\"keywords\":[\"nom de domaine\"],\"articleSection\":[\"Focus\"],\"inLanguage\":\"fr-FR\"},{\"@type\":\"WebPage\",\"@id\":\"https:\\\/\\\/www.lawebradio.com\\\/news\\\/la-nouvelle-extension-radio-vendue-a-prix-dor\\\/\",\"url\":\"https:\\\/\\\/www.lawebradio.com\\\/news\\\/la-nouvelle-extension-radio-vendue-a-prix-dor\\\/\",\"name\":\"La nouvelle extension .radio vendue \u00e0 prix d'or ! - Lawebradio.com - Actualit\u00e9s des radios digitales\",\"isPartOf\":{\"@id\":\"https:\\\/\\\/www.lawebradio.com\\\/news\\\/#website\"},\"primaryImageOfPage\":{\"@id\":\"https:\\\/\\\/www.lawebradio.com\\\/news\\\/la-nouvelle-extension-radio-vendue-a-prix-dor\\\/#primaryimage\"},\"image\":{\"@id\":\"https:\\\/\\\/www.lawebradio.com\\\/news\\\/la-nouvelle-extension-radio-vendue-a-prix-dor\\\/#primaryimage\"},\"thumbnailUrl\":\"https:\\\/\\\/www.lawebradio.com\\\/news\\\/wp-content\\\/uploads\\\/2017\\\/09\\\/ima-radio092017.jpg\",\"datePublished\":\"2017-09-19T08:01:59+00:00\",\"description\":\"Avec un abonnement annuel de 220 euros, il semblerait que la nouvelle extension .radio ne soit pas accessible au plus grand nombre des webradios...\",\"inLanguage\":\"fr-FR\",\"potentialAction\":[{\"@type\":\"ReadAction\",\"target\":[\"https:\\\/\\\/www.lawebradio.com\\\/news\\\/la-nouvelle-extension-radio-vendue-a-prix-dor\\\/\"]}]},{\"@type\":\"ImageObject\",\"inLanguage\":\"fr-FR\",\"@id\":\"https:\\\/\\\/www.lawebradio.com\\\/news\\\/la-nouvelle-extension-radio-vendue-a-prix-dor\\\/#primaryimage\",\"url\":\"https:\\\/\\\/www.lawebradio.com\\\/news\\\/wp-content\\\/uploads\\\/2017\\\/09\\\/ima-radio092017.jpg\",\"contentUrl\":\"https:\\\/\\\/www.lawebradio.com\\\/news\\\/wp-content\\\/uploads\\\/2017\\\/09\\\/ima-radio092017.jpg\",\"width\":640,\"height\":310},{\"@type\":\"WebSite\",\"@id\":\"https:\\\/\\\/www.lawebradio.com\\\/news\\\/#website\",\"url\":\"https:\\\/\\\/www.lawebradio.com\\\/news\\\/\",\"name\":\"Lawebradio.com - Actualit\u00e9s des radios digitales\",\"description\":\"\",\"publisher\":{\"@id\":\"https:\\\/\\\/www.lawebradio.com\\\/news\\\/#organization\"},\"potentialAction\":[{\"@type\":\"SearchAction\",\"target\":{\"@type\":\"EntryPoint\",\"urlTemplate\":\"https:\\\/\\\/www.lawebradio.com\\\/news\\\/?s={search_term_string}\"},\"query-input\":{\"@type\":\"PropertyValueSpecification\",\"valueRequired\":true,\"valueName\":\"search_term_string\"}}],\"inLanguage\":\"fr-FR\"},{\"@type\":\"Organization\",\"@id\":\"https:\\\/\\\/www.lawebradio.com\\\/news\\\/#organization\",\"name\":\"Lawebradio.com - Actualit\u00e9s des radios digitales\",\"url\":\"https:\\\/\\\/www.lawebradio.com\\\/news\\\/\",\"logo\":{\"@type\":\"ImageObject\",\"inLanguage\":\"fr-FR\",\"@id\":\"https:\\\/\\\/www.lawebradio.com\\\/news\\\/#\\\/schema\\\/logo\\\/image\\\/\",\"url\":\"https:\\\/\\\/www.lawebradio.com\\\/news\\\/wp-content\\\/uploads\\\/2020\\\/10\\\/logo2020.png\",\"contentUrl\":\"https:\\\/\\\/www.lawebradio.com\\\/news\\\/wp-content\\\/uploads\\\/2020\\\/10\\\/logo2020.png\",\"width\":254,\"height\":43,\"caption\":\"Lawebradio.com - Actualit\u00e9s des radios digitales\"},\"image\":{\"@id\":\"https:\\\/\\\/www.lawebradio.com\\\/news\\\/#\\\/schema\\\/logo\\\/image\\\/\"}},{\"@type\":\"Person\",\"@id\":\"https:\\\/\\\/www.lawebradio.com\\\/news\\\/#\\\/schema\\\/person\\\/95fd11aee6e6cfe70a4b58b482103f1f\",\"name\":\"Julien Lecourbe\",\"image\":{\"@type\":\"ImageObject\",\"inLanguage\":\"fr-FR\",\"@id\":\"https:\\\/\\\/secure.gravatar.com\\\/avatar\\\/0d25a327c6e268d9730d9c0cbeeee0fea76f04c6cf9528c29e782ef324afc515?s=96&d=mm&r=g\",\"url\":\"https:\\\/\\\/secure.gravatar.com\\\/avatar\\\/0d25a327c6e268d9730d9c0cbeeee0fea76f04c6cf9528c29e782ef324afc515?s=96&d=mm&r=g\",\"contentUrl\":\"https:\\\/\\\/secure.gravatar.com\\\/avatar\\\/0d25a327c6e268d9730d9c0cbeeee0fea76f04c6cf9528c29e782ef324afc515?s=96&d=mm&r=g\",\"caption\":\"Julien Lecourbe\"},\"url\":\"https:\\\/\\\/www.lawebradio.com\\\/news\\\/author\\\/la-redaction\\\/\"}]}<\/script>\n<!-- \/ Yoast SEO plugin. -->","yoast_head_json":{"title":"La nouvelle extension .radio vendue \u00e0 prix d'or ! - Lawebradio.com - Actualit\u00e9s des radios digitales","description":"Avec un abonnement annuel de 220 euros, il semblerait que la nouvelle extension .radio ne soit pas accessible au plus grand nombre des webradios...","robots":{"index":"index","follow":"follow","max-snippet":"max-snippet:-1","max-image-preview":"max-image-preview:large","max-video-preview":"max-video-preview:-1"},"canonical":"https:\/\/www.lawebradio.com\/news\/la-nouvelle-extension-radio-vendue-a-prix-dor\/","og_locale":"fr_FR","og_type":"article","og_title":"La nouvelle extension .radio vendue \u00e0 prix d'or ! - Lawebradio.com - Actualit\u00e9s des radios digitales","og_description":"Avec un abonnement annuel de 220 euros, il semblerait que la nouvelle extension .radio ne soit pas accessible au plus grand nombre des webradios...","og_url":"https:\/\/www.lawebradio.com\/news\/la-nouvelle-extension-radio-vendue-a-prix-dor\/","og_site_name":"Lawebradio.com - Actualit\u00e9s des radios digitales","article_published_time":"2017-09-19T08:01:59+00:00","og_image":[{"width":640,"height":310,"url":"https:\/\/www.lawebradio.com\/news\/wp-content\/uploads\/2017\/09\/ima-radio092017.jpg","type":"image\/jpeg"}],"author":"Julien Lecourbe","twitter_misc":{"\u00c9crit par":"Julien Lecourbe","Dur\u00e9e de lecture estim\u00e9e":"2 minutes"},"schema":{"@context":"https:\/\/schema.org","@graph":[{"@type":"Article","@id":"https:\/\/www.lawebradio.com\/news\/la-nouvelle-extension-radio-vendue-a-prix-dor\/#article","isPartOf":{"@id":"https:\/\/www.lawebradio.com\/news\/la-nouvelle-extension-radio-vendue-a-prix-dor\/"},"author":{"name":"Julien Lecourbe","@id":"https:\/\/www.lawebradio.com\/news\/#\/schema\/person\/95fd11aee6e6cfe70a4b58b482103f1f"},"headline":"La nouvelle extension .radio vendue \u00e0 prix d&rsquo;or !","datePublished":"2017-09-19T08:01:59+00:00","mainEntityOfPage":{"@id":"https:\/\/www.lawebradio.com\/news\/la-nouvelle-extension-radio-vendue-a-prix-dor\/"},"wordCount":361,"publisher":{"@id":"https:\/\/www.lawebradio.com\/news\/#organization"},"image":{"@id":"https:\/\/www.lawebradio.com\/news\/la-nouvelle-extension-radio-vendue-a-prix-dor\/#primaryimage"},"thumbnailUrl":"https:\/\/www.lawebradio.com\/news\/wp-content\/uploads\/2017\/09\/ima-radio092017.jpg","keywords":["nom de domaine"],"articleSection":["Focus"],"inLanguage":"fr-FR"},{"@type":"WebPage","@id":"https:\/\/www.lawebradio.com\/news\/la-nouvelle-extension-radio-vendue-a-prix-dor\/","url":"https:\/\/www.lawebradio.com\/news\/la-nouvelle-extension-radio-vendue-a-prix-dor\/","name":"La nouvelle extension .radio vendue \u00e0 prix d'or ! - Lawebradio.com - Actualit\u00e9s des radios digitales","isPartOf":{"@id":"https:\/\/www.lawebradio.com\/news\/#website"},"primaryImageOfPage":{"@id":"https:\/\/www.lawebradio.com\/news\/la-nouvelle-extension-radio-vendue-a-prix-dor\/#primaryimage"},"image":{"@id":"https:\/\/www.lawebradio.com\/news\/la-nouvelle-extension-radio-vendue-a-prix-dor\/#primaryimage"},"thumbnailUrl":"https:\/\/www.lawebradio.com\/news\/wp-content\/uploads\/2017\/09\/ima-radio092017.jpg","datePublished":"2017-09-19T08:01:59+00:00","description":"Avec un abonnement annuel de 220 euros, il semblerait que la nouvelle extension .radio ne soit pas accessible au plus grand nombre des webradios...","inLanguage":"fr-FR","potentialAction":[{"@type":"ReadAction","target":["https:\/\/www.lawebradio.com\/news\/la-nouvelle-extension-radio-vendue-a-prix-dor\/"]}]},{"@type":"ImageObject","inLanguage":"fr-FR","@id":"https:\/\/www.lawebradio.com\/news\/la-nouvelle-extension-radio-vendue-a-prix-dor\/#primaryimage","url":"https:\/\/www.lawebradio.com\/news\/wp-content\/uploads\/2017\/09\/ima-radio092017.jpg","contentUrl":"https:\/\/www.lawebradio.com\/news\/wp-content\/uploads\/2017\/09\/ima-radio092017.jpg","width":640,"height":310},{"@type":"WebSite","@id":"https:\/\/www.lawebradio.com\/news\/#website","url":"https:\/\/www.lawebradio.com\/news\/","name":"Lawebradio.com - Actualit\u00e9s des radios digitales","description":"","publisher":{"@id":"https:\/\/www.lawebradio.com\/news\/#organization"},"potentialAction":[{"@type":"SearchAction","target":{"@type":"EntryPoint","urlTemplate":"https:\/\/www.lawebradio.com\/news\/?s={search_term_string}"},"query-input":{"@type":"PropertyValueSpecification","valueRequired":true,"valueName":"search_term_string"}}],"inLanguage":"fr-FR"},{"@type":"Organization","@id":"https:\/\/www.lawebradio.com\/news\/#organization","name":"Lawebradio.com - Actualit\u00e9s des radios digitales","url":"https:\/\/www.lawebradio.com\/news\/","logo":{"@type":"ImageObject","inLanguage":"fr-FR","@id":"https:\/\/www.lawebradio.com\/news\/#\/schema\/logo\/image\/","url":"https:\/\/www.lawebradio.com\/news\/wp-content\/uploads\/2020\/10\/logo2020.png","contentUrl":"https:\/\/www.lawebradio.com\/news\/wp-content\/uploads\/2020\/10\/logo2020.png","width":254,"height":43,"caption":"Lawebradio.com - Actualit\u00e9s des radios digitales"},"image":{"@id":"https:\/\/www.lawebradio.com\/news\/#\/schema\/logo\/image\/"}},{"@type":"Person","@id":"https:\/\/www.lawebradio.com\/news\/#\/schema\/person\/95fd11aee6e6cfe70a4b58b482103f1f","name":"Julien Lecourbe","image":{"@type":"ImageObject","inLanguage":"fr-FR","@id":"https:\/\/secure.gravatar.com\/avatar\/0d25a327c6e268d9730d9c0cbeeee0fea76f04c6cf9528c29e782ef324afc515?s=96&d=mm&r=g","url":"https:\/\/secure.gravatar.com\/avatar\/0d25a327c6e268d9730d9c0cbeeee0fea76f04c6cf9528c29e782ef324afc515?s=96&d=mm&r=g","contentUrl":"https:\/\/secure.gravatar.com\/avatar\/0d25a327c6e268d9730d9c0cbeeee0fea76f04c6cf9528c29e782ef324afc515?s=96&d=mm&r=g","caption":"Julien Lecourbe"},"url":"https:\/\/www.lawebradio.com\/news\/author\/la-redaction\/"}]}},"_links":{"self":[{"href":"https:\/\/www.lawebradio.com\/news\/wp-json\/wp\/v2\/posts\/5116","targetHints":{"allow":["GET"]}}],"collection":[{"href":"https:\/\/www.lawebradio.com\/news\/wp-json\/wp\/v2\/posts"}],"about":[{"href":"https:\/\/www.lawebradio.com\/news\/wp-json\/wp\/v2\/types\/post"}],"author":[{"embeddable":true,"href":"https:\/\/www.lawebradio.com\/news\/wp-json\/wp\/v2\/users\/3"}],"replies":[{"embeddable":true,"href":"https:\/\/www.lawebradio.com\/news\/wp-json\/wp\/v2\/comments?post=5116"}],"version-history":[{"count":5,"href":"https:\/\/www.lawebradio.com\/news\/wp-json\/wp\/v2\/posts\/5116\/revisions"}],"predecessor-version":[{"id":5123,"href":"https:\/\/www.lawebradio.com\/news\/wp-json\/wp\/v2\/posts\/5116\/revisions\/5123"}],"wp:featuredmedia":[{"embeddable":true,"href":"https:\/\/www.lawebradio.com\/news\/wp-json\/wp\/v2\/media\/5118"}],"wp:attachment":[{"href":"https:\/\/www.lawebradio.com\/news\/wp-json\/wp\/v2\/media?parent=5116"}],"wp:term":[{"taxonomy":"category","embeddable":true,"href":"https:\/\/www.lawebradio.com\/news\/wp-json\/wp\/v2\/categories?post=5116"},{"taxonomy":"post_tag","embeddable":true,"href":"https:\/\/www.lawebradio.com\/news\/wp-json\/wp\/v2\/tags?post=5116"}],"curies":[{"name":"wp","href":"https:\/\/api.w.org\/{rel}","templated":true}]}}