{"id":5059,"date":"2017-09-05T22:11:06","date_gmt":"2017-09-05T21:11:06","guid":{"rendered":"http:\/\/www.lawebradio.com\/news\/?p=5059"},"modified":"2017-10-29T11:52:29","modified_gmt":"2017-10-29T10:52:29","slug":"rentree-puissance-radio-compile","status":"publish","type":"post","link":"https:\/\/www.lawebradio.com\/news\/rentree-puissance-radio-compile\/","title":{"rendered":"Une rentr\u00e9e en puissance pour Radio Compile"},"content":{"rendered":"<p><strong>C&rsquo;est parti pour une nouvelle saison 2017-2018 avec les fr\u00e8res Braeckman (Cr\u00e9ateurs &#8211; Animateurs) et leur \u00e9quipe sur la radio digitale belge \u00ab\u00a0Radio Compile\u00a0\u00bb avec un <a href=\"http:\/\/radiocompile.net\" target=\"_blank\" rel=\"noopener\"><span style=\"color: #ff0000;\"><span style=\"color: #008080;\">nouveau site<\/span><\/span><\/a> et une programmation tr\u00e8s \u00e9clectique !<\/strong><\/p>\n<p>Le nouveau site web de Radio Compile propose d\u00e9sormais une page Replay, un planning des \u00e9missions en temps r\u00e9el, une plus grande pr\u00e9sence des r\u00e9seaux sociaux et l&rsquo;instauration d&rsquo;un contenu multim\u00e9dia \u00e0 la demande. Son d\u00e9veloppement a \u00e9t\u00e9 pens\u00e9 en responsive design permettant de le consulter sur son smartphone ou tablette en toute simplicit\u00e9.<\/p>\n<p>Chaque \u00e9mission b\u00e9n\u00e9ficie de replays sp\u00e9cifiques: \u00e9mission int\u00e9grale lors d&rsquo;\u00e9v\u00e9nements, s\u00e9quence particuli\u00e8re, interviews, teasers\u2026 vous pouvez profiter de contenus exclusifs juste apr\u00e8s la diffusion de vos programmes favoris.<\/p>\n<p>A noter \u00e9galement l&rsquo;affichage d&rsquo;un nouveau lecteur audio compatible avec la navigation permanente, le d\u00e9veloppement d&rsquo;une page \u00ab\u00a0Live\u00a0\u00bb regroupant toutes les informations relatives au programme en cours ou encore l&rsquo;arriv\u00e9e de profils personnels pour chaque animateur afin d&rsquo;en savoir plus sur ceux que vous \u00e9coutez quotidiennement.<\/p>\n<p><img loading=\"lazy\" decoding=\"async\" class=\"alignnone size-full wp-image-5062\" src=\"http:\/\/www.lawebradio.com\/news\/wp-content\/uploads\/2017\/09\/ima03-ctge745-092017.jpg\" alt=\"\" width=\"640\" height=\"310\" srcset=\"https:\/\/www.lawebradio.com\/news\/wp-content\/uploads\/2017\/09\/ima03-ctge745-092017.jpg 640w, https:\/\/www.lawebradio.com\/news\/wp-content\/uploads\/2017\/09\/ima03-ctge745-092017-150x73.jpg 150w, https:\/\/www.lawebradio.com\/news\/wp-content\/uploads\/2017\/09\/ima03-ctge745-092017-300x145.jpg 300w, https:\/\/www.lawebradio.com\/news\/wp-content\/uploads\/2017\/09\/ima03-ctge745-092017-1x1.jpg 1w\" sizes=\"auto, (max-width: 640px) 100vw, 640px\" \/><\/p>\n<p><strong>Au programme\u00a02017-2018 :<\/strong><\/p>\n<p>Chaque soir, except\u00e9 le dimanche, Radio Compile propose une \u00e9mission sp\u00e9cifique dans la tranche 20-22 heures favorisant l&rsquo;interactivit\u00e9 relay\u00e9e sur le site.<\/p>\n<p>\u2022 Lundi, Le Choix permettra \u00e0 chacun de choisir entre une playlist ax\u00e9e sur les hits du moment et une autre compos\u00e9e exclusivement de tubes des ann\u00e9es 70 \u00e0 2000. Une \u00e9mission con\u00e7ue pour s&rsquo;adapter parfaitement au syst\u00e8me \u00e0 la demande, qui permet, depuis 2014, de choisir en permanence entre deux morceaux diffus\u00e9s sur l&rsquo;antenne simultan\u00e9ment.<\/p>\n<p>\u2022 Mardi est une journ\u00e9e un petit peu particuli\u00e8re. D&rsquo;ordinaire, vous pourrez profiter d&rsquo;une nouvelle \u00e9mission pr\u00e9nomm\u00e9e Time for Tales. Simon Hayot et son \u00e9quipe feront le point sur des histoires originales venues du monde entier et d\u00e9battront ensemble de th\u00e9matiques tr\u00e8s ax\u00e9es sur l&rsquo;insolite. Un savant m\u00e9lange de culture et de l\u00e9g\u00e8ret\u00e9 dans un talk-show de deux heures.<br \/>\nUne fois par mois, Cultur&rsquo;&amp;Vous prendra le relais. Vous y d\u00e9couvrirez une \u00e9mission culturelle unique, articul\u00e9e autour de discussions multiples. Chaque mois, une nouvelle th\u00e9matique sera abord\u00e9e, avec comme objectif de faire le lien entre la culture d&rsquo;antan et celle d&rsquo;aujourd&rsquo;hui. Un exemple? Les origines litt\u00e9raires insoup\u00e7onn\u00e9es des grands m\u00e9chants de cin\u00e9ma : Dracula, Frankenstein, la Momie ; Don Quichotte, le Kick Ass du Moyen-\u00c2ge ou encore La Rome et le C\u00e9sar d\u2019Ast\u00e9rix VS la r\u00e9alit\u00e9 historique. Un programme qui sera prolong\u00e9 jusque 23 heures en raison de sa diffusion mensuelle.<\/p>\n<p>\u2022 Mercredi, Th\u00e9odore Fougerais fera le point sur l&rsquo;actualit\u00e9 musicale et num\u00e9rique dans Drive In. Vous y d\u00e9couvrirez \u00e9galement les derni\u00e8res entr\u00e9es musicales de Radio Compile.<\/p>\n<p>\u2022 Jeudi, c&rsquo;est un nouveau venu qui prend le contr\u00f4le. Amaury Detroz vous fera visiter les tr\u00e9fonds du web \u00e0 la recherche des buzz actuels et \u00e0 venir. Internet sera scrut\u00e9 de fond en comble et le meilleur de ce qu&rsquo;il a \u00e0 vous offrir sera propos\u00e9 dans Et que \u00e7a Buzz!<\/p>\n<p>\u2022 Vendredi, Marie De Potter poursuit l&rsquo;aventure d&rsquo;Au-del\u00e0 d&rsquo;Internet. Au programme, les meilleurs plans pour sortir et s&rsquo;offrir une d\u00e9connexion n\u00e9cessaire, des invit\u00e9s \u00e0 la base de manifestations diverses et des id\u00e9es litt\u00e9raires hebdomadaires.<\/p>\n<p>\u2022 Enfin, samedi, Parlons-en fait la place belle aux d\u00e9bats li\u00e9s de pr\u00e8s ou de loin \u00e0 l&rsquo;actualit\u00e9. Retrouvez Nicolas Braeckman, Alexandre Braeckmen et Alexis Chasseur pour deux heures de discussion sans l&rsquo;avis d&rsquo;experts, m\u00eame sur les questions difficiles. Une \u00e9mission d&rsquo;opinion sans le filtre de l&rsquo;expertise.<\/p>\n<p>La saison de Radio Compile s&rsquo;annonce donc riche et ira de nouveau dans le m\u00eame sens que les ann\u00e9es pr\u00e9c\u00e9dentes avec un maximum d&rsquo;interactivit\u00e9, de nombreuses interviews et d&rsquo;\u00e9missions en live !<\/p>\n<p>\u2022\u00a0<a href=\"http:\/\/lesradiosdigitales.com\/annuaire\/music\/radio-compile\/\" target=\"_blank\" rel=\"noopener noreferrer\">Ecoutez Radio Compile en direct sur Lesradiosdigitales.com<\/a><\/p>\n<p><iframe loading=\"lazy\" style=\"width: 640px; height: 360px;\" src=\"http:\/\/www.rtc.be\/embded_rtc.php?id=1496065\" width=\"640\" height=\"360\" frameborder=\"0\" scrolling=\"no\"><\/iframe><\/p>\n","protected":false},"excerpt":{"rendered":"<p>C&rsquo;est parti pour une nouvelle saison 2017-2018 avec les fr\u00e8res Braeckman (Cr\u00e9ateurs &#8211; Animateurs) et leur \u00e9quipe sur la radio digitale belge \u00ab\u00a0Radio Compile\u00a0\u00bb avec un nouveau site et une programmation tr\u00e8s \u00e9clectique ! Le nouveau site web de Radio Compile propose d\u00e9sormais une page Replay, un planning des \u00e9missions en temps r\u00e9el, une plus [&hellip;]<\/p>\n","protected":false},"author":3,"featured_media":5061,"comment_status":"closed","ping_status":"closed","sticky":false,"template":"","format":"standard","meta":{"_et_pb_use_builder":"","_et_pb_old_content":"","_et_gb_content_width":"","footnotes":""},"categories":[6],"tags":[895,894,15,214],"class_list":["post-5059","post","type-post","status-publish","format-standard","has-post-thumbnail","hentry","category-focus","tag-alexandre-braeckman","tag-radio-compile","tag-radionomy","tag-radios-digitales","et-has-post-format-content","et_post_format-et-post-format-standard"],"yoast_head":"<!-- This site is optimized with the Yoast SEO plugin v27.5 - https:\/\/yoast.com\/product\/yoast-seo-wordpress\/ -->\n<title>Une rentr\u00e9e en puissance pour Radio Compile - Lawebradio.com - Actualit\u00e9s des radios digitales<\/title>\n<meta name=\"description\" content=\"Retrouvez les fr\u00e8res Braeckman et leur \u00e9quipe sur la radio digitale belge &quot;Radio Compile&quot; avec un nouveau site et une programmation tr\u00e8s \u00e9clectique !\" \/>\n<meta name=\"robots\" content=\"index, follow, max-snippet:-1, max-image-preview:large, max-video-preview:-1\" \/>\n<link rel=\"canonical\" href=\"https:\/\/www.lawebradio.com\/news\/rentree-puissance-radio-compile\/\" \/>\n<meta property=\"og:locale\" content=\"fr_FR\" \/>\n<meta property=\"og:type\" content=\"article\" \/>\n<meta property=\"og:title\" content=\"Une rentr\u00e9e en puissance pour Radio Compile - Lawebradio.com - Actualit\u00e9s des radios digitales\" \/>\n<meta property=\"og:description\" content=\"Retrouvez les fr\u00e8res Braeckman et leur \u00e9quipe sur la radio digitale belge &quot;Radio Compile&quot; avec un nouveau site et une programmation tr\u00e8s \u00e9clectique !\" \/>\n<meta property=\"og:url\" content=\"https:\/\/www.lawebradio.com\/news\/rentree-puissance-radio-compile\/\" \/>\n<meta property=\"og:site_name\" content=\"Lawebradio.com - Actualit\u00e9s des radios digitales\" \/>\n<meta property=\"article:published_time\" content=\"2017-09-05T21:11:06+00:00\" \/>\n<meta property=\"article:modified_time\" content=\"2017-10-29T10:52:29+00:00\" \/>\n<meta property=\"og:image\" content=\"https:\/\/www.lawebradio.com\/news\/wp-content\/uploads\/2017\/09\/ima06-ctge745-092017.jpg\" \/>\n\t<meta property=\"og:image:width\" content=\"640\" \/>\n\t<meta property=\"og:image:height\" content=\"310\" \/>\n\t<meta property=\"og:image:type\" content=\"image\/jpeg\" \/>\n<meta name=\"author\" content=\"Julien Lecourbe\" \/>\n<meta name=\"twitter:label1\" content=\"\u00c9crit par\" \/>\n\t<meta name=\"twitter:data1\" content=\"Julien Lecourbe\" \/>\n\t<meta name=\"twitter:label2\" content=\"Dur\u00e9e de lecture estim\u00e9e\" \/>\n\t<meta name=\"twitter:data2\" content=\"3 minutes\" \/>\n<script type=\"application\/ld+json\" class=\"yoast-schema-graph\">{\"@context\":\"https:\\\/\\\/schema.org\",\"@graph\":[{\"@type\":\"Article\",\"@id\":\"https:\\\/\\\/www.lawebradio.com\\\/news\\\/rentree-puissance-radio-compile\\\/#article\",\"isPartOf\":{\"@id\":\"https:\\\/\\\/www.lawebradio.com\\\/news\\\/rentree-puissance-radio-compile\\\/\"},\"author\":{\"name\":\"Julien Lecourbe\",\"@id\":\"https:\\\/\\\/www.lawebradio.com\\\/news\\\/#\\\/schema\\\/person\\\/95fd11aee6e6cfe70a4b58b482103f1f\"},\"headline\":\"Une rentr\u00e9e en puissance pour Radio Compile\",\"datePublished\":\"2017-09-05T21:11:06+00:00\",\"dateModified\":\"2017-10-29T10:52:29+00:00\",\"mainEntityOfPage\":{\"@id\":\"https:\\\/\\\/www.lawebradio.com\\\/news\\\/rentree-puissance-radio-compile\\\/\"},\"wordCount\":685,\"publisher\":{\"@id\":\"https:\\\/\\\/www.lawebradio.com\\\/news\\\/#organization\"},\"image\":{\"@id\":\"https:\\\/\\\/www.lawebradio.com\\\/news\\\/rentree-puissance-radio-compile\\\/#primaryimage\"},\"thumbnailUrl\":\"https:\\\/\\\/www.lawebradio.com\\\/news\\\/wp-content\\\/uploads\\\/2017\\\/09\\\/ima06-ctge745-092017.jpg\",\"keywords\":[\"Alexandre Braeckman\",\"Radio Compile\",\"radionomy\",\"radios digitales\"],\"articleSection\":[\"Focus\"],\"inLanguage\":\"fr-FR\"},{\"@type\":\"WebPage\",\"@id\":\"https:\\\/\\\/www.lawebradio.com\\\/news\\\/rentree-puissance-radio-compile\\\/\",\"url\":\"https:\\\/\\\/www.lawebradio.com\\\/news\\\/rentree-puissance-radio-compile\\\/\",\"name\":\"Une rentr\u00e9e en puissance pour Radio Compile - Lawebradio.com - Actualit\u00e9s des radios digitales\",\"isPartOf\":{\"@id\":\"https:\\\/\\\/www.lawebradio.com\\\/news\\\/#website\"},\"primaryImageOfPage\":{\"@id\":\"https:\\\/\\\/www.lawebradio.com\\\/news\\\/rentree-puissance-radio-compile\\\/#primaryimage\"},\"image\":{\"@id\":\"https:\\\/\\\/www.lawebradio.com\\\/news\\\/rentree-puissance-radio-compile\\\/#primaryimage\"},\"thumbnailUrl\":\"https:\\\/\\\/www.lawebradio.com\\\/news\\\/wp-content\\\/uploads\\\/2017\\\/09\\\/ima06-ctge745-092017.jpg\",\"datePublished\":\"2017-09-05T21:11:06+00:00\",\"dateModified\":\"2017-10-29T10:52:29+00:00\",\"description\":\"Retrouvez les fr\u00e8res Braeckman et leur \u00e9quipe sur la radio digitale belge \\\"Radio Compile\\\" avec un nouveau site et une programmation tr\u00e8s \u00e9clectique !\",\"inLanguage\":\"fr-FR\",\"potentialAction\":[{\"@type\":\"ReadAction\",\"target\":[\"https:\\\/\\\/www.lawebradio.com\\\/news\\\/rentree-puissance-radio-compile\\\/\"]}]},{\"@type\":\"ImageObject\",\"inLanguage\":\"fr-FR\",\"@id\":\"https:\\\/\\\/www.lawebradio.com\\\/news\\\/rentree-puissance-radio-compile\\\/#primaryimage\",\"url\":\"https:\\\/\\\/www.lawebradio.com\\\/news\\\/wp-content\\\/uploads\\\/2017\\\/09\\\/ima06-ctge745-092017.jpg\",\"contentUrl\":\"https:\\\/\\\/www.lawebradio.com\\\/news\\\/wp-content\\\/uploads\\\/2017\\\/09\\\/ima06-ctge745-092017.jpg\",\"width\":640,\"height\":310},{\"@type\":\"WebSite\",\"@id\":\"https:\\\/\\\/www.lawebradio.com\\\/news\\\/#website\",\"url\":\"https:\\\/\\\/www.lawebradio.com\\\/news\\\/\",\"name\":\"Lawebradio.com - Actualit\u00e9s des radios digitales\",\"description\":\"\",\"publisher\":{\"@id\":\"https:\\\/\\\/www.lawebradio.com\\\/news\\\/#organization\"},\"potentialAction\":[{\"@type\":\"SearchAction\",\"target\":{\"@type\":\"EntryPoint\",\"urlTemplate\":\"https:\\\/\\\/www.lawebradio.com\\\/news\\\/?s={search_term_string}\"},\"query-input\":{\"@type\":\"PropertyValueSpecification\",\"valueRequired\":true,\"valueName\":\"search_term_string\"}}],\"inLanguage\":\"fr-FR\"},{\"@type\":\"Organization\",\"@id\":\"https:\\\/\\\/www.lawebradio.com\\\/news\\\/#organization\",\"name\":\"Lawebradio.com - Actualit\u00e9s des radios digitales\",\"url\":\"https:\\\/\\\/www.lawebradio.com\\\/news\\\/\",\"logo\":{\"@type\":\"ImageObject\",\"inLanguage\":\"fr-FR\",\"@id\":\"https:\\\/\\\/www.lawebradio.com\\\/news\\\/#\\\/schema\\\/logo\\\/image\\\/\",\"url\":\"https:\\\/\\\/www.lawebradio.com\\\/news\\\/wp-content\\\/uploads\\\/2020\\\/10\\\/logo2020.png\",\"contentUrl\":\"https:\\\/\\\/www.lawebradio.com\\\/news\\\/wp-content\\\/uploads\\\/2020\\\/10\\\/logo2020.png\",\"width\":254,\"height\":43,\"caption\":\"Lawebradio.com - Actualit\u00e9s des radios digitales\"},\"image\":{\"@id\":\"https:\\\/\\\/www.lawebradio.com\\\/news\\\/#\\\/schema\\\/logo\\\/image\\\/\"}},{\"@type\":\"Person\",\"@id\":\"https:\\\/\\\/www.lawebradio.com\\\/news\\\/#\\\/schema\\\/person\\\/95fd11aee6e6cfe70a4b58b482103f1f\",\"name\":\"Julien Lecourbe\",\"image\":{\"@type\":\"ImageObject\",\"inLanguage\":\"fr-FR\",\"@id\":\"https:\\\/\\\/secure.gravatar.com\\\/avatar\\\/0d25a327c6e268d9730d9c0cbeeee0fea76f04c6cf9528c29e782ef324afc515?s=96&d=mm&r=g\",\"url\":\"https:\\\/\\\/secure.gravatar.com\\\/avatar\\\/0d25a327c6e268d9730d9c0cbeeee0fea76f04c6cf9528c29e782ef324afc515?s=96&d=mm&r=g\",\"contentUrl\":\"https:\\\/\\\/secure.gravatar.com\\\/avatar\\\/0d25a327c6e268d9730d9c0cbeeee0fea76f04c6cf9528c29e782ef324afc515?s=96&d=mm&r=g\",\"caption\":\"Julien Lecourbe\"},\"url\":\"https:\\\/\\\/www.lawebradio.com\\\/news\\\/author\\\/la-redaction\\\/\"}]}<\/script>\n<!-- \/ Yoast SEO plugin. -->","yoast_head_json":{"title":"Une rentr\u00e9e en puissance pour Radio Compile - Lawebradio.com - Actualit\u00e9s des radios digitales","description":"Retrouvez les fr\u00e8res Braeckman et leur \u00e9quipe sur la radio digitale belge \"Radio Compile\" avec un nouveau site et une programmation tr\u00e8s \u00e9clectique !","robots":{"index":"index","follow":"follow","max-snippet":"max-snippet:-1","max-image-preview":"max-image-preview:large","max-video-preview":"max-video-preview:-1"},"canonical":"https:\/\/www.lawebradio.com\/news\/rentree-puissance-radio-compile\/","og_locale":"fr_FR","og_type":"article","og_title":"Une rentr\u00e9e en puissance pour Radio Compile - Lawebradio.com - Actualit\u00e9s des radios digitales","og_description":"Retrouvez les fr\u00e8res Braeckman et leur \u00e9quipe sur la radio digitale belge \"Radio Compile\" avec un nouveau site et une programmation tr\u00e8s \u00e9clectique !","og_url":"https:\/\/www.lawebradio.com\/news\/rentree-puissance-radio-compile\/","og_site_name":"Lawebradio.com - Actualit\u00e9s des radios digitales","article_published_time":"2017-09-05T21:11:06+00:00","article_modified_time":"2017-10-29T10:52:29+00:00","og_image":[{"width":640,"height":310,"url":"https:\/\/www.lawebradio.com\/news\/wp-content\/uploads\/2017\/09\/ima06-ctge745-092017.jpg","type":"image\/jpeg"}],"author":"Julien Lecourbe","twitter_misc":{"\u00c9crit par":"Julien Lecourbe","Dur\u00e9e de lecture estim\u00e9e":"3 minutes"},"schema":{"@context":"https:\/\/schema.org","@graph":[{"@type":"Article","@id":"https:\/\/www.lawebradio.com\/news\/rentree-puissance-radio-compile\/#article","isPartOf":{"@id":"https:\/\/www.lawebradio.com\/news\/rentree-puissance-radio-compile\/"},"author":{"name":"Julien Lecourbe","@id":"https:\/\/www.lawebradio.com\/news\/#\/schema\/person\/95fd11aee6e6cfe70a4b58b482103f1f"},"headline":"Une rentr\u00e9e en puissance pour Radio Compile","datePublished":"2017-09-05T21:11:06+00:00","dateModified":"2017-10-29T10:52:29+00:00","mainEntityOfPage":{"@id":"https:\/\/www.lawebradio.com\/news\/rentree-puissance-radio-compile\/"},"wordCount":685,"publisher":{"@id":"https:\/\/www.lawebradio.com\/news\/#organization"},"image":{"@id":"https:\/\/www.lawebradio.com\/news\/rentree-puissance-radio-compile\/#primaryimage"},"thumbnailUrl":"https:\/\/www.lawebradio.com\/news\/wp-content\/uploads\/2017\/09\/ima06-ctge745-092017.jpg","keywords":["Alexandre Braeckman","Radio Compile","radionomy","radios digitales"],"articleSection":["Focus"],"inLanguage":"fr-FR"},{"@type":"WebPage","@id":"https:\/\/www.lawebradio.com\/news\/rentree-puissance-radio-compile\/","url":"https:\/\/www.lawebradio.com\/news\/rentree-puissance-radio-compile\/","name":"Une rentr\u00e9e en puissance pour Radio Compile - Lawebradio.com - Actualit\u00e9s des radios digitales","isPartOf":{"@id":"https:\/\/www.lawebradio.com\/news\/#website"},"primaryImageOfPage":{"@id":"https:\/\/www.lawebradio.com\/news\/rentree-puissance-radio-compile\/#primaryimage"},"image":{"@id":"https:\/\/www.lawebradio.com\/news\/rentree-puissance-radio-compile\/#primaryimage"},"thumbnailUrl":"https:\/\/www.lawebradio.com\/news\/wp-content\/uploads\/2017\/09\/ima06-ctge745-092017.jpg","datePublished":"2017-09-05T21:11:06+00:00","dateModified":"2017-10-29T10:52:29+00:00","description":"Retrouvez les fr\u00e8res Braeckman et leur \u00e9quipe sur la radio digitale belge \"Radio Compile\" avec un nouveau site et une programmation tr\u00e8s \u00e9clectique !","inLanguage":"fr-FR","potentialAction":[{"@type":"ReadAction","target":["https:\/\/www.lawebradio.com\/news\/rentree-puissance-radio-compile\/"]}]},{"@type":"ImageObject","inLanguage":"fr-FR","@id":"https:\/\/www.lawebradio.com\/news\/rentree-puissance-radio-compile\/#primaryimage","url":"https:\/\/www.lawebradio.com\/news\/wp-content\/uploads\/2017\/09\/ima06-ctge745-092017.jpg","contentUrl":"https:\/\/www.lawebradio.com\/news\/wp-content\/uploads\/2017\/09\/ima06-ctge745-092017.jpg","width":640,"height":310},{"@type":"WebSite","@id":"https:\/\/www.lawebradio.com\/news\/#website","url":"https:\/\/www.lawebradio.com\/news\/","name":"Lawebradio.com - Actualit\u00e9s des radios digitales","description":"","publisher":{"@id":"https:\/\/www.lawebradio.com\/news\/#organization"},"potentialAction":[{"@type":"SearchAction","target":{"@type":"EntryPoint","urlTemplate":"https:\/\/www.lawebradio.com\/news\/?s={search_term_string}"},"query-input":{"@type":"PropertyValueSpecification","valueRequired":true,"valueName":"search_term_string"}}],"inLanguage":"fr-FR"},{"@type":"Organization","@id":"https:\/\/www.lawebradio.com\/news\/#organization","name":"Lawebradio.com - Actualit\u00e9s des radios digitales","url":"https:\/\/www.lawebradio.com\/news\/","logo":{"@type":"ImageObject","inLanguage":"fr-FR","@id":"https:\/\/www.lawebradio.com\/news\/#\/schema\/logo\/image\/","url":"https:\/\/www.lawebradio.com\/news\/wp-content\/uploads\/2020\/10\/logo2020.png","contentUrl":"https:\/\/www.lawebradio.com\/news\/wp-content\/uploads\/2020\/10\/logo2020.png","width":254,"height":43,"caption":"Lawebradio.com - Actualit\u00e9s des radios digitales"},"image":{"@id":"https:\/\/www.lawebradio.com\/news\/#\/schema\/logo\/image\/"}},{"@type":"Person","@id":"https:\/\/www.lawebradio.com\/news\/#\/schema\/person\/95fd11aee6e6cfe70a4b58b482103f1f","name":"Julien Lecourbe","image":{"@type":"ImageObject","inLanguage":"fr-FR","@id":"https:\/\/secure.gravatar.com\/avatar\/0d25a327c6e268d9730d9c0cbeeee0fea76f04c6cf9528c29e782ef324afc515?s=96&d=mm&r=g","url":"https:\/\/secure.gravatar.com\/avatar\/0d25a327c6e268d9730d9c0cbeeee0fea76f04c6cf9528c29e782ef324afc515?s=96&d=mm&r=g","contentUrl":"https:\/\/secure.gravatar.com\/avatar\/0d25a327c6e268d9730d9c0cbeeee0fea76f04c6cf9528c29e782ef324afc515?s=96&d=mm&r=g","caption":"Julien Lecourbe"},"url":"https:\/\/www.lawebradio.com\/news\/author\/la-redaction\/"}]}},"_links":{"self":[{"href":"https:\/\/www.lawebradio.com\/news\/wp-json\/wp\/v2\/posts\/5059","targetHints":{"allow":["GET"]}}],"collection":[{"href":"https:\/\/www.lawebradio.com\/news\/wp-json\/wp\/v2\/posts"}],"about":[{"href":"https:\/\/www.lawebradio.com\/news\/wp-json\/wp\/v2\/types\/post"}],"author":[{"embeddable":true,"href":"https:\/\/www.lawebradio.com\/news\/wp-json\/wp\/v2\/users\/3"}],"replies":[{"embeddable":true,"href":"https:\/\/www.lawebradio.com\/news\/wp-json\/wp\/v2\/comments?post=5059"}],"version-history":[{"count":8,"href":"https:\/\/www.lawebradio.com\/news\/wp-json\/wp\/v2\/posts\/5059\/revisions"}],"predecessor-version":[{"id":5193,"href":"https:\/\/www.lawebradio.com\/news\/wp-json\/wp\/v2\/posts\/5059\/revisions\/5193"}],"wp:featuredmedia":[{"embeddable":true,"href":"https:\/\/www.lawebradio.com\/news\/wp-json\/wp\/v2\/media\/5061"}],"wp:attachment":[{"href":"https:\/\/www.lawebradio.com\/news\/wp-json\/wp\/v2\/media?parent=5059"}],"wp:term":[{"taxonomy":"category","embeddable":true,"href":"https:\/\/www.lawebradio.com\/news\/wp-json\/wp\/v2\/categories?post=5059"},{"taxonomy":"post_tag","embeddable":true,"href":"https:\/\/www.lawebradio.com\/news\/wp-json\/wp\/v2\/tags?post=5059"}],"curies":[{"name":"wp","href":"https:\/\/api.w.org\/{rel}","templated":true}]}}