{"id":4925,"date":"2017-06-13T16:22:57","date_gmt":"2017-06-13T15:22:57","guid":{"rendered":"http:\/\/www.lawebradio.com\/news\/?p=4925"},"modified":"2017-06-15T10:37:58","modified_gmt":"2017-06-15T09:37:58","slug":"generations-frequence-mouv-a-dune-grande","status":"publish","type":"post","link":"https:\/\/www.lawebradio.com\/news\/generations-frequence-mouv-a-dune-grande\/","title":{"rendered":"G\u00e9n\u00e9rations Fr\u00e9quence Mouv, elle a tout d&rsquo;une grande !"},"content":{"rendered":"<p><strong>Cr\u00e9\u00e9e en septembre 2015 sous forme associative par Yannick Sainte-Luce, la radio digitale <em>G\u00e9n\u00e9rations Fr\u00e9quence Mouv<\/em> est install\u00e9e \u00e0 Trilport, une commune situ\u00e9e dans le d\u00e9partement de Seine-et-Marne en r\u00e9gion \u00cele-de-France.<\/strong><\/p>\n<p>\u00ab\u00a0<em>G\u00e9n\u00e9rations<\/em> avec un \u00ab\u00a0<em>s<\/em>\u00a0\u00bb pour rassembler toutes les g\u00e9n\u00e9rations, <em>Fr\u00e9quence<\/em> pour rappeler la radio, <em>Mouv<\/em> pour l\u2019abr\u00e9viation du mot mouvement. Avec un c\u0153ur de cible de 18 \u00e0 34 ans, cette radio en ligne est n\u00e9e d\u2019une passion pour l\u2019animation et de l&rsquo;opportunit\u00e9 de d\u00e9velopper un support de communication audio efficace pour assurer la promotion des jeunes talents dont nous assurons la promotion\u00a0\u00bb, pr\u00e9cise Lydde Massicot en charge de la promotion de G\u00e9n\u00e9rations Fr\u00e9quence Mouv.<\/p>\n<p>Dot\u00e9 d&rsquo;un budget de 5000\u20ac annuel et soutenu par des activit\u00e9s annexes en \u00e9v\u00e8nementiel, marquage publicitaire et management artistique, l&rsquo;association dispose de deux employ\u00e9s a mi-temps et produit plusieurs \u00e9missions hebdomadaires en direct avec le concours d&rsquo;animateurs b\u00e9n\u00e9voles et chroniqueurs passionn\u00e9s issus de la soci\u00e9t\u00e9 :<\/p>\n<p>Le mercredi \u00e0 21h : Le d\u00e9brief (actualit\u00e9 footballistique, zoom jeune talent)<br \/>\nLe jeudi 20h : Le G Mag traite des diff\u00e9rentes th\u00e9matiques DIY, mode, beaut\u00e9, high tech, cuisine, sport, avec une rubrique \u00ab On a test\u00e9 pour vous \u00bb, o\u00f9 les membres de l\u2019\u00e9quipe pr\u00e9sentent des nouveaut\u00e9s.<br \/>\nLe vendredi \u00e0 10h : G\u00e9n\u00e9rations d\u00e9bat (sujets de soci\u00e9t\u00e9).<br \/>\nLe vendredi \u00e0 22h : L\u2019after d\u00e9brief\u00a0 (actualit\u00e9 sportive, d\u00e9bat).<br \/>\nLe dimanche \u00e0 14h30 : Les amateurs sports (infos, d\u00e9bats).<br \/>\nLe dimanche \u00e0 17h : Musique Mouv\u00a0 (actualit\u00e9 musicale et d\u00e9couverte des nouveaut\u00e9s de la semaine).<\/p>\n<p><img loading=\"lazy\" decoding=\"async\" class=\"alignleft wp-image-4927\" src=\"http:\/\/www.lawebradio.com\/news\/wp-content\/uploads\/2017\/06\/ima-dtge875s-062017.jpg\" alt=\"Yannick Sainte-Luce, Directeur de G\u00e9n\u00e9rations Fr\u00e9quence Mouv\" width=\"150\" height=\"185\" srcset=\"https:\/\/www.lawebradio.com\/news\/wp-content\/uploads\/2017\/06\/ima-dtge875s-062017.jpg 273w, https:\/\/www.lawebradio.com\/news\/wp-content\/uploads\/2017\/06\/ima-dtge875s-062017-122x150.jpg 122w, https:\/\/www.lawebradio.com\/news\/wp-content\/uploads\/2017\/06\/ima-dtge875s-062017-244x300.jpg 244w, https:\/\/www.lawebradio.com\/news\/wp-content\/uploads\/2017\/06\/ima-dtge875s-062017-1x1.jpg 1w\" sizes=\"auto, (max-width: 150px) 100vw, 150px\" \/>\u00ab\u00a0Pour assurer une v\u00e9ritable proximit\u00e9 et r\u00e9pondre aux pr\u00e9occupations de nos auditeurs, nous avons \u00e9galement lanc\u00e9 une \u00e9mission politique le samedi \u00e0 10h permettant de donner la parole aux acteurs locaux comme Olivier Husson, B\u00e9atrice Roullaud, Fr\u00e9d\u00e9rique\u00a0 Troussard ainsi que St\u00e9phane Jabut\u00a0\u00bb, indique Yannick Sainte-Luce, Directeur de\u00a0G\u00e9n\u00e9rations Fr\u00e9quence Mouv.<\/p>\n<p>\u00ab\u00a0Enfin, nous proposons un atelier d\u00e9couverte destin\u00e9 \u00e0 faire d\u00e9couvrir les m\u00e9tiers autour de la radio aux enfants. Ils pourront d\u00e9couvrir le m\u00e9tier de journaliste, comment \u00e9laborer une \u00e9mission de radio et l\u2019animer, quels mat\u00e9riels utiliser pour la diffusion au sein d&rsquo;un v\u00e9ritable studio d\u2019enregistrement.\u00a0\u00bb<\/p>\n<p>\u2022 <a href=\"http:\/\/lesradiosdigitales.com\/annuaire\/music\/generations-frequence-mouv\/\" target=\"_blank\" rel=\"noopener noreferrer\">Ecoutez G\u00e9n\u00e9rations Fr\u00e9quence Mouv en direct sur Lesradiosdigitales.com<\/a><br \/>\n\u2022 Le site : <a href=\"http:\/\/www.generations-frequence-mouv.com\/\" target=\"_blank\" rel=\"noopener noreferrer\">http:\/\/www.generations-frequence-mouv.com\/<\/a><\/p>\n","protected":false},"excerpt":{"rendered":"<p>Cr\u00e9\u00e9e en septembre 2015 sous forme associative par Yannick Sainte-Luce, la radio digitale G\u00e9n\u00e9rations Fr\u00e9quence Mouv est install\u00e9e \u00e0 Trilport, une commune situ\u00e9e dans le d\u00e9partement de Seine-et-Marne en r\u00e9gion \u00cele-de-France. \u00ab\u00a0G\u00e9n\u00e9rations avec un \u00ab\u00a0s\u00a0\u00bb pour rassembler toutes les g\u00e9n\u00e9rations, Fr\u00e9quence pour rappeler la radio, Mouv pour l\u2019abr\u00e9viation du mot mouvement. Avec un c\u0153ur de [&hellip;]<\/p>\n","protected":false},"author":3,"featured_media":4939,"comment_status":"closed","ping_status":"closed","sticky":false,"template":"","format":"standard","meta":{"_et_pb_use_builder":"","_et_pb_old_content":"","_et_gb_content_width":"","footnotes":""},"categories":[6],"tags":[704,24,1072,214,44],"class_list":["post-4925","post","type-post","status-publish","format-standard","has-post-thumbnail","hentry","category-focus","tag-direct-radio","tag-ecoutez-en-direct","tag-radio-de-proximite","tag-radios-digitales","tag-webradios","et-has-post-format-content","et_post_format-et-post-format-standard"],"yoast_head":"<!-- This site is optimized with the Yoast SEO plugin v27.5 - https:\/\/yoast.com\/product\/yoast-seo-wordpress\/ -->\n<title>G\u00e9n\u00e9rations Fr\u00e9quence Mouv, elle a tout d&#039;une grande ! - Lawebradio.com - Actualit\u00e9s des radios digitales<\/title>\n<meta name=\"description\" content=\"G\u00e9n\u00e9rations Fr\u00e9quence Mouv propose des \u00e9missions hebdomadaires en direct avec le concours d&#039;animateurs b\u00e9n\u00e9voles et chroniqueurs passionn\u00e9s...\" \/>\n<meta name=\"robots\" content=\"index, follow, max-snippet:-1, max-image-preview:large, max-video-preview:-1\" \/>\n<link rel=\"canonical\" href=\"https:\/\/www.lawebradio.com\/news\/generations-frequence-mouv-a-dune-grande\/\" \/>\n<meta property=\"og:locale\" content=\"fr_FR\" \/>\n<meta property=\"og:type\" content=\"article\" \/>\n<meta property=\"og:title\" content=\"G\u00e9n\u00e9rations Fr\u00e9quence Mouv, elle a tout d&#039;une grande ! - Lawebradio.com - Actualit\u00e9s des radios digitales\" \/>\n<meta property=\"og:description\" content=\"G\u00e9n\u00e9rations Fr\u00e9quence Mouv propose des \u00e9missions hebdomadaires en direct avec le concours d&#039;animateurs b\u00e9n\u00e9voles et chroniqueurs passionn\u00e9s...\" \/>\n<meta property=\"og:url\" content=\"https:\/\/www.lawebradio.com\/news\/generations-frequence-mouv-a-dune-grande\/\" \/>\n<meta property=\"og:site_name\" content=\"Lawebradio.com - Actualit\u00e9s des radios digitales\" \/>\n<meta property=\"article:published_time\" content=\"2017-06-13T15:22:57+00:00\" \/>\n<meta property=\"article:modified_time\" content=\"2017-06-15T09:37:58+00:00\" \/>\n<meta property=\"og:image\" content=\"https:\/\/www.lawebradio.com\/news\/wp-content\/uploads\/2017\/06\/ima03-dtge875s-062017.jpg\" \/>\n\t<meta property=\"og:image:width\" content=\"640\" \/>\n\t<meta property=\"og:image:height\" content=\"310\" \/>\n\t<meta property=\"og:image:type\" content=\"image\/jpeg\" \/>\n<meta name=\"author\" content=\"Julien Lecourbe\" \/>\n<meta name=\"twitter:label1\" content=\"\u00c9crit par\" \/>\n\t<meta name=\"twitter:data1\" content=\"Julien Lecourbe\" \/>\n\t<meta name=\"twitter:label2\" content=\"Dur\u00e9e de lecture estim\u00e9e\" \/>\n\t<meta name=\"twitter:data2\" content=\"2 minutes\" \/>\n<script type=\"application\/ld+json\" class=\"yoast-schema-graph\">{\"@context\":\"https:\\\/\\\/schema.org\",\"@graph\":[{\"@type\":\"Article\",\"@id\":\"https:\\\/\\\/www.lawebradio.com\\\/news\\\/generations-frequence-mouv-a-dune-grande\\\/#article\",\"isPartOf\":{\"@id\":\"https:\\\/\\\/www.lawebradio.com\\\/news\\\/generations-frequence-mouv-a-dune-grande\\\/\"},\"author\":{\"name\":\"Julien Lecourbe\",\"@id\":\"https:\\\/\\\/www.lawebradio.com\\\/news\\\/#\\\/schema\\\/person\\\/95fd11aee6e6cfe70a4b58b482103f1f\"},\"headline\":\"G\u00e9n\u00e9rations Fr\u00e9quence Mouv, elle a tout d&rsquo;une grande !\",\"datePublished\":\"2017-06-13T15:22:57+00:00\",\"dateModified\":\"2017-06-15T09:37:58+00:00\",\"mainEntityOfPage\":{\"@id\":\"https:\\\/\\\/www.lawebradio.com\\\/news\\\/generations-frequence-mouv-a-dune-grande\\\/\"},\"wordCount\":420,\"publisher\":{\"@id\":\"https:\\\/\\\/www.lawebradio.com\\\/news\\\/#organization\"},\"image\":{\"@id\":\"https:\\\/\\\/www.lawebradio.com\\\/news\\\/generations-frequence-mouv-a-dune-grande\\\/#primaryimage\"},\"thumbnailUrl\":\"https:\\\/\\\/www.lawebradio.com\\\/news\\\/wp-content\\\/uploads\\\/2017\\\/06\\\/ima03-dtge875s-062017.jpg\",\"keywords\":[\"direct radio\",\"\u00e9coutez en direct\",\"radio de proximit\u00e9\",\"radios digitales\",\"webradios\"],\"articleSection\":[\"Focus\"],\"inLanguage\":\"fr-FR\"},{\"@type\":\"WebPage\",\"@id\":\"https:\\\/\\\/www.lawebradio.com\\\/news\\\/generations-frequence-mouv-a-dune-grande\\\/\",\"url\":\"https:\\\/\\\/www.lawebradio.com\\\/news\\\/generations-frequence-mouv-a-dune-grande\\\/\",\"name\":\"G\u00e9n\u00e9rations Fr\u00e9quence Mouv, elle a tout d'une grande ! - Lawebradio.com - Actualit\u00e9s des radios digitales\",\"isPartOf\":{\"@id\":\"https:\\\/\\\/www.lawebradio.com\\\/news\\\/#website\"},\"primaryImageOfPage\":{\"@id\":\"https:\\\/\\\/www.lawebradio.com\\\/news\\\/generations-frequence-mouv-a-dune-grande\\\/#primaryimage\"},\"image\":{\"@id\":\"https:\\\/\\\/www.lawebradio.com\\\/news\\\/generations-frequence-mouv-a-dune-grande\\\/#primaryimage\"},\"thumbnailUrl\":\"https:\\\/\\\/www.lawebradio.com\\\/news\\\/wp-content\\\/uploads\\\/2017\\\/06\\\/ima03-dtge875s-062017.jpg\",\"datePublished\":\"2017-06-13T15:22:57+00:00\",\"dateModified\":\"2017-06-15T09:37:58+00:00\",\"description\":\"G\u00e9n\u00e9rations Fr\u00e9quence Mouv propose des \u00e9missions hebdomadaires en direct avec le concours d'animateurs b\u00e9n\u00e9voles et chroniqueurs passionn\u00e9s...\",\"inLanguage\":\"fr-FR\",\"potentialAction\":[{\"@type\":\"ReadAction\",\"target\":[\"https:\\\/\\\/www.lawebradio.com\\\/news\\\/generations-frequence-mouv-a-dune-grande\\\/\"]}]},{\"@type\":\"ImageObject\",\"inLanguage\":\"fr-FR\",\"@id\":\"https:\\\/\\\/www.lawebradio.com\\\/news\\\/generations-frequence-mouv-a-dune-grande\\\/#primaryimage\",\"url\":\"https:\\\/\\\/www.lawebradio.com\\\/news\\\/wp-content\\\/uploads\\\/2017\\\/06\\\/ima03-dtge875s-062017.jpg\",\"contentUrl\":\"https:\\\/\\\/www.lawebradio.com\\\/news\\\/wp-content\\\/uploads\\\/2017\\\/06\\\/ima03-dtge875s-062017.jpg\",\"width\":640,\"height\":310},{\"@type\":\"WebSite\",\"@id\":\"https:\\\/\\\/www.lawebradio.com\\\/news\\\/#website\",\"url\":\"https:\\\/\\\/www.lawebradio.com\\\/news\\\/\",\"name\":\"Lawebradio.com - Actualit\u00e9s des radios digitales\",\"description\":\"\",\"publisher\":{\"@id\":\"https:\\\/\\\/www.lawebradio.com\\\/news\\\/#organization\"},\"potentialAction\":[{\"@type\":\"SearchAction\",\"target\":{\"@type\":\"EntryPoint\",\"urlTemplate\":\"https:\\\/\\\/www.lawebradio.com\\\/news\\\/?s={search_term_string}\"},\"query-input\":{\"@type\":\"PropertyValueSpecification\",\"valueRequired\":true,\"valueName\":\"search_term_string\"}}],\"inLanguage\":\"fr-FR\"},{\"@type\":\"Organization\",\"@id\":\"https:\\\/\\\/www.lawebradio.com\\\/news\\\/#organization\",\"name\":\"Lawebradio.com - Actualit\u00e9s des radios digitales\",\"url\":\"https:\\\/\\\/www.lawebradio.com\\\/news\\\/\",\"logo\":{\"@type\":\"ImageObject\",\"inLanguage\":\"fr-FR\",\"@id\":\"https:\\\/\\\/www.lawebradio.com\\\/news\\\/#\\\/schema\\\/logo\\\/image\\\/\",\"url\":\"https:\\\/\\\/www.lawebradio.com\\\/news\\\/wp-content\\\/uploads\\\/2020\\\/10\\\/logo2020.png\",\"contentUrl\":\"https:\\\/\\\/www.lawebradio.com\\\/news\\\/wp-content\\\/uploads\\\/2020\\\/10\\\/logo2020.png\",\"width\":254,\"height\":43,\"caption\":\"Lawebradio.com - Actualit\u00e9s des radios digitales\"},\"image\":{\"@id\":\"https:\\\/\\\/www.lawebradio.com\\\/news\\\/#\\\/schema\\\/logo\\\/image\\\/\"}},{\"@type\":\"Person\",\"@id\":\"https:\\\/\\\/www.lawebradio.com\\\/news\\\/#\\\/schema\\\/person\\\/95fd11aee6e6cfe70a4b58b482103f1f\",\"name\":\"Julien Lecourbe\",\"image\":{\"@type\":\"ImageObject\",\"inLanguage\":\"fr-FR\",\"@id\":\"https:\\\/\\\/secure.gravatar.com\\\/avatar\\\/0d25a327c6e268d9730d9c0cbeeee0fea76f04c6cf9528c29e782ef324afc515?s=96&d=mm&r=g\",\"url\":\"https:\\\/\\\/secure.gravatar.com\\\/avatar\\\/0d25a327c6e268d9730d9c0cbeeee0fea76f04c6cf9528c29e782ef324afc515?s=96&d=mm&r=g\",\"contentUrl\":\"https:\\\/\\\/secure.gravatar.com\\\/avatar\\\/0d25a327c6e268d9730d9c0cbeeee0fea76f04c6cf9528c29e782ef324afc515?s=96&d=mm&r=g\",\"caption\":\"Julien Lecourbe\"},\"url\":\"https:\\\/\\\/www.lawebradio.com\\\/news\\\/author\\\/la-redaction\\\/\"}]}<\/script>\n<!-- \/ Yoast SEO plugin. -->","yoast_head_json":{"title":"G\u00e9n\u00e9rations Fr\u00e9quence Mouv, elle a tout d'une grande ! - Lawebradio.com - Actualit\u00e9s des radios digitales","description":"G\u00e9n\u00e9rations Fr\u00e9quence Mouv propose des \u00e9missions hebdomadaires en direct avec le concours d'animateurs b\u00e9n\u00e9voles et chroniqueurs passionn\u00e9s...","robots":{"index":"index","follow":"follow","max-snippet":"max-snippet:-1","max-image-preview":"max-image-preview:large","max-video-preview":"max-video-preview:-1"},"canonical":"https:\/\/www.lawebradio.com\/news\/generations-frequence-mouv-a-dune-grande\/","og_locale":"fr_FR","og_type":"article","og_title":"G\u00e9n\u00e9rations Fr\u00e9quence Mouv, elle a tout d'une grande ! - Lawebradio.com - Actualit\u00e9s des radios digitales","og_description":"G\u00e9n\u00e9rations Fr\u00e9quence Mouv propose des \u00e9missions hebdomadaires en direct avec le concours d'animateurs b\u00e9n\u00e9voles et chroniqueurs passionn\u00e9s...","og_url":"https:\/\/www.lawebradio.com\/news\/generations-frequence-mouv-a-dune-grande\/","og_site_name":"Lawebradio.com - Actualit\u00e9s des radios digitales","article_published_time":"2017-06-13T15:22:57+00:00","article_modified_time":"2017-06-15T09:37:58+00:00","og_image":[{"width":640,"height":310,"url":"https:\/\/www.lawebradio.com\/news\/wp-content\/uploads\/2017\/06\/ima03-dtge875s-062017.jpg","type":"image\/jpeg"}],"author":"Julien Lecourbe","twitter_misc":{"\u00c9crit par":"Julien Lecourbe","Dur\u00e9e de lecture estim\u00e9e":"2 minutes"},"schema":{"@context":"https:\/\/schema.org","@graph":[{"@type":"Article","@id":"https:\/\/www.lawebradio.com\/news\/generations-frequence-mouv-a-dune-grande\/#article","isPartOf":{"@id":"https:\/\/www.lawebradio.com\/news\/generations-frequence-mouv-a-dune-grande\/"},"author":{"name":"Julien Lecourbe","@id":"https:\/\/www.lawebradio.com\/news\/#\/schema\/person\/95fd11aee6e6cfe70a4b58b482103f1f"},"headline":"G\u00e9n\u00e9rations Fr\u00e9quence Mouv, elle a tout d&rsquo;une grande !","datePublished":"2017-06-13T15:22:57+00:00","dateModified":"2017-06-15T09:37:58+00:00","mainEntityOfPage":{"@id":"https:\/\/www.lawebradio.com\/news\/generations-frequence-mouv-a-dune-grande\/"},"wordCount":420,"publisher":{"@id":"https:\/\/www.lawebradio.com\/news\/#organization"},"image":{"@id":"https:\/\/www.lawebradio.com\/news\/generations-frequence-mouv-a-dune-grande\/#primaryimage"},"thumbnailUrl":"https:\/\/www.lawebradio.com\/news\/wp-content\/uploads\/2017\/06\/ima03-dtge875s-062017.jpg","keywords":["direct radio","\u00e9coutez en direct","radio de proximit\u00e9","radios digitales","webradios"],"articleSection":["Focus"],"inLanguage":"fr-FR"},{"@type":"WebPage","@id":"https:\/\/www.lawebradio.com\/news\/generations-frequence-mouv-a-dune-grande\/","url":"https:\/\/www.lawebradio.com\/news\/generations-frequence-mouv-a-dune-grande\/","name":"G\u00e9n\u00e9rations Fr\u00e9quence Mouv, elle a tout d'une grande ! - Lawebradio.com - Actualit\u00e9s des radios digitales","isPartOf":{"@id":"https:\/\/www.lawebradio.com\/news\/#website"},"primaryImageOfPage":{"@id":"https:\/\/www.lawebradio.com\/news\/generations-frequence-mouv-a-dune-grande\/#primaryimage"},"image":{"@id":"https:\/\/www.lawebradio.com\/news\/generations-frequence-mouv-a-dune-grande\/#primaryimage"},"thumbnailUrl":"https:\/\/www.lawebradio.com\/news\/wp-content\/uploads\/2017\/06\/ima03-dtge875s-062017.jpg","datePublished":"2017-06-13T15:22:57+00:00","dateModified":"2017-06-15T09:37:58+00:00","description":"G\u00e9n\u00e9rations Fr\u00e9quence Mouv propose des \u00e9missions hebdomadaires en direct avec le concours d'animateurs b\u00e9n\u00e9voles et chroniqueurs passionn\u00e9s...","inLanguage":"fr-FR","potentialAction":[{"@type":"ReadAction","target":["https:\/\/www.lawebradio.com\/news\/generations-frequence-mouv-a-dune-grande\/"]}]},{"@type":"ImageObject","inLanguage":"fr-FR","@id":"https:\/\/www.lawebradio.com\/news\/generations-frequence-mouv-a-dune-grande\/#primaryimage","url":"https:\/\/www.lawebradio.com\/news\/wp-content\/uploads\/2017\/06\/ima03-dtge875s-062017.jpg","contentUrl":"https:\/\/www.lawebradio.com\/news\/wp-content\/uploads\/2017\/06\/ima03-dtge875s-062017.jpg","width":640,"height":310},{"@type":"WebSite","@id":"https:\/\/www.lawebradio.com\/news\/#website","url":"https:\/\/www.lawebradio.com\/news\/","name":"Lawebradio.com - Actualit\u00e9s des radios digitales","description":"","publisher":{"@id":"https:\/\/www.lawebradio.com\/news\/#organization"},"potentialAction":[{"@type":"SearchAction","target":{"@type":"EntryPoint","urlTemplate":"https:\/\/www.lawebradio.com\/news\/?s={search_term_string}"},"query-input":{"@type":"PropertyValueSpecification","valueRequired":true,"valueName":"search_term_string"}}],"inLanguage":"fr-FR"},{"@type":"Organization","@id":"https:\/\/www.lawebradio.com\/news\/#organization","name":"Lawebradio.com - Actualit\u00e9s des radios digitales","url":"https:\/\/www.lawebradio.com\/news\/","logo":{"@type":"ImageObject","inLanguage":"fr-FR","@id":"https:\/\/www.lawebradio.com\/news\/#\/schema\/logo\/image\/","url":"https:\/\/www.lawebradio.com\/news\/wp-content\/uploads\/2020\/10\/logo2020.png","contentUrl":"https:\/\/www.lawebradio.com\/news\/wp-content\/uploads\/2020\/10\/logo2020.png","width":254,"height":43,"caption":"Lawebradio.com - Actualit\u00e9s des radios digitales"},"image":{"@id":"https:\/\/www.lawebradio.com\/news\/#\/schema\/logo\/image\/"}},{"@type":"Person","@id":"https:\/\/www.lawebradio.com\/news\/#\/schema\/person\/95fd11aee6e6cfe70a4b58b482103f1f","name":"Julien Lecourbe","image":{"@type":"ImageObject","inLanguage":"fr-FR","@id":"https:\/\/secure.gravatar.com\/avatar\/0d25a327c6e268d9730d9c0cbeeee0fea76f04c6cf9528c29e782ef324afc515?s=96&d=mm&r=g","url":"https:\/\/secure.gravatar.com\/avatar\/0d25a327c6e268d9730d9c0cbeeee0fea76f04c6cf9528c29e782ef324afc515?s=96&d=mm&r=g","contentUrl":"https:\/\/secure.gravatar.com\/avatar\/0d25a327c6e268d9730d9c0cbeeee0fea76f04c6cf9528c29e782ef324afc515?s=96&d=mm&r=g","caption":"Julien Lecourbe"},"url":"https:\/\/www.lawebradio.com\/news\/author\/la-redaction\/"}]}},"_links":{"self":[{"href":"https:\/\/www.lawebradio.com\/news\/wp-json\/wp\/v2\/posts\/4925","targetHints":{"allow":["GET"]}}],"collection":[{"href":"https:\/\/www.lawebradio.com\/news\/wp-json\/wp\/v2\/posts"}],"about":[{"href":"https:\/\/www.lawebradio.com\/news\/wp-json\/wp\/v2\/types\/post"}],"author":[{"embeddable":true,"href":"https:\/\/www.lawebradio.com\/news\/wp-json\/wp\/v2\/users\/3"}],"replies":[{"embeddable":true,"href":"https:\/\/www.lawebradio.com\/news\/wp-json\/wp\/v2\/comments?post=4925"}],"version-history":[{"count":3,"href":"https:\/\/www.lawebradio.com\/news\/wp-json\/wp\/v2\/posts\/4925\/revisions"}],"predecessor-version":[{"id":4930,"href":"https:\/\/www.lawebradio.com\/news\/wp-json\/wp\/v2\/posts\/4925\/revisions\/4930"}],"wp:featuredmedia":[{"embeddable":true,"href":"https:\/\/www.lawebradio.com\/news\/wp-json\/wp\/v2\/media\/4939"}],"wp:attachment":[{"href":"https:\/\/www.lawebradio.com\/news\/wp-json\/wp\/v2\/media?parent=4925"}],"wp:term":[{"taxonomy":"category","embeddable":true,"href":"https:\/\/www.lawebradio.com\/news\/wp-json\/wp\/v2\/categories?post=4925"},{"taxonomy":"post_tag","embeddable":true,"href":"https:\/\/www.lawebradio.com\/news\/wp-json\/wp\/v2\/tags?post=4925"}],"curies":[{"name":"wp","href":"https:\/\/api.w.org\/{rel}","templated":true}]}}