{"id":4802,"date":"2017-04-19T10:38:37","date_gmt":"2017-04-19T09:38:37","guid":{"rendered":"http:\/\/www.lawebradio.com\/news\/?p=4802"},"modified":"2017-04-19T10:38:37","modified_gmt":"2017-04-19T09:38:37","slug":"relation-fusionnelle-francais-smartphone","status":"publish","type":"post","link":"https:\/\/www.lawebradio.com\/news\/relation-fusionnelle-francais-smartphone\/","title":{"rendered":"La relation fusionnelle des fran\u00e7ais pour leur smartphone"},"content":{"rendered":"<p><strong>Selon la derni\u00e8re \u00e9tude du Cabinet Deloitte, un des leaders mondiaux de l&rsquo;audit et des services professionnels, le smartphone arrive pour la premi\u00e8re fois en t\u00eate des \u00e9quipements digitaux en 2016.<\/strong><\/p>\n<p>77 % des Fran\u00e7ais \u00e2g\u00e9s de 18 \u00e0 75 ans d\u00e9clarent en poss\u00e9der un (70 % en 2015). Le taux d\u2019\u00e9quipement en ordinateur portable, quant \u00e0 lui, s\u2019\u00e9tablit \u00e0 74 %, en l\u00e9ger recul par rapport \u00e0 l\u2019ann\u00e9e pr\u00e9c\u00e9dente. Celui en tablettes continue de progresser et atteint 53 %, mais son rythme de croissance ralentit nettement.<\/p>\n<p>Le smartphone repr\u00e9sente le moyen d\u2019acc\u00e8s privil\u00e9gi\u00e9 \u00e0 l\u2019univers digital, que ce soit pour la communication, le travail, les achats et les formalit\u00e9s du quotidien, ou encore le divertissement.<\/p>\n<p><a href=\"http:\/\/www.lawebradio.com\/news\/wp-content\/uploads\/2017\/04\/ima-844dhtrf-042017.jpg\"><img loading=\"lazy\" decoding=\"async\" class=\"alignnone wp-image-4804 size-full\" src=\"http:\/\/www.lawebradio.com\/news\/wp-content\/uploads\/2017\/04\/ima-844dhtrf-042017.jpg\" alt=\"Selon la derni\u00e8re \u00e9tude du Cabinet Deloitte, le smartphone arrive pour la premi\u00e8re fois en t\u00eate des \u00e9quipements digitaux en 2016.\" width=\"1000\" height=\"820\" srcset=\"https:\/\/www.lawebradio.com\/news\/wp-content\/uploads\/2017\/04\/ima-844dhtrf-042017.jpg 1000w, https:\/\/www.lawebradio.com\/news\/wp-content\/uploads\/2017\/04\/ima-844dhtrf-042017-150x123.jpg 150w, https:\/\/www.lawebradio.com\/news\/wp-content\/uploads\/2017\/04\/ima-844dhtrf-042017-300x246.jpg 300w, https:\/\/www.lawebradio.com\/news\/wp-content\/uploads\/2017\/04\/ima-844dhtrf-042017-768x630.jpg 768w, https:\/\/www.lawebradio.com\/news\/wp-content\/uploads\/2017\/04\/ima-844dhtrf-042017-1x1.jpg 1w\" sizes=\"auto, (max-width: 1000px) 100vw, 1000px\" \/><\/a><\/p>\n<p>Il se passe moins de cinq minutes entre le r\u00e9veil et le premier coup d\u2019\u0153il au t\u00e9l\u00e9phone portable pour un Fran\u00e7ais sur cinq. Cette proportion double chez les 18-24 ans. Tandis que 23 % des Fran\u00e7ais le consultent une derni\u00e8re fois moins de cinq minutes avant de s\u2019endormir. Les Fran\u00e7ais v\u00e9rifient leur smartphone en moyenne 26,6 fois par jour au cours de la journ\u00e9e et presque le double pour les 18-24 ans, soit 50 fois par jour.<\/p>\n<p>Les usages en mobilit\u00e9 progressent fortement. 49 % des Fran\u00e7ais disent utiliser leur smartphone dans les transports en commun en 2016, un chiffre en hausse de 19 points sur un an. Les mobinautes sont de plus en plus consommateurs de bande passante : navigation sur Internet pour 42 % des Fran\u00e7ais, 39 % pour les \u00e9changes sur les r\u00e9seaux sociaux ou consultation d\u2019actualit\u00e9s, ainsi que le visionnage de vid\u00e9os ou l&rsquo;\u00e9coute de radios digitales.<\/p>\n<p><a href=\"https:\/\/www2.deloitte.com\/fr\/fr.html\" target=\"_blank\">(Source)<\/a><\/p>\n","protected":false},"excerpt":{"rendered":"<p>Selon la derni\u00e8re \u00e9tude du Cabinet Deloitte, un des leaders mondiaux de l&rsquo;audit et des services professionnels, le smartphone arrive pour la premi\u00e8re fois en t\u00eate des \u00e9quipements digitaux en 2016. 77 % des Fran\u00e7ais \u00e2g\u00e9s de 18 \u00e0 75 ans d\u00e9clarent en poss\u00e9der un (70 % en 2015). Le taux d\u2019\u00e9quipement en ordinateur portable, [&hellip;]<\/p>\n","protected":false},"author":3,"featured_media":4803,"comment_status":"closed","ping_status":"closed","sticky":false,"template":"","format":"standard","meta":{"_et_pb_use_builder":"","_et_pb_old_content":"","_et_gb_content_width":"","footnotes":""},"categories":[13],"tags":[98,1061,38,335,499],"class_list":["post-4802","post","type-post","status-publish","format-standard","has-post-thumbnail","hentry","category-top","tag-audience-internet-mobile","tag-deloitte","tag-rapport-daudience","tag-smartphone","tag-sondage","et-has-post-format-content","et_post_format-et-post-format-standard"],"yoast_head":"<!-- This site is optimized with the Yoast SEO plugin v27.5 - https:\/\/yoast.com\/product\/yoast-seo-wordpress\/ -->\n<title>La relation fusionnelle des fran\u00e7ais pour leur smartphone - Lawebradio.com - Actualit\u00e9s des radios digitales<\/title>\n<meta name=\"description\" content=\"Selon la derni\u00e8re \u00e9tude du Cabinet Deloitte, le smartphone arrive pour la premi\u00e8re fois en t\u00eate des \u00e9quipements digitaux en 2016.\" \/>\n<meta name=\"robots\" content=\"index, follow, max-snippet:-1, max-image-preview:large, max-video-preview:-1\" \/>\n<link rel=\"canonical\" href=\"https:\/\/www.lawebradio.com\/news\/relation-fusionnelle-francais-smartphone\/\" \/>\n<meta property=\"og:locale\" content=\"fr_FR\" \/>\n<meta property=\"og:type\" content=\"article\" \/>\n<meta property=\"og:title\" content=\"La relation fusionnelle des fran\u00e7ais pour leur smartphone - Lawebradio.com - Actualit\u00e9s des radios digitales\" \/>\n<meta property=\"og:description\" content=\"Selon la derni\u00e8re \u00e9tude du Cabinet Deloitte, le smartphone arrive pour la premi\u00e8re fois en t\u00eate des \u00e9quipements digitaux en 2016.\" \/>\n<meta property=\"og:url\" content=\"https:\/\/www.lawebradio.com\/news\/relation-fusionnelle-francais-smartphone\/\" \/>\n<meta property=\"og:site_name\" content=\"Lawebradio.com - Actualit\u00e9s des radios digitales\" \/>\n<meta property=\"article:published_time\" content=\"2017-04-19T09:38:37+00:00\" \/>\n<meta property=\"og:image\" content=\"https:\/\/www.lawebradio.com\/news\/wp-content\/uploads\/2017\/04\/ima-d74r64dyr-042017.jpg\" \/>\n\t<meta property=\"og:image:width\" content=\"640\" \/>\n\t<meta property=\"og:image:height\" content=\"310\" \/>\n\t<meta property=\"og:image:type\" content=\"image\/jpeg\" \/>\n<meta name=\"author\" content=\"Julien Lecourbe\" \/>\n<meta name=\"twitter:label1\" content=\"\u00c9crit par\" \/>\n\t<meta name=\"twitter:data1\" content=\"Julien Lecourbe\" \/>\n\t<meta name=\"twitter:label2\" content=\"Dur\u00e9e de lecture estim\u00e9e\" \/>\n\t<meta name=\"twitter:data2\" content=\"1 minute\" \/>\n<script type=\"application\/ld+json\" class=\"yoast-schema-graph\">{\"@context\":\"https:\\\/\\\/schema.org\",\"@graph\":[{\"@type\":\"Article\",\"@id\":\"https:\\\/\\\/www.lawebradio.com\\\/news\\\/relation-fusionnelle-francais-smartphone\\\/#article\",\"isPartOf\":{\"@id\":\"https:\\\/\\\/www.lawebradio.com\\\/news\\\/relation-fusionnelle-francais-smartphone\\\/\"},\"author\":{\"name\":\"Julien Lecourbe\",\"@id\":\"https:\\\/\\\/www.lawebradio.com\\\/news\\\/#\\\/schema\\\/person\\\/95fd11aee6e6cfe70a4b58b482103f1f\"},\"headline\":\"La relation fusionnelle des fran\u00e7ais pour leur smartphone\",\"datePublished\":\"2017-04-19T09:38:37+00:00\",\"mainEntityOfPage\":{\"@id\":\"https:\\\/\\\/www.lawebradio.com\\\/news\\\/relation-fusionnelle-francais-smartphone\\\/\"},\"wordCount\":286,\"publisher\":{\"@id\":\"https:\\\/\\\/www.lawebradio.com\\\/news\\\/#organization\"},\"image\":{\"@id\":\"https:\\\/\\\/www.lawebradio.com\\\/news\\\/relation-fusionnelle-francais-smartphone\\\/#primaryimage\"},\"thumbnailUrl\":\"https:\\\/\\\/www.lawebradio.com\\\/news\\\/wp-content\\\/uploads\\\/2017\\\/04\\\/ima-d74r64dyr-042017.jpg\",\"keywords\":[\"audience internet mobile\",\"deloitte\",\"rapport d'audience\",\"smartphone\",\"sondage\"],\"articleSection\":[\"Top\"],\"inLanguage\":\"fr-FR\"},{\"@type\":\"WebPage\",\"@id\":\"https:\\\/\\\/www.lawebradio.com\\\/news\\\/relation-fusionnelle-francais-smartphone\\\/\",\"url\":\"https:\\\/\\\/www.lawebradio.com\\\/news\\\/relation-fusionnelle-francais-smartphone\\\/\",\"name\":\"La relation fusionnelle des fran\u00e7ais pour leur smartphone - Lawebradio.com - Actualit\u00e9s des radios digitales\",\"isPartOf\":{\"@id\":\"https:\\\/\\\/www.lawebradio.com\\\/news\\\/#website\"},\"primaryImageOfPage\":{\"@id\":\"https:\\\/\\\/www.lawebradio.com\\\/news\\\/relation-fusionnelle-francais-smartphone\\\/#primaryimage\"},\"image\":{\"@id\":\"https:\\\/\\\/www.lawebradio.com\\\/news\\\/relation-fusionnelle-francais-smartphone\\\/#primaryimage\"},\"thumbnailUrl\":\"https:\\\/\\\/www.lawebradio.com\\\/news\\\/wp-content\\\/uploads\\\/2017\\\/04\\\/ima-d74r64dyr-042017.jpg\",\"datePublished\":\"2017-04-19T09:38:37+00:00\",\"description\":\"Selon la derni\u00e8re \u00e9tude du Cabinet Deloitte, le smartphone arrive pour la premi\u00e8re fois en t\u00eate des \u00e9quipements digitaux en 2016.\",\"inLanguage\":\"fr-FR\",\"potentialAction\":[{\"@type\":\"ReadAction\",\"target\":[\"https:\\\/\\\/www.lawebradio.com\\\/news\\\/relation-fusionnelle-francais-smartphone\\\/\"]}]},{\"@type\":\"ImageObject\",\"inLanguage\":\"fr-FR\",\"@id\":\"https:\\\/\\\/www.lawebradio.com\\\/news\\\/relation-fusionnelle-francais-smartphone\\\/#primaryimage\",\"url\":\"https:\\\/\\\/www.lawebradio.com\\\/news\\\/wp-content\\\/uploads\\\/2017\\\/04\\\/ima-d74r64dyr-042017.jpg\",\"contentUrl\":\"https:\\\/\\\/www.lawebradio.com\\\/news\\\/wp-content\\\/uploads\\\/2017\\\/04\\\/ima-d74r64dyr-042017.jpg\",\"width\":640,\"height\":310},{\"@type\":\"WebSite\",\"@id\":\"https:\\\/\\\/www.lawebradio.com\\\/news\\\/#website\",\"url\":\"https:\\\/\\\/www.lawebradio.com\\\/news\\\/\",\"name\":\"Lawebradio.com - Actualit\u00e9s des radios digitales\",\"description\":\"\",\"publisher\":{\"@id\":\"https:\\\/\\\/www.lawebradio.com\\\/news\\\/#organization\"},\"potentialAction\":[{\"@type\":\"SearchAction\",\"target\":{\"@type\":\"EntryPoint\",\"urlTemplate\":\"https:\\\/\\\/www.lawebradio.com\\\/news\\\/?s={search_term_string}\"},\"query-input\":{\"@type\":\"PropertyValueSpecification\",\"valueRequired\":true,\"valueName\":\"search_term_string\"}}],\"inLanguage\":\"fr-FR\"},{\"@type\":\"Organization\",\"@id\":\"https:\\\/\\\/www.lawebradio.com\\\/news\\\/#organization\",\"name\":\"Lawebradio.com - Actualit\u00e9s des radios digitales\",\"url\":\"https:\\\/\\\/www.lawebradio.com\\\/news\\\/\",\"logo\":{\"@type\":\"ImageObject\",\"inLanguage\":\"fr-FR\",\"@id\":\"https:\\\/\\\/www.lawebradio.com\\\/news\\\/#\\\/schema\\\/logo\\\/image\\\/\",\"url\":\"https:\\\/\\\/www.lawebradio.com\\\/news\\\/wp-content\\\/uploads\\\/2020\\\/10\\\/logo2020.png\",\"contentUrl\":\"https:\\\/\\\/www.lawebradio.com\\\/news\\\/wp-content\\\/uploads\\\/2020\\\/10\\\/logo2020.png\",\"width\":254,\"height\":43,\"caption\":\"Lawebradio.com - Actualit\u00e9s des radios digitales\"},\"image\":{\"@id\":\"https:\\\/\\\/www.lawebradio.com\\\/news\\\/#\\\/schema\\\/logo\\\/image\\\/\"}},{\"@type\":\"Person\",\"@id\":\"https:\\\/\\\/www.lawebradio.com\\\/news\\\/#\\\/schema\\\/person\\\/95fd11aee6e6cfe70a4b58b482103f1f\",\"name\":\"Julien Lecourbe\",\"image\":{\"@type\":\"ImageObject\",\"inLanguage\":\"fr-FR\",\"@id\":\"https:\\\/\\\/secure.gravatar.com\\\/avatar\\\/0d25a327c6e268d9730d9c0cbeeee0fea76f04c6cf9528c29e782ef324afc515?s=96&d=mm&r=g\",\"url\":\"https:\\\/\\\/secure.gravatar.com\\\/avatar\\\/0d25a327c6e268d9730d9c0cbeeee0fea76f04c6cf9528c29e782ef324afc515?s=96&d=mm&r=g\",\"contentUrl\":\"https:\\\/\\\/secure.gravatar.com\\\/avatar\\\/0d25a327c6e268d9730d9c0cbeeee0fea76f04c6cf9528c29e782ef324afc515?s=96&d=mm&r=g\",\"caption\":\"Julien Lecourbe\"},\"url\":\"https:\\\/\\\/www.lawebradio.com\\\/news\\\/author\\\/la-redaction\\\/\"}]}<\/script>\n<!-- \/ Yoast SEO plugin. -->","yoast_head_json":{"title":"La relation fusionnelle des fran\u00e7ais pour leur smartphone - Lawebradio.com - Actualit\u00e9s des radios digitales","description":"Selon la derni\u00e8re \u00e9tude du Cabinet Deloitte, le smartphone arrive pour la premi\u00e8re fois en t\u00eate des \u00e9quipements digitaux en 2016.","robots":{"index":"index","follow":"follow","max-snippet":"max-snippet:-1","max-image-preview":"max-image-preview:large","max-video-preview":"max-video-preview:-1"},"canonical":"https:\/\/www.lawebradio.com\/news\/relation-fusionnelle-francais-smartphone\/","og_locale":"fr_FR","og_type":"article","og_title":"La relation fusionnelle des fran\u00e7ais pour leur smartphone - Lawebradio.com - Actualit\u00e9s des radios digitales","og_description":"Selon la derni\u00e8re \u00e9tude du Cabinet Deloitte, le smartphone arrive pour la premi\u00e8re fois en t\u00eate des \u00e9quipements digitaux en 2016.","og_url":"https:\/\/www.lawebradio.com\/news\/relation-fusionnelle-francais-smartphone\/","og_site_name":"Lawebradio.com - Actualit\u00e9s des radios digitales","article_published_time":"2017-04-19T09:38:37+00:00","og_image":[{"width":640,"height":310,"url":"https:\/\/www.lawebradio.com\/news\/wp-content\/uploads\/2017\/04\/ima-d74r64dyr-042017.jpg","type":"image\/jpeg"}],"author":"Julien Lecourbe","twitter_misc":{"\u00c9crit par":"Julien Lecourbe","Dur\u00e9e de lecture estim\u00e9e":"1 minute"},"schema":{"@context":"https:\/\/schema.org","@graph":[{"@type":"Article","@id":"https:\/\/www.lawebradio.com\/news\/relation-fusionnelle-francais-smartphone\/#article","isPartOf":{"@id":"https:\/\/www.lawebradio.com\/news\/relation-fusionnelle-francais-smartphone\/"},"author":{"name":"Julien Lecourbe","@id":"https:\/\/www.lawebradio.com\/news\/#\/schema\/person\/95fd11aee6e6cfe70a4b58b482103f1f"},"headline":"La relation fusionnelle des fran\u00e7ais pour leur smartphone","datePublished":"2017-04-19T09:38:37+00:00","mainEntityOfPage":{"@id":"https:\/\/www.lawebradio.com\/news\/relation-fusionnelle-francais-smartphone\/"},"wordCount":286,"publisher":{"@id":"https:\/\/www.lawebradio.com\/news\/#organization"},"image":{"@id":"https:\/\/www.lawebradio.com\/news\/relation-fusionnelle-francais-smartphone\/#primaryimage"},"thumbnailUrl":"https:\/\/www.lawebradio.com\/news\/wp-content\/uploads\/2017\/04\/ima-d74r64dyr-042017.jpg","keywords":["audience internet mobile","deloitte","rapport d'audience","smartphone","sondage"],"articleSection":["Top"],"inLanguage":"fr-FR"},{"@type":"WebPage","@id":"https:\/\/www.lawebradio.com\/news\/relation-fusionnelle-francais-smartphone\/","url":"https:\/\/www.lawebradio.com\/news\/relation-fusionnelle-francais-smartphone\/","name":"La relation fusionnelle des fran\u00e7ais pour leur smartphone - Lawebradio.com - Actualit\u00e9s des radios digitales","isPartOf":{"@id":"https:\/\/www.lawebradio.com\/news\/#website"},"primaryImageOfPage":{"@id":"https:\/\/www.lawebradio.com\/news\/relation-fusionnelle-francais-smartphone\/#primaryimage"},"image":{"@id":"https:\/\/www.lawebradio.com\/news\/relation-fusionnelle-francais-smartphone\/#primaryimage"},"thumbnailUrl":"https:\/\/www.lawebradio.com\/news\/wp-content\/uploads\/2017\/04\/ima-d74r64dyr-042017.jpg","datePublished":"2017-04-19T09:38:37+00:00","description":"Selon la derni\u00e8re \u00e9tude du Cabinet Deloitte, le smartphone arrive pour la premi\u00e8re fois en t\u00eate des \u00e9quipements digitaux en 2016.","inLanguage":"fr-FR","potentialAction":[{"@type":"ReadAction","target":["https:\/\/www.lawebradio.com\/news\/relation-fusionnelle-francais-smartphone\/"]}]},{"@type":"ImageObject","inLanguage":"fr-FR","@id":"https:\/\/www.lawebradio.com\/news\/relation-fusionnelle-francais-smartphone\/#primaryimage","url":"https:\/\/www.lawebradio.com\/news\/wp-content\/uploads\/2017\/04\/ima-d74r64dyr-042017.jpg","contentUrl":"https:\/\/www.lawebradio.com\/news\/wp-content\/uploads\/2017\/04\/ima-d74r64dyr-042017.jpg","width":640,"height":310},{"@type":"WebSite","@id":"https:\/\/www.lawebradio.com\/news\/#website","url":"https:\/\/www.lawebradio.com\/news\/","name":"Lawebradio.com - Actualit\u00e9s des radios digitales","description":"","publisher":{"@id":"https:\/\/www.lawebradio.com\/news\/#organization"},"potentialAction":[{"@type":"SearchAction","target":{"@type":"EntryPoint","urlTemplate":"https:\/\/www.lawebradio.com\/news\/?s={search_term_string}"},"query-input":{"@type":"PropertyValueSpecification","valueRequired":true,"valueName":"search_term_string"}}],"inLanguage":"fr-FR"},{"@type":"Organization","@id":"https:\/\/www.lawebradio.com\/news\/#organization","name":"Lawebradio.com - Actualit\u00e9s des radios digitales","url":"https:\/\/www.lawebradio.com\/news\/","logo":{"@type":"ImageObject","inLanguage":"fr-FR","@id":"https:\/\/www.lawebradio.com\/news\/#\/schema\/logo\/image\/","url":"https:\/\/www.lawebradio.com\/news\/wp-content\/uploads\/2020\/10\/logo2020.png","contentUrl":"https:\/\/www.lawebradio.com\/news\/wp-content\/uploads\/2020\/10\/logo2020.png","width":254,"height":43,"caption":"Lawebradio.com - Actualit\u00e9s des radios digitales"},"image":{"@id":"https:\/\/www.lawebradio.com\/news\/#\/schema\/logo\/image\/"}},{"@type":"Person","@id":"https:\/\/www.lawebradio.com\/news\/#\/schema\/person\/95fd11aee6e6cfe70a4b58b482103f1f","name":"Julien Lecourbe","image":{"@type":"ImageObject","inLanguage":"fr-FR","@id":"https:\/\/secure.gravatar.com\/avatar\/0d25a327c6e268d9730d9c0cbeeee0fea76f04c6cf9528c29e782ef324afc515?s=96&d=mm&r=g","url":"https:\/\/secure.gravatar.com\/avatar\/0d25a327c6e268d9730d9c0cbeeee0fea76f04c6cf9528c29e782ef324afc515?s=96&d=mm&r=g","contentUrl":"https:\/\/secure.gravatar.com\/avatar\/0d25a327c6e268d9730d9c0cbeeee0fea76f04c6cf9528c29e782ef324afc515?s=96&d=mm&r=g","caption":"Julien Lecourbe"},"url":"https:\/\/www.lawebradio.com\/news\/author\/la-redaction\/"}]}},"_links":{"self":[{"href":"https:\/\/www.lawebradio.com\/news\/wp-json\/wp\/v2\/posts\/4802","targetHints":{"allow":["GET"]}}],"collection":[{"href":"https:\/\/www.lawebradio.com\/news\/wp-json\/wp\/v2\/posts"}],"about":[{"href":"https:\/\/www.lawebradio.com\/news\/wp-json\/wp\/v2\/types\/post"}],"author":[{"embeddable":true,"href":"https:\/\/www.lawebradio.com\/news\/wp-json\/wp\/v2\/users\/3"}],"replies":[{"embeddable":true,"href":"https:\/\/www.lawebradio.com\/news\/wp-json\/wp\/v2\/comments?post=4802"}],"version-history":[{"count":2,"href":"https:\/\/www.lawebradio.com\/news\/wp-json\/wp\/v2\/posts\/4802\/revisions"}],"predecessor-version":[{"id":4806,"href":"https:\/\/www.lawebradio.com\/news\/wp-json\/wp\/v2\/posts\/4802\/revisions\/4806"}],"wp:featuredmedia":[{"embeddable":true,"href":"https:\/\/www.lawebradio.com\/news\/wp-json\/wp\/v2\/media\/4803"}],"wp:attachment":[{"href":"https:\/\/www.lawebradio.com\/news\/wp-json\/wp\/v2\/media?parent=4802"}],"wp:term":[{"taxonomy":"category","embeddable":true,"href":"https:\/\/www.lawebradio.com\/news\/wp-json\/wp\/v2\/categories?post=4802"},{"taxonomy":"post_tag","embeddable":true,"href":"https:\/\/www.lawebradio.com\/news\/wp-json\/wp\/v2\/tags?post=4802"}],"curies":[{"name":"wp","href":"https:\/\/api.w.org\/{rel}","templated":true}]}}