{"id":4705,"date":"2017-03-02T16:11:52","date_gmt":"2017-03-02T15:11:52","guid":{"rendered":"http:\/\/www.lawebradio.com\/news\/?p=4705"},"modified":"2017-03-02T16:12:19","modified_gmt":"2017-03-02T15:12:19","slug":"radios-digitales-a-ecouter-de-toute-urgence-mars-2017","status":"publish","type":"post","link":"https:\/\/www.lawebradio.com\/news\/radios-digitales-a-ecouter-de-toute-urgence-mars-2017\/","title":{"rendered":"Les radios digitales \u00e0 \u00e9couter de toute urgence en Mars 2017"},"content":{"rendered":"<p><strong>La r\u00e9daction de Lawebradio.com vous invite, chaque mois, \u00e0 d\u00e9couvrir et \u00e9couter une s\u00e9lection de radios en ligne qui m\u00e9ritent votre attention en partenariat avec l&rsquo;annuaire :<\/strong><\/p>\n<p><a href=\"http:\/\/www.lesradiosdigitales.com\" target=\"_blank\"><img loading=\"lazy\" decoding=\"async\" class=\"aligncenter wp-image-3969 size-full\" title=\"Annuaire des radios digitales\" src=\"http:\/\/www.lawebradio.com\/news\/wp-content\/uploads\/2016\/07\/logo-les-radios-digitales-250px.png\" alt=\"Annuaire des radios digitales\" width=\"250\" height=\"42\" srcset=\"https:\/\/www.lawebradio.com\/news\/wp-content\/uploads\/2016\/07\/logo-les-radios-digitales-250px.png 250w, https:\/\/www.lawebradio.com\/news\/wp-content\/uploads\/2016\/07\/logo-les-radios-digitales-250px-150x25.png 150w\" sizes=\"auto, (max-width: 250px) 100vw, 250px\" \/><\/a><br \/>\n<a href=\"http:\/\/lesradiosdigitales.com\/annuaire\/music\/barock-music\/\" target=\"_blank\"><img loading=\"lazy\" decoding=\"async\" class=\"alignnone wp-image-4706 size-full\" src=\"http:\/\/www.lawebradio.com\/news\/wp-content\/uploads\/2017\/03\/select-barock-music.jpg\" alt=\"Radio Barock Music\" width=\"580\" height=\"95\" srcset=\"https:\/\/www.lawebradio.com\/news\/wp-content\/uploads\/2017\/03\/select-barock-music.jpg 580w, https:\/\/www.lawebradio.com\/news\/wp-content\/uploads\/2017\/03\/select-barock-music-150x25.jpg 150w, https:\/\/www.lawebradio.com\/news\/wp-content\/uploads\/2017\/03\/select-barock-music-300x49.jpg 300w, https:\/\/www.lawebradio.com\/news\/wp-content\/uploads\/2017\/03\/select-barock-music-1x1.jpg 1w\" sizes=\"auto, (max-width: 580px) 100vw, 580px\" \/><\/a> <a href=\"http:\/\/lesradiosdigitales.com\/annuaire\/music\/bossa-nova-breakfast\/\" target=\"_blank\"><img loading=\"lazy\" decoding=\"async\" class=\"alignnone wp-image-4707 size-full\" src=\"http:\/\/www.lawebradio.com\/news\/wp-content\/uploads\/2017\/03\/select-bossa-nova-breakfast.jpg\" alt=\"Bossa Nova Breakfast\" width=\"580\" height=\"95\" srcset=\"https:\/\/www.lawebradio.com\/news\/wp-content\/uploads\/2017\/03\/select-bossa-nova-breakfast.jpg 580w, https:\/\/www.lawebradio.com\/news\/wp-content\/uploads\/2017\/03\/select-bossa-nova-breakfast-150x25.jpg 150w, https:\/\/www.lawebradio.com\/news\/wp-content\/uploads\/2017\/03\/select-bossa-nova-breakfast-300x49.jpg 300w, https:\/\/www.lawebradio.com\/news\/wp-content\/uploads\/2017\/03\/select-bossa-nova-breakfast-1x1.jpg 1w\" sizes=\"auto, (max-width: 580px) 100vw, 580px\" \/><\/a> <a href=\"http:\/\/lesradiosdigitales.com\/annuaire\/music\/eure-du-blues\/\" target=\"_blank\"><img loading=\"lazy\" decoding=\"async\" class=\"alignnone wp-image-4708 size-full\" src=\"http:\/\/www.lawebradio.com\/news\/wp-content\/uploads\/2017\/03\/select-euredublues.jpg\" alt=\"Eure du Blues Radio\" width=\"580\" height=\"95\" srcset=\"https:\/\/www.lawebradio.com\/news\/wp-content\/uploads\/2017\/03\/select-euredublues.jpg 580w, https:\/\/www.lawebradio.com\/news\/wp-content\/uploads\/2017\/03\/select-euredublues-150x25.jpg 150w, https:\/\/www.lawebradio.com\/news\/wp-content\/uploads\/2017\/03\/select-euredublues-300x49.jpg 300w, https:\/\/www.lawebradio.com\/news\/wp-content\/uploads\/2017\/03\/select-euredublues-1x1.jpg 1w\" sizes=\"auto, (max-width: 580px) 100vw, 580px\" \/><\/a> <a href=\"http:\/\/lesradiosdigitales.com\/annuaire\/music\/french-kiss-radio\/\" target=\"_blank\"><img loading=\"lazy\" decoding=\"async\" class=\"alignnone wp-image-4709 size-full\" src=\"http:\/\/www.lawebradio.com\/news\/wp-content\/uploads\/2017\/03\/select-frenchkiss.jpg\" alt=\"French Kiss Radio\" width=\"580\" height=\"95\" srcset=\"https:\/\/www.lawebradio.com\/news\/wp-content\/uploads\/2017\/03\/select-frenchkiss.jpg 580w, https:\/\/www.lawebradio.com\/news\/wp-content\/uploads\/2017\/03\/select-frenchkiss-150x25.jpg 150w, https:\/\/www.lawebradio.com\/news\/wp-content\/uploads\/2017\/03\/select-frenchkiss-300x49.jpg 300w, https:\/\/www.lawebradio.com\/news\/wp-content\/uploads\/2017\/03\/select-frenchkiss-1x1.jpg 1w\" sizes=\"auto, (max-width: 580px) 100vw, 580px\" \/><\/a> <a href=\"http:\/\/lesradiosdigitales.com\/annuaire\/music\/jazz4ever\/\" target=\"_blank\"><img loading=\"lazy\" decoding=\"async\" class=\"alignnone wp-image-4710 size-full\" src=\"http:\/\/www.lawebradio.com\/news\/wp-content\/uploads\/2017\/03\/select-jazz4ever.jpg\" alt=\"Jazz4ever\" width=\"580\" height=\"95\" srcset=\"https:\/\/www.lawebradio.com\/news\/wp-content\/uploads\/2017\/03\/select-jazz4ever.jpg 580w, https:\/\/www.lawebradio.com\/news\/wp-content\/uploads\/2017\/03\/select-jazz4ever-150x25.jpg 150w, https:\/\/www.lawebradio.com\/news\/wp-content\/uploads\/2017\/03\/select-jazz4ever-300x49.jpg 300w, https:\/\/www.lawebradio.com\/news\/wp-content\/uploads\/2017\/03\/select-jazz4ever-1x1.jpg 1w\" sizes=\"auto, (max-width: 580px) 100vw, 580px\" \/><\/a> <a href=\"http:\/\/lesradiosdigitales.com\/annuaire\/music\/pop-radio\/\" target=\"_blank\"><img loading=\"lazy\" decoding=\"async\" class=\"alignnone wp-image-4711 size-full\" src=\"http:\/\/www.lawebradio.com\/news\/wp-content\/uploads\/2017\/03\/select-popradio.jpg\" alt=\"Pop Radio\" width=\"580\" height=\"95\" srcset=\"https:\/\/www.lawebradio.com\/news\/wp-content\/uploads\/2017\/03\/select-popradio.jpg 580w, https:\/\/www.lawebradio.com\/news\/wp-content\/uploads\/2017\/03\/select-popradio-150x25.jpg 150w, https:\/\/www.lawebradio.com\/news\/wp-content\/uploads\/2017\/03\/select-popradio-300x49.jpg 300w, https:\/\/www.lawebradio.com\/news\/wp-content\/uploads\/2017\/03\/select-popradio-1x1.jpg 1w\" sizes=\"auto, (max-width: 580px) 100vw, 580px\" \/><\/a> <a href=\"http:\/\/lesradiosdigitales.com\/annuaire\/music\/puls-radio\/\" target=\"_blank\"><img loading=\"lazy\" decoding=\"async\" class=\"alignnone wp-image-4712 size-full\" src=\"http:\/\/www.lawebradio.com\/news\/wp-content\/uploads\/2017\/03\/select-pulsradio.jpg\" alt=\"Pulsa Radio\" width=\"580\" height=\"95\" srcset=\"https:\/\/www.lawebradio.com\/news\/wp-content\/uploads\/2017\/03\/select-pulsradio.jpg 580w, https:\/\/www.lawebradio.com\/news\/wp-content\/uploads\/2017\/03\/select-pulsradio-150x25.jpg 150w, https:\/\/www.lawebradio.com\/news\/wp-content\/uploads\/2017\/03\/select-pulsradio-300x49.jpg 300w, https:\/\/www.lawebradio.com\/news\/wp-content\/uploads\/2017\/03\/select-pulsradio-1x1.jpg 1w\" sizes=\"auto, (max-width: 580px) 100vw, 580px\" \/><\/a> <a href=\"http:\/\/lesradiosdigitales.com\/annuaire\/music\/sunhit-music\/\" target=\"_blank\"><img loading=\"lazy\" decoding=\"async\" class=\"alignnone wp-image-4713 size-full\" src=\"http:\/\/www.lawebradio.com\/news\/wp-content\/uploads\/2017\/03\/select-sunhitmusic.jpg\" alt=\"Sun\u2019Hit Music\" width=\"580\" height=\"95\" srcset=\"https:\/\/www.lawebradio.com\/news\/wp-content\/uploads\/2017\/03\/select-sunhitmusic.jpg 580w, https:\/\/www.lawebradio.com\/news\/wp-content\/uploads\/2017\/03\/select-sunhitmusic-150x25.jpg 150w, https:\/\/www.lawebradio.com\/news\/wp-content\/uploads\/2017\/03\/select-sunhitmusic-300x49.jpg 300w, https:\/\/www.lawebradio.com\/news\/wp-content\/uploads\/2017\/03\/select-sunhitmusic-1x1.jpg 1w\" sizes=\"auto, (max-width: 580px) 100vw, 580px\" \/><\/a> <a href=\"http:\/\/lesradiosdigitales.com\/annuaire\/music\/utopic-radio\/\" target=\"_blank\"><img loading=\"lazy\" decoding=\"async\" class=\"alignnone wp-image-4714 size-full\" src=\"http:\/\/www.lawebradio.com\/news\/wp-content\/uploads\/2017\/03\/select-utopic-radio.jpg\" alt=\"Utopic Radio\" width=\"580\" height=\"95\" srcset=\"https:\/\/www.lawebradio.com\/news\/wp-content\/uploads\/2017\/03\/select-utopic-radio.jpg 580w, https:\/\/www.lawebradio.com\/news\/wp-content\/uploads\/2017\/03\/select-utopic-radio-150x25.jpg 150w, https:\/\/www.lawebradio.com\/news\/wp-content\/uploads\/2017\/03\/select-utopic-radio-300x49.jpg 300w, https:\/\/www.lawebradio.com\/news\/wp-content\/uploads\/2017\/03\/select-utopic-radio-1x1.jpg 1w\" sizes=\"auto, (max-width: 580px) 100vw, 580px\" \/><\/a> <a href=\"http:\/\/lesradiosdigitales.com\/annuaire\/music\/vitaazur\/\" target=\"_blank\"><img loading=\"lazy\" decoding=\"async\" class=\"alignnone wp-image-4715 size-full\" src=\"http:\/\/www.lawebradio.com\/news\/wp-content\/uploads\/2017\/03\/select-vitaazur.jpg\" alt=\"VitaAzur\" width=\"580\" height=\"95\" srcset=\"https:\/\/www.lawebradio.com\/news\/wp-content\/uploads\/2017\/03\/select-vitaazur.jpg 580w, https:\/\/www.lawebradio.com\/news\/wp-content\/uploads\/2017\/03\/select-vitaazur-150x25.jpg 150w, https:\/\/www.lawebradio.com\/news\/wp-content\/uploads\/2017\/03\/select-vitaazur-300x49.jpg 300w, https:\/\/www.lawebradio.com\/news\/wp-content\/uploads\/2017\/03\/select-vitaazur-1x1.jpg 1w\" sizes=\"auto, (max-width: 580px) 100vw, 580px\" \/><\/a><\/p>\n","protected":false},"excerpt":{"rendered":"<p>La r\u00e9daction de Lawebradio.com vous invite, chaque mois, \u00e0 d\u00e9couvrir et \u00e9couter une s\u00e9lection de radios en ligne qui m\u00e9ritent votre attention en partenariat avec l&rsquo;annuaire :<\/p>\n","protected":false},"author":3,"featured_media":3949,"comment_status":"closed","ping_status":"closed","sticky":false,"template":"","format":"standard","meta":{"_et_pb_use_builder":"","_et_pb_old_content":"","_et_gb_content_width":"","footnotes":""},"categories":[1038],"tags":[151,24,214,51,1026,44],"class_list":["post-4705","post","type-post","status-publish","format-standard","has-post-thumbnail","hentry","category-selectiondumois","tag-classement","tag-ecoutez-en-direct","tag-radios-digitales","tag-radios-en-ligne","tag-top-selection","tag-webradios","et-has-post-format-content","et_post_format-et-post-format-standard"],"yoast_head":"<!-- This site is optimized with the Yoast SEO plugin v27.5 - https:\/\/yoast.com\/product\/yoast-seo-wordpress\/ -->\n<title>Les radios digitales \u00e0 \u00e9couter de toute urgence en Mars 2017<\/title>\n<meta name=\"description\" content=\"La r\u00e9daction de Lawebradio.com vous invite, chaque mois, \u00e0 d\u00e9couvrir et \u00e9couter une s\u00e9lection de radios en ligne qui m\u00e9ritent votre attention.\" \/>\n<meta name=\"robots\" content=\"index, follow, max-snippet:-1, max-image-preview:large, max-video-preview:-1\" \/>\n<link rel=\"canonical\" href=\"https:\/\/www.lawebradio.com\/news\/radios-digitales-a-ecouter-de-toute-urgence-mars-2017\/\" \/>\n<meta property=\"og:locale\" content=\"fr_FR\" \/>\n<meta property=\"og:type\" content=\"article\" \/>\n<meta property=\"og:title\" content=\"Les radios digitales \u00e0 \u00e9couter de toute urgence en Mars 2017\" \/>\n<meta property=\"og:description\" content=\"La r\u00e9daction de Lawebradio.com vous invite, chaque mois, \u00e0 d\u00e9couvrir et \u00e9couter une s\u00e9lection de radios en ligne qui m\u00e9ritent votre attention.\" \/>\n<meta property=\"og:url\" content=\"https:\/\/www.lawebradio.com\/news\/radios-digitales-a-ecouter-de-toute-urgence-mars-2017\/\" \/>\n<meta property=\"og:site_name\" content=\"Lawebradio.com - Actualit\u00e9s des radios digitales\" \/>\n<meta property=\"article:published_time\" content=\"2017-03-02T15:11:52+00:00\" \/>\n<meta property=\"article:modified_time\" content=\"2017-03-02T15:12:19+00:00\" \/>\n<meta property=\"og:image\" content=\"https:\/\/www.lawebradio.com\/news\/wp-content\/uploads\/2016\/07\/laselection-lawebradio.jpg\" \/>\n\t<meta property=\"og:image:width\" content=\"640\" \/>\n\t<meta property=\"og:image:height\" content=\"310\" \/>\n\t<meta property=\"og:image:type\" content=\"image\/jpeg\" \/>\n<meta name=\"author\" content=\"Julien Lecourbe\" \/>\n<meta name=\"twitter:label1\" content=\"\u00c9crit par\" \/>\n\t<meta name=\"twitter:data1\" content=\"Julien Lecourbe\" \/>\n<script type=\"application\/ld+json\" class=\"yoast-schema-graph\">{\"@context\":\"https:\\\/\\\/schema.org\",\"@graph\":[{\"@type\":\"Article\",\"@id\":\"https:\\\/\\\/www.lawebradio.com\\\/news\\\/radios-digitales-a-ecouter-de-toute-urgence-mars-2017\\\/#article\",\"isPartOf\":{\"@id\":\"https:\\\/\\\/www.lawebradio.com\\\/news\\\/radios-digitales-a-ecouter-de-toute-urgence-mars-2017\\\/\"},\"author\":{\"name\":\"Julien Lecourbe\",\"@id\":\"https:\\\/\\\/www.lawebradio.com\\\/news\\\/#\\\/schema\\\/person\\\/95fd11aee6e6cfe70a4b58b482103f1f\"},\"headline\":\"Les radios digitales \u00e0 \u00e9couter de toute urgence en Mars 2017\",\"datePublished\":\"2017-03-02T15:11:52+00:00\",\"dateModified\":\"2017-03-02T15:12:19+00:00\",\"mainEntityOfPage\":{\"@id\":\"https:\\\/\\\/www.lawebradio.com\\\/news\\\/radios-digitales-a-ecouter-de-toute-urgence-mars-2017\\\/\"},\"wordCount\":40,\"publisher\":{\"@id\":\"https:\\\/\\\/www.lawebradio.com\\\/news\\\/#organization\"},\"image\":{\"@id\":\"https:\\\/\\\/www.lawebradio.com\\\/news\\\/radios-digitales-a-ecouter-de-toute-urgence-mars-2017\\\/#primaryimage\"},\"thumbnailUrl\":\"https:\\\/\\\/www.lawebradio.com\\\/news\\\/wp-content\\\/uploads\\\/2016\\\/07\\\/laselection-lawebradio.jpg\",\"keywords\":[\"Classement\",\"\u00e9coutez en direct\",\"radios digitales\",\"radios en ligne\",\"top s\u00e9lection\",\"webradios\"],\"articleSection\":[\"En partenariat avec l'annuaire LesRadiosDigitales.com\"],\"inLanguage\":\"fr-FR\"},{\"@type\":\"WebPage\",\"@id\":\"https:\\\/\\\/www.lawebradio.com\\\/news\\\/radios-digitales-a-ecouter-de-toute-urgence-mars-2017\\\/\",\"url\":\"https:\\\/\\\/www.lawebradio.com\\\/news\\\/radios-digitales-a-ecouter-de-toute-urgence-mars-2017\\\/\",\"name\":\"Les radios digitales \u00e0 \u00e9couter de toute urgence en Mars 2017\",\"isPartOf\":{\"@id\":\"https:\\\/\\\/www.lawebradio.com\\\/news\\\/#website\"},\"primaryImageOfPage\":{\"@id\":\"https:\\\/\\\/www.lawebradio.com\\\/news\\\/radios-digitales-a-ecouter-de-toute-urgence-mars-2017\\\/#primaryimage\"},\"image\":{\"@id\":\"https:\\\/\\\/www.lawebradio.com\\\/news\\\/radios-digitales-a-ecouter-de-toute-urgence-mars-2017\\\/#primaryimage\"},\"thumbnailUrl\":\"https:\\\/\\\/www.lawebradio.com\\\/news\\\/wp-content\\\/uploads\\\/2016\\\/07\\\/laselection-lawebradio.jpg\",\"datePublished\":\"2017-03-02T15:11:52+00:00\",\"dateModified\":\"2017-03-02T15:12:19+00:00\",\"description\":\"La r\u00e9daction de Lawebradio.com vous invite, chaque mois, \u00e0 d\u00e9couvrir et \u00e9couter une s\u00e9lection de radios en ligne qui m\u00e9ritent votre attention.\",\"inLanguage\":\"fr-FR\",\"potentialAction\":[{\"@type\":\"ReadAction\",\"target\":[\"https:\\\/\\\/www.lawebradio.com\\\/news\\\/radios-digitales-a-ecouter-de-toute-urgence-mars-2017\\\/\"]}]},{\"@type\":\"ImageObject\",\"inLanguage\":\"fr-FR\",\"@id\":\"https:\\\/\\\/www.lawebradio.com\\\/news\\\/radios-digitales-a-ecouter-de-toute-urgence-mars-2017\\\/#primaryimage\",\"url\":\"https:\\\/\\\/www.lawebradio.com\\\/news\\\/wp-content\\\/uploads\\\/2016\\\/07\\\/laselection-lawebradio.jpg\",\"contentUrl\":\"https:\\\/\\\/www.lawebradio.com\\\/news\\\/wp-content\\\/uploads\\\/2016\\\/07\\\/laselection-lawebradio.jpg\",\"width\":640,\"height\":310},{\"@type\":\"WebSite\",\"@id\":\"https:\\\/\\\/www.lawebradio.com\\\/news\\\/#website\",\"url\":\"https:\\\/\\\/www.lawebradio.com\\\/news\\\/\",\"name\":\"Lawebradio.com - Actualit\u00e9s des radios digitales\",\"description\":\"\",\"publisher\":{\"@id\":\"https:\\\/\\\/www.lawebradio.com\\\/news\\\/#organization\"},\"potentialAction\":[{\"@type\":\"SearchAction\",\"target\":{\"@type\":\"EntryPoint\",\"urlTemplate\":\"https:\\\/\\\/www.lawebradio.com\\\/news\\\/?s={search_term_string}\"},\"query-input\":{\"@type\":\"PropertyValueSpecification\",\"valueRequired\":true,\"valueName\":\"search_term_string\"}}],\"inLanguage\":\"fr-FR\"},{\"@type\":\"Organization\",\"@id\":\"https:\\\/\\\/www.lawebradio.com\\\/news\\\/#organization\",\"name\":\"Lawebradio.com - Actualit\u00e9s des radios digitales\",\"url\":\"https:\\\/\\\/www.lawebradio.com\\\/news\\\/\",\"logo\":{\"@type\":\"ImageObject\",\"inLanguage\":\"fr-FR\",\"@id\":\"https:\\\/\\\/www.lawebradio.com\\\/news\\\/#\\\/schema\\\/logo\\\/image\\\/\",\"url\":\"https:\\\/\\\/www.lawebradio.com\\\/news\\\/wp-content\\\/uploads\\\/2020\\\/10\\\/logo2020.png\",\"contentUrl\":\"https:\\\/\\\/www.lawebradio.com\\\/news\\\/wp-content\\\/uploads\\\/2020\\\/10\\\/logo2020.png\",\"width\":254,\"height\":43,\"caption\":\"Lawebradio.com - Actualit\u00e9s des radios digitales\"},\"image\":{\"@id\":\"https:\\\/\\\/www.lawebradio.com\\\/news\\\/#\\\/schema\\\/logo\\\/image\\\/\"}},{\"@type\":\"Person\",\"@id\":\"https:\\\/\\\/www.lawebradio.com\\\/news\\\/#\\\/schema\\\/person\\\/95fd11aee6e6cfe70a4b58b482103f1f\",\"name\":\"Julien Lecourbe\",\"image\":{\"@type\":\"ImageObject\",\"inLanguage\":\"fr-FR\",\"@id\":\"https:\\\/\\\/secure.gravatar.com\\\/avatar\\\/0d25a327c6e268d9730d9c0cbeeee0fea76f04c6cf9528c29e782ef324afc515?s=96&d=mm&r=g\",\"url\":\"https:\\\/\\\/secure.gravatar.com\\\/avatar\\\/0d25a327c6e268d9730d9c0cbeeee0fea76f04c6cf9528c29e782ef324afc515?s=96&d=mm&r=g\",\"contentUrl\":\"https:\\\/\\\/secure.gravatar.com\\\/avatar\\\/0d25a327c6e268d9730d9c0cbeeee0fea76f04c6cf9528c29e782ef324afc515?s=96&d=mm&r=g\",\"caption\":\"Julien Lecourbe\"},\"url\":\"https:\\\/\\\/www.lawebradio.com\\\/news\\\/author\\\/la-redaction\\\/\"}]}<\/script>\n<!-- \/ Yoast SEO plugin. -->","yoast_head_json":{"title":"Les radios digitales \u00e0 \u00e9couter de toute urgence en Mars 2017","description":"La r\u00e9daction de Lawebradio.com vous invite, chaque mois, \u00e0 d\u00e9couvrir et \u00e9couter une s\u00e9lection de radios en ligne qui m\u00e9ritent votre attention.","robots":{"index":"index","follow":"follow","max-snippet":"max-snippet:-1","max-image-preview":"max-image-preview:large","max-video-preview":"max-video-preview:-1"},"canonical":"https:\/\/www.lawebradio.com\/news\/radios-digitales-a-ecouter-de-toute-urgence-mars-2017\/","og_locale":"fr_FR","og_type":"article","og_title":"Les radios digitales \u00e0 \u00e9couter de toute urgence en Mars 2017","og_description":"La r\u00e9daction de Lawebradio.com vous invite, chaque mois, \u00e0 d\u00e9couvrir et \u00e9couter une s\u00e9lection de radios en ligne qui m\u00e9ritent votre attention.","og_url":"https:\/\/www.lawebradio.com\/news\/radios-digitales-a-ecouter-de-toute-urgence-mars-2017\/","og_site_name":"Lawebradio.com - Actualit\u00e9s des radios digitales","article_published_time":"2017-03-02T15:11:52+00:00","article_modified_time":"2017-03-02T15:12:19+00:00","og_image":[{"width":640,"height":310,"url":"https:\/\/www.lawebradio.com\/news\/wp-content\/uploads\/2016\/07\/laselection-lawebradio.jpg","type":"image\/jpeg"}],"author":"Julien Lecourbe","twitter_misc":{"\u00c9crit par":"Julien Lecourbe"},"schema":{"@context":"https:\/\/schema.org","@graph":[{"@type":"Article","@id":"https:\/\/www.lawebradio.com\/news\/radios-digitales-a-ecouter-de-toute-urgence-mars-2017\/#article","isPartOf":{"@id":"https:\/\/www.lawebradio.com\/news\/radios-digitales-a-ecouter-de-toute-urgence-mars-2017\/"},"author":{"name":"Julien Lecourbe","@id":"https:\/\/www.lawebradio.com\/news\/#\/schema\/person\/95fd11aee6e6cfe70a4b58b482103f1f"},"headline":"Les radios digitales \u00e0 \u00e9couter de toute urgence en Mars 2017","datePublished":"2017-03-02T15:11:52+00:00","dateModified":"2017-03-02T15:12:19+00:00","mainEntityOfPage":{"@id":"https:\/\/www.lawebradio.com\/news\/radios-digitales-a-ecouter-de-toute-urgence-mars-2017\/"},"wordCount":40,"publisher":{"@id":"https:\/\/www.lawebradio.com\/news\/#organization"},"image":{"@id":"https:\/\/www.lawebradio.com\/news\/radios-digitales-a-ecouter-de-toute-urgence-mars-2017\/#primaryimage"},"thumbnailUrl":"https:\/\/www.lawebradio.com\/news\/wp-content\/uploads\/2016\/07\/laselection-lawebradio.jpg","keywords":["Classement","\u00e9coutez en direct","radios digitales","radios en ligne","top s\u00e9lection","webradios"],"articleSection":["En partenariat avec l'annuaire LesRadiosDigitales.com"],"inLanguage":"fr-FR"},{"@type":"WebPage","@id":"https:\/\/www.lawebradio.com\/news\/radios-digitales-a-ecouter-de-toute-urgence-mars-2017\/","url":"https:\/\/www.lawebradio.com\/news\/radios-digitales-a-ecouter-de-toute-urgence-mars-2017\/","name":"Les radios digitales \u00e0 \u00e9couter de toute urgence en Mars 2017","isPartOf":{"@id":"https:\/\/www.lawebradio.com\/news\/#website"},"primaryImageOfPage":{"@id":"https:\/\/www.lawebradio.com\/news\/radios-digitales-a-ecouter-de-toute-urgence-mars-2017\/#primaryimage"},"image":{"@id":"https:\/\/www.lawebradio.com\/news\/radios-digitales-a-ecouter-de-toute-urgence-mars-2017\/#primaryimage"},"thumbnailUrl":"https:\/\/www.lawebradio.com\/news\/wp-content\/uploads\/2016\/07\/laselection-lawebradio.jpg","datePublished":"2017-03-02T15:11:52+00:00","dateModified":"2017-03-02T15:12:19+00:00","description":"La r\u00e9daction de Lawebradio.com vous invite, chaque mois, \u00e0 d\u00e9couvrir et \u00e9couter une s\u00e9lection de radios en ligne qui m\u00e9ritent votre attention.","inLanguage":"fr-FR","potentialAction":[{"@type":"ReadAction","target":["https:\/\/www.lawebradio.com\/news\/radios-digitales-a-ecouter-de-toute-urgence-mars-2017\/"]}]},{"@type":"ImageObject","inLanguage":"fr-FR","@id":"https:\/\/www.lawebradio.com\/news\/radios-digitales-a-ecouter-de-toute-urgence-mars-2017\/#primaryimage","url":"https:\/\/www.lawebradio.com\/news\/wp-content\/uploads\/2016\/07\/laselection-lawebradio.jpg","contentUrl":"https:\/\/www.lawebradio.com\/news\/wp-content\/uploads\/2016\/07\/laselection-lawebradio.jpg","width":640,"height":310},{"@type":"WebSite","@id":"https:\/\/www.lawebradio.com\/news\/#website","url":"https:\/\/www.lawebradio.com\/news\/","name":"Lawebradio.com - Actualit\u00e9s des radios digitales","description":"","publisher":{"@id":"https:\/\/www.lawebradio.com\/news\/#organization"},"potentialAction":[{"@type":"SearchAction","target":{"@type":"EntryPoint","urlTemplate":"https:\/\/www.lawebradio.com\/news\/?s={search_term_string}"},"query-input":{"@type":"PropertyValueSpecification","valueRequired":true,"valueName":"search_term_string"}}],"inLanguage":"fr-FR"},{"@type":"Organization","@id":"https:\/\/www.lawebradio.com\/news\/#organization","name":"Lawebradio.com - Actualit\u00e9s des radios digitales","url":"https:\/\/www.lawebradio.com\/news\/","logo":{"@type":"ImageObject","inLanguage":"fr-FR","@id":"https:\/\/www.lawebradio.com\/news\/#\/schema\/logo\/image\/","url":"https:\/\/www.lawebradio.com\/news\/wp-content\/uploads\/2020\/10\/logo2020.png","contentUrl":"https:\/\/www.lawebradio.com\/news\/wp-content\/uploads\/2020\/10\/logo2020.png","width":254,"height":43,"caption":"Lawebradio.com - Actualit\u00e9s des radios digitales"},"image":{"@id":"https:\/\/www.lawebradio.com\/news\/#\/schema\/logo\/image\/"}},{"@type":"Person","@id":"https:\/\/www.lawebradio.com\/news\/#\/schema\/person\/95fd11aee6e6cfe70a4b58b482103f1f","name":"Julien Lecourbe","image":{"@type":"ImageObject","inLanguage":"fr-FR","@id":"https:\/\/secure.gravatar.com\/avatar\/0d25a327c6e268d9730d9c0cbeeee0fea76f04c6cf9528c29e782ef324afc515?s=96&d=mm&r=g","url":"https:\/\/secure.gravatar.com\/avatar\/0d25a327c6e268d9730d9c0cbeeee0fea76f04c6cf9528c29e782ef324afc515?s=96&d=mm&r=g","contentUrl":"https:\/\/secure.gravatar.com\/avatar\/0d25a327c6e268d9730d9c0cbeeee0fea76f04c6cf9528c29e782ef324afc515?s=96&d=mm&r=g","caption":"Julien Lecourbe"},"url":"https:\/\/www.lawebradio.com\/news\/author\/la-redaction\/"}]}},"_links":{"self":[{"href":"https:\/\/www.lawebradio.com\/news\/wp-json\/wp\/v2\/posts\/4705","targetHints":{"allow":["GET"]}}],"collection":[{"href":"https:\/\/www.lawebradio.com\/news\/wp-json\/wp\/v2\/posts"}],"about":[{"href":"https:\/\/www.lawebradio.com\/news\/wp-json\/wp\/v2\/types\/post"}],"author":[{"embeddable":true,"href":"https:\/\/www.lawebradio.com\/news\/wp-json\/wp\/v2\/users\/3"}],"replies":[{"embeddable":true,"href":"https:\/\/www.lawebradio.com\/news\/wp-json\/wp\/v2\/comments?post=4705"}],"version-history":[{"count":1,"href":"https:\/\/www.lawebradio.com\/news\/wp-json\/wp\/v2\/posts\/4705\/revisions"}],"predecessor-version":[{"id":4716,"href":"https:\/\/www.lawebradio.com\/news\/wp-json\/wp\/v2\/posts\/4705\/revisions\/4716"}],"wp:featuredmedia":[{"embeddable":true,"href":"https:\/\/www.lawebradio.com\/news\/wp-json\/wp\/v2\/media\/3949"}],"wp:attachment":[{"href":"https:\/\/www.lawebradio.com\/news\/wp-json\/wp\/v2\/media?parent=4705"}],"wp:term":[{"taxonomy":"category","embeddable":true,"href":"https:\/\/www.lawebradio.com\/news\/wp-json\/wp\/v2\/categories?post=4705"},{"taxonomy":"post_tag","embeddable":true,"href":"https:\/\/www.lawebradio.com\/news\/wp-json\/wp\/v2\/tags?post=4705"}],"curies":[{"name":"wp","href":"https:\/\/api.w.org\/{rel}","templated":true}]}}