{"id":4606,"date":"2017-02-07T23:21:46","date_gmt":"2017-02-07T22:21:46","guid":{"rendered":"http:\/\/www.lawebradio.com\/news\/?p=4606"},"modified":"2017-02-07T23:23:58","modified_gmt":"2017-02-07T22:23:58","slug":"radio-digitale-ecoutee-quotidiennement-52-millions-dinternautes","status":"publish","type":"post","link":"https:\/\/www.lawebradio.com\/news\/radio-digitale-ecoutee-quotidiennement-52-millions-dinternautes\/","title":{"rendered":"5,2 millions d\u2019internautes \u00e9coutent la radio digitale quotidiennement"},"content":{"rendered":"<p><strong>Voici un compte rendu sur les chiffres cl\u00e9s de l\u2019univers Radio &amp; Musique sur le digital, publi\u00e9 par M\u00e9diam\u00e9trie \u00e0 l&rsquo;occasion du Salon de la Radio qui s&rsquo;est tenu \u00e0 Paris en janvier 2017. <\/strong><\/p>\n<p>Pr\u00e8s de 1 Fran\u00e7ais sur 2 consulte un site \u00ab\u00a0Radio &amp; Musique\u00a0\u00bb au moins une fois au cours du mois (15 ans et plus).<\/p>\n<p>25,5 millions d\u2019internautes de 15 ans et plus ont visit\u00e9 au moins un site\/application de radio ou de streaming audio depuis un ordinateur et\/ou un mobile et\/ou une tablette au cours du mois d\u2019octobre 2016, soit pr\u00e8s de 1 Fran\u00e7ais sur 2 (49%) et pr\u00e8s de 6 internautes sur 10 (57%).<\/p>\n<p>Avec une croissance de +19% en un an, 5,2 millions d\u2019internautes, de 15 ans et plus, ont visit\u00e9 en au moins un site\/application de radio ou de streaming audio depuis un ordinateur et\/ou un mobile et\/ou une tablette sur un jour moyen en octobre 2016.<\/p>\n<p>\u2022 57% des individus s\u2019y connectent depuis un smartphone, soit 3,0 millions de visiteurs uniques.<br \/>\n\u2022 35% des individus s\u2019y connectent depuis un ordinateur, soit 1,8 million de visiteurs uniques.<br \/>\n\u2022 14% des individus s\u2019y connectent depuis une tablette, soit 730 000 visiteurs uniques<\/p>\n<p><strong>Radios FM &amp; Webradios :<\/strong> 2,5 millions de visiteurs uniques par jour (18,8M par mois). Parmi eux, 1 visiteur sur 2 se rend exclusivement sur ces sites au cours du mois (54%).<br \/>\n<strong>Agr\u00e9gateurs Radio\u00a0 :<\/strong> 400 000 visiteurs uniques par jour (3,1M par mois). Parmi eux, 1 visiteur sur 5 se rend exclusivement sur ces sites au cours du mois (22%).<br \/>\n<strong>Services de streaming audio :<\/strong> 2,4 millions de visiteurs uniques par jour (12,3M par mois). Parmi eux, 1 visiteur sur 3 se rend exclusivement sur ces sites au cours du mois (37%).<\/p>\n<p><a href=\"http:\/\/www.lawebradio.com\/news\/wp-content\/uploads\/2017\/02\/ima5-tegs145f.jpg\"><img loading=\"lazy\" decoding=\"async\" class=\"alignnone wp-image-4608 size-full\" src=\"http:\/\/www.lawebradio.com\/news\/wp-content\/uploads\/2017\/02\/ima5-tegs145f.jpg\" width=\"1024\" height=\"576\" srcset=\"https:\/\/www.lawebradio.com\/news\/wp-content\/uploads\/2017\/02\/ima5-tegs145f.jpg 1024w, https:\/\/www.lawebradio.com\/news\/wp-content\/uploads\/2017\/02\/ima5-tegs145f-150x84.jpg 150w, https:\/\/www.lawebradio.com\/news\/wp-content\/uploads\/2017\/02\/ima5-tegs145f-300x169.jpg 300w, https:\/\/www.lawebradio.com\/news\/wp-content\/uploads\/2017\/02\/ima5-tegs145f-768x432.jpg 768w, https:\/\/www.lawebradio.com\/news\/wp-content\/uploads\/2017\/02\/ima5-tegs145f-1x1.jpg 1w\" sizes=\"auto, (max-width: 1024px) 100vw, 1024px\" \/><\/a><\/p>\n<h5>Source : <a href=\"http:\/\/www.mediametrie.fr\/\" target=\"_blank\">M\u00e9diam\u00e9trie<\/a> et Mediametrie\/\/NetRatings \u2013 Audience Internet Global \u2013 France \u2013 Octobre 2016 \u2013 Base : 15 ans et plus<\/h5>\n","protected":false},"excerpt":{"rendered":"<p>Voici un compte rendu sur les chiffres cl\u00e9s de l\u2019univers Radio &amp; Musique sur le digital, publi\u00e9 par M\u00e9diam\u00e9trie \u00e0 l&rsquo;occasion du Salon de la Radio qui s&rsquo;est tenu \u00e0 Paris en janvier 2017. Pr\u00e8s de 1 Fran\u00e7ais sur 2 consulte un site \u00ab\u00a0Radio &amp; Musique\u00a0\u00bb au moins une fois au cours du mois (15 [&hellip;]<\/p>\n","protected":false},"author":3,"featured_media":4607,"comment_status":"closed","ping_status":"closed","sticky":false,"template":"","format":"standard","meta":{"_et_pb_use_builder":"","_et_pb_old_content":"","_et_gb_content_width":"","footnotes":""},"categories":[13],"tags":[],"class_list":["post-4606","post","type-post","status-publish","format-standard","has-post-thumbnail","hentry","category-top","et-has-post-format-content","et_post_format-et-post-format-standard"],"yoast_head":"<!-- This site is optimized with the Yoast SEO plugin v27.5 - https:\/\/yoast.com\/product\/yoast-seo-wordpress\/ -->\n<title>5,2 millions d\u2019internautes \u00e9coutent la radio digitale quotidiennement - Lawebradio.com - Actualit\u00e9s des radios digitales<\/title>\n<meta name=\"description\" content=\"Pr\u00e8s de 1 Fran\u00e7ais sur 2 consulte un site &quot;Radio &amp; Musique&quot; au moins une fois au cours du mois (15 ans et plus).\" \/>\n<meta name=\"robots\" content=\"index, follow, max-snippet:-1, max-image-preview:large, max-video-preview:-1\" \/>\n<link rel=\"canonical\" href=\"https:\/\/www.lawebradio.com\/news\/radio-digitale-ecoutee-quotidiennement-52-millions-dinternautes\/\" \/>\n<meta property=\"og:locale\" content=\"fr_FR\" \/>\n<meta property=\"og:type\" content=\"article\" \/>\n<meta property=\"og:title\" content=\"5,2 millions d\u2019internautes \u00e9coutent la radio digitale quotidiennement - Lawebradio.com - Actualit\u00e9s des radios digitales\" \/>\n<meta property=\"og:description\" content=\"Pr\u00e8s de 1 Fran\u00e7ais sur 2 consulte un site &quot;Radio &amp; Musique&quot; au moins une fois au cours du mois (15 ans et plus).\" \/>\n<meta property=\"og:url\" content=\"https:\/\/www.lawebradio.com\/news\/radio-digitale-ecoutee-quotidiennement-52-millions-dinternautes\/\" \/>\n<meta property=\"og:site_name\" content=\"Lawebradio.com - Actualit\u00e9s des radios digitales\" \/>\n<meta property=\"article:published_time\" content=\"2017-02-07T22:21:46+00:00\" \/>\n<meta property=\"article:modified_time\" content=\"2017-02-07T22:23:58+00:00\" \/>\n<meta property=\"og:image\" content=\"https:\/\/www.lawebradio.com\/news\/wp-content\/uploads\/2017\/02\/ima-d74euystge-022017.jpg\" \/>\n\t<meta property=\"og:image:width\" content=\"640\" \/>\n\t<meta property=\"og:image:height\" content=\"310\" \/>\n\t<meta property=\"og:image:type\" content=\"image\/jpeg\" \/>\n<meta name=\"author\" content=\"Julien Lecourbe\" \/>\n<meta name=\"twitter:label1\" content=\"\u00c9crit par\" \/>\n\t<meta name=\"twitter:data1\" content=\"Julien Lecourbe\" \/>\n\t<meta name=\"twitter:label2\" content=\"Dur\u00e9e de lecture estim\u00e9e\" \/>\n\t<meta name=\"twitter:data2\" content=\"1 minute\" \/>\n<script type=\"application\/ld+json\" class=\"yoast-schema-graph\">{\"@context\":\"https:\\\/\\\/schema.org\",\"@graph\":[{\"@type\":\"Article\",\"@id\":\"https:\\\/\\\/www.lawebradio.com\\\/news\\\/radio-digitale-ecoutee-quotidiennement-52-millions-dinternautes\\\/#article\",\"isPartOf\":{\"@id\":\"https:\\\/\\\/www.lawebradio.com\\\/news\\\/radio-digitale-ecoutee-quotidiennement-52-millions-dinternautes\\\/\"},\"author\":{\"name\":\"Julien Lecourbe\",\"@id\":\"https:\\\/\\\/www.lawebradio.com\\\/news\\\/#\\\/schema\\\/person\\\/95fd11aee6e6cfe70a4b58b482103f1f\"},\"headline\":\"5,2 millions d\u2019internautes \u00e9coutent la radio digitale quotidiennement\",\"datePublished\":\"2017-02-07T22:21:46+00:00\",\"dateModified\":\"2017-02-07T22:23:58+00:00\",\"mainEntityOfPage\":{\"@id\":\"https:\\\/\\\/www.lawebradio.com\\\/news\\\/radio-digitale-ecoutee-quotidiennement-52-millions-dinternautes\\\/\"},\"wordCount\":294,\"publisher\":{\"@id\":\"https:\\\/\\\/www.lawebradio.com\\\/news\\\/#organization\"},\"image\":{\"@id\":\"https:\\\/\\\/www.lawebradio.com\\\/news\\\/radio-digitale-ecoutee-quotidiennement-52-millions-dinternautes\\\/#primaryimage\"},\"thumbnailUrl\":\"https:\\\/\\\/www.lawebradio.com\\\/news\\\/wp-content\\\/uploads\\\/2017\\\/02\\\/ima-d74euystge-022017.jpg\",\"articleSection\":[\"Top\"],\"inLanguage\":\"fr-FR\"},{\"@type\":\"WebPage\",\"@id\":\"https:\\\/\\\/www.lawebradio.com\\\/news\\\/radio-digitale-ecoutee-quotidiennement-52-millions-dinternautes\\\/\",\"url\":\"https:\\\/\\\/www.lawebradio.com\\\/news\\\/radio-digitale-ecoutee-quotidiennement-52-millions-dinternautes\\\/\",\"name\":\"5,2 millions d\u2019internautes \u00e9coutent la radio digitale quotidiennement - Lawebradio.com - Actualit\u00e9s des radios digitales\",\"isPartOf\":{\"@id\":\"https:\\\/\\\/www.lawebradio.com\\\/news\\\/#website\"},\"primaryImageOfPage\":{\"@id\":\"https:\\\/\\\/www.lawebradio.com\\\/news\\\/radio-digitale-ecoutee-quotidiennement-52-millions-dinternautes\\\/#primaryimage\"},\"image\":{\"@id\":\"https:\\\/\\\/www.lawebradio.com\\\/news\\\/radio-digitale-ecoutee-quotidiennement-52-millions-dinternautes\\\/#primaryimage\"},\"thumbnailUrl\":\"https:\\\/\\\/www.lawebradio.com\\\/news\\\/wp-content\\\/uploads\\\/2017\\\/02\\\/ima-d74euystge-022017.jpg\",\"datePublished\":\"2017-02-07T22:21:46+00:00\",\"dateModified\":\"2017-02-07T22:23:58+00:00\",\"description\":\"Pr\u00e8s de 1 Fran\u00e7ais sur 2 consulte un site \\\"Radio & Musique\\\" au moins une fois au cours du mois (15 ans et plus).\",\"inLanguage\":\"fr-FR\",\"potentialAction\":[{\"@type\":\"ReadAction\",\"target\":[\"https:\\\/\\\/www.lawebradio.com\\\/news\\\/radio-digitale-ecoutee-quotidiennement-52-millions-dinternautes\\\/\"]}]},{\"@type\":\"ImageObject\",\"inLanguage\":\"fr-FR\",\"@id\":\"https:\\\/\\\/www.lawebradio.com\\\/news\\\/radio-digitale-ecoutee-quotidiennement-52-millions-dinternautes\\\/#primaryimage\",\"url\":\"https:\\\/\\\/www.lawebradio.com\\\/news\\\/wp-content\\\/uploads\\\/2017\\\/02\\\/ima-d74euystge-022017.jpg\",\"contentUrl\":\"https:\\\/\\\/www.lawebradio.com\\\/news\\\/wp-content\\\/uploads\\\/2017\\\/02\\\/ima-d74euystge-022017.jpg\",\"width\":640,\"height\":310},{\"@type\":\"WebSite\",\"@id\":\"https:\\\/\\\/www.lawebradio.com\\\/news\\\/#website\",\"url\":\"https:\\\/\\\/www.lawebradio.com\\\/news\\\/\",\"name\":\"Lawebradio.com - Actualit\u00e9s des radios digitales\",\"description\":\"\",\"publisher\":{\"@id\":\"https:\\\/\\\/www.lawebradio.com\\\/news\\\/#organization\"},\"potentialAction\":[{\"@type\":\"SearchAction\",\"target\":{\"@type\":\"EntryPoint\",\"urlTemplate\":\"https:\\\/\\\/www.lawebradio.com\\\/news\\\/?s={search_term_string}\"},\"query-input\":{\"@type\":\"PropertyValueSpecification\",\"valueRequired\":true,\"valueName\":\"search_term_string\"}}],\"inLanguage\":\"fr-FR\"},{\"@type\":\"Organization\",\"@id\":\"https:\\\/\\\/www.lawebradio.com\\\/news\\\/#organization\",\"name\":\"Lawebradio.com - Actualit\u00e9s des radios digitales\",\"url\":\"https:\\\/\\\/www.lawebradio.com\\\/news\\\/\",\"logo\":{\"@type\":\"ImageObject\",\"inLanguage\":\"fr-FR\",\"@id\":\"https:\\\/\\\/www.lawebradio.com\\\/news\\\/#\\\/schema\\\/logo\\\/image\\\/\",\"url\":\"https:\\\/\\\/www.lawebradio.com\\\/news\\\/wp-content\\\/uploads\\\/2020\\\/10\\\/logo2020.png\",\"contentUrl\":\"https:\\\/\\\/www.lawebradio.com\\\/news\\\/wp-content\\\/uploads\\\/2020\\\/10\\\/logo2020.png\",\"width\":254,\"height\":43,\"caption\":\"Lawebradio.com - Actualit\u00e9s des radios digitales\"},\"image\":{\"@id\":\"https:\\\/\\\/www.lawebradio.com\\\/news\\\/#\\\/schema\\\/logo\\\/image\\\/\"}},{\"@type\":\"Person\",\"@id\":\"https:\\\/\\\/www.lawebradio.com\\\/news\\\/#\\\/schema\\\/person\\\/95fd11aee6e6cfe70a4b58b482103f1f\",\"name\":\"Julien Lecourbe\",\"image\":{\"@type\":\"ImageObject\",\"inLanguage\":\"fr-FR\",\"@id\":\"https:\\\/\\\/secure.gravatar.com\\\/avatar\\\/0d25a327c6e268d9730d9c0cbeeee0fea76f04c6cf9528c29e782ef324afc515?s=96&d=mm&r=g\",\"url\":\"https:\\\/\\\/secure.gravatar.com\\\/avatar\\\/0d25a327c6e268d9730d9c0cbeeee0fea76f04c6cf9528c29e782ef324afc515?s=96&d=mm&r=g\",\"contentUrl\":\"https:\\\/\\\/secure.gravatar.com\\\/avatar\\\/0d25a327c6e268d9730d9c0cbeeee0fea76f04c6cf9528c29e782ef324afc515?s=96&d=mm&r=g\",\"caption\":\"Julien Lecourbe\"},\"url\":\"https:\\\/\\\/www.lawebradio.com\\\/news\\\/author\\\/la-redaction\\\/\"}]}<\/script>\n<!-- \/ Yoast SEO plugin. -->","yoast_head_json":{"title":"5,2 millions d\u2019internautes \u00e9coutent la radio digitale quotidiennement - Lawebradio.com - Actualit\u00e9s des radios digitales","description":"Pr\u00e8s de 1 Fran\u00e7ais sur 2 consulte un site \"Radio & Musique\" au moins une fois au cours du mois (15 ans et plus).","robots":{"index":"index","follow":"follow","max-snippet":"max-snippet:-1","max-image-preview":"max-image-preview:large","max-video-preview":"max-video-preview:-1"},"canonical":"https:\/\/www.lawebradio.com\/news\/radio-digitale-ecoutee-quotidiennement-52-millions-dinternautes\/","og_locale":"fr_FR","og_type":"article","og_title":"5,2 millions d\u2019internautes \u00e9coutent la radio digitale quotidiennement - Lawebradio.com - Actualit\u00e9s des radios digitales","og_description":"Pr\u00e8s de 1 Fran\u00e7ais sur 2 consulte un site \"Radio & Musique\" au moins une fois au cours du mois (15 ans et plus).","og_url":"https:\/\/www.lawebradio.com\/news\/radio-digitale-ecoutee-quotidiennement-52-millions-dinternautes\/","og_site_name":"Lawebradio.com - Actualit\u00e9s des radios digitales","article_published_time":"2017-02-07T22:21:46+00:00","article_modified_time":"2017-02-07T22:23:58+00:00","og_image":[{"width":640,"height":310,"url":"https:\/\/www.lawebradio.com\/news\/wp-content\/uploads\/2017\/02\/ima-d74euystge-022017.jpg","type":"image\/jpeg"}],"author":"Julien Lecourbe","twitter_misc":{"\u00c9crit par":"Julien Lecourbe","Dur\u00e9e de lecture estim\u00e9e":"1 minute"},"schema":{"@context":"https:\/\/schema.org","@graph":[{"@type":"Article","@id":"https:\/\/www.lawebradio.com\/news\/radio-digitale-ecoutee-quotidiennement-52-millions-dinternautes\/#article","isPartOf":{"@id":"https:\/\/www.lawebradio.com\/news\/radio-digitale-ecoutee-quotidiennement-52-millions-dinternautes\/"},"author":{"name":"Julien Lecourbe","@id":"https:\/\/www.lawebradio.com\/news\/#\/schema\/person\/95fd11aee6e6cfe70a4b58b482103f1f"},"headline":"5,2 millions d\u2019internautes \u00e9coutent la radio digitale quotidiennement","datePublished":"2017-02-07T22:21:46+00:00","dateModified":"2017-02-07T22:23:58+00:00","mainEntityOfPage":{"@id":"https:\/\/www.lawebradio.com\/news\/radio-digitale-ecoutee-quotidiennement-52-millions-dinternautes\/"},"wordCount":294,"publisher":{"@id":"https:\/\/www.lawebradio.com\/news\/#organization"},"image":{"@id":"https:\/\/www.lawebradio.com\/news\/radio-digitale-ecoutee-quotidiennement-52-millions-dinternautes\/#primaryimage"},"thumbnailUrl":"https:\/\/www.lawebradio.com\/news\/wp-content\/uploads\/2017\/02\/ima-d74euystge-022017.jpg","articleSection":["Top"],"inLanguage":"fr-FR"},{"@type":"WebPage","@id":"https:\/\/www.lawebradio.com\/news\/radio-digitale-ecoutee-quotidiennement-52-millions-dinternautes\/","url":"https:\/\/www.lawebradio.com\/news\/radio-digitale-ecoutee-quotidiennement-52-millions-dinternautes\/","name":"5,2 millions d\u2019internautes \u00e9coutent la radio digitale quotidiennement - Lawebradio.com - Actualit\u00e9s des radios digitales","isPartOf":{"@id":"https:\/\/www.lawebradio.com\/news\/#website"},"primaryImageOfPage":{"@id":"https:\/\/www.lawebradio.com\/news\/radio-digitale-ecoutee-quotidiennement-52-millions-dinternautes\/#primaryimage"},"image":{"@id":"https:\/\/www.lawebradio.com\/news\/radio-digitale-ecoutee-quotidiennement-52-millions-dinternautes\/#primaryimage"},"thumbnailUrl":"https:\/\/www.lawebradio.com\/news\/wp-content\/uploads\/2017\/02\/ima-d74euystge-022017.jpg","datePublished":"2017-02-07T22:21:46+00:00","dateModified":"2017-02-07T22:23:58+00:00","description":"Pr\u00e8s de 1 Fran\u00e7ais sur 2 consulte un site \"Radio & Musique\" au moins une fois au cours du mois (15 ans et plus).","inLanguage":"fr-FR","potentialAction":[{"@type":"ReadAction","target":["https:\/\/www.lawebradio.com\/news\/radio-digitale-ecoutee-quotidiennement-52-millions-dinternautes\/"]}]},{"@type":"ImageObject","inLanguage":"fr-FR","@id":"https:\/\/www.lawebradio.com\/news\/radio-digitale-ecoutee-quotidiennement-52-millions-dinternautes\/#primaryimage","url":"https:\/\/www.lawebradio.com\/news\/wp-content\/uploads\/2017\/02\/ima-d74euystge-022017.jpg","contentUrl":"https:\/\/www.lawebradio.com\/news\/wp-content\/uploads\/2017\/02\/ima-d74euystge-022017.jpg","width":640,"height":310},{"@type":"WebSite","@id":"https:\/\/www.lawebradio.com\/news\/#website","url":"https:\/\/www.lawebradio.com\/news\/","name":"Lawebradio.com - Actualit\u00e9s des radios digitales","description":"","publisher":{"@id":"https:\/\/www.lawebradio.com\/news\/#organization"},"potentialAction":[{"@type":"SearchAction","target":{"@type":"EntryPoint","urlTemplate":"https:\/\/www.lawebradio.com\/news\/?s={search_term_string}"},"query-input":{"@type":"PropertyValueSpecification","valueRequired":true,"valueName":"search_term_string"}}],"inLanguage":"fr-FR"},{"@type":"Organization","@id":"https:\/\/www.lawebradio.com\/news\/#organization","name":"Lawebradio.com - Actualit\u00e9s des radios digitales","url":"https:\/\/www.lawebradio.com\/news\/","logo":{"@type":"ImageObject","inLanguage":"fr-FR","@id":"https:\/\/www.lawebradio.com\/news\/#\/schema\/logo\/image\/","url":"https:\/\/www.lawebradio.com\/news\/wp-content\/uploads\/2020\/10\/logo2020.png","contentUrl":"https:\/\/www.lawebradio.com\/news\/wp-content\/uploads\/2020\/10\/logo2020.png","width":254,"height":43,"caption":"Lawebradio.com - Actualit\u00e9s des radios digitales"},"image":{"@id":"https:\/\/www.lawebradio.com\/news\/#\/schema\/logo\/image\/"}},{"@type":"Person","@id":"https:\/\/www.lawebradio.com\/news\/#\/schema\/person\/95fd11aee6e6cfe70a4b58b482103f1f","name":"Julien Lecourbe","image":{"@type":"ImageObject","inLanguage":"fr-FR","@id":"https:\/\/secure.gravatar.com\/avatar\/0d25a327c6e268d9730d9c0cbeeee0fea76f04c6cf9528c29e782ef324afc515?s=96&d=mm&r=g","url":"https:\/\/secure.gravatar.com\/avatar\/0d25a327c6e268d9730d9c0cbeeee0fea76f04c6cf9528c29e782ef324afc515?s=96&d=mm&r=g","contentUrl":"https:\/\/secure.gravatar.com\/avatar\/0d25a327c6e268d9730d9c0cbeeee0fea76f04c6cf9528c29e782ef324afc515?s=96&d=mm&r=g","caption":"Julien Lecourbe"},"url":"https:\/\/www.lawebradio.com\/news\/author\/la-redaction\/"}]}},"_links":{"self":[{"href":"https:\/\/www.lawebradio.com\/news\/wp-json\/wp\/v2\/posts\/4606","targetHints":{"allow":["GET"]}}],"collection":[{"href":"https:\/\/www.lawebradio.com\/news\/wp-json\/wp\/v2\/posts"}],"about":[{"href":"https:\/\/www.lawebradio.com\/news\/wp-json\/wp\/v2\/types\/post"}],"author":[{"embeddable":true,"href":"https:\/\/www.lawebradio.com\/news\/wp-json\/wp\/v2\/users\/3"}],"replies":[{"embeddable":true,"href":"https:\/\/www.lawebradio.com\/news\/wp-json\/wp\/v2\/comments?post=4606"}],"version-history":[{"count":4,"href":"https:\/\/www.lawebradio.com\/news\/wp-json\/wp\/v2\/posts\/4606\/revisions"}],"predecessor-version":[{"id":4612,"href":"https:\/\/www.lawebradio.com\/news\/wp-json\/wp\/v2\/posts\/4606\/revisions\/4612"}],"wp:featuredmedia":[{"embeddable":true,"href":"https:\/\/www.lawebradio.com\/news\/wp-json\/wp\/v2\/media\/4607"}],"wp:attachment":[{"href":"https:\/\/www.lawebradio.com\/news\/wp-json\/wp\/v2\/media?parent=4606"}],"wp:term":[{"taxonomy":"category","embeddable":true,"href":"https:\/\/www.lawebradio.com\/news\/wp-json\/wp\/v2\/categories?post=4606"},{"taxonomy":"post_tag","embeddable":true,"href":"https:\/\/www.lawebradio.com\/news\/wp-json\/wp\/v2\/tags?post=4606"}],"curies":[{"name":"wp","href":"https:\/\/api.w.org\/{rel}","templated":true}]}}