{"id":350,"date":"2013-10-26T12:50:01","date_gmt":"2013-10-26T11:50:01","guid":{"rendered":"http:\/\/www.lawebradio.com\/news\/?p=350"},"modified":"2013-10-26T12:50:21","modified_gmt":"2013-10-26T11:50:21","slug":"wgr-radio-grands-reporters","status":"publish","type":"post","link":"https:\/\/www.lawebradio.com\/news\/wgr-radio-grands-reporters\/","title":{"rendered":"WGR, La radio des Grands Reporters"},"content":{"rendered":"<p><strong>WGR, dont la diffusion a d\u00e9marr\u00e9 le 7 octobre 2013, en direct du Prix Bayeux-Calvados des correspondants de guerre, traite des conflits mais aussi des sujets de d\u00e9veloppement, d\u2019environnement, de soci\u00e9t\u00e9, de politique internationale, scientifique et culturelle.<\/strong><\/p>\n<p>Fond\u00e9e par Jean-Louis Vinet, ancien technicien de Radio France, cette radio en ligne propose un regard, des analyses et surtout le ressenti de femmes et d&rsquo;hommes de terrain, maniant les mots et les images : reporters radio, t\u00e9l\u00e9, presse et photo, mais aussi \u00e9crivains voyageurs.<\/p>\n<p>Ces th\u00e8mes sont trait\u00e9s dans des grilles de programmes tr\u00e8s ouvertes et modulables. WGR programme des \u00e9missions fixes et th\u00e9matiques (\u00e9ditos, magazines, actualit\u00e9s, entretiens, dialogues avec les auditeurs..). Elle r\u00e9serve des programmes d\u00e9di\u00e9s \u00e0 l\u2019expression d\u2019organisations (RSF, MDJ, Reporters d\u2019Espoirs).<\/p>\n<p>\u00ab\u00a0<em>Des \u00e9missions sp\u00e9ciales sont r\u00e9alis\u00e9es en direct des grands \u00e9v\u00e9nements comme \u00e0 l&rsquo;occasion la remise du Prix Albert Londres, du Prix Bayeux, ou de Visa pour l\u2019Image. Toute la grille est modifiable en fonction des \u00e9missions \u00e9v\u00e9nementielles,<\/em>\u00a0\u00bb pr\u00e9cise Laurent Bijard, directeur de la r\u00e9daction de WGR.<br \/>\n\u00ab\u00a0<em>Toutes les \u00e9missions de la grille et les \u00e9missions sp\u00e9ciales des \u00e9v\u00e9nements sont instantan\u00e9ment disponibles en podcasts et sont mises \u00e0 disposition de fa\u00e7on permanente assurant un fond th\u00e9matique exceptionnel.<\/em>\u00a0\u00bb<\/p>\n<p>Radio qui s\u2019\u00e9coute en continu ou \u00ab\u00e0 la carte\u00bb, WGR est aussi une radio qui se regarde. Durant l\u2019\u00e9coute d\u2019une \u00e9mission, toute image (photographie, plan, document) peut \u00eatre comment\u00e9e \u00aben direct\u00bb : l\u2019image apparait sur le Player.<\/p>\n<p><a href=\"http:\/\/radio.grands-reporters.fr\/\" target=\"_blank\">\u2022 Consultez le site de WGR<\/a><\/p>\n","protected":false},"excerpt":{"rendered":"<p>WGR, dont la diffusion a d\u00e9marr\u00e9 le 7 octobre 2013, en direct du Prix Bayeux-Calvados des correspondants de guerre, traite des conflits mais aussi des sujets de d\u00e9veloppement, d\u2019environnement, de soci\u00e9t\u00e9, de politique internationale, scientifique et culturelle. Fond\u00e9e par Jean-Louis Vinet, ancien technicien de Radio France, cette radio en ligne propose un regard, des analyses [&hellip;]<\/p>\n","protected":false},"author":3,"featured_media":351,"comment_status":"closed","ping_status":"closed","sticky":false,"template":"","format":"standard","meta":{"_et_pb_use_builder":"","_et_pb_old_content":"","_et_gb_content_width":"","footnotes":""},"categories":[6],"tags":[],"class_list":["post-350","post","type-post","status-publish","format-standard","has-post-thumbnail","hentry","category-focus","et-has-post-format-content","et_post_format-et-post-format-standard"],"yoast_head":"<!-- This site is optimized with the Yoast SEO plugin v27.4 - https:\/\/yoast.com\/product\/yoast-seo-wordpress\/ -->\n<title>WGR, La radio des Grands Reporters - Lawebradio.com - Actualit\u00e9s des radios digitales<\/title>\n<meta name=\"description\" content=\"Cette webradio propose un regard, des analyses et surtout le ressenti de femmes et d&#039;hommes de terrain, maniant les mots et les images\" \/>\n<meta name=\"robots\" content=\"index, follow, max-snippet:-1, max-image-preview:large, max-video-preview:-1\" \/>\n<link rel=\"canonical\" href=\"https:\/\/www.lawebradio.com\/news\/wgr-radio-grands-reporters\/\" \/>\n<meta property=\"og:locale\" content=\"fr_FR\" \/>\n<meta property=\"og:type\" content=\"article\" \/>\n<meta property=\"og:title\" content=\"WGR, La radio des Grands Reporters - Lawebradio.com - Actualit\u00e9s des radios digitales\" \/>\n<meta property=\"og:description\" content=\"Cette webradio propose un regard, des analyses et surtout le ressenti de femmes et d&#039;hommes de terrain, maniant les mots et les images\" \/>\n<meta property=\"og:url\" content=\"https:\/\/www.lawebradio.com\/news\/wgr-radio-grands-reporters\/\" \/>\n<meta property=\"og:site_name\" content=\"Lawebradio.com - Actualit\u00e9s des radios digitales\" \/>\n<meta property=\"article:published_time\" content=\"2013-10-26T11:50:01+00:00\" \/>\n<meta property=\"article:modified_time\" content=\"2013-10-26T11:50:21+00:00\" \/>\n<meta property=\"og:image\" content=\"https:\/\/www.lawebradio.com\/news\/wp-content\/uploads\/2013\/10\/ima-wgr102013.jpg\" \/>\n\t<meta property=\"og:image:width\" content=\"642\" \/>\n\t<meta property=\"og:image:height\" content=\"300\" \/>\n\t<meta property=\"og:image:type\" content=\"image\/jpeg\" \/>\n<meta name=\"author\" content=\"Julien Lecourbe\" \/>\n<meta name=\"twitter:label1\" content=\"\u00c9crit par\" \/>\n\t<meta name=\"twitter:data1\" content=\"Julien Lecourbe\" \/>\n\t<meta name=\"twitter:label2\" content=\"Dur\u00e9e de lecture estim\u00e9e\" \/>\n\t<meta name=\"twitter:data2\" content=\"1 minute\" \/>\n<script type=\"application\/ld+json\" class=\"yoast-schema-graph\">{\"@context\":\"https:\\\/\\\/schema.org\",\"@graph\":[{\"@type\":\"Article\",\"@id\":\"https:\\\/\\\/www.lawebradio.com\\\/news\\\/wgr-radio-grands-reporters\\\/#article\",\"isPartOf\":{\"@id\":\"https:\\\/\\\/www.lawebradio.com\\\/news\\\/wgr-radio-grands-reporters\\\/\"},\"author\":{\"name\":\"Julien Lecourbe\",\"@id\":\"https:\\\/\\\/www.lawebradio.com\\\/news\\\/#\\\/schema\\\/person\\\/95fd11aee6e6cfe70a4b58b482103f1f\"},\"headline\":\"WGR, La radio des Grands Reporters\",\"datePublished\":\"2013-10-26T11:50:01+00:00\",\"dateModified\":\"2013-10-26T11:50:21+00:00\",\"mainEntityOfPage\":{\"@id\":\"https:\\\/\\\/www.lawebradio.com\\\/news\\\/wgr-radio-grands-reporters\\\/\"},\"wordCount\":275,\"publisher\":{\"@id\":\"https:\\\/\\\/www.lawebradio.com\\\/news\\\/#organization\"},\"image\":{\"@id\":\"https:\\\/\\\/www.lawebradio.com\\\/news\\\/wgr-radio-grands-reporters\\\/#primaryimage\"},\"thumbnailUrl\":\"https:\\\/\\\/www.lawebradio.com\\\/news\\\/wp-content\\\/uploads\\\/2013\\\/10\\\/ima-wgr102013.jpg\",\"articleSection\":[\"Focus\"],\"inLanguage\":\"fr-FR\"},{\"@type\":\"WebPage\",\"@id\":\"https:\\\/\\\/www.lawebradio.com\\\/news\\\/wgr-radio-grands-reporters\\\/\",\"url\":\"https:\\\/\\\/www.lawebradio.com\\\/news\\\/wgr-radio-grands-reporters\\\/\",\"name\":\"WGR, La radio des Grands Reporters - Lawebradio.com - Actualit\u00e9s des radios digitales\",\"isPartOf\":{\"@id\":\"https:\\\/\\\/www.lawebradio.com\\\/news\\\/#website\"},\"primaryImageOfPage\":{\"@id\":\"https:\\\/\\\/www.lawebradio.com\\\/news\\\/wgr-radio-grands-reporters\\\/#primaryimage\"},\"image\":{\"@id\":\"https:\\\/\\\/www.lawebradio.com\\\/news\\\/wgr-radio-grands-reporters\\\/#primaryimage\"},\"thumbnailUrl\":\"https:\\\/\\\/www.lawebradio.com\\\/news\\\/wp-content\\\/uploads\\\/2013\\\/10\\\/ima-wgr102013.jpg\",\"datePublished\":\"2013-10-26T11:50:01+00:00\",\"dateModified\":\"2013-10-26T11:50:21+00:00\",\"description\":\"Cette webradio propose un regard, des analyses et surtout le ressenti de femmes et d'hommes de terrain, maniant les mots et les images\",\"inLanguage\":\"fr-FR\",\"potentialAction\":[{\"@type\":\"ReadAction\",\"target\":[\"https:\\\/\\\/www.lawebradio.com\\\/news\\\/wgr-radio-grands-reporters\\\/\"]}]},{\"@type\":\"ImageObject\",\"inLanguage\":\"fr-FR\",\"@id\":\"https:\\\/\\\/www.lawebradio.com\\\/news\\\/wgr-radio-grands-reporters\\\/#primaryimage\",\"url\":\"https:\\\/\\\/www.lawebradio.com\\\/news\\\/wp-content\\\/uploads\\\/2013\\\/10\\\/ima-wgr102013.jpg\",\"contentUrl\":\"https:\\\/\\\/www.lawebradio.com\\\/news\\\/wp-content\\\/uploads\\\/2013\\\/10\\\/ima-wgr102013.jpg\",\"width\":642,\"height\":300},{\"@type\":\"WebSite\",\"@id\":\"https:\\\/\\\/www.lawebradio.com\\\/news\\\/#website\",\"url\":\"https:\\\/\\\/www.lawebradio.com\\\/news\\\/\",\"name\":\"Lawebradio.com - Actualit\u00e9s des radios digitales\",\"description\":\"\",\"publisher\":{\"@id\":\"https:\\\/\\\/www.lawebradio.com\\\/news\\\/#organization\"},\"potentialAction\":[{\"@type\":\"SearchAction\",\"target\":{\"@type\":\"EntryPoint\",\"urlTemplate\":\"https:\\\/\\\/www.lawebradio.com\\\/news\\\/?s={search_term_string}\"},\"query-input\":{\"@type\":\"PropertyValueSpecification\",\"valueRequired\":true,\"valueName\":\"search_term_string\"}}],\"inLanguage\":\"fr-FR\"},{\"@type\":\"Organization\",\"@id\":\"https:\\\/\\\/www.lawebradio.com\\\/news\\\/#organization\",\"name\":\"Lawebradio.com - Actualit\u00e9s des radios digitales\",\"url\":\"https:\\\/\\\/www.lawebradio.com\\\/news\\\/\",\"logo\":{\"@type\":\"ImageObject\",\"inLanguage\":\"fr-FR\",\"@id\":\"https:\\\/\\\/www.lawebradio.com\\\/news\\\/#\\\/schema\\\/logo\\\/image\\\/\",\"url\":\"https:\\\/\\\/www.lawebradio.com\\\/news\\\/wp-content\\\/uploads\\\/2020\\\/10\\\/logo2020.png\",\"contentUrl\":\"https:\\\/\\\/www.lawebradio.com\\\/news\\\/wp-content\\\/uploads\\\/2020\\\/10\\\/logo2020.png\",\"width\":254,\"height\":43,\"caption\":\"Lawebradio.com - Actualit\u00e9s des radios digitales\"},\"image\":{\"@id\":\"https:\\\/\\\/www.lawebradio.com\\\/news\\\/#\\\/schema\\\/logo\\\/image\\\/\"}},{\"@type\":\"Person\",\"@id\":\"https:\\\/\\\/www.lawebradio.com\\\/news\\\/#\\\/schema\\\/person\\\/95fd11aee6e6cfe70a4b58b482103f1f\",\"name\":\"Julien Lecourbe\",\"image\":{\"@type\":\"ImageObject\",\"inLanguage\":\"fr-FR\",\"@id\":\"https:\\\/\\\/secure.gravatar.com\\\/avatar\\\/0d25a327c6e268d9730d9c0cbeeee0fea76f04c6cf9528c29e782ef324afc515?s=96&d=mm&r=g\",\"url\":\"https:\\\/\\\/secure.gravatar.com\\\/avatar\\\/0d25a327c6e268d9730d9c0cbeeee0fea76f04c6cf9528c29e782ef324afc515?s=96&d=mm&r=g\",\"contentUrl\":\"https:\\\/\\\/secure.gravatar.com\\\/avatar\\\/0d25a327c6e268d9730d9c0cbeeee0fea76f04c6cf9528c29e782ef324afc515?s=96&d=mm&r=g\",\"caption\":\"Julien Lecourbe\"},\"url\":\"https:\\\/\\\/www.lawebradio.com\\\/news\\\/author\\\/la-redaction\\\/\"}]}<\/script>\n<!-- \/ Yoast SEO plugin. -->","yoast_head_json":{"title":"WGR, La radio des Grands Reporters - Lawebradio.com - Actualit\u00e9s des radios digitales","description":"Cette webradio propose un regard, des analyses et surtout le ressenti de femmes et d'hommes de terrain, maniant les mots et les images","robots":{"index":"index","follow":"follow","max-snippet":"max-snippet:-1","max-image-preview":"max-image-preview:large","max-video-preview":"max-video-preview:-1"},"canonical":"https:\/\/www.lawebradio.com\/news\/wgr-radio-grands-reporters\/","og_locale":"fr_FR","og_type":"article","og_title":"WGR, La radio des Grands Reporters - Lawebradio.com - Actualit\u00e9s des radios digitales","og_description":"Cette webradio propose un regard, des analyses et surtout le ressenti de femmes et d'hommes de terrain, maniant les mots et les images","og_url":"https:\/\/www.lawebradio.com\/news\/wgr-radio-grands-reporters\/","og_site_name":"Lawebradio.com - Actualit\u00e9s des radios digitales","article_published_time":"2013-10-26T11:50:01+00:00","article_modified_time":"2013-10-26T11:50:21+00:00","og_image":[{"width":642,"height":300,"url":"https:\/\/www.lawebradio.com\/news\/wp-content\/uploads\/2013\/10\/ima-wgr102013.jpg","type":"image\/jpeg"}],"author":"Julien Lecourbe","twitter_misc":{"\u00c9crit par":"Julien Lecourbe","Dur\u00e9e de lecture estim\u00e9e":"1 minute"},"schema":{"@context":"https:\/\/schema.org","@graph":[{"@type":"Article","@id":"https:\/\/www.lawebradio.com\/news\/wgr-radio-grands-reporters\/#article","isPartOf":{"@id":"https:\/\/www.lawebradio.com\/news\/wgr-radio-grands-reporters\/"},"author":{"name":"Julien Lecourbe","@id":"https:\/\/www.lawebradio.com\/news\/#\/schema\/person\/95fd11aee6e6cfe70a4b58b482103f1f"},"headline":"WGR, La radio des Grands Reporters","datePublished":"2013-10-26T11:50:01+00:00","dateModified":"2013-10-26T11:50:21+00:00","mainEntityOfPage":{"@id":"https:\/\/www.lawebradio.com\/news\/wgr-radio-grands-reporters\/"},"wordCount":275,"publisher":{"@id":"https:\/\/www.lawebradio.com\/news\/#organization"},"image":{"@id":"https:\/\/www.lawebradio.com\/news\/wgr-radio-grands-reporters\/#primaryimage"},"thumbnailUrl":"https:\/\/www.lawebradio.com\/news\/wp-content\/uploads\/2013\/10\/ima-wgr102013.jpg","articleSection":["Focus"],"inLanguage":"fr-FR"},{"@type":"WebPage","@id":"https:\/\/www.lawebradio.com\/news\/wgr-radio-grands-reporters\/","url":"https:\/\/www.lawebradio.com\/news\/wgr-radio-grands-reporters\/","name":"WGR, La radio des Grands Reporters - Lawebradio.com - Actualit\u00e9s des radios digitales","isPartOf":{"@id":"https:\/\/www.lawebradio.com\/news\/#website"},"primaryImageOfPage":{"@id":"https:\/\/www.lawebradio.com\/news\/wgr-radio-grands-reporters\/#primaryimage"},"image":{"@id":"https:\/\/www.lawebradio.com\/news\/wgr-radio-grands-reporters\/#primaryimage"},"thumbnailUrl":"https:\/\/www.lawebradio.com\/news\/wp-content\/uploads\/2013\/10\/ima-wgr102013.jpg","datePublished":"2013-10-26T11:50:01+00:00","dateModified":"2013-10-26T11:50:21+00:00","description":"Cette webradio propose un regard, des analyses et surtout le ressenti de femmes et d'hommes de terrain, maniant les mots et les images","inLanguage":"fr-FR","potentialAction":[{"@type":"ReadAction","target":["https:\/\/www.lawebradio.com\/news\/wgr-radio-grands-reporters\/"]}]},{"@type":"ImageObject","inLanguage":"fr-FR","@id":"https:\/\/www.lawebradio.com\/news\/wgr-radio-grands-reporters\/#primaryimage","url":"https:\/\/www.lawebradio.com\/news\/wp-content\/uploads\/2013\/10\/ima-wgr102013.jpg","contentUrl":"https:\/\/www.lawebradio.com\/news\/wp-content\/uploads\/2013\/10\/ima-wgr102013.jpg","width":642,"height":300},{"@type":"WebSite","@id":"https:\/\/www.lawebradio.com\/news\/#website","url":"https:\/\/www.lawebradio.com\/news\/","name":"Lawebradio.com - Actualit\u00e9s des radios digitales","description":"","publisher":{"@id":"https:\/\/www.lawebradio.com\/news\/#organization"},"potentialAction":[{"@type":"SearchAction","target":{"@type":"EntryPoint","urlTemplate":"https:\/\/www.lawebradio.com\/news\/?s={search_term_string}"},"query-input":{"@type":"PropertyValueSpecification","valueRequired":true,"valueName":"search_term_string"}}],"inLanguage":"fr-FR"},{"@type":"Organization","@id":"https:\/\/www.lawebradio.com\/news\/#organization","name":"Lawebradio.com - Actualit\u00e9s des radios digitales","url":"https:\/\/www.lawebradio.com\/news\/","logo":{"@type":"ImageObject","inLanguage":"fr-FR","@id":"https:\/\/www.lawebradio.com\/news\/#\/schema\/logo\/image\/","url":"https:\/\/www.lawebradio.com\/news\/wp-content\/uploads\/2020\/10\/logo2020.png","contentUrl":"https:\/\/www.lawebradio.com\/news\/wp-content\/uploads\/2020\/10\/logo2020.png","width":254,"height":43,"caption":"Lawebradio.com - Actualit\u00e9s des radios digitales"},"image":{"@id":"https:\/\/www.lawebradio.com\/news\/#\/schema\/logo\/image\/"}},{"@type":"Person","@id":"https:\/\/www.lawebradio.com\/news\/#\/schema\/person\/95fd11aee6e6cfe70a4b58b482103f1f","name":"Julien Lecourbe","image":{"@type":"ImageObject","inLanguage":"fr-FR","@id":"https:\/\/secure.gravatar.com\/avatar\/0d25a327c6e268d9730d9c0cbeeee0fea76f04c6cf9528c29e782ef324afc515?s=96&d=mm&r=g","url":"https:\/\/secure.gravatar.com\/avatar\/0d25a327c6e268d9730d9c0cbeeee0fea76f04c6cf9528c29e782ef324afc515?s=96&d=mm&r=g","contentUrl":"https:\/\/secure.gravatar.com\/avatar\/0d25a327c6e268d9730d9c0cbeeee0fea76f04c6cf9528c29e782ef324afc515?s=96&d=mm&r=g","caption":"Julien Lecourbe"},"url":"https:\/\/www.lawebradio.com\/news\/author\/la-redaction\/"}]}},"_links":{"self":[{"href":"https:\/\/www.lawebradio.com\/news\/wp-json\/wp\/v2\/posts\/350","targetHints":{"allow":["GET"]}}],"collection":[{"href":"https:\/\/www.lawebradio.com\/news\/wp-json\/wp\/v2\/posts"}],"about":[{"href":"https:\/\/www.lawebradio.com\/news\/wp-json\/wp\/v2\/types\/post"}],"author":[{"embeddable":true,"href":"https:\/\/www.lawebradio.com\/news\/wp-json\/wp\/v2\/users\/3"}],"replies":[{"embeddable":true,"href":"https:\/\/www.lawebradio.com\/news\/wp-json\/wp\/v2\/comments?post=350"}],"version-history":[{"count":2,"href":"https:\/\/www.lawebradio.com\/news\/wp-json\/wp\/v2\/posts\/350\/revisions"}],"predecessor-version":[{"id":353,"href":"https:\/\/www.lawebradio.com\/news\/wp-json\/wp\/v2\/posts\/350\/revisions\/353"}],"wp:featuredmedia":[{"embeddable":true,"href":"https:\/\/www.lawebradio.com\/news\/wp-json\/wp\/v2\/media\/351"}],"wp:attachment":[{"href":"https:\/\/www.lawebradio.com\/news\/wp-json\/wp\/v2\/media?parent=350"}],"wp:term":[{"taxonomy":"category","embeddable":true,"href":"https:\/\/www.lawebradio.com\/news\/wp-json\/wp\/v2\/categories?post=350"},{"taxonomy":"post_tag","embeddable":true,"href":"https:\/\/www.lawebradio.com\/news\/wp-json\/wp\/v2\/tags?post=350"}],"curies":[{"name":"wp","href":"https:\/\/api.w.org\/{rel}","templated":true}]}}