{"id":304,"date":"2013-10-23T08:40:53","date_gmt":"2013-10-23T07:40:53","guid":{"rendered":"http:\/\/www.lawebradio.com\/news\/?p=304"},"modified":"2013-11-13T14:11:48","modified_gmt":"2013-11-13T13:11:48","slug":"jazz-club-autre-idee-du-jazz","status":"publish","type":"post","link":"https:\/\/www.lawebradio.com\/news\/jazz-club-autre-idee-du-jazz\/","title":{"rendered":"Jazz Club, une autre id\u00e9e du jazz"},"content":{"rendered":"<p><strong>S\u00e9bastien Leclercq, 41 ans, prend des risques. Il a imagin\u00e9 Jazz Club \u00ab\u00a0<\/strong><em><strong>parce qu&rsquo;en tant auditeur, je ne trouvais pas mon compte sur les radios jazz de la FM.<\/strong> Je voulais proposer une programmation plus alternative. Une programmation plus ad\u00e9quate avec ce que j&rsquo;\u00e9coute, avec ce qu&rsquo;\u00e9coutent les gens que je croise aux concerts, avec ceux que je croise (croisais plus exactement) chez les disquaires. Je voulais aussi faire tomber tous les pr\u00e9jug\u00e9s sur cette musique et essayer de la faire aimer \u00e0 des non initi\u00e9s.<\/em>\u00a0\u00bb<\/p>\n<p>Voil\u00e0 donc pourquoi S\u00e9bastien, dont le m\u00e9tier est d&rsquo;\u00eatre cadreur pour le cin\u00e9ma, passe une douzaine d&rsquo;heures par semaine \u00e0 peaufiner sa programmation musicale. \u00ab\u00a0<em>Pour la composer, je lis beaucoup la presse et les blogs sp\u00e9cialis\u00e9s, mais j&rsquo;\u00e9coute surtout beaucoup de disques. Lorsque j&rsquo;ai un coup de coeur, et que j&rsquo;imagine qu&rsquo;il peut prendre place \u00e0 l&rsquo;antenne, alors je l&rsquo;inclus dans la playlist sans chercher \u00e0 savoir si c&rsquo;est le \u00ab\u00a0morceau du moment\u00a0\u00bb. Qu&rsquo;il soit actuel ou qu&rsquo;il ait vingt ans il pourra avoir la m\u00eame rotation.<\/em>\u00a0\u00bb<\/p>\n<p>S\u00e9bastien prend beaucoup de plaisir \u00e0 d\u00e9velopper un programme qui est pour l&rsquo;instant \u00e0 100% musical, avec des jingles tr\u00e8s soign\u00e9s. \u00ab\u00a0<em>J&rsquo;envisage dans un avenir proche de l&rsquo;agr\u00e9menter d&rsquo;interventions dans la journ\u00e9e et de rubriques culturelles. Le r\u00eave serait de pouvoir un jour retransmettre des concerts en direct en partenariat avec des festivals ou des clubs,<\/em>\u00a0\u00bb conclut S\u00e9bastien Leclercq, un producteur qui n&rsquo;a pas fini d&rsquo;innover !<\/p>\n<p>Article r\u00e9dig\u00e9 par Nicolas Goyet<\/p>\n<p><a href=\"http:\/\/jazzclub-radio.com\" target=\"_blank\">\u2022 Visitez le site de Jazz Club<\/a><\/p>\n<p><object width=\"245\" height=\"90\" classid=\"clsid:d27cdb6e-ae6d-11cf-96b8-444553540000\" codebase=\"http:\/\/download.macromedia.com\/pub\/shockwave\/cabs\/flash\/swflash.cab#version=6,0,40,0\"><param name=\"allowscriptaccess\" value=\"always\" \/><param name=\"wmode\" value=\"transparent\" \/><param name=\"src\" value=\"http:\/\/static.radionomy.com\/cdn\/flash\/BannerEmbed.swf?RadUID=a1719ba1-ca0b-4149-8612-e79ef1cf9b0a&amp;titlesColor=ffffff&amp;color=7d7d7d&amp;autoPlay=no&amp;lang=en\" \/><embed width=\"245\" height=\"90\" type=\"application\/x-shockwave-flash\" src=\"http:\/\/static.radionomy.com\/cdn\/flash\/BannerEmbed.swf?RadUID=a1719ba1-ca0b-4149-8612-e79ef1cf9b0a&amp;titlesColor=ffffff&amp;color=7d7d7d&amp;autoPlay=no&amp;lang=en\" allowscriptaccess=\"always\" wmode=\"transparent\" \/><\/object><\/p>\n","protected":false},"excerpt":{"rendered":"<p>S\u00e9bastien Leclercq, 41 ans, prend des risques. Il a imagin\u00e9 Jazz Club \u00ab\u00a0parce qu&rsquo;en tant auditeur, je ne trouvais pas mon compte sur les radios jazz de la FM. Je voulais proposer une programmation plus alternative. Une programmation plus ad\u00e9quate avec ce que j&rsquo;\u00e9coute, avec ce qu&rsquo;\u00e9coutent les gens que je croise aux concerts, avec [&hellip;]<\/p>\n","protected":false},"author":3,"featured_media":305,"comment_status":"closed","ping_status":"closed","sticky":false,"template":"","format":"standard","meta":{"_et_pb_use_builder":"","_et_pb_old_content":"","_et_gb_content_width":"","footnotes":""},"categories":[6],"tags":[],"class_list":["post-304","post","type-post","status-publish","format-standard","has-post-thumbnail","hentry","category-focus","et-has-post-format-content","et_post_format-et-post-format-standard"],"yoast_head":"<!-- This site is optimized with the Yoast SEO plugin v27.4 - https:\/\/yoast.com\/product\/yoast-seo-wordpress\/ -->\n<title>Jazz Club, une autre id\u00e9e du jazz - Lawebradio.com - Actualit\u00e9s des radios digitales<\/title>\n<meta name=\"robots\" content=\"index, follow, max-snippet:-1, max-image-preview:large, max-video-preview:-1\" \/>\n<link rel=\"canonical\" href=\"https:\/\/www.lawebradio.com\/news\/jazz-club-autre-idee-du-jazz\/\" \/>\n<meta property=\"og:locale\" content=\"fr_FR\" \/>\n<meta property=\"og:type\" content=\"article\" \/>\n<meta property=\"og:title\" content=\"Jazz Club, une autre id\u00e9e du jazz - Lawebradio.com - Actualit\u00e9s des radios digitales\" \/>\n<meta property=\"og:description\" content=\"S\u00e9bastien Leclercq, 41 ans, prend des risques. Il a imagin\u00e9 Jazz Club \u00ab\u00a0parce qu&rsquo;en tant auditeur, je ne trouvais pas mon compte sur les radios jazz de la FM. Je voulais proposer une programmation plus alternative. Une programmation plus ad\u00e9quate avec ce que j&rsquo;\u00e9coute, avec ce qu&rsquo;\u00e9coutent les gens que je croise aux concerts, avec [&hellip;]\" \/>\n<meta property=\"og:url\" content=\"https:\/\/www.lawebradio.com\/news\/jazz-club-autre-idee-du-jazz\/\" \/>\n<meta property=\"og:site_name\" content=\"Lawebradio.com - Actualit\u00e9s des radios digitales\" \/>\n<meta property=\"article:published_time\" content=\"2013-10-23T07:40:53+00:00\" \/>\n<meta property=\"article:modified_time\" content=\"2013-11-13T13:11:48+00:00\" \/>\n<meta property=\"og:image\" content=\"https:\/\/www.lawebradio.com\/news\/wp-content\/uploads\/2013\/10\/ima-jazzclub102013.jpg\" \/>\n\t<meta property=\"og:image:width\" content=\"642\" \/>\n\t<meta property=\"og:image:height\" content=\"310\" \/>\n\t<meta property=\"og:image:type\" content=\"image\/jpeg\" \/>\n<meta name=\"author\" content=\"Julien Lecourbe\" \/>\n<meta name=\"twitter:label1\" content=\"\u00c9crit par\" \/>\n\t<meta name=\"twitter:data1\" content=\"Julien Lecourbe\" \/>\n\t<meta name=\"twitter:label2\" content=\"Dur\u00e9e de lecture estim\u00e9e\" \/>\n\t<meta name=\"twitter:data2\" content=\"1 minute\" \/>\n<script type=\"application\/ld+json\" class=\"yoast-schema-graph\">{\"@context\":\"https:\\\/\\\/schema.org\",\"@graph\":[{\"@type\":\"Article\",\"@id\":\"https:\\\/\\\/www.lawebradio.com\\\/news\\\/jazz-club-autre-idee-du-jazz\\\/#article\",\"isPartOf\":{\"@id\":\"https:\\\/\\\/www.lawebradio.com\\\/news\\\/jazz-club-autre-idee-du-jazz\\\/\"},\"author\":{\"name\":\"Julien Lecourbe\",\"@id\":\"https:\\\/\\\/www.lawebradio.com\\\/news\\\/#\\\/schema\\\/person\\\/95fd11aee6e6cfe70a4b58b482103f1f\"},\"headline\":\"Jazz Club, une autre id\u00e9e du jazz\",\"datePublished\":\"2013-10-23T07:40:53+00:00\",\"dateModified\":\"2013-11-13T13:11:48+00:00\",\"mainEntityOfPage\":{\"@id\":\"https:\\\/\\\/www.lawebradio.com\\\/news\\\/jazz-club-autre-idee-du-jazz\\\/\"},\"wordCount\":290,\"publisher\":{\"@id\":\"https:\\\/\\\/www.lawebradio.com\\\/news\\\/#organization\"},\"image\":{\"@id\":\"https:\\\/\\\/www.lawebradio.com\\\/news\\\/jazz-club-autre-idee-du-jazz\\\/#primaryimage\"},\"thumbnailUrl\":\"https:\\\/\\\/www.lawebradio.com\\\/news\\\/wp-content\\\/uploads\\\/2013\\\/10\\\/ima-jazzclub102013.jpg\",\"articleSection\":[\"Focus\"],\"inLanguage\":\"fr-FR\"},{\"@type\":\"WebPage\",\"@id\":\"https:\\\/\\\/www.lawebradio.com\\\/news\\\/jazz-club-autre-idee-du-jazz\\\/\",\"url\":\"https:\\\/\\\/www.lawebradio.com\\\/news\\\/jazz-club-autre-idee-du-jazz\\\/\",\"name\":\"Jazz Club, une autre id\u00e9e du jazz - Lawebradio.com - Actualit\u00e9s des radios digitales\",\"isPartOf\":{\"@id\":\"https:\\\/\\\/www.lawebradio.com\\\/news\\\/#website\"},\"primaryImageOfPage\":{\"@id\":\"https:\\\/\\\/www.lawebradio.com\\\/news\\\/jazz-club-autre-idee-du-jazz\\\/#primaryimage\"},\"image\":{\"@id\":\"https:\\\/\\\/www.lawebradio.com\\\/news\\\/jazz-club-autre-idee-du-jazz\\\/#primaryimage\"},\"thumbnailUrl\":\"https:\\\/\\\/www.lawebradio.com\\\/news\\\/wp-content\\\/uploads\\\/2013\\\/10\\\/ima-jazzclub102013.jpg\",\"datePublished\":\"2013-10-23T07:40:53+00:00\",\"dateModified\":\"2013-11-13T13:11:48+00:00\",\"inLanguage\":\"fr-FR\",\"potentialAction\":[{\"@type\":\"ReadAction\",\"target\":[\"https:\\\/\\\/www.lawebradio.com\\\/news\\\/jazz-club-autre-idee-du-jazz\\\/\"]}]},{\"@type\":\"ImageObject\",\"inLanguage\":\"fr-FR\",\"@id\":\"https:\\\/\\\/www.lawebradio.com\\\/news\\\/jazz-club-autre-idee-du-jazz\\\/#primaryimage\",\"url\":\"https:\\\/\\\/www.lawebradio.com\\\/news\\\/wp-content\\\/uploads\\\/2013\\\/10\\\/ima-jazzclub102013.jpg\",\"contentUrl\":\"https:\\\/\\\/www.lawebradio.com\\\/news\\\/wp-content\\\/uploads\\\/2013\\\/10\\\/ima-jazzclub102013.jpg\",\"width\":642,\"height\":310},{\"@type\":\"WebSite\",\"@id\":\"https:\\\/\\\/www.lawebradio.com\\\/news\\\/#website\",\"url\":\"https:\\\/\\\/www.lawebradio.com\\\/news\\\/\",\"name\":\"Lawebradio.com - Actualit\u00e9s des radios digitales\",\"description\":\"\",\"publisher\":{\"@id\":\"https:\\\/\\\/www.lawebradio.com\\\/news\\\/#organization\"},\"potentialAction\":[{\"@type\":\"SearchAction\",\"target\":{\"@type\":\"EntryPoint\",\"urlTemplate\":\"https:\\\/\\\/www.lawebradio.com\\\/news\\\/?s={search_term_string}\"},\"query-input\":{\"@type\":\"PropertyValueSpecification\",\"valueRequired\":true,\"valueName\":\"search_term_string\"}}],\"inLanguage\":\"fr-FR\"},{\"@type\":\"Organization\",\"@id\":\"https:\\\/\\\/www.lawebradio.com\\\/news\\\/#organization\",\"name\":\"Lawebradio.com - Actualit\u00e9s des radios digitales\",\"url\":\"https:\\\/\\\/www.lawebradio.com\\\/news\\\/\",\"logo\":{\"@type\":\"ImageObject\",\"inLanguage\":\"fr-FR\",\"@id\":\"https:\\\/\\\/www.lawebradio.com\\\/news\\\/#\\\/schema\\\/logo\\\/image\\\/\",\"url\":\"https:\\\/\\\/www.lawebradio.com\\\/news\\\/wp-content\\\/uploads\\\/2020\\\/10\\\/logo2020.png\",\"contentUrl\":\"https:\\\/\\\/www.lawebradio.com\\\/news\\\/wp-content\\\/uploads\\\/2020\\\/10\\\/logo2020.png\",\"width\":254,\"height\":43,\"caption\":\"Lawebradio.com - Actualit\u00e9s des radios digitales\"},\"image\":{\"@id\":\"https:\\\/\\\/www.lawebradio.com\\\/news\\\/#\\\/schema\\\/logo\\\/image\\\/\"}},{\"@type\":\"Person\",\"@id\":\"https:\\\/\\\/www.lawebradio.com\\\/news\\\/#\\\/schema\\\/person\\\/95fd11aee6e6cfe70a4b58b482103f1f\",\"name\":\"Julien Lecourbe\",\"image\":{\"@type\":\"ImageObject\",\"inLanguage\":\"fr-FR\",\"@id\":\"https:\\\/\\\/secure.gravatar.com\\\/avatar\\\/0d25a327c6e268d9730d9c0cbeeee0fea76f04c6cf9528c29e782ef324afc515?s=96&d=mm&r=g\",\"url\":\"https:\\\/\\\/secure.gravatar.com\\\/avatar\\\/0d25a327c6e268d9730d9c0cbeeee0fea76f04c6cf9528c29e782ef324afc515?s=96&d=mm&r=g\",\"contentUrl\":\"https:\\\/\\\/secure.gravatar.com\\\/avatar\\\/0d25a327c6e268d9730d9c0cbeeee0fea76f04c6cf9528c29e782ef324afc515?s=96&d=mm&r=g\",\"caption\":\"Julien Lecourbe\"},\"url\":\"https:\\\/\\\/www.lawebradio.com\\\/news\\\/author\\\/la-redaction\\\/\"}]}<\/script>\n<!-- \/ Yoast SEO plugin. -->","yoast_head_json":{"title":"Jazz Club, une autre id\u00e9e du jazz - Lawebradio.com - Actualit\u00e9s des radios digitales","robots":{"index":"index","follow":"follow","max-snippet":"max-snippet:-1","max-image-preview":"max-image-preview:large","max-video-preview":"max-video-preview:-1"},"canonical":"https:\/\/www.lawebradio.com\/news\/jazz-club-autre-idee-du-jazz\/","og_locale":"fr_FR","og_type":"article","og_title":"Jazz Club, une autre id\u00e9e du jazz - Lawebradio.com - Actualit\u00e9s des radios digitales","og_description":"S\u00e9bastien Leclercq, 41 ans, prend des risques. Il a imagin\u00e9 Jazz Club \u00ab\u00a0parce qu&rsquo;en tant auditeur, je ne trouvais pas mon compte sur les radios jazz de la FM. Je voulais proposer une programmation plus alternative. Une programmation plus ad\u00e9quate avec ce que j&rsquo;\u00e9coute, avec ce qu&rsquo;\u00e9coutent les gens que je croise aux concerts, avec [&hellip;]","og_url":"https:\/\/www.lawebradio.com\/news\/jazz-club-autre-idee-du-jazz\/","og_site_name":"Lawebradio.com - Actualit\u00e9s des radios digitales","article_published_time":"2013-10-23T07:40:53+00:00","article_modified_time":"2013-11-13T13:11:48+00:00","og_image":[{"width":642,"height":310,"url":"https:\/\/www.lawebradio.com\/news\/wp-content\/uploads\/2013\/10\/ima-jazzclub102013.jpg","type":"image\/jpeg"}],"author":"Julien Lecourbe","twitter_misc":{"\u00c9crit par":"Julien Lecourbe","Dur\u00e9e de lecture estim\u00e9e":"1 minute"},"schema":{"@context":"https:\/\/schema.org","@graph":[{"@type":"Article","@id":"https:\/\/www.lawebradio.com\/news\/jazz-club-autre-idee-du-jazz\/#article","isPartOf":{"@id":"https:\/\/www.lawebradio.com\/news\/jazz-club-autre-idee-du-jazz\/"},"author":{"name":"Julien Lecourbe","@id":"https:\/\/www.lawebradio.com\/news\/#\/schema\/person\/95fd11aee6e6cfe70a4b58b482103f1f"},"headline":"Jazz Club, une autre id\u00e9e du jazz","datePublished":"2013-10-23T07:40:53+00:00","dateModified":"2013-11-13T13:11:48+00:00","mainEntityOfPage":{"@id":"https:\/\/www.lawebradio.com\/news\/jazz-club-autre-idee-du-jazz\/"},"wordCount":290,"publisher":{"@id":"https:\/\/www.lawebradio.com\/news\/#organization"},"image":{"@id":"https:\/\/www.lawebradio.com\/news\/jazz-club-autre-idee-du-jazz\/#primaryimage"},"thumbnailUrl":"https:\/\/www.lawebradio.com\/news\/wp-content\/uploads\/2013\/10\/ima-jazzclub102013.jpg","articleSection":["Focus"],"inLanguage":"fr-FR"},{"@type":"WebPage","@id":"https:\/\/www.lawebradio.com\/news\/jazz-club-autre-idee-du-jazz\/","url":"https:\/\/www.lawebradio.com\/news\/jazz-club-autre-idee-du-jazz\/","name":"Jazz Club, une autre id\u00e9e du jazz - Lawebradio.com - Actualit\u00e9s des radios digitales","isPartOf":{"@id":"https:\/\/www.lawebradio.com\/news\/#website"},"primaryImageOfPage":{"@id":"https:\/\/www.lawebradio.com\/news\/jazz-club-autre-idee-du-jazz\/#primaryimage"},"image":{"@id":"https:\/\/www.lawebradio.com\/news\/jazz-club-autre-idee-du-jazz\/#primaryimage"},"thumbnailUrl":"https:\/\/www.lawebradio.com\/news\/wp-content\/uploads\/2013\/10\/ima-jazzclub102013.jpg","datePublished":"2013-10-23T07:40:53+00:00","dateModified":"2013-11-13T13:11:48+00:00","inLanguage":"fr-FR","potentialAction":[{"@type":"ReadAction","target":["https:\/\/www.lawebradio.com\/news\/jazz-club-autre-idee-du-jazz\/"]}]},{"@type":"ImageObject","inLanguage":"fr-FR","@id":"https:\/\/www.lawebradio.com\/news\/jazz-club-autre-idee-du-jazz\/#primaryimage","url":"https:\/\/www.lawebradio.com\/news\/wp-content\/uploads\/2013\/10\/ima-jazzclub102013.jpg","contentUrl":"https:\/\/www.lawebradio.com\/news\/wp-content\/uploads\/2013\/10\/ima-jazzclub102013.jpg","width":642,"height":310},{"@type":"WebSite","@id":"https:\/\/www.lawebradio.com\/news\/#website","url":"https:\/\/www.lawebradio.com\/news\/","name":"Lawebradio.com - Actualit\u00e9s des radios digitales","description":"","publisher":{"@id":"https:\/\/www.lawebradio.com\/news\/#organization"},"potentialAction":[{"@type":"SearchAction","target":{"@type":"EntryPoint","urlTemplate":"https:\/\/www.lawebradio.com\/news\/?s={search_term_string}"},"query-input":{"@type":"PropertyValueSpecification","valueRequired":true,"valueName":"search_term_string"}}],"inLanguage":"fr-FR"},{"@type":"Organization","@id":"https:\/\/www.lawebradio.com\/news\/#organization","name":"Lawebradio.com - Actualit\u00e9s des radios digitales","url":"https:\/\/www.lawebradio.com\/news\/","logo":{"@type":"ImageObject","inLanguage":"fr-FR","@id":"https:\/\/www.lawebradio.com\/news\/#\/schema\/logo\/image\/","url":"https:\/\/www.lawebradio.com\/news\/wp-content\/uploads\/2020\/10\/logo2020.png","contentUrl":"https:\/\/www.lawebradio.com\/news\/wp-content\/uploads\/2020\/10\/logo2020.png","width":254,"height":43,"caption":"Lawebradio.com - Actualit\u00e9s des radios digitales"},"image":{"@id":"https:\/\/www.lawebradio.com\/news\/#\/schema\/logo\/image\/"}},{"@type":"Person","@id":"https:\/\/www.lawebradio.com\/news\/#\/schema\/person\/95fd11aee6e6cfe70a4b58b482103f1f","name":"Julien Lecourbe","image":{"@type":"ImageObject","inLanguage":"fr-FR","@id":"https:\/\/secure.gravatar.com\/avatar\/0d25a327c6e268d9730d9c0cbeeee0fea76f04c6cf9528c29e782ef324afc515?s=96&d=mm&r=g","url":"https:\/\/secure.gravatar.com\/avatar\/0d25a327c6e268d9730d9c0cbeeee0fea76f04c6cf9528c29e782ef324afc515?s=96&d=mm&r=g","contentUrl":"https:\/\/secure.gravatar.com\/avatar\/0d25a327c6e268d9730d9c0cbeeee0fea76f04c6cf9528c29e782ef324afc515?s=96&d=mm&r=g","caption":"Julien Lecourbe"},"url":"https:\/\/www.lawebradio.com\/news\/author\/la-redaction\/"}]}},"_links":{"self":[{"href":"https:\/\/www.lawebradio.com\/news\/wp-json\/wp\/v2\/posts\/304","targetHints":{"allow":["GET"]}}],"collection":[{"href":"https:\/\/www.lawebradio.com\/news\/wp-json\/wp\/v2\/posts"}],"about":[{"href":"https:\/\/www.lawebradio.com\/news\/wp-json\/wp\/v2\/types\/post"}],"author":[{"embeddable":true,"href":"https:\/\/www.lawebradio.com\/news\/wp-json\/wp\/v2\/users\/3"}],"replies":[{"embeddable":true,"href":"https:\/\/www.lawebradio.com\/news\/wp-json\/wp\/v2\/comments?post=304"}],"version-history":[{"count":5,"href":"https:\/\/www.lawebradio.com\/news\/wp-json\/wp\/v2\/posts\/304\/revisions"}],"predecessor-version":[{"id":505,"href":"https:\/\/www.lawebradio.com\/news\/wp-json\/wp\/v2\/posts\/304\/revisions\/505"}],"wp:featuredmedia":[{"embeddable":true,"href":"https:\/\/www.lawebradio.com\/news\/wp-json\/wp\/v2\/media\/305"}],"wp:attachment":[{"href":"https:\/\/www.lawebradio.com\/news\/wp-json\/wp\/v2\/media?parent=304"}],"wp:term":[{"taxonomy":"category","embeddable":true,"href":"https:\/\/www.lawebradio.com\/news\/wp-json\/wp\/v2\/categories?post=304"},{"taxonomy":"post_tag","embeddable":true,"href":"https:\/\/www.lawebradio.com\/news\/wp-json\/wp\/v2\/tags?post=304"}],"curies":[{"name":"wp","href":"https:\/\/api.w.org\/{rel}","templated":true}]}}