{"id":2590,"date":"2015-06-08T08:09:06","date_gmt":"2015-06-08T07:09:06","guid":{"rendered":"http:\/\/www.lawebradio.com\/news\/?p=2590"},"modified":"2015-06-08T08:10:16","modified_gmt":"2015-06-08T07:10:16","slug":"neo-radio","status":"publish","type":"post","link":"https:\/\/www.lawebradio.com\/news\/neo-radio\/","title":{"rendered":"N\u00e9o Radio, r\u00e9invente&#8230; la radio !"},"content":{"rendered":"<p><strong>Ayant fait ses classes dans plusieurs radios r\u00e9gionales belges d\u00e8s l&rsquo;\u00e2ge de 15 ans, Laurent a fini par fonder sa propre radio digitale \u00ab\u00a0N\u00e9o Radio\u00a0\u00bb avec son \u00e9quipe d&rsquo;animateurs en utilisant les services de streaming audio de la plate-forme Radionomy.com.<\/strong><\/p>\n<p>Laurent : &#8211; \u00ab\u00a0J&rsquo;ai eu la chance d&rsquo;\u00eatre form\u00e9 \u00e0 la technique \/ r\u00e9alisation \u00e0 l&rsquo;ancienne&#8230; montage de bandes magn\u00e9tiques, encha\u00eenements de cd, de bandes, de publicit\u00e9s sur cassettes ou bande annonces. J&rsquo;ai connu l&rsquo;av\u00e9nement de divers logiciels d&rsquo;automation radio qui nous rendent maintenant un tr\u00e8s grand service. Puis j&rsquo;ai eu l&rsquo;occasion de travailler pour de grandes radios nationales belges et fran\u00e7aises dans les domaines de la pub, de l&rsquo;habillage audio, de la production et du deejaying. Les autres membres de ce projet radiophonique sont tous issus du m\u00e9tier. Nous sommes de r\u00e9els passionn\u00e9s et totalement investis.<\/p>\n<p>Le concept de N\u00e9o Radio est tr\u00e8s simple, nous diffusons principalement de la Pop et de l&rsquo;Electro grand public reposant sur un habillage coh\u00e9rent et des rubriques ludiques agr\u00e9ment\u00e9es de flashs infos. Nous visons un public assez large et plut\u00f4t jeune, entre 15 et 45 ans. En ce qui me concerne, je me charge de la gestion journali\u00e8re et de la programmation musicale, C\u00e9dric g\u00e8re l&rsquo;aspect partenariat et la gestion des rubriques, Fabrice s&rsquo;occupe de l&rsquo;aspect technique et Amy g\u00e8re l&rsquo;administratif.<\/p>\n<p><img loading=\"lazy\" decoding=\"async\" class=\"alignleft size-full wp-image-2592\" src=\"http:\/\/www.lawebradio.com\/news\/wp-content\/uploads\/2015\/06\/ima2-neoradio2015.jpg\" alt=\"ima2-neoradio2015\" width=\"250\" height=\"275\" srcset=\"https:\/\/www.lawebradio.com\/news\/wp-content\/uploads\/2015\/06\/ima2-neoradio2015.jpg 250w, https:\/\/www.lawebradio.com\/news\/wp-content\/uploads\/2015\/06\/ima2-neoradio2015-136x150.jpg 136w\" sizes=\"auto, (max-width: 250px) 100vw, 250px\" \/>L&rsquo;une de nos \u00e9missions phares est r\u00e9alis\u00e9e en Live, elle se nomme N\u00e9o Clubbing. Tous les samedis soir, de nombreux Djs interviennent dans notre studio ou en streaming depuis leur lieu de r\u00e9sidence. Nous r\u00e9alisons \u00e9galement des \u00e9missions sur des \u00e9v\u00e9nements r\u00e9gionaux. N\u00e9o Radio se d\u00e9place aussi !<\/p>\n<p>Actuellement nous poursuivons notre \u00ab\u00a0home made\u00a0\u00bb, nous voulons r\u00e9aliser la totalit\u00e9 de nos contenus et donner ainsi un savoir faire de fa\u00e7on professionnelle. D&rsquo;autres op\u00e9rations sont \u00e0 venir comme la r\u00e9alisation d\u2019\u00e9v\u00e9nements ext\u00e9rieurs mais pas uniquement de fa\u00e7on locale ou r\u00e9gionale&#8230; On ne vous en dit pas plus&#8230; Nous cherchons \u00e0 innover constamment.<\/p>\n<p>L&rsquo;avenir de N\u00e9o Radio passera par la diffusion en radio num\u00e9rique terrestre ! Nous avons actuellement un dossier \u00e0 l&rsquo;\u00e9tude chez un partenaire capable de proposer une diffusion par les ondes num\u00e9riques.\u00a0\u00bb<\/p>\n<p>\u2022 Le site : <a href=\"http:\/\/www.neoradio.be\" target=\"_blank\">www.neoradio.be<\/a><br \/>\n\u2022 Facebook : <a href=\"https:\/\/www.facebook.com\/neoradioofficiel\" target=\"_blank\">https:\/\/www.facebook.com\/neoradioofficiel<\/a><\/p>\n","protected":false},"excerpt":{"rendered":"<p>Ayant fait ses classes dans plusieurs radios r\u00e9gionales belges d\u00e8s l&rsquo;\u00e2ge de 15 ans, Laurent a fini par fonder sa propre radio digitale \u00ab\u00a0N\u00e9o Radio\u00a0\u00bb avec son \u00e9quipe d&rsquo;animateurs en utilisant les services de streaming audio de la plate-forme Radionomy.com. Laurent : &#8211; \u00ab\u00a0J&rsquo;ai eu la chance d&rsquo;\u00eatre form\u00e9 \u00e0 la technique \/ r\u00e9alisation \u00e0 [&hellip;]<\/p>\n","protected":false},"author":3,"featured_media":2591,"comment_status":"closed","ping_status":"closed","sticky":false,"template":"","format":"standard","meta":{"_et_pb_use_builder":"","_et_pb_old_content":"","_et_gb_content_width":"","footnotes":""},"categories":[6],"tags":[],"class_list":["post-2590","post","type-post","status-publish","format-standard","has-post-thumbnail","hentry","category-focus","et-has-post-format-content","et_post_format-et-post-format-standard"],"yoast_head":"<!-- This site is optimized with the Yoast SEO plugin v27.4 - https:\/\/yoast.com\/product\/yoast-seo-wordpress\/ -->\n<title>N\u00e9o Radio, r\u00e9invente... la radio ! - Lawebradio.com - Actualit\u00e9s des radios digitales<\/title>\n<meta name=\"description\" content=\"N\u00e9o Radio est une radio digitale Belge qui diffuse principalement de la pop et de l&#039;Electro visant un public entre 15 et 45 ans.\" \/>\n<meta name=\"robots\" content=\"index, follow, max-snippet:-1, max-image-preview:large, max-video-preview:-1\" \/>\n<link rel=\"canonical\" href=\"https:\/\/www.lawebradio.com\/news\/neo-radio\/\" \/>\n<meta property=\"og:locale\" content=\"fr_FR\" \/>\n<meta property=\"og:type\" content=\"article\" \/>\n<meta property=\"og:title\" content=\"N\u00e9o Radio, r\u00e9invente... la radio ! - Lawebradio.com - Actualit\u00e9s des radios digitales\" \/>\n<meta property=\"og:description\" content=\"N\u00e9o Radio est une radio digitale Belge qui diffuse principalement de la pop et de l&#039;Electro visant un public entre 15 et 45 ans.\" \/>\n<meta property=\"og:url\" content=\"https:\/\/www.lawebradio.com\/news\/neo-radio\/\" \/>\n<meta property=\"og:site_name\" content=\"Lawebradio.com - Actualit\u00e9s des radios digitales\" \/>\n<meta property=\"article:published_time\" content=\"2015-06-08T07:09:06+00:00\" \/>\n<meta property=\"article:modified_time\" content=\"2015-06-08T07:10:16+00:00\" \/>\n<meta property=\"og:image\" content=\"https:\/\/www.lawebradio.com\/news\/wp-content\/uploads\/2015\/06\/ima-neoradio2015.jpg\" \/>\n\t<meta property=\"og:image:width\" content=\"640\" \/>\n\t<meta property=\"og:image:height\" content=\"310\" \/>\n\t<meta property=\"og:image:type\" content=\"image\/jpeg\" \/>\n<meta name=\"author\" content=\"Julien Lecourbe\" \/>\n<meta name=\"twitter:label1\" content=\"\u00c9crit par\" \/>\n\t<meta name=\"twitter:data1\" content=\"Julien Lecourbe\" \/>\n\t<meta name=\"twitter:label2\" content=\"Dur\u00e9e de lecture estim\u00e9e\" \/>\n\t<meta name=\"twitter:data2\" content=\"2 minutes\" \/>\n<script type=\"application\/ld+json\" class=\"yoast-schema-graph\">{\"@context\":\"https:\\\/\\\/schema.org\",\"@graph\":[{\"@type\":\"Article\",\"@id\":\"https:\\\/\\\/www.lawebradio.com\\\/news\\\/neo-radio\\\/#article\",\"isPartOf\":{\"@id\":\"https:\\\/\\\/www.lawebradio.com\\\/news\\\/neo-radio\\\/\"},\"author\":{\"name\":\"Julien Lecourbe\",\"@id\":\"https:\\\/\\\/www.lawebradio.com\\\/news\\\/#\\\/schema\\\/person\\\/95fd11aee6e6cfe70a4b58b482103f1f\"},\"headline\":\"N\u00e9o Radio, r\u00e9invente&#8230; la radio !\",\"datePublished\":\"2015-06-08T07:09:06+00:00\",\"dateModified\":\"2015-06-08T07:10:16+00:00\",\"mainEntityOfPage\":{\"@id\":\"https:\\\/\\\/www.lawebradio.com\\\/news\\\/neo-radio\\\/\"},\"wordCount\":422,\"publisher\":{\"@id\":\"https:\\\/\\\/www.lawebradio.com\\\/news\\\/#organization\"},\"image\":{\"@id\":\"https:\\\/\\\/www.lawebradio.com\\\/news\\\/neo-radio\\\/#primaryimage\"},\"thumbnailUrl\":\"https:\\\/\\\/www.lawebradio.com\\\/news\\\/wp-content\\\/uploads\\\/2015\\\/06\\\/ima-neoradio2015.jpg\",\"articleSection\":[\"Focus\"],\"inLanguage\":\"fr-FR\"},{\"@type\":\"WebPage\",\"@id\":\"https:\\\/\\\/www.lawebradio.com\\\/news\\\/neo-radio\\\/\",\"url\":\"https:\\\/\\\/www.lawebradio.com\\\/news\\\/neo-radio\\\/\",\"name\":\"N\u00e9o Radio, r\u00e9invente... la radio ! - Lawebradio.com - Actualit\u00e9s des radios digitales\",\"isPartOf\":{\"@id\":\"https:\\\/\\\/www.lawebradio.com\\\/news\\\/#website\"},\"primaryImageOfPage\":{\"@id\":\"https:\\\/\\\/www.lawebradio.com\\\/news\\\/neo-radio\\\/#primaryimage\"},\"image\":{\"@id\":\"https:\\\/\\\/www.lawebradio.com\\\/news\\\/neo-radio\\\/#primaryimage\"},\"thumbnailUrl\":\"https:\\\/\\\/www.lawebradio.com\\\/news\\\/wp-content\\\/uploads\\\/2015\\\/06\\\/ima-neoradio2015.jpg\",\"datePublished\":\"2015-06-08T07:09:06+00:00\",\"dateModified\":\"2015-06-08T07:10:16+00:00\",\"description\":\"N\u00e9o Radio est une radio digitale Belge qui diffuse principalement de la pop et de l'Electro visant un public entre 15 et 45 ans.\",\"inLanguage\":\"fr-FR\",\"potentialAction\":[{\"@type\":\"ReadAction\",\"target\":[\"https:\\\/\\\/www.lawebradio.com\\\/news\\\/neo-radio\\\/\"]}]},{\"@type\":\"ImageObject\",\"inLanguage\":\"fr-FR\",\"@id\":\"https:\\\/\\\/www.lawebradio.com\\\/news\\\/neo-radio\\\/#primaryimage\",\"url\":\"https:\\\/\\\/www.lawebradio.com\\\/news\\\/wp-content\\\/uploads\\\/2015\\\/06\\\/ima-neoradio2015.jpg\",\"contentUrl\":\"https:\\\/\\\/www.lawebradio.com\\\/news\\\/wp-content\\\/uploads\\\/2015\\\/06\\\/ima-neoradio2015.jpg\",\"width\":640,\"height\":310},{\"@type\":\"WebSite\",\"@id\":\"https:\\\/\\\/www.lawebradio.com\\\/news\\\/#website\",\"url\":\"https:\\\/\\\/www.lawebradio.com\\\/news\\\/\",\"name\":\"Lawebradio.com - Actualit\u00e9s des radios digitales\",\"description\":\"\",\"publisher\":{\"@id\":\"https:\\\/\\\/www.lawebradio.com\\\/news\\\/#organization\"},\"potentialAction\":[{\"@type\":\"SearchAction\",\"target\":{\"@type\":\"EntryPoint\",\"urlTemplate\":\"https:\\\/\\\/www.lawebradio.com\\\/news\\\/?s={search_term_string}\"},\"query-input\":{\"@type\":\"PropertyValueSpecification\",\"valueRequired\":true,\"valueName\":\"search_term_string\"}}],\"inLanguage\":\"fr-FR\"},{\"@type\":\"Organization\",\"@id\":\"https:\\\/\\\/www.lawebradio.com\\\/news\\\/#organization\",\"name\":\"Lawebradio.com - Actualit\u00e9s des radios digitales\",\"url\":\"https:\\\/\\\/www.lawebradio.com\\\/news\\\/\",\"logo\":{\"@type\":\"ImageObject\",\"inLanguage\":\"fr-FR\",\"@id\":\"https:\\\/\\\/www.lawebradio.com\\\/news\\\/#\\\/schema\\\/logo\\\/image\\\/\",\"url\":\"https:\\\/\\\/www.lawebradio.com\\\/news\\\/wp-content\\\/uploads\\\/2020\\\/10\\\/logo2020.png\",\"contentUrl\":\"https:\\\/\\\/www.lawebradio.com\\\/news\\\/wp-content\\\/uploads\\\/2020\\\/10\\\/logo2020.png\",\"width\":254,\"height\":43,\"caption\":\"Lawebradio.com - Actualit\u00e9s des radios digitales\"},\"image\":{\"@id\":\"https:\\\/\\\/www.lawebradio.com\\\/news\\\/#\\\/schema\\\/logo\\\/image\\\/\"}},{\"@type\":\"Person\",\"@id\":\"https:\\\/\\\/www.lawebradio.com\\\/news\\\/#\\\/schema\\\/person\\\/95fd11aee6e6cfe70a4b58b482103f1f\",\"name\":\"Julien Lecourbe\",\"image\":{\"@type\":\"ImageObject\",\"inLanguage\":\"fr-FR\",\"@id\":\"https:\\\/\\\/secure.gravatar.com\\\/avatar\\\/0d25a327c6e268d9730d9c0cbeeee0fea76f04c6cf9528c29e782ef324afc515?s=96&d=mm&r=g\",\"url\":\"https:\\\/\\\/secure.gravatar.com\\\/avatar\\\/0d25a327c6e268d9730d9c0cbeeee0fea76f04c6cf9528c29e782ef324afc515?s=96&d=mm&r=g\",\"contentUrl\":\"https:\\\/\\\/secure.gravatar.com\\\/avatar\\\/0d25a327c6e268d9730d9c0cbeeee0fea76f04c6cf9528c29e782ef324afc515?s=96&d=mm&r=g\",\"caption\":\"Julien Lecourbe\"},\"url\":\"https:\\\/\\\/www.lawebradio.com\\\/news\\\/author\\\/la-redaction\\\/\"}]}<\/script>\n<!-- \/ Yoast SEO plugin. -->","yoast_head_json":{"title":"N\u00e9o Radio, r\u00e9invente... la radio ! - Lawebradio.com - Actualit\u00e9s des radios digitales","description":"N\u00e9o Radio est une radio digitale Belge qui diffuse principalement de la pop et de l'Electro visant un public entre 15 et 45 ans.","robots":{"index":"index","follow":"follow","max-snippet":"max-snippet:-1","max-image-preview":"max-image-preview:large","max-video-preview":"max-video-preview:-1"},"canonical":"https:\/\/www.lawebradio.com\/news\/neo-radio\/","og_locale":"fr_FR","og_type":"article","og_title":"N\u00e9o Radio, r\u00e9invente... la radio ! - Lawebradio.com - Actualit\u00e9s des radios digitales","og_description":"N\u00e9o Radio est une radio digitale Belge qui diffuse principalement de la pop et de l'Electro visant un public entre 15 et 45 ans.","og_url":"https:\/\/www.lawebradio.com\/news\/neo-radio\/","og_site_name":"Lawebradio.com - Actualit\u00e9s des radios digitales","article_published_time":"2015-06-08T07:09:06+00:00","article_modified_time":"2015-06-08T07:10:16+00:00","og_image":[{"width":640,"height":310,"url":"https:\/\/www.lawebradio.com\/news\/wp-content\/uploads\/2015\/06\/ima-neoradio2015.jpg","type":"image\/jpeg"}],"author":"Julien Lecourbe","twitter_misc":{"\u00c9crit par":"Julien Lecourbe","Dur\u00e9e de lecture estim\u00e9e":"2 minutes"},"schema":{"@context":"https:\/\/schema.org","@graph":[{"@type":"Article","@id":"https:\/\/www.lawebradio.com\/news\/neo-radio\/#article","isPartOf":{"@id":"https:\/\/www.lawebradio.com\/news\/neo-radio\/"},"author":{"name":"Julien Lecourbe","@id":"https:\/\/www.lawebradio.com\/news\/#\/schema\/person\/95fd11aee6e6cfe70a4b58b482103f1f"},"headline":"N\u00e9o Radio, r\u00e9invente&#8230; la radio !","datePublished":"2015-06-08T07:09:06+00:00","dateModified":"2015-06-08T07:10:16+00:00","mainEntityOfPage":{"@id":"https:\/\/www.lawebradio.com\/news\/neo-radio\/"},"wordCount":422,"publisher":{"@id":"https:\/\/www.lawebradio.com\/news\/#organization"},"image":{"@id":"https:\/\/www.lawebradio.com\/news\/neo-radio\/#primaryimage"},"thumbnailUrl":"https:\/\/www.lawebradio.com\/news\/wp-content\/uploads\/2015\/06\/ima-neoradio2015.jpg","articleSection":["Focus"],"inLanguage":"fr-FR"},{"@type":"WebPage","@id":"https:\/\/www.lawebradio.com\/news\/neo-radio\/","url":"https:\/\/www.lawebradio.com\/news\/neo-radio\/","name":"N\u00e9o Radio, r\u00e9invente... la radio ! - Lawebradio.com - Actualit\u00e9s des radios digitales","isPartOf":{"@id":"https:\/\/www.lawebradio.com\/news\/#website"},"primaryImageOfPage":{"@id":"https:\/\/www.lawebradio.com\/news\/neo-radio\/#primaryimage"},"image":{"@id":"https:\/\/www.lawebradio.com\/news\/neo-radio\/#primaryimage"},"thumbnailUrl":"https:\/\/www.lawebradio.com\/news\/wp-content\/uploads\/2015\/06\/ima-neoradio2015.jpg","datePublished":"2015-06-08T07:09:06+00:00","dateModified":"2015-06-08T07:10:16+00:00","description":"N\u00e9o Radio est une radio digitale Belge qui diffuse principalement de la pop et de l'Electro visant un public entre 15 et 45 ans.","inLanguage":"fr-FR","potentialAction":[{"@type":"ReadAction","target":["https:\/\/www.lawebradio.com\/news\/neo-radio\/"]}]},{"@type":"ImageObject","inLanguage":"fr-FR","@id":"https:\/\/www.lawebradio.com\/news\/neo-radio\/#primaryimage","url":"https:\/\/www.lawebradio.com\/news\/wp-content\/uploads\/2015\/06\/ima-neoradio2015.jpg","contentUrl":"https:\/\/www.lawebradio.com\/news\/wp-content\/uploads\/2015\/06\/ima-neoradio2015.jpg","width":640,"height":310},{"@type":"WebSite","@id":"https:\/\/www.lawebradio.com\/news\/#website","url":"https:\/\/www.lawebradio.com\/news\/","name":"Lawebradio.com - Actualit\u00e9s des radios digitales","description":"","publisher":{"@id":"https:\/\/www.lawebradio.com\/news\/#organization"},"potentialAction":[{"@type":"SearchAction","target":{"@type":"EntryPoint","urlTemplate":"https:\/\/www.lawebradio.com\/news\/?s={search_term_string}"},"query-input":{"@type":"PropertyValueSpecification","valueRequired":true,"valueName":"search_term_string"}}],"inLanguage":"fr-FR"},{"@type":"Organization","@id":"https:\/\/www.lawebradio.com\/news\/#organization","name":"Lawebradio.com - Actualit\u00e9s des radios digitales","url":"https:\/\/www.lawebradio.com\/news\/","logo":{"@type":"ImageObject","inLanguage":"fr-FR","@id":"https:\/\/www.lawebradio.com\/news\/#\/schema\/logo\/image\/","url":"https:\/\/www.lawebradio.com\/news\/wp-content\/uploads\/2020\/10\/logo2020.png","contentUrl":"https:\/\/www.lawebradio.com\/news\/wp-content\/uploads\/2020\/10\/logo2020.png","width":254,"height":43,"caption":"Lawebradio.com - Actualit\u00e9s des radios digitales"},"image":{"@id":"https:\/\/www.lawebradio.com\/news\/#\/schema\/logo\/image\/"}},{"@type":"Person","@id":"https:\/\/www.lawebradio.com\/news\/#\/schema\/person\/95fd11aee6e6cfe70a4b58b482103f1f","name":"Julien Lecourbe","image":{"@type":"ImageObject","inLanguage":"fr-FR","@id":"https:\/\/secure.gravatar.com\/avatar\/0d25a327c6e268d9730d9c0cbeeee0fea76f04c6cf9528c29e782ef324afc515?s=96&d=mm&r=g","url":"https:\/\/secure.gravatar.com\/avatar\/0d25a327c6e268d9730d9c0cbeeee0fea76f04c6cf9528c29e782ef324afc515?s=96&d=mm&r=g","contentUrl":"https:\/\/secure.gravatar.com\/avatar\/0d25a327c6e268d9730d9c0cbeeee0fea76f04c6cf9528c29e782ef324afc515?s=96&d=mm&r=g","caption":"Julien Lecourbe"},"url":"https:\/\/www.lawebradio.com\/news\/author\/la-redaction\/"}]}},"_links":{"self":[{"href":"https:\/\/www.lawebradio.com\/news\/wp-json\/wp\/v2\/posts\/2590","targetHints":{"allow":["GET"]}}],"collection":[{"href":"https:\/\/www.lawebradio.com\/news\/wp-json\/wp\/v2\/posts"}],"about":[{"href":"https:\/\/www.lawebradio.com\/news\/wp-json\/wp\/v2\/types\/post"}],"author":[{"embeddable":true,"href":"https:\/\/www.lawebradio.com\/news\/wp-json\/wp\/v2\/users\/3"}],"replies":[{"embeddable":true,"href":"https:\/\/www.lawebradio.com\/news\/wp-json\/wp\/v2\/comments?post=2590"}],"version-history":[{"count":2,"href":"https:\/\/www.lawebradio.com\/news\/wp-json\/wp\/v2\/posts\/2590\/revisions"}],"predecessor-version":[{"id":2594,"href":"https:\/\/www.lawebradio.com\/news\/wp-json\/wp\/v2\/posts\/2590\/revisions\/2594"}],"wp:featuredmedia":[{"embeddable":true,"href":"https:\/\/www.lawebradio.com\/news\/wp-json\/wp\/v2\/media\/2591"}],"wp:attachment":[{"href":"https:\/\/www.lawebradio.com\/news\/wp-json\/wp\/v2\/media?parent=2590"}],"wp:term":[{"taxonomy":"category","embeddable":true,"href":"https:\/\/www.lawebradio.com\/news\/wp-json\/wp\/v2\/categories?post=2590"},{"taxonomy":"post_tag","embeddable":true,"href":"https:\/\/www.lawebradio.com\/news\/wp-json\/wp\/v2\/tags?post=2590"}],"curies":[{"name":"wp","href":"https:\/\/api.w.org\/{rel}","templated":true}]}}