{"id":2584,"date":"2015-06-08T07:28:43","date_gmt":"2015-06-08T06:28:43","guid":{"rendered":"http:\/\/www.lawebradio.com\/news\/?p=2584"},"modified":"2015-06-24T19:02:22","modified_gmt":"2015-06-24T18:02:22","slug":"wrs-une-radio-locale-suisse-100-digitale-prevoit-datteindre-un-chiffre-daffaire-annuel-en-2015-proche-du-millions-deuros","status":"publish","type":"post","link":"https:\/\/www.lawebradio.com\/news\/wrs-une-radio-locale-suisse-100-digitale-prevoit-datteindre-un-chiffre-daffaire-annuel-en-2015-proche-du-millions-deuros\/","title":{"rendered":"WRS, une radio digitale Suisse pr\u00e9voit d&rsquo;atteindre un CA proche du million d\u2019euros."},"content":{"rendered":"<p><strong>La radio locale anglophone World Radio Switzerland diffuse sur le web et le DAB+ sur la r\u00e9gion de Gen\u00e8ve. Malgr\u00e9 une moyenne d&rsquo;\u00e9coute de 8100 personnes par jour, elle suscite un int\u00e9r\u00eat particulier de la part des annonceurs car elle touche \u00e0 74% des auditeurs qui gagnent plus de 5000\u20ac et 24% plus de 9000\u20ac par mois.<\/strong><\/p>\n<p>WRS a eu la bonne id\u00e9e marketing de r\u00e9unir une centaine de prospects qualifi\u00e9s et d\u2019organiser en 2 jours, huit pr\u00e9sentations de 35 minutes. Ce sont 30 contrats annuels qui ont \u00e9t\u00e9 sign\u00e9s \u00e0 l&rsquo;issue de cette initiative d&rsquo;un montant total de 360.000 euros assurant \u00e0 cette radio digitale une bonne visibilit\u00e9 financi\u00e8re, en plus du chiffre d\u2019affaire r\u00e9alis\u00e9 avec ses clients habituels.<\/p>\n<p>Chaque session de 35 minutes comprenait 3 parties avec une pr\u00e9sentation de la radio puis un rappel de principes marketing fondamentaux et enfin une offre annuelle intitul\u00e9e cette ann\u00e9e \u00ab\u00a0Brandbooster\u00a0\u00bb, r\u00e9serv\u00e9e exclusivement aux 30 premiers \u00ab\u00a0membres\u00a0\u00bb.<\/p>\n<p>L\u2019expos\u00e9 marketing et la pr\u00e9sentation de l\u2019offre ont \u00e9t\u00e9 assur\u00e9s par James Cridland pour les ateliers en anglais et <a href=\"http:\/\/www.radiopub.fr\/a-propos-michel-colin\/\" target=\"_blank\">Michel Colin<\/a>, Consultant senior sp\u00e9cialis\u00e9 dans la commercialisation radio, le marketing et les m\u00e9dias \u00e9lectroniques de proximit\u00e9 (radios, t\u00e9l\u00e9visions, sites Internet\u2026) pour les fran\u00e7ais. L\u2019offre annuelle \u00ab\u00a0Brandbooster\u00a0\u00bb est compos\u00e9e de 120 spots par mois en prime time ainsi qu&rsquo;une r\u00e9partition des espaces invendus aupr\u00e8s de chaque membres. Cette id\u00e9e astucieuse a permis de vendre des contrats annuels en remplissant les \u00e9crans \u00e0 100% et en offrant aux clients une opportunit\u00e9 de communication cibl\u00e9e et efficace.<\/p>\n<p>Cette superbe r\u00e9ussite permet d&rsquo;imaginer de belles perspectives dans le secteur de la radio digitale europ\u00e9enne pour l&rsquo;ann\u00e9e 2015 !<\/p>\n<p>\u2022 Le site : <a href=\"https:\/\/worldradio.ch\/\" target=\"_blank\">https:\/\/worldradio.ch\/ <\/a><br \/>\n\u2022 Facebook : <a href=\"https:\/\/www.facebook.com\/worldradioswitzerland\" target=\"_blank\">https:\/\/www.facebook.com\/worldradioswitzerland<\/a><\/p>\n<p><em>(Source : www.radiopub.fr)<\/em><\/p>\n","protected":false},"excerpt":{"rendered":"<p>La radio locale anglophone World Radio Switzerland diffuse sur le web et le DAB+ sur la r\u00e9gion de Gen\u00e8ve. Malgr\u00e9 une moyenne d&rsquo;\u00e9coute de 8100 personnes par jour, elle suscite un int\u00e9r\u00eat particulier de la part des annonceurs car elle touche \u00e0 74% des auditeurs qui gagnent plus de 5000\u20ac et 24% plus de 9000\u20ac [&hellip;]<\/p>\n","protected":false},"author":3,"featured_media":2585,"comment_status":"closed","ping_status":"closed","sticky":false,"template":"","format":"standard","meta":{"_et_pb_use_builder":"","_et_pb_old_content":"","_et_gb_content_width":"","footnotes":""},"categories":[6],"tags":[840,839,838,328,184,841],"class_list":["post-2584","post","type-post","status-publish","format-standard","has-post-thumbnail","hentry","category-focus","tag-brandbooster","tag-james-cridland","tag-michel-colin","tag-radio-digitale","tag-radio-numerique-terrestre","tag-world-radio-switzerland","et-has-post-format-content","et_post_format-et-post-format-standard"],"yoast_head":"<!-- This site is optimized with the Yoast SEO plugin v27.4 - https:\/\/yoast.com\/product\/yoast-seo-wordpress\/ -->\n<title>La radio digitale Suisse WRS atteint un CA de 1M \u20ac<\/title>\n<meta name=\"description\" content=\"Ce sont 30 contrats annuels qui ont \u00e9t\u00e9 sign\u00e9s par WRS \u00e0 l&#039;issue de huit pr\u00e9sentations de 35 minutes devant une centaine de prospects qualifi\u00e9s.\" \/>\n<meta name=\"robots\" content=\"index, follow, max-snippet:-1, max-image-preview:large, max-video-preview:-1\" \/>\n<link rel=\"canonical\" href=\"https:\/\/www.lawebradio.com\/news\/wrs-une-radio-locale-suisse-100-digitale-prevoit-datteindre-un-chiffre-daffaire-annuel-en-2015-proche-du-millions-deuros\/\" \/>\n<meta property=\"og:locale\" content=\"fr_FR\" \/>\n<meta property=\"og:type\" content=\"article\" \/>\n<meta property=\"og:title\" content=\"La radio digitale Suisse WRS atteint un CA de 1M \u20ac\" \/>\n<meta property=\"og:description\" content=\"Ce sont 30 contrats annuels qui ont \u00e9t\u00e9 sign\u00e9s par WRS \u00e0 l&#039;issue de huit pr\u00e9sentations de 35 minutes devant une centaine de prospects qualifi\u00e9s.\" \/>\n<meta property=\"og:url\" content=\"https:\/\/www.lawebradio.com\/news\/wrs-une-radio-locale-suisse-100-digitale-prevoit-datteindre-un-chiffre-daffaire-annuel-en-2015-proche-du-millions-deuros\/\" \/>\n<meta property=\"og:site_name\" content=\"Lawebradio.com - Actualit\u00e9s des radios digitales\" \/>\n<meta property=\"article:published_time\" content=\"2015-06-08T06:28:43+00:00\" \/>\n<meta property=\"article:modified_time\" content=\"2015-06-24T18:02:22+00:00\" \/>\n<meta property=\"og:image\" content=\"https:\/\/www.lawebradio.com\/news\/wp-content\/uploads\/2015\/06\/ima-wrs2015.jpg\" \/>\n\t<meta property=\"og:image:width\" content=\"640\" \/>\n\t<meta property=\"og:image:height\" content=\"310\" \/>\n\t<meta property=\"og:image:type\" content=\"image\/jpeg\" \/>\n<meta name=\"author\" content=\"Julien Lecourbe\" \/>\n<meta name=\"twitter:label1\" content=\"\u00c9crit par\" \/>\n\t<meta name=\"twitter:data1\" content=\"Julien Lecourbe\" \/>\n\t<meta name=\"twitter:label2\" content=\"Dur\u00e9e de lecture estim\u00e9e\" \/>\n\t<meta name=\"twitter:data2\" content=\"2 minutes\" \/>\n<script type=\"application\/ld+json\" class=\"yoast-schema-graph\">{\"@context\":\"https:\\\/\\\/schema.org\",\"@graph\":[{\"@type\":\"Article\",\"@id\":\"https:\\\/\\\/www.lawebradio.com\\\/news\\\/wrs-une-radio-locale-suisse-100-digitale-prevoit-datteindre-un-chiffre-daffaire-annuel-en-2015-proche-du-millions-deuros\\\/#article\",\"isPartOf\":{\"@id\":\"https:\\\/\\\/www.lawebradio.com\\\/news\\\/wrs-une-radio-locale-suisse-100-digitale-prevoit-datteindre-un-chiffre-daffaire-annuel-en-2015-proche-du-millions-deuros\\\/\"},\"author\":{\"name\":\"Julien Lecourbe\",\"@id\":\"https:\\\/\\\/www.lawebradio.com\\\/news\\\/#\\\/schema\\\/person\\\/95fd11aee6e6cfe70a4b58b482103f1f\"},\"headline\":\"WRS, une radio digitale Suisse pr\u00e9voit d&rsquo;atteindre un CA proche du million d\u2019euros.\",\"datePublished\":\"2015-06-08T06:28:43+00:00\",\"dateModified\":\"2015-06-24T18:02:22+00:00\",\"mainEntityOfPage\":{\"@id\":\"https:\\\/\\\/www.lawebradio.com\\\/news\\\/wrs-une-radio-locale-suisse-100-digitale-prevoit-datteindre-un-chiffre-daffaire-annuel-en-2015-proche-du-millions-deuros\\\/\"},\"wordCount\":323,\"publisher\":{\"@id\":\"https:\\\/\\\/www.lawebradio.com\\\/news\\\/#organization\"},\"image\":{\"@id\":\"https:\\\/\\\/www.lawebradio.com\\\/news\\\/wrs-une-radio-locale-suisse-100-digitale-prevoit-datteindre-un-chiffre-daffaire-annuel-en-2015-proche-du-millions-deuros\\\/#primaryimage\"},\"thumbnailUrl\":\"https:\\\/\\\/www.lawebradio.com\\\/news\\\/wp-content\\\/uploads\\\/2015\\\/06\\\/ima-wrs2015.jpg\",\"keywords\":[\"Brandbooster\",\"James Cridland\",\"Michel Colin\",\"radio digitale\",\"radio numerique terrestre\",\"World Radio Switzerland\"],\"articleSection\":[\"Focus\"],\"inLanguage\":\"fr-FR\"},{\"@type\":\"WebPage\",\"@id\":\"https:\\\/\\\/www.lawebradio.com\\\/news\\\/wrs-une-radio-locale-suisse-100-digitale-prevoit-datteindre-un-chiffre-daffaire-annuel-en-2015-proche-du-millions-deuros\\\/\",\"url\":\"https:\\\/\\\/www.lawebradio.com\\\/news\\\/wrs-une-radio-locale-suisse-100-digitale-prevoit-datteindre-un-chiffre-daffaire-annuel-en-2015-proche-du-millions-deuros\\\/\",\"name\":\"La radio digitale Suisse WRS atteint un CA de 1M \u20ac\",\"isPartOf\":{\"@id\":\"https:\\\/\\\/www.lawebradio.com\\\/news\\\/#website\"},\"primaryImageOfPage\":{\"@id\":\"https:\\\/\\\/www.lawebradio.com\\\/news\\\/wrs-une-radio-locale-suisse-100-digitale-prevoit-datteindre-un-chiffre-daffaire-annuel-en-2015-proche-du-millions-deuros\\\/#primaryimage\"},\"image\":{\"@id\":\"https:\\\/\\\/www.lawebradio.com\\\/news\\\/wrs-une-radio-locale-suisse-100-digitale-prevoit-datteindre-un-chiffre-daffaire-annuel-en-2015-proche-du-millions-deuros\\\/#primaryimage\"},\"thumbnailUrl\":\"https:\\\/\\\/www.lawebradio.com\\\/news\\\/wp-content\\\/uploads\\\/2015\\\/06\\\/ima-wrs2015.jpg\",\"datePublished\":\"2015-06-08T06:28:43+00:00\",\"dateModified\":\"2015-06-24T18:02:22+00:00\",\"description\":\"Ce sont 30 contrats annuels qui ont \u00e9t\u00e9 sign\u00e9s par WRS \u00e0 l'issue de huit pr\u00e9sentations de 35 minutes devant une centaine de prospects qualifi\u00e9s.\",\"inLanguage\":\"fr-FR\",\"potentialAction\":[{\"@type\":\"ReadAction\",\"target\":[\"https:\\\/\\\/www.lawebradio.com\\\/news\\\/wrs-une-radio-locale-suisse-100-digitale-prevoit-datteindre-un-chiffre-daffaire-annuel-en-2015-proche-du-millions-deuros\\\/\"]}]},{\"@type\":\"ImageObject\",\"inLanguage\":\"fr-FR\",\"@id\":\"https:\\\/\\\/www.lawebradio.com\\\/news\\\/wrs-une-radio-locale-suisse-100-digitale-prevoit-datteindre-un-chiffre-daffaire-annuel-en-2015-proche-du-millions-deuros\\\/#primaryimage\",\"url\":\"https:\\\/\\\/www.lawebradio.com\\\/news\\\/wp-content\\\/uploads\\\/2015\\\/06\\\/ima-wrs2015.jpg\",\"contentUrl\":\"https:\\\/\\\/www.lawebradio.com\\\/news\\\/wp-content\\\/uploads\\\/2015\\\/06\\\/ima-wrs2015.jpg\",\"width\":640,\"height\":310},{\"@type\":\"WebSite\",\"@id\":\"https:\\\/\\\/www.lawebradio.com\\\/news\\\/#website\",\"url\":\"https:\\\/\\\/www.lawebradio.com\\\/news\\\/\",\"name\":\"Lawebradio.com - Actualit\u00e9s des radios digitales\",\"description\":\"\",\"publisher\":{\"@id\":\"https:\\\/\\\/www.lawebradio.com\\\/news\\\/#organization\"},\"potentialAction\":[{\"@type\":\"SearchAction\",\"target\":{\"@type\":\"EntryPoint\",\"urlTemplate\":\"https:\\\/\\\/www.lawebradio.com\\\/news\\\/?s={search_term_string}\"},\"query-input\":{\"@type\":\"PropertyValueSpecification\",\"valueRequired\":true,\"valueName\":\"search_term_string\"}}],\"inLanguage\":\"fr-FR\"},{\"@type\":\"Organization\",\"@id\":\"https:\\\/\\\/www.lawebradio.com\\\/news\\\/#organization\",\"name\":\"Lawebradio.com - Actualit\u00e9s des radios digitales\",\"url\":\"https:\\\/\\\/www.lawebradio.com\\\/news\\\/\",\"logo\":{\"@type\":\"ImageObject\",\"inLanguage\":\"fr-FR\",\"@id\":\"https:\\\/\\\/www.lawebradio.com\\\/news\\\/#\\\/schema\\\/logo\\\/image\\\/\",\"url\":\"https:\\\/\\\/www.lawebradio.com\\\/news\\\/wp-content\\\/uploads\\\/2020\\\/10\\\/logo2020.png\",\"contentUrl\":\"https:\\\/\\\/www.lawebradio.com\\\/news\\\/wp-content\\\/uploads\\\/2020\\\/10\\\/logo2020.png\",\"width\":254,\"height\":43,\"caption\":\"Lawebradio.com - Actualit\u00e9s des radios digitales\"},\"image\":{\"@id\":\"https:\\\/\\\/www.lawebradio.com\\\/news\\\/#\\\/schema\\\/logo\\\/image\\\/\"}},{\"@type\":\"Person\",\"@id\":\"https:\\\/\\\/www.lawebradio.com\\\/news\\\/#\\\/schema\\\/person\\\/95fd11aee6e6cfe70a4b58b482103f1f\",\"name\":\"Julien Lecourbe\",\"image\":{\"@type\":\"ImageObject\",\"inLanguage\":\"fr-FR\",\"@id\":\"https:\\\/\\\/secure.gravatar.com\\\/avatar\\\/0d25a327c6e268d9730d9c0cbeeee0fea76f04c6cf9528c29e782ef324afc515?s=96&d=mm&r=g\",\"url\":\"https:\\\/\\\/secure.gravatar.com\\\/avatar\\\/0d25a327c6e268d9730d9c0cbeeee0fea76f04c6cf9528c29e782ef324afc515?s=96&d=mm&r=g\",\"contentUrl\":\"https:\\\/\\\/secure.gravatar.com\\\/avatar\\\/0d25a327c6e268d9730d9c0cbeeee0fea76f04c6cf9528c29e782ef324afc515?s=96&d=mm&r=g\",\"caption\":\"Julien Lecourbe\"},\"url\":\"https:\\\/\\\/www.lawebradio.com\\\/news\\\/author\\\/la-redaction\\\/\"}]}<\/script>\n<!-- \/ Yoast SEO plugin. -->","yoast_head_json":{"title":"La radio digitale Suisse WRS atteint un CA de 1M \u20ac","description":"Ce sont 30 contrats annuels qui ont \u00e9t\u00e9 sign\u00e9s par WRS \u00e0 l'issue de huit pr\u00e9sentations de 35 minutes devant une centaine de prospects qualifi\u00e9s.","robots":{"index":"index","follow":"follow","max-snippet":"max-snippet:-1","max-image-preview":"max-image-preview:large","max-video-preview":"max-video-preview:-1"},"canonical":"https:\/\/www.lawebradio.com\/news\/wrs-une-radio-locale-suisse-100-digitale-prevoit-datteindre-un-chiffre-daffaire-annuel-en-2015-proche-du-millions-deuros\/","og_locale":"fr_FR","og_type":"article","og_title":"La radio digitale Suisse WRS atteint un CA de 1M \u20ac","og_description":"Ce sont 30 contrats annuels qui ont \u00e9t\u00e9 sign\u00e9s par WRS \u00e0 l'issue de huit pr\u00e9sentations de 35 minutes devant une centaine de prospects qualifi\u00e9s.","og_url":"https:\/\/www.lawebradio.com\/news\/wrs-une-radio-locale-suisse-100-digitale-prevoit-datteindre-un-chiffre-daffaire-annuel-en-2015-proche-du-millions-deuros\/","og_site_name":"Lawebradio.com - Actualit\u00e9s des radios digitales","article_published_time":"2015-06-08T06:28:43+00:00","article_modified_time":"2015-06-24T18:02:22+00:00","og_image":[{"width":640,"height":310,"url":"https:\/\/www.lawebradio.com\/news\/wp-content\/uploads\/2015\/06\/ima-wrs2015.jpg","type":"image\/jpeg"}],"author":"Julien Lecourbe","twitter_misc":{"\u00c9crit par":"Julien Lecourbe","Dur\u00e9e de lecture estim\u00e9e":"2 minutes"},"schema":{"@context":"https:\/\/schema.org","@graph":[{"@type":"Article","@id":"https:\/\/www.lawebradio.com\/news\/wrs-une-radio-locale-suisse-100-digitale-prevoit-datteindre-un-chiffre-daffaire-annuel-en-2015-proche-du-millions-deuros\/#article","isPartOf":{"@id":"https:\/\/www.lawebradio.com\/news\/wrs-une-radio-locale-suisse-100-digitale-prevoit-datteindre-un-chiffre-daffaire-annuel-en-2015-proche-du-millions-deuros\/"},"author":{"name":"Julien Lecourbe","@id":"https:\/\/www.lawebradio.com\/news\/#\/schema\/person\/95fd11aee6e6cfe70a4b58b482103f1f"},"headline":"WRS, une radio digitale Suisse pr\u00e9voit d&rsquo;atteindre un CA proche du million d\u2019euros.","datePublished":"2015-06-08T06:28:43+00:00","dateModified":"2015-06-24T18:02:22+00:00","mainEntityOfPage":{"@id":"https:\/\/www.lawebradio.com\/news\/wrs-une-radio-locale-suisse-100-digitale-prevoit-datteindre-un-chiffre-daffaire-annuel-en-2015-proche-du-millions-deuros\/"},"wordCount":323,"publisher":{"@id":"https:\/\/www.lawebradio.com\/news\/#organization"},"image":{"@id":"https:\/\/www.lawebradio.com\/news\/wrs-une-radio-locale-suisse-100-digitale-prevoit-datteindre-un-chiffre-daffaire-annuel-en-2015-proche-du-millions-deuros\/#primaryimage"},"thumbnailUrl":"https:\/\/www.lawebradio.com\/news\/wp-content\/uploads\/2015\/06\/ima-wrs2015.jpg","keywords":["Brandbooster","James Cridland","Michel Colin","radio digitale","radio numerique terrestre","World Radio Switzerland"],"articleSection":["Focus"],"inLanguage":"fr-FR"},{"@type":"WebPage","@id":"https:\/\/www.lawebradio.com\/news\/wrs-une-radio-locale-suisse-100-digitale-prevoit-datteindre-un-chiffre-daffaire-annuel-en-2015-proche-du-millions-deuros\/","url":"https:\/\/www.lawebradio.com\/news\/wrs-une-radio-locale-suisse-100-digitale-prevoit-datteindre-un-chiffre-daffaire-annuel-en-2015-proche-du-millions-deuros\/","name":"La radio digitale Suisse WRS atteint un CA de 1M \u20ac","isPartOf":{"@id":"https:\/\/www.lawebradio.com\/news\/#website"},"primaryImageOfPage":{"@id":"https:\/\/www.lawebradio.com\/news\/wrs-une-radio-locale-suisse-100-digitale-prevoit-datteindre-un-chiffre-daffaire-annuel-en-2015-proche-du-millions-deuros\/#primaryimage"},"image":{"@id":"https:\/\/www.lawebradio.com\/news\/wrs-une-radio-locale-suisse-100-digitale-prevoit-datteindre-un-chiffre-daffaire-annuel-en-2015-proche-du-millions-deuros\/#primaryimage"},"thumbnailUrl":"https:\/\/www.lawebradio.com\/news\/wp-content\/uploads\/2015\/06\/ima-wrs2015.jpg","datePublished":"2015-06-08T06:28:43+00:00","dateModified":"2015-06-24T18:02:22+00:00","description":"Ce sont 30 contrats annuels qui ont \u00e9t\u00e9 sign\u00e9s par WRS \u00e0 l'issue de huit pr\u00e9sentations de 35 minutes devant une centaine de prospects qualifi\u00e9s.","inLanguage":"fr-FR","potentialAction":[{"@type":"ReadAction","target":["https:\/\/www.lawebradio.com\/news\/wrs-une-radio-locale-suisse-100-digitale-prevoit-datteindre-un-chiffre-daffaire-annuel-en-2015-proche-du-millions-deuros\/"]}]},{"@type":"ImageObject","inLanguage":"fr-FR","@id":"https:\/\/www.lawebradio.com\/news\/wrs-une-radio-locale-suisse-100-digitale-prevoit-datteindre-un-chiffre-daffaire-annuel-en-2015-proche-du-millions-deuros\/#primaryimage","url":"https:\/\/www.lawebradio.com\/news\/wp-content\/uploads\/2015\/06\/ima-wrs2015.jpg","contentUrl":"https:\/\/www.lawebradio.com\/news\/wp-content\/uploads\/2015\/06\/ima-wrs2015.jpg","width":640,"height":310},{"@type":"WebSite","@id":"https:\/\/www.lawebradio.com\/news\/#website","url":"https:\/\/www.lawebradio.com\/news\/","name":"Lawebradio.com - Actualit\u00e9s des radios digitales","description":"","publisher":{"@id":"https:\/\/www.lawebradio.com\/news\/#organization"},"potentialAction":[{"@type":"SearchAction","target":{"@type":"EntryPoint","urlTemplate":"https:\/\/www.lawebradio.com\/news\/?s={search_term_string}"},"query-input":{"@type":"PropertyValueSpecification","valueRequired":true,"valueName":"search_term_string"}}],"inLanguage":"fr-FR"},{"@type":"Organization","@id":"https:\/\/www.lawebradio.com\/news\/#organization","name":"Lawebradio.com - Actualit\u00e9s des radios digitales","url":"https:\/\/www.lawebradio.com\/news\/","logo":{"@type":"ImageObject","inLanguage":"fr-FR","@id":"https:\/\/www.lawebradio.com\/news\/#\/schema\/logo\/image\/","url":"https:\/\/www.lawebradio.com\/news\/wp-content\/uploads\/2020\/10\/logo2020.png","contentUrl":"https:\/\/www.lawebradio.com\/news\/wp-content\/uploads\/2020\/10\/logo2020.png","width":254,"height":43,"caption":"Lawebradio.com - Actualit\u00e9s des radios digitales"},"image":{"@id":"https:\/\/www.lawebradio.com\/news\/#\/schema\/logo\/image\/"}},{"@type":"Person","@id":"https:\/\/www.lawebradio.com\/news\/#\/schema\/person\/95fd11aee6e6cfe70a4b58b482103f1f","name":"Julien Lecourbe","image":{"@type":"ImageObject","inLanguage":"fr-FR","@id":"https:\/\/secure.gravatar.com\/avatar\/0d25a327c6e268d9730d9c0cbeeee0fea76f04c6cf9528c29e782ef324afc515?s=96&d=mm&r=g","url":"https:\/\/secure.gravatar.com\/avatar\/0d25a327c6e268d9730d9c0cbeeee0fea76f04c6cf9528c29e782ef324afc515?s=96&d=mm&r=g","contentUrl":"https:\/\/secure.gravatar.com\/avatar\/0d25a327c6e268d9730d9c0cbeeee0fea76f04c6cf9528c29e782ef324afc515?s=96&d=mm&r=g","caption":"Julien Lecourbe"},"url":"https:\/\/www.lawebradio.com\/news\/author\/la-redaction\/"}]}},"_links":{"self":[{"href":"https:\/\/www.lawebradio.com\/news\/wp-json\/wp\/v2\/posts\/2584","targetHints":{"allow":["GET"]}}],"collection":[{"href":"https:\/\/www.lawebradio.com\/news\/wp-json\/wp\/v2\/posts"}],"about":[{"href":"https:\/\/www.lawebradio.com\/news\/wp-json\/wp\/v2\/types\/post"}],"author":[{"embeddable":true,"href":"https:\/\/www.lawebradio.com\/news\/wp-json\/wp\/v2\/users\/3"}],"replies":[{"embeddable":true,"href":"https:\/\/www.lawebradio.com\/news\/wp-json\/wp\/v2\/comments?post=2584"}],"version-history":[{"count":7,"href":"https:\/\/www.lawebradio.com\/news\/wp-json\/wp\/v2\/posts\/2584\/revisions"}],"predecessor-version":[{"id":2598,"href":"https:\/\/www.lawebradio.com\/news\/wp-json\/wp\/v2\/posts\/2584\/revisions\/2598"}],"wp:featuredmedia":[{"embeddable":true,"href":"https:\/\/www.lawebradio.com\/news\/wp-json\/wp\/v2\/media\/2585"}],"wp:attachment":[{"href":"https:\/\/www.lawebradio.com\/news\/wp-json\/wp\/v2\/media?parent=2584"}],"wp:term":[{"taxonomy":"category","embeddable":true,"href":"https:\/\/www.lawebradio.com\/news\/wp-json\/wp\/v2\/categories?post=2584"},{"taxonomy":"post_tag","embeddable":true,"href":"https:\/\/www.lawebradio.com\/news\/wp-json\/wp\/v2\/tags?post=2584"}],"curies":[{"name":"wp","href":"https:\/\/api.w.org\/{rel}","templated":true}]}}