{"id":2531,"date":"2015-05-28T07:12:15","date_gmt":"2015-05-28T06:12:15","guid":{"rendered":"http:\/\/www.lawebradio.com\/news\/?p=2531"},"modified":"2015-05-28T07:12:15","modified_gmt":"2015-05-28T06:12:15","slug":"lavenir-de-la-radio-selon-jean-eric-valli-president-des-indes-radios","status":"publish","type":"post","link":"https:\/\/www.lawebradio.com\/news\/lavenir-de-la-radio-selon-jean-eric-valli-president-des-indes-radios\/","title":{"rendered":"L&rsquo;avenir de la radio selon Jean-Eric Valli, pr\u00e9sident des Ind\u00e9s Radios"},"content":{"rendered":"<p><strong>Jean-Eric Valli est le pr\u00e9sident des Ind\u00e9s Radios depuis 1992, un collectif de 128 stations qui rassemble chaque jour 8,7 millions d\u2019auditeurs.<\/strong><\/p>\n<p>Sur le plateau des Imm\u00e9dias, il aborde l\u2019avenir du m\u00e9dia radio, son passage au num\u00e9rique et ses difficult\u00e9s face au contraintes impos\u00e9es par le Conseil sup\u00e9rieur de l\u2019audiovisuel ainsi qu&rsquo;une conjoncture publicitaire difficile pour les premiers mois de cette ann\u00e9e concernant la bande FM traditionnelle.<\/p>\n<p>&#8211; Jean-Eric Valli : \u00ab\u00a0On affronte une concurrence qui est \u00e9norme avec Internet, beaucoup de propositions sont faites pas forc\u00e9ment des propositions radiophoniques mais m\u00e9diatiques au sens large du terme et en face de \u00e7a, nous devons \u00eatres assez nombreux, \u00eatre solide \u00e9conomiquement pour r\u00e9sister&#8230;\u00a0\u00bb<\/p>\n<p><iframe loading=\"lazy\" src=\"\/\/www.dailymotion.com\/embed\/video\/x2rkh8v\" width=\"640\" height=\"360\" frameborder=\"0\" allowfullscreen=\"allowfullscreen\"><\/iframe><\/p>\n","protected":false},"excerpt":{"rendered":"<p>Jean-Eric Valli est le pr\u00e9sident des Ind\u00e9s Radios depuis 1992, un collectif de 128 stations qui rassemble chaque jour 8,7 millions d\u2019auditeurs. Sur le plateau des Imm\u00e9dias, il aborde l\u2019avenir du m\u00e9dia radio, son passage au num\u00e9rique et ses difficult\u00e9s face au contraintes impos\u00e9es par le Conseil sup\u00e9rieur de l\u2019audiovisuel ainsi qu&rsquo;une conjoncture publicitaire difficile [&hellip;]<\/p>\n","protected":false},"author":3,"featured_media":2532,"comment_status":"closed","ping_status":"closed","sticky":false,"template":"","format":"standard","meta":{"_et_pb_use_builder":"","_et_pb_old_content":"","_et_gb_content_width":"","footnotes":""},"categories":[12,13],"tags":[188,834,835,328,184,60],"class_list":["post-2531","post","type-post","status-publish","format-standard","has-post-thumbnail","hentry","category-revue","category-top","tag-csa","tag-jean-eric-valli","tag-les-indes-radio","tag-radio-digitale","tag-radio-numerique-terrestre","tag-rnt","et-has-post-format-content","et_post_format-et-post-format-standard"],"yoast_head":"<!-- This site is optimized with the Yoast SEO plugin v27.4 - https:\/\/yoast.com\/product\/yoast-seo-wordpress\/ -->\n<title>L&#039;avenir de la radio selon Jean-Eric Valli, pr\u00e9sident des Ind\u00e9s Radios - Lawebradio.com - Actualit\u00e9s des radios digitales<\/title>\n<meta name=\"description\" content=\"Jean-Eric Valli aborde l\u2019avenir du m\u00e9dia radio, son passage au num\u00e9rique et ses difficult\u00e9s face au contraintes impos\u00e9es par le CSA.\" \/>\n<meta name=\"robots\" content=\"index, follow, max-snippet:-1, max-image-preview:large, max-video-preview:-1\" \/>\n<link rel=\"canonical\" href=\"https:\/\/www.lawebradio.com\/news\/lavenir-de-la-radio-selon-jean-eric-valli-president-des-indes-radios\/\" \/>\n<meta property=\"og:locale\" content=\"fr_FR\" \/>\n<meta property=\"og:type\" content=\"article\" \/>\n<meta property=\"og:title\" content=\"L&#039;avenir de la radio selon Jean-Eric Valli, pr\u00e9sident des Ind\u00e9s Radios - Lawebradio.com - Actualit\u00e9s des radios digitales\" \/>\n<meta property=\"og:description\" content=\"Jean-Eric Valli aborde l\u2019avenir du m\u00e9dia radio, son passage au num\u00e9rique et ses difficult\u00e9s face au contraintes impos\u00e9es par le CSA.\" \/>\n<meta property=\"og:url\" content=\"https:\/\/www.lawebradio.com\/news\/lavenir-de-la-radio-selon-jean-eric-valli-president-des-indes-radios\/\" \/>\n<meta property=\"og:site_name\" content=\"Lawebradio.com - Actualit\u00e9s des radios digitales\" \/>\n<meta property=\"article:published_time\" content=\"2015-05-28T06:12:15+00:00\" \/>\n<meta property=\"og:image\" content=\"https:\/\/www.lawebradio.com\/news\/wp-content\/uploads\/2015\/05\/ima-immediats2015.jpg\" \/>\n\t<meta property=\"og:image:width\" content=\"640\" \/>\n\t<meta property=\"og:image:height\" content=\"310\" \/>\n\t<meta property=\"og:image:type\" content=\"image\/jpeg\" \/>\n<meta name=\"author\" content=\"Julien Lecourbe\" \/>\n<meta name=\"twitter:label1\" content=\"\u00c9crit par\" \/>\n\t<meta name=\"twitter:data1\" content=\"Julien Lecourbe\" \/>\n\t<meta name=\"twitter:label2\" content=\"Dur\u00e9e de lecture estim\u00e9e\" \/>\n\t<meta name=\"twitter:data2\" content=\"1 minute\" \/>\n<script type=\"application\/ld+json\" class=\"yoast-schema-graph\">{\"@context\":\"https:\\\/\\\/schema.org\",\"@graph\":[{\"@type\":\"Article\",\"@id\":\"https:\\\/\\\/www.lawebradio.com\\\/news\\\/lavenir-de-la-radio-selon-jean-eric-valli-president-des-indes-radios\\\/#article\",\"isPartOf\":{\"@id\":\"https:\\\/\\\/www.lawebradio.com\\\/news\\\/lavenir-de-la-radio-selon-jean-eric-valli-president-des-indes-radios\\\/\"},\"author\":{\"name\":\"Julien Lecourbe\",\"@id\":\"https:\\\/\\\/www.lawebradio.com\\\/news\\\/#\\\/schema\\\/person\\\/95fd11aee6e6cfe70a4b58b482103f1f\"},\"headline\":\"L&rsquo;avenir de la radio selon Jean-Eric Valli, pr\u00e9sident des Ind\u00e9s Radios\",\"datePublished\":\"2015-05-28T06:12:15+00:00\",\"mainEntityOfPage\":{\"@id\":\"https:\\\/\\\/www.lawebradio.com\\\/news\\\/lavenir-de-la-radio-selon-jean-eric-valli-president-des-indes-radios\\\/\"},\"wordCount\":138,\"publisher\":{\"@id\":\"https:\\\/\\\/www.lawebradio.com\\\/news\\\/#organization\"},\"image\":{\"@id\":\"https:\\\/\\\/www.lawebradio.com\\\/news\\\/lavenir-de-la-radio-selon-jean-eric-valli-president-des-indes-radios\\\/#primaryimage\"},\"thumbnailUrl\":\"https:\\\/\\\/www.lawebradio.com\\\/news\\\/wp-content\\\/uploads\\\/2015\\\/05\\\/ima-immediats2015.jpg\",\"keywords\":[\"CSA\",\"Jean-Eric Valli\",\"les ind\u00e9s radio\",\"radio digitale\",\"radio numerique terrestre\",\"RNT\"],\"articleSection\":[\"Revue de Presse\",\"Top\"],\"inLanguage\":\"fr-FR\"},{\"@type\":\"WebPage\",\"@id\":\"https:\\\/\\\/www.lawebradio.com\\\/news\\\/lavenir-de-la-radio-selon-jean-eric-valli-president-des-indes-radios\\\/\",\"url\":\"https:\\\/\\\/www.lawebradio.com\\\/news\\\/lavenir-de-la-radio-selon-jean-eric-valli-president-des-indes-radios\\\/\",\"name\":\"L'avenir de la radio selon Jean-Eric Valli, pr\u00e9sident des Ind\u00e9s Radios - Lawebradio.com - Actualit\u00e9s des radios digitales\",\"isPartOf\":{\"@id\":\"https:\\\/\\\/www.lawebradio.com\\\/news\\\/#website\"},\"primaryImageOfPage\":{\"@id\":\"https:\\\/\\\/www.lawebradio.com\\\/news\\\/lavenir-de-la-radio-selon-jean-eric-valli-president-des-indes-radios\\\/#primaryimage\"},\"image\":{\"@id\":\"https:\\\/\\\/www.lawebradio.com\\\/news\\\/lavenir-de-la-radio-selon-jean-eric-valli-president-des-indes-radios\\\/#primaryimage\"},\"thumbnailUrl\":\"https:\\\/\\\/www.lawebradio.com\\\/news\\\/wp-content\\\/uploads\\\/2015\\\/05\\\/ima-immediats2015.jpg\",\"datePublished\":\"2015-05-28T06:12:15+00:00\",\"description\":\"Jean-Eric Valli aborde l\u2019avenir du m\u00e9dia radio, son passage au num\u00e9rique et ses difficult\u00e9s face au contraintes impos\u00e9es par le CSA.\",\"inLanguage\":\"fr-FR\",\"potentialAction\":[{\"@type\":\"ReadAction\",\"target\":[\"https:\\\/\\\/www.lawebradio.com\\\/news\\\/lavenir-de-la-radio-selon-jean-eric-valli-president-des-indes-radios\\\/\"]}]},{\"@type\":\"ImageObject\",\"inLanguage\":\"fr-FR\",\"@id\":\"https:\\\/\\\/www.lawebradio.com\\\/news\\\/lavenir-de-la-radio-selon-jean-eric-valli-president-des-indes-radios\\\/#primaryimage\",\"url\":\"https:\\\/\\\/www.lawebradio.com\\\/news\\\/wp-content\\\/uploads\\\/2015\\\/05\\\/ima-immediats2015.jpg\",\"contentUrl\":\"https:\\\/\\\/www.lawebradio.com\\\/news\\\/wp-content\\\/uploads\\\/2015\\\/05\\\/ima-immediats2015.jpg\",\"width\":640,\"height\":310},{\"@type\":\"WebSite\",\"@id\":\"https:\\\/\\\/www.lawebradio.com\\\/news\\\/#website\",\"url\":\"https:\\\/\\\/www.lawebradio.com\\\/news\\\/\",\"name\":\"Lawebradio.com - Actualit\u00e9s des radios digitales\",\"description\":\"\",\"publisher\":{\"@id\":\"https:\\\/\\\/www.lawebradio.com\\\/news\\\/#organization\"},\"potentialAction\":[{\"@type\":\"SearchAction\",\"target\":{\"@type\":\"EntryPoint\",\"urlTemplate\":\"https:\\\/\\\/www.lawebradio.com\\\/news\\\/?s={search_term_string}\"},\"query-input\":{\"@type\":\"PropertyValueSpecification\",\"valueRequired\":true,\"valueName\":\"search_term_string\"}}],\"inLanguage\":\"fr-FR\"},{\"@type\":\"Organization\",\"@id\":\"https:\\\/\\\/www.lawebradio.com\\\/news\\\/#organization\",\"name\":\"Lawebradio.com - Actualit\u00e9s des radios digitales\",\"url\":\"https:\\\/\\\/www.lawebradio.com\\\/news\\\/\",\"logo\":{\"@type\":\"ImageObject\",\"inLanguage\":\"fr-FR\",\"@id\":\"https:\\\/\\\/www.lawebradio.com\\\/news\\\/#\\\/schema\\\/logo\\\/image\\\/\",\"url\":\"https:\\\/\\\/www.lawebradio.com\\\/news\\\/wp-content\\\/uploads\\\/2020\\\/10\\\/logo2020.png\",\"contentUrl\":\"https:\\\/\\\/www.lawebradio.com\\\/news\\\/wp-content\\\/uploads\\\/2020\\\/10\\\/logo2020.png\",\"width\":254,\"height\":43,\"caption\":\"Lawebradio.com - Actualit\u00e9s des radios digitales\"},\"image\":{\"@id\":\"https:\\\/\\\/www.lawebradio.com\\\/news\\\/#\\\/schema\\\/logo\\\/image\\\/\"}},{\"@type\":\"Person\",\"@id\":\"https:\\\/\\\/www.lawebradio.com\\\/news\\\/#\\\/schema\\\/person\\\/95fd11aee6e6cfe70a4b58b482103f1f\",\"name\":\"Julien Lecourbe\",\"image\":{\"@type\":\"ImageObject\",\"inLanguage\":\"fr-FR\",\"@id\":\"https:\\\/\\\/secure.gravatar.com\\\/avatar\\\/0d25a327c6e268d9730d9c0cbeeee0fea76f04c6cf9528c29e782ef324afc515?s=96&d=mm&r=g\",\"url\":\"https:\\\/\\\/secure.gravatar.com\\\/avatar\\\/0d25a327c6e268d9730d9c0cbeeee0fea76f04c6cf9528c29e782ef324afc515?s=96&d=mm&r=g\",\"contentUrl\":\"https:\\\/\\\/secure.gravatar.com\\\/avatar\\\/0d25a327c6e268d9730d9c0cbeeee0fea76f04c6cf9528c29e782ef324afc515?s=96&d=mm&r=g\",\"caption\":\"Julien Lecourbe\"},\"url\":\"https:\\\/\\\/www.lawebradio.com\\\/news\\\/author\\\/la-redaction\\\/\"}]}<\/script>\n<!-- \/ Yoast SEO plugin. -->","yoast_head_json":{"title":"L'avenir de la radio selon Jean-Eric Valli, pr\u00e9sident des Ind\u00e9s Radios - Lawebradio.com - Actualit\u00e9s des radios digitales","description":"Jean-Eric Valli aborde l\u2019avenir du m\u00e9dia radio, son passage au num\u00e9rique et ses difficult\u00e9s face au contraintes impos\u00e9es par le CSA.","robots":{"index":"index","follow":"follow","max-snippet":"max-snippet:-1","max-image-preview":"max-image-preview:large","max-video-preview":"max-video-preview:-1"},"canonical":"https:\/\/www.lawebradio.com\/news\/lavenir-de-la-radio-selon-jean-eric-valli-president-des-indes-radios\/","og_locale":"fr_FR","og_type":"article","og_title":"L'avenir de la radio selon Jean-Eric Valli, pr\u00e9sident des Ind\u00e9s Radios - Lawebradio.com - Actualit\u00e9s des radios digitales","og_description":"Jean-Eric Valli aborde l\u2019avenir du m\u00e9dia radio, son passage au num\u00e9rique et ses difficult\u00e9s face au contraintes impos\u00e9es par le CSA.","og_url":"https:\/\/www.lawebradio.com\/news\/lavenir-de-la-radio-selon-jean-eric-valli-president-des-indes-radios\/","og_site_name":"Lawebradio.com - Actualit\u00e9s des radios digitales","article_published_time":"2015-05-28T06:12:15+00:00","og_image":[{"width":640,"height":310,"url":"https:\/\/www.lawebradio.com\/news\/wp-content\/uploads\/2015\/05\/ima-immediats2015.jpg","type":"image\/jpeg"}],"author":"Julien Lecourbe","twitter_misc":{"\u00c9crit par":"Julien Lecourbe","Dur\u00e9e de lecture estim\u00e9e":"1 minute"},"schema":{"@context":"https:\/\/schema.org","@graph":[{"@type":"Article","@id":"https:\/\/www.lawebradio.com\/news\/lavenir-de-la-radio-selon-jean-eric-valli-president-des-indes-radios\/#article","isPartOf":{"@id":"https:\/\/www.lawebradio.com\/news\/lavenir-de-la-radio-selon-jean-eric-valli-president-des-indes-radios\/"},"author":{"name":"Julien Lecourbe","@id":"https:\/\/www.lawebradio.com\/news\/#\/schema\/person\/95fd11aee6e6cfe70a4b58b482103f1f"},"headline":"L&rsquo;avenir de la radio selon Jean-Eric Valli, pr\u00e9sident des Ind\u00e9s Radios","datePublished":"2015-05-28T06:12:15+00:00","mainEntityOfPage":{"@id":"https:\/\/www.lawebradio.com\/news\/lavenir-de-la-radio-selon-jean-eric-valli-president-des-indes-radios\/"},"wordCount":138,"publisher":{"@id":"https:\/\/www.lawebradio.com\/news\/#organization"},"image":{"@id":"https:\/\/www.lawebradio.com\/news\/lavenir-de-la-radio-selon-jean-eric-valli-president-des-indes-radios\/#primaryimage"},"thumbnailUrl":"https:\/\/www.lawebradio.com\/news\/wp-content\/uploads\/2015\/05\/ima-immediats2015.jpg","keywords":["CSA","Jean-Eric Valli","les ind\u00e9s radio","radio digitale","radio numerique terrestre","RNT"],"articleSection":["Revue de Presse","Top"],"inLanguage":"fr-FR"},{"@type":"WebPage","@id":"https:\/\/www.lawebradio.com\/news\/lavenir-de-la-radio-selon-jean-eric-valli-president-des-indes-radios\/","url":"https:\/\/www.lawebradio.com\/news\/lavenir-de-la-radio-selon-jean-eric-valli-president-des-indes-radios\/","name":"L'avenir de la radio selon Jean-Eric Valli, pr\u00e9sident des Ind\u00e9s Radios - Lawebradio.com - Actualit\u00e9s des radios digitales","isPartOf":{"@id":"https:\/\/www.lawebradio.com\/news\/#website"},"primaryImageOfPage":{"@id":"https:\/\/www.lawebradio.com\/news\/lavenir-de-la-radio-selon-jean-eric-valli-president-des-indes-radios\/#primaryimage"},"image":{"@id":"https:\/\/www.lawebradio.com\/news\/lavenir-de-la-radio-selon-jean-eric-valli-president-des-indes-radios\/#primaryimage"},"thumbnailUrl":"https:\/\/www.lawebradio.com\/news\/wp-content\/uploads\/2015\/05\/ima-immediats2015.jpg","datePublished":"2015-05-28T06:12:15+00:00","description":"Jean-Eric Valli aborde l\u2019avenir du m\u00e9dia radio, son passage au num\u00e9rique et ses difficult\u00e9s face au contraintes impos\u00e9es par le CSA.","inLanguage":"fr-FR","potentialAction":[{"@type":"ReadAction","target":["https:\/\/www.lawebradio.com\/news\/lavenir-de-la-radio-selon-jean-eric-valli-president-des-indes-radios\/"]}]},{"@type":"ImageObject","inLanguage":"fr-FR","@id":"https:\/\/www.lawebradio.com\/news\/lavenir-de-la-radio-selon-jean-eric-valli-president-des-indes-radios\/#primaryimage","url":"https:\/\/www.lawebradio.com\/news\/wp-content\/uploads\/2015\/05\/ima-immediats2015.jpg","contentUrl":"https:\/\/www.lawebradio.com\/news\/wp-content\/uploads\/2015\/05\/ima-immediats2015.jpg","width":640,"height":310},{"@type":"WebSite","@id":"https:\/\/www.lawebradio.com\/news\/#website","url":"https:\/\/www.lawebradio.com\/news\/","name":"Lawebradio.com - Actualit\u00e9s des radios digitales","description":"","publisher":{"@id":"https:\/\/www.lawebradio.com\/news\/#organization"},"potentialAction":[{"@type":"SearchAction","target":{"@type":"EntryPoint","urlTemplate":"https:\/\/www.lawebradio.com\/news\/?s={search_term_string}"},"query-input":{"@type":"PropertyValueSpecification","valueRequired":true,"valueName":"search_term_string"}}],"inLanguage":"fr-FR"},{"@type":"Organization","@id":"https:\/\/www.lawebradio.com\/news\/#organization","name":"Lawebradio.com - Actualit\u00e9s des radios digitales","url":"https:\/\/www.lawebradio.com\/news\/","logo":{"@type":"ImageObject","inLanguage":"fr-FR","@id":"https:\/\/www.lawebradio.com\/news\/#\/schema\/logo\/image\/","url":"https:\/\/www.lawebradio.com\/news\/wp-content\/uploads\/2020\/10\/logo2020.png","contentUrl":"https:\/\/www.lawebradio.com\/news\/wp-content\/uploads\/2020\/10\/logo2020.png","width":254,"height":43,"caption":"Lawebradio.com - Actualit\u00e9s des radios digitales"},"image":{"@id":"https:\/\/www.lawebradio.com\/news\/#\/schema\/logo\/image\/"}},{"@type":"Person","@id":"https:\/\/www.lawebradio.com\/news\/#\/schema\/person\/95fd11aee6e6cfe70a4b58b482103f1f","name":"Julien Lecourbe","image":{"@type":"ImageObject","inLanguage":"fr-FR","@id":"https:\/\/secure.gravatar.com\/avatar\/0d25a327c6e268d9730d9c0cbeeee0fea76f04c6cf9528c29e782ef324afc515?s=96&d=mm&r=g","url":"https:\/\/secure.gravatar.com\/avatar\/0d25a327c6e268d9730d9c0cbeeee0fea76f04c6cf9528c29e782ef324afc515?s=96&d=mm&r=g","contentUrl":"https:\/\/secure.gravatar.com\/avatar\/0d25a327c6e268d9730d9c0cbeeee0fea76f04c6cf9528c29e782ef324afc515?s=96&d=mm&r=g","caption":"Julien Lecourbe"},"url":"https:\/\/www.lawebradio.com\/news\/author\/la-redaction\/"}]}},"_links":{"self":[{"href":"https:\/\/www.lawebradio.com\/news\/wp-json\/wp\/v2\/posts\/2531","targetHints":{"allow":["GET"]}}],"collection":[{"href":"https:\/\/www.lawebradio.com\/news\/wp-json\/wp\/v2\/posts"}],"about":[{"href":"https:\/\/www.lawebradio.com\/news\/wp-json\/wp\/v2\/types\/post"}],"author":[{"embeddable":true,"href":"https:\/\/www.lawebradio.com\/news\/wp-json\/wp\/v2\/users\/3"}],"replies":[{"embeddable":true,"href":"https:\/\/www.lawebradio.com\/news\/wp-json\/wp\/v2\/comments?post=2531"}],"version-history":[{"count":1,"href":"https:\/\/www.lawebradio.com\/news\/wp-json\/wp\/v2\/posts\/2531\/revisions"}],"predecessor-version":[{"id":2533,"href":"https:\/\/www.lawebradio.com\/news\/wp-json\/wp\/v2\/posts\/2531\/revisions\/2533"}],"wp:featuredmedia":[{"embeddable":true,"href":"https:\/\/www.lawebradio.com\/news\/wp-json\/wp\/v2\/media\/2532"}],"wp:attachment":[{"href":"https:\/\/www.lawebradio.com\/news\/wp-json\/wp\/v2\/media?parent=2531"}],"wp:term":[{"taxonomy":"category","embeddable":true,"href":"https:\/\/www.lawebradio.com\/news\/wp-json\/wp\/v2\/categories?post=2531"},{"taxonomy":"post_tag","embeddable":true,"href":"https:\/\/www.lawebradio.com\/news\/wp-json\/wp\/v2\/tags?post=2531"}],"curies":[{"name":"wp","href":"https:\/\/api.w.org\/{rel}","templated":true}]}}