{"id":2526,"date":"2015-06-10T18:45:48","date_gmt":"2015-06-10T17:45:48","guid":{"rendered":"http:\/\/www.lawebradio.com\/news\/?p=2526"},"modified":"2015-06-10T20:02:16","modified_gmt":"2015-06-10T19:02:16","slug":"frequence-3-partenaire-des-solidays-2015","status":"publish","type":"post","link":"https:\/\/www.lawebradio.com\/news\/frequence-3-partenaire-des-solidays-2015\/","title":{"rendered":"Fr\u00e9quence 3 partenaire des SOLIDAYS 2015 du 26 au 28 juin"},"content":{"rendered":"<p><strong>Depuis presque 10 ans, Fr\u00e9quence 3 se mobilise chaque ann\u00e9e pour soutenir l&rsquo;action de Solidarit\u00e9 Sida \u00e0 l&rsquo;occasion du festival SOLIDAYS. Cette ann\u00e9e encore, elle sera LA radio officielle des 10 000 campeurs pr\u00e9sents pendant 3 jours, du 26 au 28 juin !<\/strong><\/p>\n<p>Pour la premi\u00e8re fois, cette radio digitale offre la possibilit\u00e9 d&rsquo;int\u00e9grer son \u00e9quipe d&rsquo;animation et de rejoindre les b\u00e9n\u00e9voles de ce festival qui attire chaque ann\u00e9e 175 000 personnes ! Deux internautes ont \u00e9t\u00e9 s\u00e9lectionn\u00e9s : Manon et Aur\u00e9lien !<\/p>\n<p>La team pr\u00e9sente sur place animera le camping avec la musique de Fr\u00e9quence 3, des activit\u00e9s sportives, des jeux, des d\u00e9fis et surtout de la bonne humeur. \u00catre campeur \u00e0 SOLIDAYS c&rsquo;est avoir droit \u00e0 de nombreuses animations en dehors des horaires d&rsquo;ouverture du festival, une exp\u00e9rience unique. Et ce sera encore plus vrai cette ann\u00e9e avec beaucoup de nouveaut\u00e9s \u00e0 d\u00e9couvrir sur place. Aucun doute, vous n&rsquo;aurez plus envie de quitter cette bulle coup\u00e9e du monde \u00e0 la fin du week-end. Au programme sur place : des d\u00e9fis vid\u00e9os \u00e0 travers tout le camping, des blind tests, des contests de Air Band, des battles musicales, des championnat de baby-foot, des flippers mais aussi des surprises qui vous seront exclusivement r\u00e9serv\u00e9es.<\/p>\n<p>Pour ceux qui ne seront pas sur le camping, Fr\u00e9quence 3 a pens\u00e9 \u00e0 vous ! En vous connectant \u00e0 ses r\u00e9seaux sociaux, vous d\u00e9couvrirez tout au long du week-end l&rsquo;envers du d\u00e9cor gr\u00e2ce \u00e0 de tr\u00e8s nombreuses photos et vid\u00e9os. Une immersion totale au coeur des backstages, au plus proche des sc\u00e8nes et des artistes, dans les lieux o\u00f9 m\u00eame les festivaliers n&rsquo;ont pas acc\u00e8s. L&rsquo;\u00e9quipe vous fera aussi vivre les activit\u00e9s du camping et du festival, les r\u00e9p\u00e9titions sur les grandes sc\u00e8nes, les concerts&#8230; Rien de plus simple, suivez d\u00e8s maintenant le compte @frequence3 sur Facebook, Twitter, Instagram, Youtube, Snapchat et Periscope (pour les lives vid\u00e9os sur smartphone).<\/p>\n<p>Rendez-vous du 26 au 28 Juin pour le festival 2015, sur place \u00e0 l&rsquo;Hippodrome de Longchamp et sur les r\u00e9seaux sociaux de la radio.<\/p>\n<p>\u2022 Le site de Fr\u00e9quence 3 : <a href=\"http:\/\/www.frequence3.com\/\" target=\"_blank\">http:\/\/www.frequence3.com\/<\/a><br \/>\n\u2022 Le site de SOLIDAYS : <a href=\"http:\/\/www.solidays.org\/\" target=\"_blank\">http:\/\/www.solidays.org\/<\/a><\/p>\n<p><iframe loading=\"lazy\" src=\"https:\/\/www.youtube.com\/embed\/jTOgZpy8fpY?rel=0&amp;showinfo=0\" width=\"640\" height=\"360\" frameborder=\"0\" allowfullscreen=\"allowfullscreen\"><\/iframe><\/p>\n","protected":false},"excerpt":{"rendered":"<p>Depuis presque 10 ans, Fr\u00e9quence 3 se mobilise chaque ann\u00e9e pour soutenir l&rsquo;action de Solidarit\u00e9 Sida \u00e0 l&rsquo;occasion du festival SOLIDAYS. Cette ann\u00e9e encore, elle sera LA radio officielle des 10 000 campeurs pr\u00e9sents pendant 3 jours, du 26 au 28 juin ! Pour la premi\u00e8re fois, cette radio digitale offre la possibilit\u00e9 d&rsquo;int\u00e9grer son [&hellip;]<\/p>\n","protected":false},"author":3,"featured_media":2527,"comment_status":"closed","ping_status":"closed","sticky":false,"template":"","format":"standard","meta":{"_et_pb_use_builder":"","_et_pb_old_content":"","_et_gb_content_width":"","footnotes":""},"categories":[12,13],"tags":[833,244,328,832,44],"class_list":["post-2526","post","type-post","status-publish","format-standard","has-post-thumbnail","hentry","category-revue","category-top","tag-concerts","tag-frequence-3","tag-radio-digitale","tag-solidays","tag-webradios","et-has-post-format-content","et_post_format-et-post-format-standard"],"yoast_head":"<!-- This site is optimized with the Yoast SEO plugin v27.4 - https:\/\/yoast.com\/product\/yoast-seo-wordpress\/ -->\n<title>Fr\u00e9quence 3 partenaire des SOLIDAYS 2015 du 26 au 28 juin - Lawebradio.com - Actualit\u00e9s des radios digitales<\/title>\n<meta name=\"description\" content=\"La radio digitale Fr\u00e9quence 3 sera sur place, cette ann\u00e9e encore du 26 au 28 juin 2015, pour animer le camping \u00e9ph\u00e9m\u00e8re au coeur de ce festival.\" \/>\n<meta name=\"robots\" content=\"index, follow, max-snippet:-1, max-image-preview:large, max-video-preview:-1\" \/>\n<link rel=\"canonical\" href=\"https:\/\/www.lawebradio.com\/news\/frequence-3-partenaire-des-solidays-2015\/\" \/>\n<meta property=\"og:locale\" content=\"fr_FR\" \/>\n<meta property=\"og:type\" content=\"article\" \/>\n<meta property=\"og:title\" content=\"Fr\u00e9quence 3 partenaire des SOLIDAYS 2015 du 26 au 28 juin - Lawebradio.com - Actualit\u00e9s des radios digitales\" \/>\n<meta property=\"og:description\" content=\"La radio digitale Fr\u00e9quence 3 sera sur place, cette ann\u00e9e encore du 26 au 28 juin 2015, pour animer le camping \u00e9ph\u00e9m\u00e8re au coeur de ce festival.\" \/>\n<meta property=\"og:url\" content=\"https:\/\/www.lawebradio.com\/news\/frequence-3-partenaire-des-solidays-2015\/\" \/>\n<meta property=\"og:site_name\" content=\"Lawebradio.com - Actualit\u00e9s des radios digitales\" \/>\n<meta property=\"article:published_time\" content=\"2015-06-10T17:45:48+00:00\" \/>\n<meta property=\"article:modified_time\" content=\"2015-06-10T19:02:16+00:00\" \/>\n<meta property=\"og:image\" content=\"https:\/\/www.lawebradio.com\/news\/wp-content\/uploads\/2015\/05\/ima-frequence3-solidays2015.jpg\" \/>\n\t<meta property=\"og:image:width\" content=\"640\" \/>\n\t<meta property=\"og:image:height\" content=\"310\" \/>\n\t<meta property=\"og:image:type\" content=\"image\/jpeg\" \/>\n<meta name=\"author\" content=\"Julien Lecourbe\" \/>\n<meta name=\"twitter:label1\" content=\"\u00c9crit par\" \/>\n\t<meta name=\"twitter:data1\" content=\"Julien Lecourbe\" \/>\n\t<meta name=\"twitter:label2\" content=\"Dur\u00e9e de lecture estim\u00e9e\" \/>\n\t<meta name=\"twitter:data2\" content=\"2 minutes\" \/>\n<script type=\"application\/ld+json\" class=\"yoast-schema-graph\">{\"@context\":\"https:\\\/\\\/schema.org\",\"@graph\":[{\"@type\":\"Article\",\"@id\":\"https:\\\/\\\/www.lawebradio.com\\\/news\\\/frequence-3-partenaire-des-solidays-2015\\\/#article\",\"isPartOf\":{\"@id\":\"https:\\\/\\\/www.lawebradio.com\\\/news\\\/frequence-3-partenaire-des-solidays-2015\\\/\"},\"author\":{\"name\":\"Julien Lecourbe\",\"@id\":\"https:\\\/\\\/www.lawebradio.com\\\/news\\\/#\\\/schema\\\/person\\\/95fd11aee6e6cfe70a4b58b482103f1f\"},\"headline\":\"Fr\u00e9quence 3 partenaire des SOLIDAYS 2015 du 26 au 28 juin\",\"datePublished\":\"2015-06-10T17:45:48+00:00\",\"dateModified\":\"2015-06-10T19:02:16+00:00\",\"mainEntityOfPage\":{\"@id\":\"https:\\\/\\\/www.lawebradio.com\\\/news\\\/frequence-3-partenaire-des-solidays-2015\\\/\"},\"wordCount\":386,\"publisher\":{\"@id\":\"https:\\\/\\\/www.lawebradio.com\\\/news\\\/#organization\"},\"image\":{\"@id\":\"https:\\\/\\\/www.lawebradio.com\\\/news\\\/frequence-3-partenaire-des-solidays-2015\\\/#primaryimage\"},\"thumbnailUrl\":\"https:\\\/\\\/www.lawebradio.com\\\/news\\\/wp-content\\\/uploads\\\/2015\\\/05\\\/ima-frequence3-solidays2015.jpg\",\"keywords\":[\"concerts\",\"Fr\u00e9quence 3\",\"radio digitale\",\"solidays\",\"webradios\"],\"articleSection\":[\"Revue de Presse\",\"Top\"],\"inLanguage\":\"fr-FR\"},{\"@type\":\"WebPage\",\"@id\":\"https:\\\/\\\/www.lawebradio.com\\\/news\\\/frequence-3-partenaire-des-solidays-2015\\\/\",\"url\":\"https:\\\/\\\/www.lawebradio.com\\\/news\\\/frequence-3-partenaire-des-solidays-2015\\\/\",\"name\":\"Fr\u00e9quence 3 partenaire des SOLIDAYS 2015 du 26 au 28 juin - Lawebradio.com - Actualit\u00e9s des radios digitales\",\"isPartOf\":{\"@id\":\"https:\\\/\\\/www.lawebradio.com\\\/news\\\/#website\"},\"primaryImageOfPage\":{\"@id\":\"https:\\\/\\\/www.lawebradio.com\\\/news\\\/frequence-3-partenaire-des-solidays-2015\\\/#primaryimage\"},\"image\":{\"@id\":\"https:\\\/\\\/www.lawebradio.com\\\/news\\\/frequence-3-partenaire-des-solidays-2015\\\/#primaryimage\"},\"thumbnailUrl\":\"https:\\\/\\\/www.lawebradio.com\\\/news\\\/wp-content\\\/uploads\\\/2015\\\/05\\\/ima-frequence3-solidays2015.jpg\",\"datePublished\":\"2015-06-10T17:45:48+00:00\",\"dateModified\":\"2015-06-10T19:02:16+00:00\",\"description\":\"La radio digitale Fr\u00e9quence 3 sera sur place, cette ann\u00e9e encore du 26 au 28 juin 2015, pour animer le camping \u00e9ph\u00e9m\u00e8re au coeur de ce festival.\",\"inLanguage\":\"fr-FR\",\"potentialAction\":[{\"@type\":\"ReadAction\",\"target\":[\"https:\\\/\\\/www.lawebradio.com\\\/news\\\/frequence-3-partenaire-des-solidays-2015\\\/\"]}]},{\"@type\":\"ImageObject\",\"inLanguage\":\"fr-FR\",\"@id\":\"https:\\\/\\\/www.lawebradio.com\\\/news\\\/frequence-3-partenaire-des-solidays-2015\\\/#primaryimage\",\"url\":\"https:\\\/\\\/www.lawebradio.com\\\/news\\\/wp-content\\\/uploads\\\/2015\\\/05\\\/ima-frequence3-solidays2015.jpg\",\"contentUrl\":\"https:\\\/\\\/www.lawebradio.com\\\/news\\\/wp-content\\\/uploads\\\/2015\\\/05\\\/ima-frequence3-solidays2015.jpg\",\"width\":640,\"height\":310},{\"@type\":\"WebSite\",\"@id\":\"https:\\\/\\\/www.lawebradio.com\\\/news\\\/#website\",\"url\":\"https:\\\/\\\/www.lawebradio.com\\\/news\\\/\",\"name\":\"Lawebradio.com - Actualit\u00e9s des radios digitales\",\"description\":\"\",\"publisher\":{\"@id\":\"https:\\\/\\\/www.lawebradio.com\\\/news\\\/#organization\"},\"potentialAction\":[{\"@type\":\"SearchAction\",\"target\":{\"@type\":\"EntryPoint\",\"urlTemplate\":\"https:\\\/\\\/www.lawebradio.com\\\/news\\\/?s={search_term_string}\"},\"query-input\":{\"@type\":\"PropertyValueSpecification\",\"valueRequired\":true,\"valueName\":\"search_term_string\"}}],\"inLanguage\":\"fr-FR\"},{\"@type\":\"Organization\",\"@id\":\"https:\\\/\\\/www.lawebradio.com\\\/news\\\/#organization\",\"name\":\"Lawebradio.com - Actualit\u00e9s des radios digitales\",\"url\":\"https:\\\/\\\/www.lawebradio.com\\\/news\\\/\",\"logo\":{\"@type\":\"ImageObject\",\"inLanguage\":\"fr-FR\",\"@id\":\"https:\\\/\\\/www.lawebradio.com\\\/news\\\/#\\\/schema\\\/logo\\\/image\\\/\",\"url\":\"https:\\\/\\\/www.lawebradio.com\\\/news\\\/wp-content\\\/uploads\\\/2020\\\/10\\\/logo2020.png\",\"contentUrl\":\"https:\\\/\\\/www.lawebradio.com\\\/news\\\/wp-content\\\/uploads\\\/2020\\\/10\\\/logo2020.png\",\"width\":254,\"height\":43,\"caption\":\"Lawebradio.com - Actualit\u00e9s des radios digitales\"},\"image\":{\"@id\":\"https:\\\/\\\/www.lawebradio.com\\\/news\\\/#\\\/schema\\\/logo\\\/image\\\/\"}},{\"@type\":\"Person\",\"@id\":\"https:\\\/\\\/www.lawebradio.com\\\/news\\\/#\\\/schema\\\/person\\\/95fd11aee6e6cfe70a4b58b482103f1f\",\"name\":\"Julien Lecourbe\",\"image\":{\"@type\":\"ImageObject\",\"inLanguage\":\"fr-FR\",\"@id\":\"https:\\\/\\\/secure.gravatar.com\\\/avatar\\\/0d25a327c6e268d9730d9c0cbeeee0fea76f04c6cf9528c29e782ef324afc515?s=96&d=mm&r=g\",\"url\":\"https:\\\/\\\/secure.gravatar.com\\\/avatar\\\/0d25a327c6e268d9730d9c0cbeeee0fea76f04c6cf9528c29e782ef324afc515?s=96&d=mm&r=g\",\"contentUrl\":\"https:\\\/\\\/secure.gravatar.com\\\/avatar\\\/0d25a327c6e268d9730d9c0cbeeee0fea76f04c6cf9528c29e782ef324afc515?s=96&d=mm&r=g\",\"caption\":\"Julien Lecourbe\"},\"url\":\"https:\\\/\\\/www.lawebradio.com\\\/news\\\/author\\\/la-redaction\\\/\"}]}<\/script>\n<!-- \/ Yoast SEO plugin. -->","yoast_head_json":{"title":"Fr\u00e9quence 3 partenaire des SOLIDAYS 2015 du 26 au 28 juin - Lawebradio.com - Actualit\u00e9s des radios digitales","description":"La radio digitale Fr\u00e9quence 3 sera sur place, cette ann\u00e9e encore du 26 au 28 juin 2015, pour animer le camping \u00e9ph\u00e9m\u00e8re au coeur de ce festival.","robots":{"index":"index","follow":"follow","max-snippet":"max-snippet:-1","max-image-preview":"max-image-preview:large","max-video-preview":"max-video-preview:-1"},"canonical":"https:\/\/www.lawebradio.com\/news\/frequence-3-partenaire-des-solidays-2015\/","og_locale":"fr_FR","og_type":"article","og_title":"Fr\u00e9quence 3 partenaire des SOLIDAYS 2015 du 26 au 28 juin - Lawebradio.com - Actualit\u00e9s des radios digitales","og_description":"La radio digitale Fr\u00e9quence 3 sera sur place, cette ann\u00e9e encore du 26 au 28 juin 2015, pour animer le camping \u00e9ph\u00e9m\u00e8re au coeur de ce festival.","og_url":"https:\/\/www.lawebradio.com\/news\/frequence-3-partenaire-des-solidays-2015\/","og_site_name":"Lawebradio.com - Actualit\u00e9s des radios digitales","article_published_time":"2015-06-10T17:45:48+00:00","article_modified_time":"2015-06-10T19:02:16+00:00","og_image":[{"width":640,"height":310,"url":"https:\/\/www.lawebradio.com\/news\/wp-content\/uploads\/2015\/05\/ima-frequence3-solidays2015.jpg","type":"image\/jpeg"}],"author":"Julien Lecourbe","twitter_misc":{"\u00c9crit par":"Julien Lecourbe","Dur\u00e9e de lecture estim\u00e9e":"2 minutes"},"schema":{"@context":"https:\/\/schema.org","@graph":[{"@type":"Article","@id":"https:\/\/www.lawebradio.com\/news\/frequence-3-partenaire-des-solidays-2015\/#article","isPartOf":{"@id":"https:\/\/www.lawebradio.com\/news\/frequence-3-partenaire-des-solidays-2015\/"},"author":{"name":"Julien Lecourbe","@id":"https:\/\/www.lawebradio.com\/news\/#\/schema\/person\/95fd11aee6e6cfe70a4b58b482103f1f"},"headline":"Fr\u00e9quence 3 partenaire des SOLIDAYS 2015 du 26 au 28 juin","datePublished":"2015-06-10T17:45:48+00:00","dateModified":"2015-06-10T19:02:16+00:00","mainEntityOfPage":{"@id":"https:\/\/www.lawebradio.com\/news\/frequence-3-partenaire-des-solidays-2015\/"},"wordCount":386,"publisher":{"@id":"https:\/\/www.lawebradio.com\/news\/#organization"},"image":{"@id":"https:\/\/www.lawebradio.com\/news\/frequence-3-partenaire-des-solidays-2015\/#primaryimage"},"thumbnailUrl":"https:\/\/www.lawebradio.com\/news\/wp-content\/uploads\/2015\/05\/ima-frequence3-solidays2015.jpg","keywords":["concerts","Fr\u00e9quence 3","radio digitale","solidays","webradios"],"articleSection":["Revue de Presse","Top"],"inLanguage":"fr-FR"},{"@type":"WebPage","@id":"https:\/\/www.lawebradio.com\/news\/frequence-3-partenaire-des-solidays-2015\/","url":"https:\/\/www.lawebradio.com\/news\/frequence-3-partenaire-des-solidays-2015\/","name":"Fr\u00e9quence 3 partenaire des SOLIDAYS 2015 du 26 au 28 juin - Lawebradio.com - Actualit\u00e9s des radios digitales","isPartOf":{"@id":"https:\/\/www.lawebradio.com\/news\/#website"},"primaryImageOfPage":{"@id":"https:\/\/www.lawebradio.com\/news\/frequence-3-partenaire-des-solidays-2015\/#primaryimage"},"image":{"@id":"https:\/\/www.lawebradio.com\/news\/frequence-3-partenaire-des-solidays-2015\/#primaryimage"},"thumbnailUrl":"https:\/\/www.lawebradio.com\/news\/wp-content\/uploads\/2015\/05\/ima-frequence3-solidays2015.jpg","datePublished":"2015-06-10T17:45:48+00:00","dateModified":"2015-06-10T19:02:16+00:00","description":"La radio digitale Fr\u00e9quence 3 sera sur place, cette ann\u00e9e encore du 26 au 28 juin 2015, pour animer le camping \u00e9ph\u00e9m\u00e8re au coeur de ce festival.","inLanguage":"fr-FR","potentialAction":[{"@type":"ReadAction","target":["https:\/\/www.lawebradio.com\/news\/frequence-3-partenaire-des-solidays-2015\/"]}]},{"@type":"ImageObject","inLanguage":"fr-FR","@id":"https:\/\/www.lawebradio.com\/news\/frequence-3-partenaire-des-solidays-2015\/#primaryimage","url":"https:\/\/www.lawebradio.com\/news\/wp-content\/uploads\/2015\/05\/ima-frequence3-solidays2015.jpg","contentUrl":"https:\/\/www.lawebradio.com\/news\/wp-content\/uploads\/2015\/05\/ima-frequence3-solidays2015.jpg","width":640,"height":310},{"@type":"WebSite","@id":"https:\/\/www.lawebradio.com\/news\/#website","url":"https:\/\/www.lawebradio.com\/news\/","name":"Lawebradio.com - Actualit\u00e9s des radios digitales","description":"","publisher":{"@id":"https:\/\/www.lawebradio.com\/news\/#organization"},"potentialAction":[{"@type":"SearchAction","target":{"@type":"EntryPoint","urlTemplate":"https:\/\/www.lawebradio.com\/news\/?s={search_term_string}"},"query-input":{"@type":"PropertyValueSpecification","valueRequired":true,"valueName":"search_term_string"}}],"inLanguage":"fr-FR"},{"@type":"Organization","@id":"https:\/\/www.lawebradio.com\/news\/#organization","name":"Lawebradio.com - Actualit\u00e9s des radios digitales","url":"https:\/\/www.lawebradio.com\/news\/","logo":{"@type":"ImageObject","inLanguage":"fr-FR","@id":"https:\/\/www.lawebradio.com\/news\/#\/schema\/logo\/image\/","url":"https:\/\/www.lawebradio.com\/news\/wp-content\/uploads\/2020\/10\/logo2020.png","contentUrl":"https:\/\/www.lawebradio.com\/news\/wp-content\/uploads\/2020\/10\/logo2020.png","width":254,"height":43,"caption":"Lawebradio.com - Actualit\u00e9s des radios digitales"},"image":{"@id":"https:\/\/www.lawebradio.com\/news\/#\/schema\/logo\/image\/"}},{"@type":"Person","@id":"https:\/\/www.lawebradio.com\/news\/#\/schema\/person\/95fd11aee6e6cfe70a4b58b482103f1f","name":"Julien Lecourbe","image":{"@type":"ImageObject","inLanguage":"fr-FR","@id":"https:\/\/secure.gravatar.com\/avatar\/0d25a327c6e268d9730d9c0cbeeee0fea76f04c6cf9528c29e782ef324afc515?s=96&d=mm&r=g","url":"https:\/\/secure.gravatar.com\/avatar\/0d25a327c6e268d9730d9c0cbeeee0fea76f04c6cf9528c29e782ef324afc515?s=96&d=mm&r=g","contentUrl":"https:\/\/secure.gravatar.com\/avatar\/0d25a327c6e268d9730d9c0cbeeee0fea76f04c6cf9528c29e782ef324afc515?s=96&d=mm&r=g","caption":"Julien Lecourbe"},"url":"https:\/\/www.lawebradio.com\/news\/author\/la-redaction\/"}]}},"_links":{"self":[{"href":"https:\/\/www.lawebradio.com\/news\/wp-json\/wp\/v2\/posts\/2526","targetHints":{"allow":["GET"]}}],"collection":[{"href":"https:\/\/www.lawebradio.com\/news\/wp-json\/wp\/v2\/posts"}],"about":[{"href":"https:\/\/www.lawebradio.com\/news\/wp-json\/wp\/v2\/types\/post"}],"author":[{"embeddable":true,"href":"https:\/\/www.lawebradio.com\/news\/wp-json\/wp\/v2\/users\/3"}],"replies":[{"embeddable":true,"href":"https:\/\/www.lawebradio.com\/news\/wp-json\/wp\/v2\/comments?post=2526"}],"version-history":[{"count":6,"href":"https:\/\/www.lawebradio.com\/news\/wp-json\/wp\/v2\/posts\/2526\/revisions"}],"predecessor-version":[{"id":2601,"href":"https:\/\/www.lawebradio.com\/news\/wp-json\/wp\/v2\/posts\/2526\/revisions\/2601"}],"wp:featuredmedia":[{"embeddable":true,"href":"https:\/\/www.lawebradio.com\/news\/wp-json\/wp\/v2\/media\/2527"}],"wp:attachment":[{"href":"https:\/\/www.lawebradio.com\/news\/wp-json\/wp\/v2\/media?parent=2526"}],"wp:term":[{"taxonomy":"category","embeddable":true,"href":"https:\/\/www.lawebradio.com\/news\/wp-json\/wp\/v2\/categories?post=2526"},{"taxonomy":"post_tag","embeddable":true,"href":"https:\/\/www.lawebradio.com\/news\/wp-json\/wp\/v2\/tags?post=2526"}],"curies":[{"name":"wp","href":"https:\/\/api.w.org\/{rel}","templated":true}]}}